{"id":307801,"date":"2023-06-28T00:00:09","date_gmt":"2023-06-28T03:00:09","guid":{"rendered":"https:\/\/www.notibras.com\/site\/?p=307801"},"modified":"2023-06-28T08:52:32","modified_gmt":"2023-06-28T11:52:32","slug":"empresa-deve-tornar-local-inclusivo-para-lgbtqia","status":"publish","type":"post","link":"https:\/\/www.notibras.com\/site\/empresa-deve-tornar-local-inclusivo-para-lgbtqia\/","title":{"rendered":"Empresa deve tornar local inclusivo para\u00a0 LGBTQIA+"},"content":{"rendered":"<p>Ainda existe discrimina\u00e7\u00e3o muito forte contra pessoas LGBTQIA+ no mercado de trabalho no pa\u00eds, principalmente se s\u00e3o de baixa renda, disse o gerente da organiza\u00e7\u00e3o n\u00e3o governamental (ONG) Micro Rainbow Brasil, bra\u00e7o da Micro Rainbow International, Lucas Paoli. A ONG \u00e9 pioneira em empreendedorismo para essa comunidade.<\/p>\n<p>Para ele, quando as pessoas pertencem \u00e0s classes de renda m\u00e9dia ou alta, conseguem melhor forma\u00e7\u00e3o e consequente qualifica\u00e7\u00e3o profissional. \u201cPara as pessoas LGBTQIA+ de baixa renda, as barreiras s\u00e3o imensas\u201d, afirmou Paoli. LGBTQIA+ significa l\u00e9sbicas, gays, bissexuais, transexuais, queer, intersexuais, assexuais, sendo que o s\u00edmbolo + abarca as demais orienta\u00e7\u00f5es sexuais e de g\u00eanero, representando pluralidade.<\/p>\n<p>Segundo o gerente da Micro Rainbow Brasil, tudo come\u00e7a na escola, quando o bullying, com \u00edndices elevados de homofobia e transfobia, provoca alto \u00edndice de evas\u00e3o escolar e cria v\u00e1rias barreiras que causam impacto \u00e0 pessoa no mercado de trabalho. Nesse sentido, ele afirmou que a seguran\u00e7a psicol\u00f3gica, termo criado em 1999 pela professora Amy Edmondson, da Harvard Business School, diz respeito \u00e0 inclus\u00e3o no tempo de pertencimento no ambiente de trabalho. Na realidade, entretanto, n\u00e3o \u00e9 isso que se v\u00ea em grande parte das empresas.<\/p>\n<p>O termo seguran\u00e7a psicol\u00f3gica prop\u00f5e que, nas empresas, a equipe n\u00e3o v\u00e1 se envergonhar, rejeitar ou punir ningu\u00e9m por se declarar LGBTQIA+. Para Amy Edmondson, a seguran\u00e7a psicol\u00f3gica visa a criar um espa\u00e7o onde novas ideias s\u00e3o esperadas e encorajadas. A professora defende que um ambiente de trabalho psicologicamente seguro encoraja as pessoas a colocarem suas ideias, preocupa\u00e7\u00f5es ou erros, sem receio de serem punidas nem humilhadas. Lucas Paoli destacou que h\u00e1 empresas onde pessoas LGBTQIA+ sentem dificuldades de usar o nome social no ambiente de trabalho e n\u00e3o podem assumir sua identidade.<\/p>\n<p><strong>Efeitos<\/strong><br \/>\nEsses fatores negativos acabam tendo impacto na produtividade dos trabalhadores. \u201cSe a pessoa n\u00e3o consegue ser psicologicamente segura, ela n\u00e3o vai ser produtiva. H\u00e1 ambientes que n\u00e3o permitem que as pessoas LGBTQIA+ possam assumir livremente sua identidade e isso vai se refletir diretamente na produtividade, na efic\u00e1cia do trabalho, em quest\u00f5es de lideran\u00e7a e, inclusive, na perman\u00eancia\u201d.<\/p>\n<p>Lucas Paoli lembrou que algumas empresas come\u00e7am a abrir vagas para a popula\u00e7\u00e3o LGBTQIA+, mas n\u00e3o garantem sua perman\u00eancia no quadro funcional. \u201cS\u00f3 garantir vaga n\u00e3o adianta nada, porque as pessoas v\u00e3o entrar no ambiente de trabalho homof\u00f3bico, transf\u00f3bico\u201d. N\u00e3o h\u00e1 um c\u00f3digo de conduta para punir a homofobia e a transfobia, declarou. \u201cEssa \u00e9 uma quest\u00e3o muito s\u00e9ria\u201d.<\/p>\n<p>Paoli afirmou que al\u00e9m de educar o quadro de funcion\u00e1rios para a inclus\u00e3o e a diversidade, estendendo isso aos cargos mais elevados da empresa, \u00e9 preciso criar meios que fa\u00e7am com que o ambiente seja, realmente, diverso e inclusivo. O ideal \u00e9 que as crian\u00e7as sejam orientadas, desde cedo, a respeitar o pr\u00f3ximo, tanto no ambiente familiar quanto escolar, porque o mercado de trabalho \u00e9 um espelho da sociedade, argumentou. \u201cSe a gente n\u00e3o forma as bases, os efeitos v\u00e3o continuar explodindo em outras inst\u00e2ncias, inclusive no mercado de trabalho\u201d.<\/p>\n<p>Ele ressaltou que poucas pessoas LGBTQIA+ ocupam cargos de lideran\u00e7a e, quando ocupam, geralmente \u00e9 um homem gay branco. \u201cRealmente, temos um longo processo a\u00ed para criar ambiente inclusivo de verdade\u201d. Pesquisas mostram que os l\u00edderes empresariais podem aumentar a seguran\u00e7a psicol\u00f3gica dos membros da equipe a partir da gest\u00e3o participativa e gest\u00e3o inclusiva.<\/p>\n<p><strong>Iniciativas<\/strong><br \/>\nO gerente da ONG Micro Rainbow Brasil listou algumas iniciativas para que as empresas se tornem diversas e inclusivas. A primeira \u00e9 que as companhias devem ter um c\u00f3digo de conduta que corrija de forma clara casos de homofobia e transfobia. Algumas empresas t\u00eam c\u00f3digo que pune casos de racismo e de machismo. \u201cMas se n\u00e3o t\u00eam uma diretriz que puna esses comportamentos homof\u00f3bicos e transf\u00f3bicos, n\u00e3o v\u00e3o mudar. Essas atitudes n\u00e3o podem ser aceitas no mercado de trabalho\u201d.<\/p>\n<p>De modo geral, as empresas t\u00eam grupos internos de afinidade de mulheres, de pessoas negras. S\u00e3o espa\u00e7os de sociabilidade no local de trabalho. Grupos similares devem ser criados tamb\u00e9m para trabalhadores LGBTQIA+ porque ali eles poder\u00e3o relatar situa\u00e7\u00f5es, se sentir ouvidos. \u201cA seguran\u00e7a psicol\u00f3gica diz respeito a essas pessoas que n\u00e3o conseguem ser ouvidas, nem inclu\u00eddas, nem se sentir seguras. Esse grupo de afinidade \u00e9 important\u00edssimo\u201d.<\/p>\n<p>Outra pol\u00edtica importante \u00e9 a quest\u00e3o de direitos, como incluir parceiros de pessoas LGBTQIA+ em benef\u00edcios, como planos de sa\u00fade e planos de lazer, como ocorre com trabalhadores heterossexuais. Paoli chamou a aten\u00e7\u00e3o para o fato de que muitas empresas apoiam eventos LGBTQIA+ somente no M\u00eas do Orgulho LGBT, em junho, \u201ce a\u00ed se autointitulam diversas e inclusivas\u201d. O gerente da Micro Rainbow Brasil lembrou que o apoio tem que ser constante. \u201cN\u00e3o pode ser apenas no m\u00eas de junho\u201d.<\/p>\n<p>Algumas empresas investem em responsabilidade social corporativa quando fazem doa\u00e7\u00f5es para iniciativas sociais. Ele defendeu que as companhias criem tamb\u00e9m ve\u00edculos para apoiar a comunidade LGBTQIA+, financiando projetos de ONGs que desenvolvem a\u00e7\u00f5es sociais voltadas para essas pessoas.<\/p>\n<p>Mestre em Pr\u00e1tica de Direitos Humanos, com 15 anos de experi\u00eancia em trabalhos com quest\u00f5es LGBTQIA+ no Brasil e no exterior, Lucas Paoli administra tamb\u00e9m, atualmente, a Diversit\u00e0, empresa de consultoria que oferece capacita\u00e7\u00f5es em empreendedorismo para gays, l\u00e9sbicas, trans, travestis e demais membros dessa parcela da popula\u00e7\u00e3o, bem como treinamento para empresas que queiram tornar os seus neg\u00f3cios mais diversos e inclusivos.<\/p>\n","protected":false},"excerpt":{"rendered":"<p>Ainda existe discrimina\u00e7\u00e3o muito forte contra pessoas LGBTQIA+ no mercado de trabalho no pa\u00eds, principalmente se s\u00e3o de baixa renda, disse o gerente da organiza\u00e7\u00e3o n\u00e3o governamental (ONG) Micro Rainbow Brasil, bra\u00e7o da Micro Rainbow International, Lucas Paoli. A ONG \u00e9 pioneira em empreendedorismo para essa comunidade. Para ele, quando as pessoas pertencem \u00e0s classes [&hellip;]<\/p>\n","protected":false},"author":2,"featured_media":307802,"comment_status":"closed","ping_status":"closed","sticky":false,"template":"","format":"standard","meta":{"_acf_changed":false,"footnotes":""},"categories":[161],"tags":[],"class_list":["post-307801","post","type-post","status-publish","format-standard","has-post-thumbnail","hentry","category-quadradinho-em-foco"],"acf":[],"yoast_head":"<!-- This site is optimized with the Yoast SEO plugin v27.2 - https:\/\/yoast.com\/product\/yoast-seo-wordpress\/ -->\n<title>Empresa deve tornar local inclusivo para\u00a0 LGBTQIA+ - Notibras<\/title>\n<meta name=\"robots\" content=\"index, follow, max-snippet:-1, max-image-preview:large, max-video-preview:-1\" \/>\n<link rel=\"canonical\" href=\"https:\/\/www.notibras.com\/site\/empresa-deve-tornar-local-inclusivo-para-lgbtqia\/\" \/>\n<meta property=\"og:locale\" content=\"pt_BR\" \/>\n<meta property=\"og:type\" content=\"article\" \/>\n<meta property=\"og:title\" content=\"Empresa deve tornar local inclusivo para\u00a0 LGBTQIA+ - Notibras\" \/>\n<meta property=\"og:description\" content=\"Ainda existe discrimina\u00e7\u00e3o muito forte contra pessoas LGBTQIA+ no mercado de trabalho no pa\u00eds, principalmente se s\u00e3o de baixa renda, disse o gerente da organiza\u00e7\u00e3o n\u00e3o governamental (ONG) Micro Rainbow Brasil, bra\u00e7o da Micro Rainbow International, Lucas Paoli. A ONG \u00e9 pioneira em empreendedorismo para essa comunidade. Para ele, quando as pessoas pertencem \u00e0s classes [&hellip;]\" \/>\n<meta property=\"og:url\" content=\"https:\/\/www.notibras.com\/site\/empresa-deve-tornar-local-inclusivo-para-lgbtqia\/\" \/>\n<meta property=\"og:site_name\" content=\"Notibras\" \/>\n<meta property=\"article:publisher\" content=\"https:\/\/www.facebook.com\/notibras\/\" \/>\n<meta property=\"article:published_time\" content=\"2023-06-28T03:00:09+00:00\" \/>\n<meta property=\"article:modified_time\" content=\"2023-06-28T11:52:32+00:00\" \/>\n<meta property=\"og:image\" content=\"https:\/\/www.notibras.com\/site\/wp-content\/uploads\/2023\/06\/929655-homofobia_9-1.jpg\" \/>\n\t<meta property=\"og:image:width\" content=\"1170\" \/>\n\t<meta property=\"og:image:height\" content=\"700\" \/>\n\t<meta property=\"og:image:type\" content=\"image\/jpeg\" \/>\n<meta name=\"author\" content=\"Reda\u00e7\u00e3o\" \/>\n<meta name=\"twitter:card\" content=\"summary_large_image\" \/>\n<meta name=\"twitter:creator\" content=\"@Notibras\" \/>\n<meta name=\"twitter:site\" content=\"@Notibras\" \/>\n<meta name=\"twitter:label1\" content=\"Escrito por\" \/>\n\t<meta name=\"twitter:data1\" content=\"Reda\u00e7\u00e3o\" \/>\n\t<meta name=\"twitter:label2\" content=\"Est. tempo de leitura\" \/>\n\t<meta name=\"twitter:data2\" content=\"5 minutos\" \/>\n<script type=\"application\/ld+json\" class=\"yoast-schema-graph\">{\"@context\":\"https:\/\/schema.org\",\"@graph\":[{\"@type\":\"Article\",\"@id\":\"https:\/\/www.notibras.com\/site\/empresa-deve-tornar-local-inclusivo-para-lgbtqia\/#article\",\"isPartOf\":{\"@id\":\"https:\/\/www.notibras.com\/site\/empresa-deve-tornar-local-inclusivo-para-lgbtqia\/\"},\"author\":{\"name\":\"Reda\u00e7\u00e3o\",\"@id\":\"https:\/\/www.notibras.com\/site\/#\/schema\/person\/36ab0979449956132d3e5b517ea76ac8\"},\"headline\":\"Empresa deve tornar local inclusivo para\u00a0 LGBTQIA+\",\"datePublished\":\"2023-06-28T03:00:09+00:00\",\"dateModified\":\"2023-06-28T11:52:32+00:00\",\"mainEntityOfPage\":{\"@id\":\"https:\/\/www.notibras.com\/site\/empresa-deve-tornar-local-inclusivo-para-lgbtqia\/\"},\"wordCount\":970,\"publisher\":{\"@id\":\"https:\/\/www.notibras.com\/site\/#organization\"},\"image\":{\"@id\":\"https:\/\/www.notibras.com\/site\/empresa-deve-tornar-local-inclusivo-para-lgbtqia\/#primaryimage\"},\"thumbnailUrl\":\"https:\/\/www.notibras.com\/site\/wp-content\/uploads\/2023\/06\/929655-homofobia_9-1.jpg\",\"articleSection\":[\"Quadradinho em Foco\"],\"inLanguage\":\"pt-BR\"},{\"@type\":\"WebPage\",\"@id\":\"https:\/\/www.notibras.com\/site\/empresa-deve-tornar-local-inclusivo-para-lgbtqia\/\",\"url\":\"https:\/\/www.notibras.com\/site\/empresa-deve-tornar-local-inclusivo-para-lgbtqia\/\",\"name\":\"Empresa deve tornar local inclusivo para\u00a0 LGBTQIA+ - Notibras\",\"isPartOf\":{\"@id\":\"https:\/\/www.notibras.com\/site\/#website\"},\"primaryImageOfPage\":{\"@id\":\"https:\/\/www.notibras.com\/site\/empresa-deve-tornar-local-inclusivo-para-lgbtqia\/#primaryimage\"},\"image\":{\"@id\":\"https:\/\/www.notibras.com\/site\/empresa-deve-tornar-local-inclusivo-para-lgbtqia\/#primaryimage\"},\"thumbnailUrl\":\"https:\/\/www.notibras.com\/site\/wp-content\/uploads\/2023\/06\/929655-homofobia_9-1.jpg\",\"datePublished\":\"2023-06-28T03:00:09+00:00\",\"dateModified\":\"2023-06-28T11:52:32+00:00\",\"breadcrumb\":{\"@id\":\"https:\/\/www.notibras.com\/site\/empresa-deve-tornar-local-inclusivo-para-lgbtqia\/#breadcrumb\"},\"inLanguage\":\"pt-BR\",\"potentialAction\":[{\"@type\":\"ReadAction\",\"target\":[\"https:\/\/www.notibras.com\/site\/empresa-deve-tornar-local-inclusivo-para-lgbtqia\/\"]}]},{\"@type\":\"ImageObject\",\"inLanguage\":\"pt-BR\",\"@id\":\"https:\/\/www.notibras.com\/site\/empresa-deve-tornar-local-inclusivo-para-lgbtqia\/#primaryimage\",\"url\":\"https:\/\/www.notibras.com\/site\/wp-content\/uploads\/2023\/06\/929655-homofobia_9-1.jpg\",\"contentUrl\":\"https:\/\/www.notibras.com\/site\/wp-content\/uploads\/2023\/06\/929655-homofobia_9-1.jpg\",\"width\":1170,\"height\":700,\"caption\":\"Ato contra a LGBTfobia e pela criminaliza\u00e7\u00e3o da homofobia, na praia de Copacabana zona sul da cidade, re\u00fane dezenas de pessoas (T\u00e2nia R\u00eago\/Ag\u00eancia Brasil)\"},{\"@type\":\"BreadcrumbList\",\"@id\":\"https:\/\/www.notibras.com\/site\/empresa-deve-tornar-local-inclusivo-para-lgbtqia\/#breadcrumb\",\"itemListElement\":[{\"@type\":\"ListItem\",\"position\":1,\"name\":\"In\u00edcio\",\"item\":\"https:\/\/www.notibras.com\/site\/\"},{\"@type\":\"ListItem\",\"position\":2,\"name\":\"Empresa deve tornar local inclusivo para\u00a0 LGBTQIA+\"}]},{\"@type\":\"WebSite\",\"@id\":\"https:\/\/www.notibras.com\/site\/#website\",\"url\":\"https:\/\/www.notibras.com\/site\/\",\"name\":\"Notibras\",\"description\":\"Not\u00edcias de Bras\u00edlia, do Brasil e do Mundo\",\"publisher\":{\"@id\":\"https:\/\/www.notibras.com\/site\/#organization\"},\"potentialAction\":[{\"@type\":\"SearchAction\",\"target\":{\"@type\":\"EntryPoint\",\"urlTemplate\":\"https:\/\/www.notibras.com\/site\/?s={search_term_string}\"},\"query-input\":{\"@type\":\"PropertyValueSpecification\",\"valueRequired\":true,\"valueName\":\"search_term_string\"}}],\"inLanguage\":\"pt-BR\"},{\"@type\":\"Organization\",\"@id\":\"https:\/\/www.notibras.com\/site\/#organization\",\"name\":\"Grupo Notibras de Comunica\u00e7\u00e3o\",\"url\":\"https:\/\/www.notibras.com\/site\/\",\"logo\":{\"@type\":\"ImageObject\",\"inLanguage\":\"pt-BR\",\"@id\":\"https:\/\/www.notibras.com\/site\/#\/schema\/logo\/image\/\",\"url\":\"https:\/\/www.notibras.com\/site\/wp-content\/uploads\/2023\/01\/notibras23.png\",\"contentUrl\":\"https:\/\/www.notibras.com\/site\/wp-content\/uploads\/2023\/01\/notibras23.png\",\"width\":350,\"height\":87,\"caption\":\"Grupo Notibras de Comunica\u00e7\u00e3o\"},\"image\":{\"@id\":\"https:\/\/www.notibras.com\/site\/#\/schema\/logo\/image\/\"},\"sameAs\":[\"https:\/\/www.facebook.com\/notibras\/\",\"https:\/\/x.com\/Notibras\",\"https:\/\/www.instagram.com\/notibras\/\"]},{\"@type\":\"Person\",\"@id\":\"https:\/\/www.notibras.com\/site\/#\/schema\/person\/36ab0979449956132d3e5b517ea76ac8\",\"name\":\"Reda\u00e7\u00e3o\",\"image\":{\"@type\":\"ImageObject\",\"inLanguage\":\"pt-BR\",\"@id\":\"https:\/\/secure.gravatar.com\/avatar\/e0a867bdedb85fd243eadf09663511f96fc81e0720a4a42581f334ad4303aa6b?s=96&d=mm&r=g\",\"url\":\"https:\/\/secure.gravatar.com\/avatar\/e0a867bdedb85fd243eadf09663511f96fc81e0720a4a42581f334ad4303aa6b?s=96&d=mm&r=g\",\"contentUrl\":\"https:\/\/secure.gravatar.com\/avatar\/e0a867bdedb85fd243eadf09663511f96fc81e0720a4a42581f334ad4303aa6b?s=96&d=mm&r=g\",\"caption\":\"Reda\u00e7\u00e3o\"}}]}<\/script>\n<!-- \/ Yoast SEO plugin. -->","yoast_head_json":{"title":"Empresa deve tornar local inclusivo para\u00a0 LGBTQIA+ - Notibras","robots":{"index":"index","follow":"follow","max-snippet":"max-snippet:-1","max-image-preview":"max-image-preview:large","max-video-preview":"max-video-preview:-1"},"canonical":"https:\/\/www.notibras.com\/site\/empresa-deve-tornar-local-inclusivo-para-lgbtqia\/","og_locale":"pt_BR","og_type":"article","og_title":"Empresa deve tornar local inclusivo para\u00a0 LGBTQIA+ - Notibras","og_description":"Ainda existe discrimina\u00e7\u00e3o muito forte contra pessoas LGBTQIA+ no mercado de trabalho no pa\u00eds, principalmente se s\u00e3o de baixa renda, disse o gerente da organiza\u00e7\u00e3o n\u00e3o governamental (ONG) Micro Rainbow Brasil, bra\u00e7o da Micro Rainbow International, Lucas Paoli. A ONG \u00e9 pioneira em empreendedorismo para essa comunidade. Para ele, quando as pessoas pertencem \u00e0s classes [&hellip;]","og_url":"https:\/\/www.notibras.com\/site\/empresa-deve-tornar-local-inclusivo-para-lgbtqia\/","og_site_name":"Notibras","article_publisher":"https:\/\/www.facebook.com\/notibras\/","article_published_time":"2023-06-28T03:00:09+00:00","article_modified_time":"2023-06-28T11:52:32+00:00","og_image":[{"width":1170,"height":700,"url":"https:\/\/www.notibras.com\/site\/wp-content\/uploads\/2023\/06\/929655-homofobia_9-1.jpg","type":"image\/jpeg"}],"author":"Reda\u00e7\u00e3o","twitter_card":"summary_large_image","twitter_creator":"@Notibras","twitter_site":"@Notibras","twitter_misc":{"Escrito por":"Reda\u00e7\u00e3o","Est. tempo de leitura":"5 minutos"},"schema":{"@context":"https:\/\/schema.org","@graph":[{"@type":"Article","@id":"https:\/\/www.notibras.com\/site\/empresa-deve-tornar-local-inclusivo-para-lgbtqia\/#article","isPartOf":{"@id":"https:\/\/www.notibras.com\/site\/empresa-deve-tornar-local-inclusivo-para-lgbtqia\/"},"author":{"name":"Reda\u00e7\u00e3o","@id":"https:\/\/www.notibras.com\/site\/#\/schema\/person\/36ab0979449956132d3e5b517ea76ac8"},"headline":"Empresa deve tornar local inclusivo para\u00a0 LGBTQIA+","datePublished":"2023-06-28T03:00:09+00:00","dateModified":"2023-06-28T11:52:32+00:00","mainEntityOfPage":{"@id":"https:\/\/www.notibras.com\/site\/empresa-deve-tornar-local-inclusivo-para-lgbtqia\/"},"wordCount":970,"publisher":{"@id":"https:\/\/www.notibras.com\/site\/#organization"},"image":{"@id":"https:\/\/www.notibras.com\/site\/empresa-deve-tornar-local-inclusivo-para-lgbtqia\/#primaryimage"},"thumbnailUrl":"https:\/\/www.notibras.com\/site\/wp-content\/uploads\/2023\/06\/929655-homofobia_9-1.jpg","articleSection":["Quadradinho em Foco"],"inLanguage":"pt-BR"},{"@type":"WebPage","@id":"https:\/\/www.notibras.com\/site\/empresa-deve-tornar-local-inclusivo-para-lgbtqia\/","url":"https:\/\/www.notibras.com\/site\/empresa-deve-tornar-local-inclusivo-para-lgbtqia\/","name":"Empresa deve tornar local inclusivo para\u00a0 LGBTQIA+ - Notibras","isPartOf":{"@id":"https:\/\/www.notibras.com\/site\/#website"},"primaryImageOfPage":{"@id":"https:\/\/www.notibras.com\/site\/empresa-deve-tornar-local-inclusivo-para-lgbtqia\/#primaryimage"},"image":{"@id":"https:\/\/www.notibras.com\/site\/empresa-deve-tornar-local-inclusivo-para-lgbtqia\/#primaryimage"},"thumbnailUrl":"https:\/\/www.notibras.com\/site\/wp-content\/uploads\/2023\/06\/929655-homofobia_9-1.jpg","datePublished":"2023-06-28T03:00:09+00:00","dateModified":"2023-06-28T11:52:32+00:00","breadcrumb":{"@id":"https:\/\/www.notibras.com\/site\/empresa-deve-tornar-local-inclusivo-para-lgbtqia\/#breadcrumb"},"inLanguage":"pt-BR","potentialAction":[{"@type":"ReadAction","target":["https:\/\/www.notibras.com\/site\/empresa-deve-tornar-local-inclusivo-para-lgbtqia\/"]}]},{"@type":"ImageObject","inLanguage":"pt-BR","@id":"https:\/\/www.notibras.com\/site\/empresa-deve-tornar-local-inclusivo-para-lgbtqia\/#primaryimage","url":"https:\/\/www.notibras.com\/site\/wp-content\/uploads\/2023\/06\/929655-homofobia_9-1.jpg","contentUrl":"https:\/\/www.notibras.com\/site\/wp-content\/uploads\/2023\/06\/929655-homofobia_9-1.jpg","width":1170,"height":700,"caption":"Ato contra a LGBTfobia e pela criminaliza\u00e7\u00e3o da homofobia, na praia de Copacabana zona sul da cidade, re\u00fane dezenas de pessoas (T\u00e2nia R\u00eago\/Ag\u00eancia Brasil)"},{"@type":"BreadcrumbList","@id":"https:\/\/www.notibras.com\/site\/empresa-deve-tornar-local-inclusivo-para-lgbtqia\/#breadcrumb","itemListElement":[{"@type":"ListItem","position":1,"name":"In\u00edcio","item":"https:\/\/www.notibras.com\/site\/"},{"@type":"ListItem","position":2,"name":"Empresa deve tornar local inclusivo para\u00a0 LGBTQIA+"}]},{"@type":"WebSite","@id":"https:\/\/www.notibras.com\/site\/#website","url":"https:\/\/www.notibras.com\/site\/","name":"Notibras","description":"Not\u00edcias de Bras\u00edlia, do Brasil e do Mundo","publisher":{"@id":"https:\/\/www.notibras.com\/site\/#organization"},"potentialAction":[{"@type":"SearchAction","target":{"@type":"EntryPoint","urlTemplate":"https:\/\/www.notibras.com\/site\/?s={search_term_string}"},"query-input":{"@type":"PropertyValueSpecification","valueRequired":true,"valueName":"search_term_string"}}],"inLanguage":"pt-BR"},{"@type":"Organization","@id":"https:\/\/www.notibras.com\/site\/#organization","name":"Grupo Notibras de Comunica\u00e7\u00e3o","url":"https:\/\/www.notibras.com\/site\/","logo":{"@type":"ImageObject","inLanguage":"pt-BR","@id":"https:\/\/www.notibras.com\/site\/#\/schema\/logo\/image\/","url":"https:\/\/www.notibras.com\/site\/wp-content\/uploads\/2023\/01\/notibras23.png","contentUrl":"https:\/\/www.notibras.com\/site\/wp-content\/uploads\/2023\/01\/notibras23.png","width":350,"height":87,"caption":"Grupo Notibras de Comunica\u00e7\u00e3o"},"image":{"@id":"https:\/\/www.notibras.com\/site\/#\/schema\/logo\/image\/"},"sameAs":["https:\/\/www.facebook.com\/notibras\/","https:\/\/x.com\/Notibras","https:\/\/www.instagram.com\/notibras\/"]},{"@type":"Person","@id":"https:\/\/www.notibras.com\/site\/#\/schema\/person\/36ab0979449956132d3e5b517ea76ac8","name":"Reda\u00e7\u00e3o","image":{"@type":"ImageObject","inLanguage":"pt-BR","@id":"https:\/\/secure.gravatar.com\/avatar\/e0a867bdedb85fd243eadf09663511f96fc81e0720a4a42581f334ad4303aa6b?s=96&d=mm&r=g","url":"https:\/\/secure.gravatar.com\/avatar\/e0a867bdedb85fd243eadf09663511f96fc81e0720a4a42581f334ad4303aa6b?s=96&d=mm&r=g","contentUrl":"https:\/\/secure.gravatar.com\/avatar\/e0a867bdedb85fd243eadf09663511f96fc81e0720a4a42581f334ad4303aa6b?s=96&d=mm&r=g","caption":"Reda\u00e7\u00e3o"}}]}},"amp_enabled":true,"_links":{"self":[{"href":"https:\/\/www.notibras.com\/site\/wp-json\/wp\/v2\/posts\/307801","targetHints":{"allow":["GET"]}}],"collection":[{"href":"https:\/\/www.notibras.com\/site\/wp-json\/wp\/v2\/posts"}],"about":[{"href":"https:\/\/www.notibras.com\/site\/wp-json\/wp\/v2\/types\/post"}],"author":[{"embeddable":true,"href":"https:\/\/www.notibras.com\/site\/wp-json\/wp\/v2\/users\/2"}],"replies":[{"embeddable":true,"href":"https:\/\/www.notibras.com\/site\/wp-json\/wp\/v2\/comments?post=307801"}],"version-history":[{"count":1,"href":"https:\/\/www.notibras.com\/site\/wp-json\/wp\/v2\/posts\/307801\/revisions"}],"predecessor-version":[{"id":307803,"href":"https:\/\/www.notibras.com\/site\/wp-json\/wp\/v2\/posts\/307801\/revisions\/307803"}],"wp:featuredmedia":[{"embeddable":true,"href":"https:\/\/www.notibras.com\/site\/wp-json\/wp\/v2\/media\/307802"}],"wp:attachment":[{"href":"https:\/\/www.notibras.com\/site\/wp-json\/wp\/v2\/media?parent=307801"}],"wp:term":[{"taxonomy":"category","embeddable":true,"href":"https:\/\/www.notibras.com\/site\/wp-json\/wp\/v2\/categories?post=307801"},{"taxonomy":"post_tag","embeddable":true,"href":"https:\/\/www.notibras.com\/site\/wp-json\/wp\/v2\/tags?post=307801"}],"curies":[{"name":"wp","href":"https:\/\/api.w.org\/{rel}","templated":true}]}}