{"id":307814,"date":"2023-06-28T00:00:19","date_gmt":"2023-06-28T03:00:19","guid":{"rendered":"https:\/\/www.notibras.com\/site\/?p=307814"},"modified":"2023-06-28T09:32:44","modified_gmt":"2023-06-28T12:32:44","slug":"distritais-aprovam-orcamento-de-2024-e-entram-em-recesso","status":"publish","type":"post","link":"https:\/\/www.notibras.com\/site\/distritais-aprovam-orcamento-de-2024-e-entram-em-recesso\/","title":{"rendered":"Distritais aprovam or\u00e7amento de 2024 e entram em recesso"},"content":{"rendered":"<p>Com uma estimativa de receita total de R$ 59,253 bilh\u00f5es, incluindo R$ 23 bilh\u00f5es do Fundo Constitucional do Distrito Federal (FCDF), o projeto de lei n\u00ba 371\/2023, que trata das Diretrizes Or\u00e7ament\u00e1rias para 2024, foi aprovado pelos deputados distritais na noite desta ter\u00e7a-feira (27). A aprecia\u00e7\u00e3o do texto \u2013 que servir\u00e1 de base para a formula\u00e7\u00e3o do Or\u00e7amento do ano que vem \u2013, em primeiro, segundo turno e reda\u00e7\u00e3o final, \u00e9 requisito para o in\u00edcio do recesso parlamentar.<\/p>\n<p>Durante a vota\u00e7\u00e3o da mat\u00e9ria no plen\u00e1rio da CLDF, o relator da proposi\u00e7\u00e3o, deputado Eduardo Pedrosa (Uni\u00e3o), que preside a Comiss\u00e3o de Economia, Or\u00e7amento e Finan\u00e7as (CEOF), informou o acatamento das emendas apresentadas pelos distritais, al\u00e9m daquelas que j\u00e1 haviam sido apreciadas pelo colegiado.<\/p>\n<p>Do total de recursos previstos na Lei de Diretrizes Or\u00e7ament\u00e1rias (LDO) 2024, R$ 36,043 bilh\u00f5es vir\u00e3o de receitas pr\u00f3prias, sendo 59,59% verbas oriundas de tributos. Enquanto do montante a ser repassado pela Uni\u00e3o ao Distrito Federal, R$ 10,2 bilh\u00f5es ser\u00e3o destinados ao setor de seguran\u00e7a p\u00fablica, R$ 7,2 bilh\u00f5es para a \u00e1rea de sa\u00fade e R$ 5,6 bilh\u00f5es ir\u00e3o para a educa\u00e7\u00e3o.<\/p>\n<p><strong>Recesso<\/strong><br \/>\nCom a vota\u00e7\u00e3o da LDO e o in\u00edcio do recesso, ficam suspensas as sess\u00f5es deliberativas da C\u00e2mara Legislativa. Contudo, as demais atividades parlamentares agendadas ser\u00e3o realizadas ao longo desta semana, como a reuni\u00e3o da CPI dos Atos Antidemocr\u00e1ticos na pr\u00f3xima quinta-feira (29), \u00e0s 9 horas. Os deputados distritais retomam os trabalhos do plen\u00e1rio no dia 1\u00ba de agosto.<\/p>\n","protected":false},"excerpt":{"rendered":"<p>Com uma estimativa de receita total de R$ 59,253 bilh\u00f5es, incluindo R$ 23 bilh\u00f5es do Fundo Constitucional do Distrito Federal (FCDF), o projeto de lei n\u00ba 371\/2023, que trata das Diretrizes Or\u00e7ament\u00e1rias para 2024, foi aprovado pelos deputados distritais na noite desta ter\u00e7a-feira (27). A aprecia\u00e7\u00e3o do texto \u2013 que servir\u00e1 de base para a [&hellip;]<\/p>\n","protected":false},"author":2,"featured_media":307815,"comment_status":"closed","ping_status":"closed","sticky":false,"template":"","format":"standard","meta":{"_acf_changed":false,"footnotes":""},"categories":[161],"tags":[],"class_list":["post-307814","post","type-post","status-publish","format-standard","has-post-thumbnail","hentry","category-quadradinho-em-foco"],"acf":[],"yoast_head":"<!-- This site is optimized with the Yoast SEO plugin v27.2 - https:\/\/yoast.com\/product\/yoast-seo-wordpress\/ -->\n<title>Distritais aprovam or\u00e7amento de 2024 e entram em recesso - Notibras<\/title>\n<meta name=\"robots\" content=\"index, follow, max-snippet:-1, max-image-preview:large, max-video-preview:-1\" \/>\n<link rel=\"canonical\" href=\"https:\/\/www.notibras.com\/site\/distritais-aprovam-orcamento-de-2024-e-entram-em-recesso\/\" \/>\n<meta property=\"og:locale\" content=\"pt_BR\" \/>\n<meta property=\"og:type\" content=\"article\" \/>\n<meta property=\"og:title\" content=\"Distritais aprovam or\u00e7amento de 2024 e entram em recesso - Notibras\" \/>\n<meta property=\"og:description\" content=\"Com uma estimativa de receita total de R$ 59,253 bilh\u00f5es, incluindo R$ 23 bilh\u00f5es do Fundo Constitucional do Distrito Federal (FCDF), o projeto de lei n\u00ba 371\/2023, que trata das Diretrizes Or\u00e7ament\u00e1rias para 2024, foi aprovado pelos deputados distritais na noite desta ter\u00e7a-feira (27). A aprecia\u00e7\u00e3o do texto \u2013 que servir\u00e1 de base para a [&hellip;]\" \/>\n<meta property=\"og:url\" content=\"https:\/\/www.notibras.com\/site\/distritais-aprovam-orcamento-de-2024-e-entram-em-recesso\/\" \/>\n<meta property=\"og:site_name\" content=\"Notibras\" \/>\n<meta property=\"article:publisher\" content=\"https:\/\/www.facebook.com\/notibras\/\" \/>\n<meta property=\"article:published_time\" content=\"2023-06-28T03:00:19+00:00\" \/>\n<meta property=\"article:modified_time\" content=\"2023-06-28T12:32:44+00:00\" \/>\n<meta property=\"og:image\" content=\"https:\/\/www.notibras.com\/site\/wp-content\/uploads\/2023\/06\/2311646CG-4.jpg\" \/>\n\t<meta property=\"og:image:width\" content=\"1200\" \/>\n\t<meta property=\"og:image:height\" content=\"798\" \/>\n\t<meta property=\"og:image:type\" content=\"image\/jpeg\" \/>\n<meta name=\"author\" content=\"Reda\u00e7\u00e3o\" \/>\n<meta name=\"twitter:card\" content=\"summary_large_image\" \/>\n<meta name=\"twitter:creator\" content=\"@Notibras\" \/>\n<meta name=\"twitter:site\" content=\"@Notibras\" \/>\n<meta name=\"twitter:label1\" content=\"Escrito por\" \/>\n\t<meta name=\"twitter:data1\" content=\"Reda\u00e7\u00e3o\" \/>\n\t<meta name=\"twitter:label2\" content=\"Est. tempo de leitura\" \/>\n\t<meta name=\"twitter:data2\" content=\"2 minutos\" \/>\n<script type=\"application\/ld+json\" class=\"yoast-schema-graph\">{\"@context\":\"https:\/\/schema.org\",\"@graph\":[{\"@type\":\"Article\",\"@id\":\"https:\/\/www.notibras.com\/site\/distritais-aprovam-orcamento-de-2024-e-entram-em-recesso\/#article\",\"isPartOf\":{\"@id\":\"https:\/\/www.notibras.com\/site\/distritais-aprovam-orcamento-de-2024-e-entram-em-recesso\/\"},\"author\":{\"name\":\"Reda\u00e7\u00e3o\",\"@id\":\"https:\/\/www.notibras.com\/site\/#\/schema\/person\/36ab0979449956132d3e5b517ea76ac8\"},\"headline\":\"Distritais aprovam or\u00e7amento de 2024 e entram em recesso\",\"datePublished\":\"2023-06-28T03:00:19+00:00\",\"dateModified\":\"2023-06-28T12:32:44+00:00\",\"mainEntityOfPage\":{\"@id\":\"https:\/\/www.notibras.com\/site\/distritais-aprovam-orcamento-de-2024-e-entram-em-recesso\/\"},\"wordCount\":278,\"publisher\":{\"@id\":\"https:\/\/www.notibras.com\/site\/#organization\"},\"image\":{\"@id\":\"https:\/\/www.notibras.com\/site\/distritais-aprovam-orcamento-de-2024-e-entram-em-recesso\/#primaryimage\"},\"thumbnailUrl\":\"https:\/\/www.notibras.com\/site\/wp-content\/uploads\/2023\/06\/2311646CG-4.jpg\",\"articleSection\":[\"Quadradinho em Foco\"],\"inLanguage\":\"pt-BR\"},{\"@type\":\"WebPage\",\"@id\":\"https:\/\/www.notibras.com\/site\/distritais-aprovam-orcamento-de-2024-e-entram-em-recesso\/\",\"url\":\"https:\/\/www.notibras.com\/site\/distritais-aprovam-orcamento-de-2024-e-entram-em-recesso\/\",\"name\":\"Distritais aprovam or\u00e7amento de 2024 e entram em recesso - Notibras\",\"isPartOf\":{\"@id\":\"https:\/\/www.notibras.com\/site\/#website\"},\"primaryImageOfPage\":{\"@id\":\"https:\/\/www.notibras.com\/site\/distritais-aprovam-orcamento-de-2024-e-entram-em-recesso\/#primaryimage\"},\"image\":{\"@id\":\"https:\/\/www.notibras.com\/site\/distritais-aprovam-orcamento-de-2024-e-entram-em-recesso\/#primaryimage\"},\"thumbnailUrl\":\"https:\/\/www.notibras.com\/site\/wp-content\/uploads\/2023\/06\/2311646CG-4.jpg\",\"datePublished\":\"2023-06-28T03:00:19+00:00\",\"dateModified\":\"2023-06-28T12:32:44+00:00\",\"breadcrumb\":{\"@id\":\"https:\/\/www.notibras.com\/site\/distritais-aprovam-orcamento-de-2024-e-entram-em-recesso\/#breadcrumb\"},\"inLanguage\":\"pt-BR\",\"potentialAction\":[{\"@type\":\"ReadAction\",\"target\":[\"https:\/\/www.notibras.com\/site\/distritais-aprovam-orcamento-de-2024-e-entram-em-recesso\/\"]}]},{\"@type\":\"ImageObject\",\"inLanguage\":\"pt-BR\",\"@id\":\"https:\/\/www.notibras.com\/site\/distritais-aprovam-orcamento-de-2024-e-entram-em-recesso\/#primaryimage\",\"url\":\"https:\/\/www.notibras.com\/site\/wp-content\/uploads\/2023\/06\/2311646CG-4.jpg\",\"contentUrl\":\"https:\/\/www.notibras.com\/site\/wp-content\/uploads\/2023\/06\/2311646CG-4.jpg\",\"width\":1200,\"height\":798},{\"@type\":\"BreadcrumbList\",\"@id\":\"https:\/\/www.notibras.com\/site\/distritais-aprovam-orcamento-de-2024-e-entram-em-recesso\/#breadcrumb\",\"itemListElement\":[{\"@type\":\"ListItem\",\"position\":1,\"name\":\"In\u00edcio\",\"item\":\"https:\/\/www.notibras.com\/site\/\"},{\"@type\":\"ListItem\",\"position\":2,\"name\":\"Distritais aprovam or\u00e7amento de 2024 e entram em recesso\"}]},{\"@type\":\"WebSite\",\"@id\":\"https:\/\/www.notibras.com\/site\/#website\",\"url\":\"https:\/\/www.notibras.com\/site\/\",\"name\":\"Notibras\",\"description\":\"Not\u00edcias de Bras\u00edlia, do Brasil e do Mundo\",\"publisher\":{\"@id\":\"https:\/\/www.notibras.com\/site\/#organization\"},\"potentialAction\":[{\"@type\":\"SearchAction\",\"target\":{\"@type\":\"EntryPoint\",\"urlTemplate\":\"https:\/\/www.notibras.com\/site\/?s={search_term_string}\"},\"query-input\":{\"@type\":\"PropertyValueSpecification\",\"valueRequired\":true,\"valueName\":\"search_term_string\"}}],\"inLanguage\":\"pt-BR\"},{\"@type\":\"Organization\",\"@id\":\"https:\/\/www.notibras.com\/site\/#organization\",\"name\":\"Grupo Notibras de Comunica\u00e7\u00e3o\",\"url\":\"https:\/\/www.notibras.com\/site\/\",\"logo\":{\"@type\":\"ImageObject\",\"inLanguage\":\"pt-BR\",\"@id\":\"https:\/\/www.notibras.com\/site\/#\/schema\/logo\/image\/\",\"url\":\"https:\/\/www.notibras.com\/site\/wp-content\/uploads\/2023\/01\/notibras23.png\",\"contentUrl\":\"https:\/\/www.notibras.com\/site\/wp-content\/uploads\/2023\/01\/notibras23.png\",\"width\":350,\"height\":87,\"caption\":\"Grupo Notibras de Comunica\u00e7\u00e3o\"},\"image\":{\"@id\":\"https:\/\/www.notibras.com\/site\/#\/schema\/logo\/image\/\"},\"sameAs\":[\"https:\/\/www.facebook.com\/notibras\/\",\"https:\/\/x.com\/Notibras\",\"https:\/\/www.instagram.com\/notibras\/\"]},{\"@type\":\"Person\",\"@id\":\"https:\/\/www.notibras.com\/site\/#\/schema\/person\/36ab0979449956132d3e5b517ea76ac8\",\"name\":\"Reda\u00e7\u00e3o\",\"image\":{\"@type\":\"ImageObject\",\"inLanguage\":\"pt-BR\",\"@id\":\"https:\/\/secure.gravatar.com\/avatar\/e0a867bdedb85fd243eadf09663511f96fc81e0720a4a42581f334ad4303aa6b?s=96&d=mm&r=g\",\"url\":\"https:\/\/secure.gravatar.com\/avatar\/e0a867bdedb85fd243eadf09663511f96fc81e0720a4a42581f334ad4303aa6b?s=96&d=mm&r=g\",\"contentUrl\":\"https:\/\/secure.gravatar.com\/avatar\/e0a867bdedb85fd243eadf09663511f96fc81e0720a4a42581f334ad4303aa6b?s=96&d=mm&r=g\",\"caption\":\"Reda\u00e7\u00e3o\"}}]}<\/script>\n<!-- \/ Yoast SEO plugin. -->","yoast_head_json":{"title":"Distritais aprovam or\u00e7amento de 2024 e entram em recesso - Notibras","robots":{"index":"index","follow":"follow","max-snippet":"max-snippet:-1","max-image-preview":"max-image-preview:large","max-video-preview":"max-video-preview:-1"},"canonical":"https:\/\/www.notibras.com\/site\/distritais-aprovam-orcamento-de-2024-e-entram-em-recesso\/","og_locale":"pt_BR","og_type":"article","og_title":"Distritais aprovam or\u00e7amento de 2024 e entram em recesso - Notibras","og_description":"Com uma estimativa de receita total de R$ 59,253 bilh\u00f5es, incluindo R$ 23 bilh\u00f5es do Fundo Constitucional do Distrito Federal (FCDF), o projeto de lei n\u00ba 371\/2023, que trata das Diretrizes Or\u00e7ament\u00e1rias para 2024, foi aprovado pelos deputados distritais na noite desta ter\u00e7a-feira (27). A aprecia\u00e7\u00e3o do texto \u2013 que servir\u00e1 de base para a [&hellip;]","og_url":"https:\/\/www.notibras.com\/site\/distritais-aprovam-orcamento-de-2024-e-entram-em-recesso\/","og_site_name":"Notibras","article_publisher":"https:\/\/www.facebook.com\/notibras\/","article_published_time":"2023-06-28T03:00:19+00:00","article_modified_time":"2023-06-28T12:32:44+00:00","og_image":[{"width":1200,"height":798,"url":"https:\/\/www.notibras.com\/site\/wp-content\/uploads\/2023\/06\/2311646CG-4.jpg","type":"image\/jpeg"}],"author":"Reda\u00e7\u00e3o","twitter_card":"summary_large_image","twitter_creator":"@Notibras","twitter_site":"@Notibras","twitter_misc":{"Escrito por":"Reda\u00e7\u00e3o","Est. tempo de leitura":"2 minutos"},"schema":{"@context":"https:\/\/schema.org","@graph":[{"@type":"Article","@id":"https:\/\/www.notibras.com\/site\/distritais-aprovam-orcamento-de-2024-e-entram-em-recesso\/#article","isPartOf":{"@id":"https:\/\/www.notibras.com\/site\/distritais-aprovam-orcamento-de-2024-e-entram-em-recesso\/"},"author":{"name":"Reda\u00e7\u00e3o","@id":"https:\/\/www.notibras.com\/site\/#\/schema\/person\/36ab0979449956132d3e5b517ea76ac8"},"headline":"Distritais aprovam or\u00e7amento de 2024 e entram em recesso","datePublished":"2023-06-28T03:00:19+00:00","dateModified":"2023-06-28T12:32:44+00:00","mainEntityOfPage":{"@id":"https:\/\/www.notibras.com\/site\/distritais-aprovam-orcamento-de-2024-e-entram-em-recesso\/"},"wordCount":278,"publisher":{"@id":"https:\/\/www.notibras.com\/site\/#organization"},"image":{"@id":"https:\/\/www.notibras.com\/site\/distritais-aprovam-orcamento-de-2024-e-entram-em-recesso\/#primaryimage"},"thumbnailUrl":"https:\/\/www.notibras.com\/site\/wp-content\/uploads\/2023\/06\/2311646CG-4.jpg","articleSection":["Quadradinho em Foco"],"inLanguage":"pt-BR"},{"@type":"WebPage","@id":"https:\/\/www.notibras.com\/site\/distritais-aprovam-orcamento-de-2024-e-entram-em-recesso\/","url":"https:\/\/www.notibras.com\/site\/distritais-aprovam-orcamento-de-2024-e-entram-em-recesso\/","name":"Distritais aprovam or\u00e7amento de 2024 e entram em recesso - Notibras","isPartOf":{"@id":"https:\/\/www.notibras.com\/site\/#website"},"primaryImageOfPage":{"@id":"https:\/\/www.notibras.com\/site\/distritais-aprovam-orcamento-de-2024-e-entram-em-recesso\/#primaryimage"},"image":{"@id":"https:\/\/www.notibras.com\/site\/distritais-aprovam-orcamento-de-2024-e-entram-em-recesso\/#primaryimage"},"thumbnailUrl":"https:\/\/www.notibras.com\/site\/wp-content\/uploads\/2023\/06\/2311646CG-4.jpg","datePublished":"2023-06-28T03:00:19+00:00","dateModified":"2023-06-28T12:32:44+00:00","breadcrumb":{"@id":"https:\/\/www.notibras.com\/site\/distritais-aprovam-orcamento-de-2024-e-entram-em-recesso\/#breadcrumb"},"inLanguage":"pt-BR","potentialAction":[{"@type":"ReadAction","target":["https:\/\/www.notibras.com\/site\/distritais-aprovam-orcamento-de-2024-e-entram-em-recesso\/"]}]},{"@type":"ImageObject","inLanguage":"pt-BR","@id":"https:\/\/www.notibras.com\/site\/distritais-aprovam-orcamento-de-2024-e-entram-em-recesso\/#primaryimage","url":"https:\/\/www.notibras.com\/site\/wp-content\/uploads\/2023\/06\/2311646CG-4.jpg","contentUrl":"https:\/\/www.notibras.com\/site\/wp-content\/uploads\/2023\/06\/2311646CG-4.jpg","width":1200,"height":798},{"@type":"BreadcrumbList","@id":"https:\/\/www.notibras.com\/site\/distritais-aprovam-orcamento-de-2024-e-entram-em-recesso\/#breadcrumb","itemListElement":[{"@type":"ListItem","position":1,"name":"In\u00edcio","item":"https:\/\/www.notibras.com\/site\/"},{"@type":"ListItem","position":2,"name":"Distritais aprovam or\u00e7amento de 2024 e entram em recesso"}]},{"@type":"WebSite","@id":"https:\/\/www.notibras.com\/site\/#website","url":"https:\/\/www.notibras.com\/site\/","name":"Notibras","description":"Not\u00edcias de Bras\u00edlia, do Brasil e do Mundo","publisher":{"@id":"https:\/\/www.notibras.com\/site\/#organization"},"potentialAction":[{"@type":"SearchAction","target":{"@type":"EntryPoint","urlTemplate":"https:\/\/www.notibras.com\/site\/?s={search_term_string}"},"query-input":{"@type":"PropertyValueSpecification","valueRequired":true,"valueName":"search_term_string"}}],"inLanguage":"pt-BR"},{"@type":"Organization","@id":"https:\/\/www.notibras.com\/site\/#organization","name":"Grupo Notibras de Comunica\u00e7\u00e3o","url":"https:\/\/www.notibras.com\/site\/","logo":{"@type":"ImageObject","inLanguage":"pt-BR","@id":"https:\/\/www.notibras.com\/site\/#\/schema\/logo\/image\/","url":"https:\/\/www.notibras.com\/site\/wp-content\/uploads\/2023\/01\/notibras23.png","contentUrl":"https:\/\/www.notibras.com\/site\/wp-content\/uploads\/2023\/01\/notibras23.png","width":350,"height":87,"caption":"Grupo Notibras de Comunica\u00e7\u00e3o"},"image":{"@id":"https:\/\/www.notibras.com\/site\/#\/schema\/logo\/image\/"},"sameAs":["https:\/\/www.facebook.com\/notibras\/","https:\/\/x.com\/Notibras","https:\/\/www.instagram.com\/notibras\/"]},{"@type":"Person","@id":"https:\/\/www.notibras.com\/site\/#\/schema\/person\/36ab0979449956132d3e5b517ea76ac8","name":"Reda\u00e7\u00e3o","image":{"@type":"ImageObject","inLanguage":"pt-BR","@id":"https:\/\/secure.gravatar.com\/avatar\/e0a867bdedb85fd243eadf09663511f96fc81e0720a4a42581f334ad4303aa6b?s=96&d=mm&r=g","url":"https:\/\/secure.gravatar.com\/avatar\/e0a867bdedb85fd243eadf09663511f96fc81e0720a4a42581f334ad4303aa6b?s=96&d=mm&r=g","contentUrl":"https:\/\/secure.gravatar.com\/avatar\/e0a867bdedb85fd243eadf09663511f96fc81e0720a4a42581f334ad4303aa6b?s=96&d=mm&r=g","caption":"Reda\u00e7\u00e3o"}}]}},"amp_enabled":true,"_links":{"self":[{"href":"https:\/\/www.notibras.com\/site\/wp-json\/wp\/v2\/posts\/307814","targetHints":{"allow":["GET"]}}],"collection":[{"href":"https:\/\/www.notibras.com\/site\/wp-json\/wp\/v2\/posts"}],"about":[{"href":"https:\/\/www.notibras.com\/site\/wp-json\/wp\/v2\/types\/post"}],"author":[{"embeddable":true,"href":"https:\/\/www.notibras.com\/site\/wp-json\/wp\/v2\/users\/2"}],"replies":[{"embeddable":true,"href":"https:\/\/www.notibras.com\/site\/wp-json\/wp\/v2\/comments?post=307814"}],"version-history":[{"count":1,"href":"https:\/\/www.notibras.com\/site\/wp-json\/wp\/v2\/posts\/307814\/revisions"}],"predecessor-version":[{"id":307816,"href":"https:\/\/www.notibras.com\/site\/wp-json\/wp\/v2\/posts\/307814\/revisions\/307816"}],"wp:featuredmedia":[{"embeddable":true,"href":"https:\/\/www.notibras.com\/site\/wp-json\/wp\/v2\/media\/307815"}],"wp:attachment":[{"href":"https:\/\/www.notibras.com\/site\/wp-json\/wp\/v2\/media?parent=307814"}],"wp:term":[{"taxonomy":"category","embeddable":true,"href":"https:\/\/www.notibras.com\/site\/wp-json\/wp\/v2\/categories?post=307814"},{"taxonomy":"post_tag","embeddable":true,"href":"https:\/\/www.notibras.com\/site\/wp-json\/wp\/v2\/tags?post=307814"}],"curies":[{"name":"wp","href":"https:\/\/api.w.org\/{rel}","templated":true}]}}