{"id":307827,"date":"2023-06-28T17:18:52","date_gmt":"2023-06-28T20:18:52","guid":{"rendered":"https:\/\/www.notibras.com\/site\/?p=307827"},"modified":"2023-06-28T18:21:12","modified_gmt":"2023-06-28T21:21:12","slug":"ferias-de-julho-com-muitas-atracoes-para-a-criancada","status":"publish","type":"post","link":"https:\/\/www.notibras.com\/site\/ferias-de-julho-com-muitas-atracoes-para-a-criancada\/","title":{"rendered":"F\u00e9rias de julho com muitas atra\u00e7\u00f5es para a crian\u00e7ada"},"content":{"rendered":"<p>No primeiro final de semana de julho, a crian\u00e7ada j\u00e1 pode esperar as confus\u00f5es no &#8220;Arrai\u00e1&#8221; da Vila do Chaves. Seu Madruga vai propor a festa e ter\u00e1 ajuda de Chiquinha, Chaves e Quico, mas os tr\u00eas nunca entram em acordo sobre a organiza\u00e7\u00e3o e tudo acabar\u00e1 em confus\u00e3o. Chaves comer\u00e1 toda a comida da festa, Seu Madruga tentar\u00e1 fugir do aluguel, Quico contar\u00e1 tudo pra sua m\u00e3e, enquanto Chiquinha chora. No final, todos se entendem e festejam! A apresenta\u00e7\u00e3o ser\u00e1 da Cia Starte, no dia 1\u00ba, \u00e0s 16h, na Pra\u00e7a Central, dentro da programa\u00e7\u00e3o do S\u00e1bado Cultural do Terra\u00e7o Shopping.<\/p>\n<p>No domingo (2), tamb\u00e9m \u00e0s 16h, com apresenta\u00e7\u00e3o de teatrinho com a Cia F\u00e1bula, a festan\u00e7a julina continuar\u00e1, mas agora no s\u00edtio, com a boneca Em\u00edlia. Ela resolve fazer uma festa julina muito animada, com muitas brincadeiras e dan\u00e7as, mas n\u00e3o contava com a participa\u00e7\u00e3o da Cuca malvada que, por n\u00e3o ser convidada, transforma todos em est\u00e1tuas. A crian\u00e7ada dar\u00e1 gargalhadas com essa confus\u00e3o.<\/p>\n<p>Para os dias 8 e 9 de julho, os espectadores mirins ter\u00e3o contos de fadas e f\u00e1bulas para se divertir. No s\u00e1bado, a Branca de Neve estar\u00e1 no palco, com a Cia Starte. E com ela, a Rainha malvada e sua cl\u00e1ssica pergunta ao Espelho M\u00e1gico: \u201cEspelho, Espelho Meu, existe algu\u00e9m mais bela do que eu?\u201d. Com direito a ca\u00e7ador, ma\u00e7\u00e3 envenenada, an\u00f5es e muito mais, as crian\u00e7as ir\u00e3o descobrir se um pr\u00edncipe encantado poder\u00e1 trazer novos rumos para esta hist\u00f3ria. No domingo, a Cia da F\u00e1bula apresentar\u00e1 o Le\u00e3o e o Ratinho, com a hist\u00f3ria que \u00e9 um exemplo de amizade, onde uma boa a\u00e7\u00e3o gera outra. As apresenta\u00e7\u00f5es s\u00e3o sempre \u00e0s 16h.<\/p>\n<p>No fim de semana seguinte, tem conta\u00e7\u00e3o de hist\u00f3ria, no s\u00e1bado (15), com a j\u00e1 conhecida da crian\u00e7ada Nyedja Gennari, que tamb\u00e9m \u00e9 escritora, professora e arte educadora. No domingo, dia 16, o convite \u00e9 para o casamento da Dona Baratinha, com a Cia da F\u00e1bula, \u00e0s 16h. Ainda sem um noivo, muitos pretendentes apareceram, mas seus olhos s\u00e3o apenas para o Senhor Camundongo. As crian\u00e7as ficar\u00e3o ansiosas por descobrir o final dessa hist\u00f3ria.<\/p>\n<p>Para os dias 22 e 23 de julho, duas duplas trar\u00e3o muita hist\u00f3ria. No s\u00e1bado, a Trupe Oja Lai\u00f3 estar\u00e1 no palco com a hist\u00f3ria &#8220;O C\u00e3o e a Raposa&#8221;, que fala sobre a amizade de dois filhotes. Por\u00e9m, quando crescem, descobrem que na verdade s\u00e3o advers\u00e1rios. A crian\u00e7ada ter\u00e1 que descobrir se essa amizade est\u00e1 ou n\u00e3o amea\u00e7ada. No domingo (23), o espet\u00e1culo teatral da Cia da F\u00e1bula \u00e9 com a cantante Cigarra e a trabalhadora Formiga, que mostrar\u00e3o para os pequenos espectadores conceitos de amizade, amor ao pr\u00f3ximo, responsabilidade e divers\u00e3o.<\/p>\n<p>Para fechar o m\u00eas de julho, no \u00faltimo s\u00e1bado (29), \u00e0s 16h, o famoso Tio Andr\u00e9 apresentar\u00e1 um belo show de m\u00e1gica, onde as crian\u00e7as fazem parte do espet\u00e1culo. Tem muita m\u00fasica e n\u00fameros de m\u00e1gica interativos e cheios de humor, que encantam os pequenos e adultos h\u00e1 mais de uma d\u00e9cada. No \u00faltimo dia da programa\u00e7\u00e3o, domingo (30), a Cia da F\u00e1bula traz a Bela Adormecida, conhecida como Aurora. No dia do seu nascimento, suas tr\u00eas fadas madrinhas apareceram para presentear a menina, mas Mal\u00e9vola, que n\u00e3o foi convidada para a festa, resolve dar um presente que deixa todos no reino apreensivos. A crian\u00e7ada precisa assistir para ver o desfecho dessa hist\u00f3ria.<\/p>\n<p><strong>Servi\u00e7o<\/strong><br \/>\nEntrada Franca \u2013 Classifica\u00e7\u00e3o Livre<br \/>\nPra\u00e7a Central \u2013 Terra\u00e7o Shopping<br \/>\nS\u00e1bados e Domingos, \u00e0s 16h<br \/>\n01\/07 &#8211; O &#8220;Arrai\u00e1&#8221; na vila do Chaves (Cia Starte)<br \/>\n02\/07 &#8211; Festa Julina no S\u00edtio (Cia da F\u00e1bula)<br \/>\n08\/07 &#8211; Branca de Neve (Cia Starte)<br \/>\n09\/07 &#8211; O Le\u00e3o e o Ratinho (Cia da F\u00e1bula)<br \/>\n15\/07 &#8211; Conta\u00e7\u00e3o de hist\u00f3rias (Nyedja Gennari)<br \/>\n16\/07 &#8211; Casamento da Dona Baratinha (Cia da F\u00e1bula)<br \/>\n22\/07 &#8211; O C\u00e3o e a Raposa (Trupe Oja Lai\u00f3)<br \/>\n23\/07 &#8211; A Cigarra e a Formiga (Cia da F\u00e1bula)<br \/>\n29\/07 &#8211; Show de M\u00e1gicas (Tio Andr\u00e9)<br \/>\n30\/07 &#8211; A Bela Adormecida (Cia da F\u00e1bula)<\/p>\n","protected":false},"excerpt":{"rendered":"<p>No primeiro final de semana de julho, a crian\u00e7ada j\u00e1 pode esperar as confus\u00f5es no &#8220;Arrai\u00e1&#8221; da Vila do Chaves. Seu Madruga vai propor a festa e ter\u00e1 ajuda de Chiquinha, Chaves e Quico, mas os tr\u00eas nunca entram em acordo sobre a organiza\u00e7\u00e3o e tudo acabar\u00e1 em confus\u00e3o. Chaves comer\u00e1 toda a comida da [&hellip;]<\/p>\n","protected":false},"author":2,"featured_media":307828,"comment_status":"closed","ping_status":"closed","sticky":false,"template":"","format":"standard","meta":{"_acf_changed":false,"footnotes":""},"categories":[161],"tags":[],"class_list":["post-307827","post","type-post","status-publish","format-standard","has-post-thumbnail","hentry","category-quadradinho-em-foco"],"acf":[],"yoast_head":"<!-- This site is optimized with the Yoast SEO plugin v27.2 - https:\/\/yoast.com\/product\/yoast-seo-wordpress\/ -->\n<title>F\u00e9rias de julho com muitas atra\u00e7\u00f5es para a crian\u00e7ada - Notibras<\/title>\n<meta name=\"robots\" content=\"index, follow, max-snippet:-1, max-image-preview:large, max-video-preview:-1\" \/>\n<link rel=\"canonical\" href=\"https:\/\/www.notibras.com\/site\/ferias-de-julho-com-muitas-atracoes-para-a-criancada\/\" \/>\n<meta property=\"og:locale\" content=\"pt_BR\" \/>\n<meta property=\"og:type\" content=\"article\" \/>\n<meta property=\"og:title\" content=\"F\u00e9rias de julho com muitas atra\u00e7\u00f5es para a crian\u00e7ada - Notibras\" \/>\n<meta property=\"og:description\" content=\"No primeiro final de semana de julho, a crian\u00e7ada j\u00e1 pode esperar as confus\u00f5es no &#8220;Arrai\u00e1&#8221; da Vila do Chaves. Seu Madruga vai propor a festa e ter\u00e1 ajuda de Chiquinha, Chaves e Quico, mas os tr\u00eas nunca entram em acordo sobre a organiza\u00e7\u00e3o e tudo acabar\u00e1 em confus\u00e3o. Chaves comer\u00e1 toda a comida da [&hellip;]\" \/>\n<meta property=\"og:url\" content=\"https:\/\/www.notibras.com\/site\/ferias-de-julho-com-muitas-atracoes-para-a-criancada\/\" \/>\n<meta property=\"og:site_name\" content=\"Notibras\" \/>\n<meta property=\"article:publisher\" content=\"https:\/\/www.facebook.com\/notibras\/\" \/>\n<meta property=\"article:published_time\" content=\"2023-06-28T20:18:52+00:00\" \/>\n<meta property=\"article:modified_time\" content=\"2023-06-28T21:21:12+00:00\" \/>\n<meta property=\"og:image\" content=\"https:\/\/www.notibras.com\/site\/wp-content\/uploads\/2023\/06\/Branca-de-Neve.jpeg\" \/>\n\t<meta property=\"og:image:width\" content=\"719\" \/>\n\t<meta property=\"og:image:height\" content=\"1280\" \/>\n\t<meta property=\"og:image:type\" content=\"image\/jpeg\" \/>\n<meta name=\"author\" content=\"Reda\u00e7\u00e3o\" \/>\n<meta name=\"twitter:card\" content=\"summary_large_image\" \/>\n<meta name=\"twitter:creator\" content=\"@Notibras\" \/>\n<meta name=\"twitter:site\" content=\"@Notibras\" \/>\n<meta name=\"twitter:label1\" content=\"Escrito por\" \/>\n\t<meta name=\"twitter:data1\" content=\"Reda\u00e7\u00e3o\" \/>\n\t<meta name=\"twitter:label2\" content=\"Est. tempo de leitura\" \/>\n\t<meta name=\"twitter:data2\" content=\"4 minutos\" \/>\n<script type=\"application\/ld+json\" class=\"yoast-schema-graph\">{\"@context\":\"https:\/\/schema.org\",\"@graph\":[{\"@type\":\"Article\",\"@id\":\"https:\/\/www.notibras.com\/site\/ferias-de-julho-com-muitas-atracoes-para-a-criancada\/#article\",\"isPartOf\":{\"@id\":\"https:\/\/www.notibras.com\/site\/ferias-de-julho-com-muitas-atracoes-para-a-criancada\/\"},\"author\":{\"name\":\"Reda\u00e7\u00e3o\",\"@id\":\"https:\/\/www.notibras.com\/site\/#\/schema\/person\/36ab0979449956132d3e5b517ea76ac8\"},\"headline\":\"F\u00e9rias de julho com muitas atra\u00e7\u00f5es para a crian\u00e7ada\",\"datePublished\":\"2023-06-28T20:18:52+00:00\",\"dateModified\":\"2023-06-28T21:21:12+00:00\",\"mainEntityOfPage\":{\"@id\":\"https:\/\/www.notibras.com\/site\/ferias-de-julho-com-muitas-atracoes-para-a-criancada\/\"},\"wordCount\":747,\"publisher\":{\"@id\":\"https:\/\/www.notibras.com\/site\/#organization\"},\"image\":{\"@id\":\"https:\/\/www.notibras.com\/site\/ferias-de-julho-com-muitas-atracoes-para-a-criancada\/#primaryimage\"},\"thumbnailUrl\":\"https:\/\/www.notibras.com\/site\/wp-content\/uploads\/2023\/06\/Branca-de-Neve.jpeg\",\"articleSection\":[\"Quadradinho em Foco\"],\"inLanguage\":\"pt-BR\"},{\"@type\":\"WebPage\",\"@id\":\"https:\/\/www.notibras.com\/site\/ferias-de-julho-com-muitas-atracoes-para-a-criancada\/\",\"url\":\"https:\/\/www.notibras.com\/site\/ferias-de-julho-com-muitas-atracoes-para-a-criancada\/\",\"name\":\"F\u00e9rias de julho com muitas atra\u00e7\u00f5es para a crian\u00e7ada - Notibras\",\"isPartOf\":{\"@id\":\"https:\/\/www.notibras.com\/site\/#website\"},\"primaryImageOfPage\":{\"@id\":\"https:\/\/www.notibras.com\/site\/ferias-de-julho-com-muitas-atracoes-para-a-criancada\/#primaryimage\"},\"image\":{\"@id\":\"https:\/\/www.notibras.com\/site\/ferias-de-julho-com-muitas-atracoes-para-a-criancada\/#primaryimage\"},\"thumbnailUrl\":\"https:\/\/www.notibras.com\/site\/wp-content\/uploads\/2023\/06\/Branca-de-Neve.jpeg\",\"datePublished\":\"2023-06-28T20:18:52+00:00\",\"dateModified\":\"2023-06-28T21:21:12+00:00\",\"breadcrumb\":{\"@id\":\"https:\/\/www.notibras.com\/site\/ferias-de-julho-com-muitas-atracoes-para-a-criancada\/#breadcrumb\"},\"inLanguage\":\"pt-BR\",\"potentialAction\":[{\"@type\":\"ReadAction\",\"target\":[\"https:\/\/www.notibras.com\/site\/ferias-de-julho-com-muitas-atracoes-para-a-criancada\/\"]}]},{\"@type\":\"ImageObject\",\"inLanguage\":\"pt-BR\",\"@id\":\"https:\/\/www.notibras.com\/site\/ferias-de-julho-com-muitas-atracoes-para-a-criancada\/#primaryimage\",\"url\":\"https:\/\/www.notibras.com\/site\/wp-content\/uploads\/2023\/06\/Branca-de-Neve.jpeg\",\"contentUrl\":\"https:\/\/www.notibras.com\/site\/wp-content\/uploads\/2023\/06\/Branca-de-Neve.jpeg\",\"width\":719,\"height\":1280},{\"@type\":\"BreadcrumbList\",\"@id\":\"https:\/\/www.notibras.com\/site\/ferias-de-julho-com-muitas-atracoes-para-a-criancada\/#breadcrumb\",\"itemListElement\":[{\"@type\":\"ListItem\",\"position\":1,\"name\":\"In\u00edcio\",\"item\":\"https:\/\/www.notibras.com\/site\/\"},{\"@type\":\"ListItem\",\"position\":2,\"name\":\"F\u00e9rias de julho com muitas atra\u00e7\u00f5es para a crian\u00e7ada\"}]},{\"@type\":\"WebSite\",\"@id\":\"https:\/\/www.notibras.com\/site\/#website\",\"url\":\"https:\/\/www.notibras.com\/site\/\",\"name\":\"Notibras\",\"description\":\"Not\u00edcias de Bras\u00edlia, do Brasil e do Mundo\",\"publisher\":{\"@id\":\"https:\/\/www.notibras.com\/site\/#organization\"},\"potentialAction\":[{\"@type\":\"SearchAction\",\"target\":{\"@type\":\"EntryPoint\",\"urlTemplate\":\"https:\/\/www.notibras.com\/site\/?s={search_term_string}\"},\"query-input\":{\"@type\":\"PropertyValueSpecification\",\"valueRequired\":true,\"valueName\":\"search_term_string\"}}],\"inLanguage\":\"pt-BR\"},{\"@type\":\"Organization\",\"@id\":\"https:\/\/www.notibras.com\/site\/#organization\",\"name\":\"Grupo Notibras de Comunica\u00e7\u00e3o\",\"url\":\"https:\/\/www.notibras.com\/site\/\",\"logo\":{\"@type\":\"ImageObject\",\"inLanguage\":\"pt-BR\",\"@id\":\"https:\/\/www.notibras.com\/site\/#\/schema\/logo\/image\/\",\"url\":\"https:\/\/www.notibras.com\/site\/wp-content\/uploads\/2023\/01\/notibras23.png\",\"contentUrl\":\"https:\/\/www.notibras.com\/site\/wp-content\/uploads\/2023\/01\/notibras23.png\",\"width\":350,\"height\":87,\"caption\":\"Grupo Notibras de Comunica\u00e7\u00e3o\"},\"image\":{\"@id\":\"https:\/\/www.notibras.com\/site\/#\/schema\/logo\/image\/\"},\"sameAs\":[\"https:\/\/www.facebook.com\/notibras\/\",\"https:\/\/x.com\/Notibras\",\"https:\/\/www.instagram.com\/notibras\/\"]},{\"@type\":\"Person\",\"@id\":\"https:\/\/www.notibras.com\/site\/#\/schema\/person\/36ab0979449956132d3e5b517ea76ac8\",\"name\":\"Reda\u00e7\u00e3o\",\"image\":{\"@type\":\"ImageObject\",\"inLanguage\":\"pt-BR\",\"@id\":\"https:\/\/secure.gravatar.com\/avatar\/e0a867bdedb85fd243eadf09663511f96fc81e0720a4a42581f334ad4303aa6b?s=96&d=mm&r=g\",\"url\":\"https:\/\/secure.gravatar.com\/avatar\/e0a867bdedb85fd243eadf09663511f96fc81e0720a4a42581f334ad4303aa6b?s=96&d=mm&r=g\",\"contentUrl\":\"https:\/\/secure.gravatar.com\/avatar\/e0a867bdedb85fd243eadf09663511f96fc81e0720a4a42581f334ad4303aa6b?s=96&d=mm&r=g\",\"caption\":\"Reda\u00e7\u00e3o\"}}]}<\/script>\n<!-- \/ Yoast SEO plugin. -->","yoast_head_json":{"title":"F\u00e9rias de julho com muitas atra\u00e7\u00f5es para a crian\u00e7ada - Notibras","robots":{"index":"index","follow":"follow","max-snippet":"max-snippet:-1","max-image-preview":"max-image-preview:large","max-video-preview":"max-video-preview:-1"},"canonical":"https:\/\/www.notibras.com\/site\/ferias-de-julho-com-muitas-atracoes-para-a-criancada\/","og_locale":"pt_BR","og_type":"article","og_title":"F\u00e9rias de julho com muitas atra\u00e7\u00f5es para a crian\u00e7ada - Notibras","og_description":"No primeiro final de semana de julho, a crian\u00e7ada j\u00e1 pode esperar as confus\u00f5es no &#8220;Arrai\u00e1&#8221; da Vila do Chaves. Seu Madruga vai propor a festa e ter\u00e1 ajuda de Chiquinha, Chaves e Quico, mas os tr\u00eas nunca entram em acordo sobre a organiza\u00e7\u00e3o e tudo acabar\u00e1 em confus\u00e3o. Chaves comer\u00e1 toda a comida da [&hellip;]","og_url":"https:\/\/www.notibras.com\/site\/ferias-de-julho-com-muitas-atracoes-para-a-criancada\/","og_site_name":"Notibras","article_publisher":"https:\/\/www.facebook.com\/notibras\/","article_published_time":"2023-06-28T20:18:52+00:00","article_modified_time":"2023-06-28T21:21:12+00:00","og_image":[{"width":719,"height":1280,"url":"https:\/\/www.notibras.com\/site\/wp-content\/uploads\/2023\/06\/Branca-de-Neve.jpeg","type":"image\/jpeg"}],"author":"Reda\u00e7\u00e3o","twitter_card":"summary_large_image","twitter_creator":"@Notibras","twitter_site":"@Notibras","twitter_misc":{"Escrito por":"Reda\u00e7\u00e3o","Est. tempo de leitura":"4 minutos"},"schema":{"@context":"https:\/\/schema.org","@graph":[{"@type":"Article","@id":"https:\/\/www.notibras.com\/site\/ferias-de-julho-com-muitas-atracoes-para-a-criancada\/#article","isPartOf":{"@id":"https:\/\/www.notibras.com\/site\/ferias-de-julho-com-muitas-atracoes-para-a-criancada\/"},"author":{"name":"Reda\u00e7\u00e3o","@id":"https:\/\/www.notibras.com\/site\/#\/schema\/person\/36ab0979449956132d3e5b517ea76ac8"},"headline":"F\u00e9rias de julho com muitas atra\u00e7\u00f5es para a crian\u00e7ada","datePublished":"2023-06-28T20:18:52+00:00","dateModified":"2023-06-28T21:21:12+00:00","mainEntityOfPage":{"@id":"https:\/\/www.notibras.com\/site\/ferias-de-julho-com-muitas-atracoes-para-a-criancada\/"},"wordCount":747,"publisher":{"@id":"https:\/\/www.notibras.com\/site\/#organization"},"image":{"@id":"https:\/\/www.notibras.com\/site\/ferias-de-julho-com-muitas-atracoes-para-a-criancada\/#primaryimage"},"thumbnailUrl":"https:\/\/www.notibras.com\/site\/wp-content\/uploads\/2023\/06\/Branca-de-Neve.jpeg","articleSection":["Quadradinho em Foco"],"inLanguage":"pt-BR"},{"@type":"WebPage","@id":"https:\/\/www.notibras.com\/site\/ferias-de-julho-com-muitas-atracoes-para-a-criancada\/","url":"https:\/\/www.notibras.com\/site\/ferias-de-julho-com-muitas-atracoes-para-a-criancada\/","name":"F\u00e9rias de julho com muitas atra\u00e7\u00f5es para a crian\u00e7ada - Notibras","isPartOf":{"@id":"https:\/\/www.notibras.com\/site\/#website"},"primaryImageOfPage":{"@id":"https:\/\/www.notibras.com\/site\/ferias-de-julho-com-muitas-atracoes-para-a-criancada\/#primaryimage"},"image":{"@id":"https:\/\/www.notibras.com\/site\/ferias-de-julho-com-muitas-atracoes-para-a-criancada\/#primaryimage"},"thumbnailUrl":"https:\/\/www.notibras.com\/site\/wp-content\/uploads\/2023\/06\/Branca-de-Neve.jpeg","datePublished":"2023-06-28T20:18:52+00:00","dateModified":"2023-06-28T21:21:12+00:00","breadcrumb":{"@id":"https:\/\/www.notibras.com\/site\/ferias-de-julho-com-muitas-atracoes-para-a-criancada\/#breadcrumb"},"inLanguage":"pt-BR","potentialAction":[{"@type":"ReadAction","target":["https:\/\/www.notibras.com\/site\/ferias-de-julho-com-muitas-atracoes-para-a-criancada\/"]}]},{"@type":"ImageObject","inLanguage":"pt-BR","@id":"https:\/\/www.notibras.com\/site\/ferias-de-julho-com-muitas-atracoes-para-a-criancada\/#primaryimage","url":"https:\/\/www.notibras.com\/site\/wp-content\/uploads\/2023\/06\/Branca-de-Neve.jpeg","contentUrl":"https:\/\/www.notibras.com\/site\/wp-content\/uploads\/2023\/06\/Branca-de-Neve.jpeg","width":719,"height":1280},{"@type":"BreadcrumbList","@id":"https:\/\/www.notibras.com\/site\/ferias-de-julho-com-muitas-atracoes-para-a-criancada\/#breadcrumb","itemListElement":[{"@type":"ListItem","position":1,"name":"In\u00edcio","item":"https:\/\/www.notibras.com\/site\/"},{"@type":"ListItem","position":2,"name":"F\u00e9rias de julho com muitas atra\u00e7\u00f5es para a crian\u00e7ada"}]},{"@type":"WebSite","@id":"https:\/\/www.notibras.com\/site\/#website","url":"https:\/\/www.notibras.com\/site\/","name":"Notibras","description":"Not\u00edcias de Bras\u00edlia, do Brasil e do Mundo","publisher":{"@id":"https:\/\/www.notibras.com\/site\/#organization"},"potentialAction":[{"@type":"SearchAction","target":{"@type":"EntryPoint","urlTemplate":"https:\/\/www.notibras.com\/site\/?s={search_term_string}"},"query-input":{"@type":"PropertyValueSpecification","valueRequired":true,"valueName":"search_term_string"}}],"inLanguage":"pt-BR"},{"@type":"Organization","@id":"https:\/\/www.notibras.com\/site\/#organization","name":"Grupo Notibras de Comunica\u00e7\u00e3o","url":"https:\/\/www.notibras.com\/site\/","logo":{"@type":"ImageObject","inLanguage":"pt-BR","@id":"https:\/\/www.notibras.com\/site\/#\/schema\/logo\/image\/","url":"https:\/\/www.notibras.com\/site\/wp-content\/uploads\/2023\/01\/notibras23.png","contentUrl":"https:\/\/www.notibras.com\/site\/wp-content\/uploads\/2023\/01\/notibras23.png","width":350,"height":87,"caption":"Grupo Notibras de Comunica\u00e7\u00e3o"},"image":{"@id":"https:\/\/www.notibras.com\/site\/#\/schema\/logo\/image\/"},"sameAs":["https:\/\/www.facebook.com\/notibras\/","https:\/\/x.com\/Notibras","https:\/\/www.instagram.com\/notibras\/"]},{"@type":"Person","@id":"https:\/\/www.notibras.com\/site\/#\/schema\/person\/36ab0979449956132d3e5b517ea76ac8","name":"Reda\u00e7\u00e3o","image":{"@type":"ImageObject","inLanguage":"pt-BR","@id":"https:\/\/secure.gravatar.com\/avatar\/e0a867bdedb85fd243eadf09663511f96fc81e0720a4a42581f334ad4303aa6b?s=96&d=mm&r=g","url":"https:\/\/secure.gravatar.com\/avatar\/e0a867bdedb85fd243eadf09663511f96fc81e0720a4a42581f334ad4303aa6b?s=96&d=mm&r=g","contentUrl":"https:\/\/secure.gravatar.com\/avatar\/e0a867bdedb85fd243eadf09663511f96fc81e0720a4a42581f334ad4303aa6b?s=96&d=mm&r=g","caption":"Reda\u00e7\u00e3o"}}]}},"amp_enabled":true,"_links":{"self":[{"href":"https:\/\/www.notibras.com\/site\/wp-json\/wp\/v2\/posts\/307827","targetHints":{"allow":["GET"]}}],"collection":[{"href":"https:\/\/www.notibras.com\/site\/wp-json\/wp\/v2\/posts"}],"about":[{"href":"https:\/\/www.notibras.com\/site\/wp-json\/wp\/v2\/types\/post"}],"author":[{"embeddable":true,"href":"https:\/\/www.notibras.com\/site\/wp-json\/wp\/v2\/users\/2"}],"replies":[{"embeddable":true,"href":"https:\/\/www.notibras.com\/site\/wp-json\/wp\/v2\/comments?post=307827"}],"version-history":[{"count":1,"href":"https:\/\/www.notibras.com\/site\/wp-json\/wp\/v2\/posts\/307827\/revisions"}],"predecessor-version":[{"id":307829,"href":"https:\/\/www.notibras.com\/site\/wp-json\/wp\/v2\/posts\/307827\/revisions\/307829"}],"wp:featuredmedia":[{"embeddable":true,"href":"https:\/\/www.notibras.com\/site\/wp-json\/wp\/v2\/media\/307828"}],"wp:attachment":[{"href":"https:\/\/www.notibras.com\/site\/wp-json\/wp\/v2\/media?parent=307827"}],"wp:term":[{"taxonomy":"category","embeddable":true,"href":"https:\/\/www.notibras.com\/site\/wp-json\/wp\/v2\/categories?post=307827"},{"taxonomy":"post_tag","embeddable":true,"href":"https:\/\/www.notibras.com\/site\/wp-json\/wp\/v2\/tags?post=307827"}],"curies":[{"name":"wp","href":"https:\/\/api.w.org\/{rel}","templated":true}]}}