{"id":307850,"date":"2023-06-29T05:54:39","date_gmt":"2023-06-29T08:54:39","guid":{"rendered":"https:\/\/www.notibras.com\/site\/?p=307850"},"modified":"2023-06-29T05:54:39","modified_gmt":"2023-06-29T08:54:39","slug":"compromisso-com-diversidade-e-respeitar-todo-mundo","status":"publish","type":"post","link":"https:\/\/www.notibras.com\/site\/compromisso-com-diversidade-e-respeitar-todo-mundo\/","title":{"rendered":"Compromisso com diversidade \u00e9 respeitar todo mundo"},"content":{"rendered":"<p>H\u00e1 cinco anos, quando entrou para o time de Atendentes do McDonald\u2019s e conquistou o seu primeiro emprego formal, Tiana Machado ainda se entendia como um homem gay cis. Algum tempo depois, se reconheceu como uma mulher trans e conta que recebeu total apoio de sua Gerente de Unidade no in\u00edcio do seu processo de transi\u00e7\u00e3o. \u201cTer conseguido um emprego no McDonald\u2019s foi uma coisa muito boa e me descobrir l\u00e1 dentro tamb\u00e9m. Se eu me descobrisse antes, acho que teria dificuldades para conseguir qualquer emprego\u201d, revela. Ap\u00f3s dois anos como Atendente, vieram as oportunidades de crescimento e Tiana foi promovida a Embaixadora da Experi\u00eancia do Cliente, sendo, um ano depois, promovida a Supervisora, cargo que ocupa atualmente.<\/p>\n<p>\u201cQuando me percebi como uma pessoa trans eu achei que seria dif\u00edcil, mas n\u00e3o foi. Nunca achei que eu seria t\u00e3o bem acolhida numa empresa como sou hoje. Tenho o nome retificado em todos os documentos. Crach\u00e1, espelho de ponto, exames, tudo tem o meu nome social\u201d, conta. \u201cEu n\u00e3o me vejo saindo do M\u00e9qui. Me vejo crescendo mais ainda\u201d, completa. O acolhimento, o reconhecimento e a valoriza\u00e7\u00e3o de colaboradores LGBTI+ fazem parte dos compromissos da Arcos Dorados, empresa que opera a marca McDonald\u2019s em 20 pa\u00edses da Am\u00e9rica Latina e Caribe, j\u00e1 que atua sob a Cooltura de Servi\u00e7o, filosofia que promove o respeito \u00e0s individualidades e incentiva que cada pessoa se sinta \u00e0 vontade para se expressar livremente e conforme se identifique.<\/p>\n<p><strong>Avan\u00e7os<\/strong><br \/>\nDesde a cria\u00e7\u00e3o do SOMOS, comit\u00ea de Diversidade &amp; Inclus\u00e3o, e da Rede Orgulho Arcos, grupo de afinidade LGBTI+, a Arcos Dorados tem dado importantes passos nessa pauta, ainda que haja uma longa jornada. A companhia atualizou recentemente seu Guia de Diversidade Sexual, que traz diretrizes para a promo\u00e7\u00e3o de um ambiente de trabalho respeitoso e de combate \u00e0 discrimina\u00e7\u00e3o, e se tornou signat\u00e1ria do F\u00f3rum de Empresas e Direitos LGBTI+. Ainda, atrav\u00e9s de um censo interno, a empresa mapeou que mais de 8.700 colaboradores s\u00e3o LGBTI+ e mais de 850 pessoas s\u00e3o trans.<\/p>\n<p>Atualmente, a companhia conta com uma s\u00e9rie de a\u00e7\u00f5es pr\u00e1ticas de inclus\u00e3o, como a cria\u00e7\u00e3o de uniformes n\u00e3o bin\u00e1rios (sem distin\u00e7\u00e3o de g\u00eanero); ado\u00e7\u00e3o de nome social independente do registro civil, tanto para colaboradores dos restaurantes quanto dos escrit\u00f3rios; uso do banheiro de acordo com a identidade de g\u00eanero; igualdade nos processos seletivos e promo\u00e7\u00f5es, que contribuiu para que 15% da lideran\u00e7a tenha se declarado LGBTI+ no \u00faltimo censo; al\u00e9m da \u201cPol\u00edtica de Lugar Seguro e Respeitoso\u201d e da Linha \u00c9tica, canal de den\u00fancias que atua tamb\u00e9m em casos de discrimina\u00e7\u00e3o sexual. Diversas outras a\u00e7\u00f5es internas relacionadas a agenda de Diversidade e Inclus\u00e3o tamb\u00e9m s\u00e3o promovidas na companhia, como treinamentos, letramento e conscientiza\u00e7\u00e3o que contribuem para o desenvolvimento pessoal e profissional de cada uma das pessoas. Essas e outras iniciativas ocorrem alinhadas \u00e0 pol\u00edtica de toler\u00e2ncia zero, adotada pela companhia com rela\u00e7\u00e3o a condutas discriminat\u00f3rias por identidade de g\u00eanero, sexo, orienta\u00e7\u00e3o sexual, express\u00e3o de g\u00eanero e de qualquer outra natureza preconceituosa.<\/p>\n<p>Todas as a\u00e7\u00f5es voltadas \u00e0 diversidade e inclus\u00e3o fazem parte de sua consistente estrat\u00e9gia ESG, chamada Receita do Futuro, que englobam pilares de atua\u00e7\u00e3o com o objetivo de impactar positivamente a sociedade e o planeta. Para saber mais, acesse: https:\/\/receitadofuturo.com.br\/<\/p>\n<p><strong>Sobre a Arcos Dorados<\/strong><br \/>\nA Arcos Dorados \u00e9 a maior franquia independente do McDonald\u2019s do mundo e a maior rede de servi\u00e7o r\u00e1pido de alimenta\u00e7\u00e3o da Am\u00e9rica Latina e Caribe. A companhia conta com direitos exclusivos de possuir, operar e conceder franquias locais de restaurantes McDonald\u2019s em 20 pa\u00edses e territ\u00f3rios dessas regi\u00f5es. Atualmente, a rede possui mais de 2.300 restaurantes, entre unidades pr\u00f3prias e de seus franqueados, que juntos empregam mais de 95.000 funcion\u00e1rios (dados de 31\/03\/2023). A empresa tamb\u00e9m utiliza sua plataforma ESG, Receita do Futuro, para impactar positivamente as comunidades onde est\u00e1 presente. A Arcos Dorados est\u00e1 listada na Bolsa de Valores de Nova York (NYSE: ARCO). Para saber mais sobre a Companhia por favor visite o nosso site: www.arcosdorados.com<\/p>\n","protected":false},"excerpt":{"rendered":"<p>H\u00e1 cinco anos, quando entrou para o time de Atendentes do McDonald\u2019s e conquistou o seu primeiro emprego formal, Tiana Machado ainda se entendia como um homem gay cis. Algum tempo depois, se reconheceu como uma mulher trans e conta que recebeu total apoio de sua Gerente de Unidade no in\u00edcio do seu processo de [&hellip;]<\/p>\n","protected":false},"author":2,"featured_media":307851,"comment_status":"closed","ping_status":"closed","sticky":false,"template":"","format":"standard","meta":{"_acf_changed":false,"footnotes":""},"categories":[161],"tags":[],"class_list":["post-307850","post","type-post","status-publish","format-standard","has-post-thumbnail","hentry","category-quadradinho-em-foco"],"acf":[],"yoast_head":"<!-- This site is optimized with the Yoast SEO plugin v27.2 - https:\/\/yoast.com\/product\/yoast-seo-wordpress\/ -->\n<title>Compromisso com diversidade \u00e9 respeitar todo mundo - Notibras<\/title>\n<meta name=\"robots\" content=\"index, follow, max-snippet:-1, max-image-preview:large, max-video-preview:-1\" \/>\n<link rel=\"canonical\" href=\"https:\/\/www.notibras.com\/site\/compromisso-com-diversidade-e-respeitar-todo-mundo\/\" \/>\n<meta property=\"og:locale\" content=\"pt_BR\" \/>\n<meta property=\"og:type\" content=\"article\" \/>\n<meta property=\"og:title\" content=\"Compromisso com diversidade \u00e9 respeitar todo mundo - Notibras\" \/>\n<meta property=\"og:description\" content=\"H\u00e1 cinco anos, quando entrou para o time de Atendentes do McDonald\u2019s e conquistou o seu primeiro emprego formal, Tiana Machado ainda se entendia como um homem gay cis. Algum tempo depois, se reconheceu como uma mulher trans e conta que recebeu total apoio de sua Gerente de Unidade no in\u00edcio do seu processo de [&hellip;]\" \/>\n<meta property=\"og:url\" content=\"https:\/\/www.notibras.com\/site\/compromisso-com-diversidade-e-respeitar-todo-mundo\/\" \/>\n<meta property=\"og:site_name\" content=\"Notibras\" \/>\n<meta property=\"article:publisher\" content=\"https:\/\/www.facebook.com\/notibras\/\" \/>\n<meta property=\"article:published_time\" content=\"2023-06-29T08:54:39+00:00\" \/>\n<meta property=\"og:image\" content=\"https:\/\/www.notibras.com\/site\/wp-content\/uploads\/2023\/06\/macdiver.webp\" \/>\n\t<meta property=\"og:image:width\" content=\"2048\" \/>\n\t<meta property=\"og:image:height\" content=\"1365\" \/>\n\t<meta property=\"og:image:type\" content=\"image\/webp\" \/>\n<meta name=\"author\" content=\"Reda\u00e7\u00e3o\" \/>\n<meta name=\"twitter:card\" content=\"summary_large_image\" \/>\n<meta name=\"twitter:creator\" content=\"@Notibras\" \/>\n<meta name=\"twitter:site\" content=\"@Notibras\" \/>\n<meta name=\"twitter:label1\" content=\"Escrito por\" \/>\n\t<meta name=\"twitter:data1\" content=\"Reda\u00e7\u00e3o\" \/>\n\t<meta name=\"twitter:label2\" content=\"Est. tempo de leitura\" \/>\n\t<meta name=\"twitter:data2\" content=\"4 minutos\" \/>\n<script type=\"application\/ld+json\" class=\"yoast-schema-graph\">{\"@context\":\"https:\/\/schema.org\",\"@graph\":[{\"@type\":\"Article\",\"@id\":\"https:\/\/www.notibras.com\/site\/compromisso-com-diversidade-e-respeitar-todo-mundo\/#article\",\"isPartOf\":{\"@id\":\"https:\/\/www.notibras.com\/site\/compromisso-com-diversidade-e-respeitar-todo-mundo\/\"},\"author\":{\"name\":\"Reda\u00e7\u00e3o\",\"@id\":\"https:\/\/www.notibras.com\/site\/#\/schema\/person\/36ab0979449956132d3e5b517ea76ac8\"},\"headline\":\"Compromisso com diversidade \u00e9 respeitar todo mundo\",\"datePublished\":\"2023-06-29T08:54:39+00:00\",\"mainEntityOfPage\":{\"@id\":\"https:\/\/www.notibras.com\/site\/compromisso-com-diversidade-e-respeitar-todo-mundo\/\"},\"wordCount\":734,\"publisher\":{\"@id\":\"https:\/\/www.notibras.com\/site\/#organization\"},\"image\":{\"@id\":\"https:\/\/www.notibras.com\/site\/compromisso-com-diversidade-e-respeitar-todo-mundo\/#primaryimage\"},\"thumbnailUrl\":\"https:\/\/www.notibras.com\/site\/wp-content\/uploads\/2023\/06\/macdiver.webp\",\"articleSection\":[\"Quadradinho em Foco\"],\"inLanguage\":\"pt-BR\"},{\"@type\":\"WebPage\",\"@id\":\"https:\/\/www.notibras.com\/site\/compromisso-com-diversidade-e-respeitar-todo-mundo\/\",\"url\":\"https:\/\/www.notibras.com\/site\/compromisso-com-diversidade-e-respeitar-todo-mundo\/\",\"name\":\"Compromisso com diversidade \u00e9 respeitar todo mundo - Notibras\",\"isPartOf\":{\"@id\":\"https:\/\/www.notibras.com\/site\/#website\"},\"primaryImageOfPage\":{\"@id\":\"https:\/\/www.notibras.com\/site\/compromisso-com-diversidade-e-respeitar-todo-mundo\/#primaryimage\"},\"image\":{\"@id\":\"https:\/\/www.notibras.com\/site\/compromisso-com-diversidade-e-respeitar-todo-mundo\/#primaryimage\"},\"thumbnailUrl\":\"https:\/\/www.notibras.com\/site\/wp-content\/uploads\/2023\/06\/macdiver.webp\",\"datePublished\":\"2023-06-29T08:54:39+00:00\",\"breadcrumb\":{\"@id\":\"https:\/\/www.notibras.com\/site\/compromisso-com-diversidade-e-respeitar-todo-mundo\/#breadcrumb\"},\"inLanguage\":\"pt-BR\",\"potentialAction\":[{\"@type\":\"ReadAction\",\"target\":[\"https:\/\/www.notibras.com\/site\/compromisso-com-diversidade-e-respeitar-todo-mundo\/\"]}]},{\"@type\":\"ImageObject\",\"inLanguage\":\"pt-BR\",\"@id\":\"https:\/\/www.notibras.com\/site\/compromisso-com-diversidade-e-respeitar-todo-mundo\/#primaryimage\",\"url\":\"https:\/\/www.notibras.com\/site\/wp-content\/uploads\/2023\/06\/macdiver.webp\",\"contentUrl\":\"https:\/\/www.notibras.com\/site\/wp-content\/uploads\/2023\/06\/macdiver.webp\",\"width\":2048,\"height\":1365},{\"@type\":\"BreadcrumbList\",\"@id\":\"https:\/\/www.notibras.com\/site\/compromisso-com-diversidade-e-respeitar-todo-mundo\/#breadcrumb\",\"itemListElement\":[{\"@type\":\"ListItem\",\"position\":1,\"name\":\"In\u00edcio\",\"item\":\"https:\/\/www.notibras.com\/site\/\"},{\"@type\":\"ListItem\",\"position\":2,\"name\":\"Compromisso com diversidade \u00e9 respeitar todo mundo\"}]},{\"@type\":\"WebSite\",\"@id\":\"https:\/\/www.notibras.com\/site\/#website\",\"url\":\"https:\/\/www.notibras.com\/site\/\",\"name\":\"Notibras\",\"description\":\"Not\u00edcias de Bras\u00edlia, do Brasil e do Mundo\",\"publisher\":{\"@id\":\"https:\/\/www.notibras.com\/site\/#organization\"},\"potentialAction\":[{\"@type\":\"SearchAction\",\"target\":{\"@type\":\"EntryPoint\",\"urlTemplate\":\"https:\/\/www.notibras.com\/site\/?s={search_term_string}\"},\"query-input\":{\"@type\":\"PropertyValueSpecification\",\"valueRequired\":true,\"valueName\":\"search_term_string\"}}],\"inLanguage\":\"pt-BR\"},{\"@type\":\"Organization\",\"@id\":\"https:\/\/www.notibras.com\/site\/#organization\",\"name\":\"Grupo Notibras de Comunica\u00e7\u00e3o\",\"url\":\"https:\/\/www.notibras.com\/site\/\",\"logo\":{\"@type\":\"ImageObject\",\"inLanguage\":\"pt-BR\",\"@id\":\"https:\/\/www.notibras.com\/site\/#\/schema\/logo\/image\/\",\"url\":\"https:\/\/www.notibras.com\/site\/wp-content\/uploads\/2023\/01\/notibras23.png\",\"contentUrl\":\"https:\/\/www.notibras.com\/site\/wp-content\/uploads\/2023\/01\/notibras23.png\",\"width\":350,\"height\":87,\"caption\":\"Grupo Notibras de Comunica\u00e7\u00e3o\"},\"image\":{\"@id\":\"https:\/\/www.notibras.com\/site\/#\/schema\/logo\/image\/\"},\"sameAs\":[\"https:\/\/www.facebook.com\/notibras\/\",\"https:\/\/x.com\/Notibras\",\"https:\/\/www.instagram.com\/notibras\/\"]},{\"@type\":\"Person\",\"@id\":\"https:\/\/www.notibras.com\/site\/#\/schema\/person\/36ab0979449956132d3e5b517ea76ac8\",\"name\":\"Reda\u00e7\u00e3o\",\"image\":{\"@type\":\"ImageObject\",\"inLanguage\":\"pt-BR\",\"@id\":\"https:\/\/secure.gravatar.com\/avatar\/e0a867bdedb85fd243eadf09663511f96fc81e0720a4a42581f334ad4303aa6b?s=96&d=mm&r=g\",\"url\":\"https:\/\/secure.gravatar.com\/avatar\/e0a867bdedb85fd243eadf09663511f96fc81e0720a4a42581f334ad4303aa6b?s=96&d=mm&r=g\",\"contentUrl\":\"https:\/\/secure.gravatar.com\/avatar\/e0a867bdedb85fd243eadf09663511f96fc81e0720a4a42581f334ad4303aa6b?s=96&d=mm&r=g\",\"caption\":\"Reda\u00e7\u00e3o\"}}]}<\/script>\n<!-- \/ Yoast SEO plugin. -->","yoast_head_json":{"title":"Compromisso com diversidade \u00e9 respeitar todo mundo - Notibras","robots":{"index":"index","follow":"follow","max-snippet":"max-snippet:-1","max-image-preview":"max-image-preview:large","max-video-preview":"max-video-preview:-1"},"canonical":"https:\/\/www.notibras.com\/site\/compromisso-com-diversidade-e-respeitar-todo-mundo\/","og_locale":"pt_BR","og_type":"article","og_title":"Compromisso com diversidade \u00e9 respeitar todo mundo - Notibras","og_description":"H\u00e1 cinco anos, quando entrou para o time de Atendentes do McDonald\u2019s e conquistou o seu primeiro emprego formal, Tiana Machado ainda se entendia como um homem gay cis. Algum tempo depois, se reconheceu como uma mulher trans e conta que recebeu total apoio de sua Gerente de Unidade no in\u00edcio do seu processo de [&hellip;]","og_url":"https:\/\/www.notibras.com\/site\/compromisso-com-diversidade-e-respeitar-todo-mundo\/","og_site_name":"Notibras","article_publisher":"https:\/\/www.facebook.com\/notibras\/","article_published_time":"2023-06-29T08:54:39+00:00","og_image":[{"width":2048,"height":1365,"url":"https:\/\/www.notibras.com\/site\/wp-content\/uploads\/2023\/06\/macdiver.webp","type":"image\/webp"}],"author":"Reda\u00e7\u00e3o","twitter_card":"summary_large_image","twitter_creator":"@Notibras","twitter_site":"@Notibras","twitter_misc":{"Escrito por":"Reda\u00e7\u00e3o","Est. tempo de leitura":"4 minutos"},"schema":{"@context":"https:\/\/schema.org","@graph":[{"@type":"Article","@id":"https:\/\/www.notibras.com\/site\/compromisso-com-diversidade-e-respeitar-todo-mundo\/#article","isPartOf":{"@id":"https:\/\/www.notibras.com\/site\/compromisso-com-diversidade-e-respeitar-todo-mundo\/"},"author":{"name":"Reda\u00e7\u00e3o","@id":"https:\/\/www.notibras.com\/site\/#\/schema\/person\/36ab0979449956132d3e5b517ea76ac8"},"headline":"Compromisso com diversidade \u00e9 respeitar todo mundo","datePublished":"2023-06-29T08:54:39+00:00","mainEntityOfPage":{"@id":"https:\/\/www.notibras.com\/site\/compromisso-com-diversidade-e-respeitar-todo-mundo\/"},"wordCount":734,"publisher":{"@id":"https:\/\/www.notibras.com\/site\/#organization"},"image":{"@id":"https:\/\/www.notibras.com\/site\/compromisso-com-diversidade-e-respeitar-todo-mundo\/#primaryimage"},"thumbnailUrl":"https:\/\/www.notibras.com\/site\/wp-content\/uploads\/2023\/06\/macdiver.webp","articleSection":["Quadradinho em Foco"],"inLanguage":"pt-BR"},{"@type":"WebPage","@id":"https:\/\/www.notibras.com\/site\/compromisso-com-diversidade-e-respeitar-todo-mundo\/","url":"https:\/\/www.notibras.com\/site\/compromisso-com-diversidade-e-respeitar-todo-mundo\/","name":"Compromisso com diversidade \u00e9 respeitar todo mundo - Notibras","isPartOf":{"@id":"https:\/\/www.notibras.com\/site\/#website"},"primaryImageOfPage":{"@id":"https:\/\/www.notibras.com\/site\/compromisso-com-diversidade-e-respeitar-todo-mundo\/#primaryimage"},"image":{"@id":"https:\/\/www.notibras.com\/site\/compromisso-com-diversidade-e-respeitar-todo-mundo\/#primaryimage"},"thumbnailUrl":"https:\/\/www.notibras.com\/site\/wp-content\/uploads\/2023\/06\/macdiver.webp","datePublished":"2023-06-29T08:54:39+00:00","breadcrumb":{"@id":"https:\/\/www.notibras.com\/site\/compromisso-com-diversidade-e-respeitar-todo-mundo\/#breadcrumb"},"inLanguage":"pt-BR","potentialAction":[{"@type":"ReadAction","target":["https:\/\/www.notibras.com\/site\/compromisso-com-diversidade-e-respeitar-todo-mundo\/"]}]},{"@type":"ImageObject","inLanguage":"pt-BR","@id":"https:\/\/www.notibras.com\/site\/compromisso-com-diversidade-e-respeitar-todo-mundo\/#primaryimage","url":"https:\/\/www.notibras.com\/site\/wp-content\/uploads\/2023\/06\/macdiver.webp","contentUrl":"https:\/\/www.notibras.com\/site\/wp-content\/uploads\/2023\/06\/macdiver.webp","width":2048,"height":1365},{"@type":"BreadcrumbList","@id":"https:\/\/www.notibras.com\/site\/compromisso-com-diversidade-e-respeitar-todo-mundo\/#breadcrumb","itemListElement":[{"@type":"ListItem","position":1,"name":"In\u00edcio","item":"https:\/\/www.notibras.com\/site\/"},{"@type":"ListItem","position":2,"name":"Compromisso com diversidade \u00e9 respeitar todo mundo"}]},{"@type":"WebSite","@id":"https:\/\/www.notibras.com\/site\/#website","url":"https:\/\/www.notibras.com\/site\/","name":"Notibras","description":"Not\u00edcias de Bras\u00edlia, do Brasil e do Mundo","publisher":{"@id":"https:\/\/www.notibras.com\/site\/#organization"},"potentialAction":[{"@type":"SearchAction","target":{"@type":"EntryPoint","urlTemplate":"https:\/\/www.notibras.com\/site\/?s={search_term_string}"},"query-input":{"@type":"PropertyValueSpecification","valueRequired":true,"valueName":"search_term_string"}}],"inLanguage":"pt-BR"},{"@type":"Organization","@id":"https:\/\/www.notibras.com\/site\/#organization","name":"Grupo Notibras de Comunica\u00e7\u00e3o","url":"https:\/\/www.notibras.com\/site\/","logo":{"@type":"ImageObject","inLanguage":"pt-BR","@id":"https:\/\/www.notibras.com\/site\/#\/schema\/logo\/image\/","url":"https:\/\/www.notibras.com\/site\/wp-content\/uploads\/2023\/01\/notibras23.png","contentUrl":"https:\/\/www.notibras.com\/site\/wp-content\/uploads\/2023\/01\/notibras23.png","width":350,"height":87,"caption":"Grupo Notibras de Comunica\u00e7\u00e3o"},"image":{"@id":"https:\/\/www.notibras.com\/site\/#\/schema\/logo\/image\/"},"sameAs":["https:\/\/www.facebook.com\/notibras\/","https:\/\/x.com\/Notibras","https:\/\/www.instagram.com\/notibras\/"]},{"@type":"Person","@id":"https:\/\/www.notibras.com\/site\/#\/schema\/person\/36ab0979449956132d3e5b517ea76ac8","name":"Reda\u00e7\u00e3o","image":{"@type":"ImageObject","inLanguage":"pt-BR","@id":"https:\/\/secure.gravatar.com\/avatar\/e0a867bdedb85fd243eadf09663511f96fc81e0720a4a42581f334ad4303aa6b?s=96&d=mm&r=g","url":"https:\/\/secure.gravatar.com\/avatar\/e0a867bdedb85fd243eadf09663511f96fc81e0720a4a42581f334ad4303aa6b?s=96&d=mm&r=g","contentUrl":"https:\/\/secure.gravatar.com\/avatar\/e0a867bdedb85fd243eadf09663511f96fc81e0720a4a42581f334ad4303aa6b?s=96&d=mm&r=g","caption":"Reda\u00e7\u00e3o"}}]}},"amp_enabled":true,"_links":{"self":[{"href":"https:\/\/www.notibras.com\/site\/wp-json\/wp\/v2\/posts\/307850","targetHints":{"allow":["GET"]}}],"collection":[{"href":"https:\/\/www.notibras.com\/site\/wp-json\/wp\/v2\/posts"}],"about":[{"href":"https:\/\/www.notibras.com\/site\/wp-json\/wp\/v2\/types\/post"}],"author":[{"embeddable":true,"href":"https:\/\/www.notibras.com\/site\/wp-json\/wp\/v2\/users\/2"}],"replies":[{"embeddable":true,"href":"https:\/\/www.notibras.com\/site\/wp-json\/wp\/v2\/comments?post=307850"}],"version-history":[{"count":1,"href":"https:\/\/www.notibras.com\/site\/wp-json\/wp\/v2\/posts\/307850\/revisions"}],"predecessor-version":[{"id":307852,"href":"https:\/\/www.notibras.com\/site\/wp-json\/wp\/v2\/posts\/307850\/revisions\/307852"}],"wp:featuredmedia":[{"embeddable":true,"href":"https:\/\/www.notibras.com\/site\/wp-json\/wp\/v2\/media\/307851"}],"wp:attachment":[{"href":"https:\/\/www.notibras.com\/site\/wp-json\/wp\/v2\/media?parent=307850"}],"wp:term":[{"taxonomy":"category","embeddable":true,"href":"https:\/\/www.notibras.com\/site\/wp-json\/wp\/v2\/categories?post=307850"},{"taxonomy":"post_tag","embeddable":true,"href":"https:\/\/www.notibras.com\/site\/wp-json\/wp\/v2\/tags?post=307850"}],"curies":[{"name":"wp","href":"https:\/\/api.w.org\/{rel}","templated":true}]}}