{"id":307878,"date":"2023-06-29T07:39:56","date_gmt":"2023-06-29T10:39:56","guid":{"rendered":"https:\/\/www.notibras.com\/site\/?p=307878"},"modified":"2023-06-29T07:39:56","modified_gmt":"2023-06-29T10:39:56","slug":"agricultura-familiar-tera-juros-mais-baixos","status":"publish","type":"post","link":"https:\/\/www.notibras.com\/site\/agricultura-familiar-tera-juros-mais-baixos\/","title":{"rendered":"Agricultura familiar ter\u00e1 juros mais baixos"},"content":{"rendered":"<p>O presidente Luiz In\u00e1cio Lula da Silva lan\u00e7ou em Bras\u00edlia, o Plano Safra da Agricultura Familiar 2023\/2024, com R$ 71,6 bilh\u00f5es destinados ao cr\u00e9dito rural no \u00e2mbito do Programa Nacional de Fortalecimento da Agricultura Familiar (Pronaf). O valor \u00e9 34% superior ao anunciado na safra passada e o maior da s\u00e9rie hist\u00f3rica.<\/p>\n<p>Segundo o governo, somadas outras a\u00e7\u00f5es anunciadas para a agricultura familiar, como compras p\u00fablicas, assist\u00eancia t\u00e9cnica e extens\u00e3o rural, Pol\u00edtica de Garantia de Pre\u00e7os M\u00ednimos para os Produtos da Sociobiodiversidade (PGPM-Bio), Garantia-Safra e Proagro Mais, o volume investido chega a R$ 77,7 bilh\u00f5es.<\/p>\n<p>Taxas de juros menores para quem produzir alimentos que v\u00e3o \u00e0 mesa dos brasileiros e da biodiversidade, incentivos \u00e0 compra de m\u00e1quinas agr\u00edcolas, amplia\u00e7\u00e3o do microcr\u00e9dito produtivo para agricultores familiares do Norte e Nordeste, inclus\u00e3o produtiva de ind\u00edgenas e quilombolas, mais cr\u00e9dito \u00e0s mulheres rurais e ao acesso \u00e0 terra tamb\u00e9m est\u00e3o entre os destaques anunciados em cerim\u00f4nia no Pal\u00e1cio do Planalto.<\/p>\n<p>\u201cO que n\u00f3s estamos fazendo \u00e9 tentando diminuir a desigualdade que ainda \u00e9 muito grande entre o pequeno [produtor] e o grande, entre aqueles que trabalham e aqueles que s\u00e3o donos das empresas que produzem trabalho. H\u00e1 uma diferen\u00e7a que n\u00e3o pode continuar existindo, sen\u00e3o o mundo n\u00e3o vale a pena\u201d, disse Lula em seu discurso.<\/p>\n<p>Ele destacou ainda que o governo vai retomar a pol\u00edtica do pre\u00e7o m\u00ednimo para produ\u00e7\u00e3o de alimentos e de compra de excedentes em caso de supersafras.<\/p>\n<p>\u201cVoc\u00eas v\u00e3o plantar e n\u00f3s vamos garantir pre\u00e7o m\u00ednimo para que ningu\u00e9m tenha preju\u00edzo na sua safra\u201d, disse, citando ainda o trabalho da Companhia Nacional de Abastecimento (Conab) na manuten\u00e7\u00e3o do estoque regulador para que \u201cn\u00e3o falte mais alimento nesse pa\u00eds e que o pre\u00e7o n\u00e3o aumente de forma exorbitante\u201d.<\/p>\n<p>Outro desafio, segundo Lula, \u00e9 garantir o acesso \u00e0 terra para quem quer produzir, como no reconhecimento de quilombos e no levantamento de terras improdutivas para a reforma agr\u00e1ria.<\/p>\n<p><strong>Plano Safra<\/strong><br \/>\nDurante a solenidade, o ministro do Desenvolvimento Agr\u00e1rio e Agricultura Familiar, Paulo Teixeira, destacou um dos pilares desse Plano Safra, que \u00e9 a prote\u00e7\u00e3o ao meio ambiente. \u201cQueremos aproveitar esse ciclo, essa janela que se abriu para a agroecologia, para produ\u00e7\u00e3o de alimentos saud\u00e1veis, mas tamb\u00e9m de uma agricultura regenerativa, restaurativa que recupere as nascentes de \u00e1gua, as matas ciliares, que possa recuperar as \u00c1reas de Prote\u00e7\u00e3o Ambiental\u201d, disse.<\/p>\n<p>\u201cN\u00f3s vamos fazer um grande programa de florestas produtivas e agroflorestas na regi\u00e3o amaz\u00f4nica e de reflorestamento no nosso pa\u00eds. \u00c9 por isso que tem a cria\u00e7\u00e3o da nova faixa do Pronaf Custeio para a produ\u00e7\u00e3o da sociobiodiversidade, org\u00e2nicos e agroecol\u00f3gicos\u201d, explicou.<\/p>\n<p>Segundo Teixeira, outro desafio \u00e9 a produ\u00e7\u00e3o de alimentos mais saud\u00e1veis aos brasileiros, diante da perda de \u00e1rea na produ\u00e7\u00e3o de itens como arroz, feij\u00e3o, legumes e frutas, e da mudan\u00e7a de h\u00e1bitos das fam\u00edlias.<\/p>\n<p>\u201cA perda de renda, o desemprego e a pandemia ajudaram a mudar o h\u00e1bito alimentar do povo brasileiro em uma mudan\u00e7a negativa, aqueles alimentos que s\u00e3o tradicionalmente da mesa do brasileiro deixaram de ser consumidos e foram substitu\u00eddos por ultraprocessados. Ent\u00e3o, temos aumentado as doen\u00e7as por conta da m\u00e1 alimenta\u00e7\u00e3o na sociedade\u201d, disse o ministro.<\/p>\n","protected":false},"excerpt":{"rendered":"<p>O presidente Luiz In\u00e1cio Lula da Silva lan\u00e7ou em Bras\u00edlia, o Plano Safra da Agricultura Familiar 2023\/2024, com R$ 71,6 bilh\u00f5es destinados ao cr\u00e9dito rural no \u00e2mbito do Programa Nacional de Fortalecimento da Agricultura Familiar (Pronaf). O valor \u00e9 34% superior ao anunciado na safra passada e o maior da s\u00e9rie hist\u00f3rica. Segundo o governo, [&hellip;]<\/p>\n","protected":false},"author":2,"featured_media":307879,"comment_status":"closed","ping_status":"closed","sticky":false,"template":"","format":"standard","meta":{"_acf_changed":false,"footnotes":""},"categories":[161],"tags":[],"class_list":["post-307878","post","type-post","status-publish","format-standard","has-post-thumbnail","hentry","category-quadradinho-em-foco"],"acf":[],"yoast_head":"<!-- This site is optimized with the Yoast SEO plugin v27.2 - https:\/\/yoast.com\/product\/yoast-seo-wordpress\/ -->\n<title>Agricultura familiar ter\u00e1 juros mais baixos - Notibras<\/title>\n<meta name=\"robots\" content=\"index, follow, max-snippet:-1, max-image-preview:large, max-video-preview:-1\" \/>\n<link rel=\"canonical\" href=\"https:\/\/www.notibras.com\/site\/agricultura-familiar-tera-juros-mais-baixos\/\" \/>\n<meta property=\"og:locale\" content=\"pt_BR\" \/>\n<meta property=\"og:type\" content=\"article\" \/>\n<meta property=\"og:title\" content=\"Agricultura familiar ter\u00e1 juros mais baixos - Notibras\" \/>\n<meta property=\"og:description\" content=\"O presidente Luiz In\u00e1cio Lula da Silva lan\u00e7ou em Bras\u00edlia, o Plano Safra da Agricultura Familiar 2023\/2024, com R$ 71,6 bilh\u00f5es destinados ao cr\u00e9dito rural no \u00e2mbito do Programa Nacional de Fortalecimento da Agricultura Familiar (Pronaf). O valor \u00e9 34% superior ao anunciado na safra passada e o maior da s\u00e9rie hist\u00f3rica. Segundo o governo, [&hellip;]\" \/>\n<meta property=\"og:url\" content=\"https:\/\/www.notibras.com\/site\/agricultura-familiar-tera-juros-mais-baixos\/\" \/>\n<meta property=\"og:site_name\" content=\"Notibras\" \/>\n<meta property=\"article:publisher\" content=\"https:\/\/www.facebook.com\/notibras\/\" \/>\n<meta property=\"article:published_time\" content=\"2023-06-29T10:39:56+00:00\" \/>\n<meta property=\"og:image\" content=\"https:\/\/www.notibras.com\/site\/wp-content\/uploads\/2023\/06\/28062023-pzzb2179-1.jpg\" \/>\n\t<meta property=\"og:image:width\" content=\"1170\" \/>\n\t<meta property=\"og:image:height\" content=\"700\" \/>\n\t<meta property=\"og:image:type\" content=\"image\/jpeg\" \/>\n<meta name=\"author\" content=\"Reda\u00e7\u00e3o\" \/>\n<meta name=\"twitter:card\" content=\"summary_large_image\" \/>\n<meta name=\"twitter:creator\" content=\"@Notibras\" \/>\n<meta name=\"twitter:site\" content=\"@Notibras\" \/>\n<meta name=\"twitter:label1\" content=\"Escrito por\" \/>\n\t<meta name=\"twitter:data1\" content=\"Reda\u00e7\u00e3o\" \/>\n\t<meta name=\"twitter:label2\" content=\"Est. tempo de leitura\" \/>\n\t<meta name=\"twitter:data2\" content=\"3 minutos\" \/>\n<script type=\"application\/ld+json\" class=\"yoast-schema-graph\">{\"@context\":\"https:\/\/schema.org\",\"@graph\":[{\"@type\":\"Article\",\"@id\":\"https:\/\/www.notibras.com\/site\/agricultura-familiar-tera-juros-mais-baixos\/#article\",\"isPartOf\":{\"@id\":\"https:\/\/www.notibras.com\/site\/agricultura-familiar-tera-juros-mais-baixos\/\"},\"author\":{\"name\":\"Reda\u00e7\u00e3o\",\"@id\":\"https:\/\/www.notibras.com\/site\/#\/schema\/person\/36ab0979449956132d3e5b517ea76ac8\"},\"headline\":\"Agricultura familiar ter\u00e1 juros mais baixos\",\"datePublished\":\"2023-06-29T10:39:56+00:00\",\"mainEntityOfPage\":{\"@id\":\"https:\/\/www.notibras.com\/site\/agricultura-familiar-tera-juros-mais-baixos\/\"},\"wordCount\":591,\"publisher\":{\"@id\":\"https:\/\/www.notibras.com\/site\/#organization\"},\"image\":{\"@id\":\"https:\/\/www.notibras.com\/site\/agricultura-familiar-tera-juros-mais-baixos\/#primaryimage\"},\"thumbnailUrl\":\"https:\/\/www.notibras.com\/site\/wp-content\/uploads\/2023\/06\/28062023-pzzb2179-1.jpg\",\"articleSection\":[\"Quadradinho em Foco\"],\"inLanguage\":\"pt-BR\"},{\"@type\":\"WebPage\",\"@id\":\"https:\/\/www.notibras.com\/site\/agricultura-familiar-tera-juros-mais-baixos\/\",\"url\":\"https:\/\/www.notibras.com\/site\/agricultura-familiar-tera-juros-mais-baixos\/\",\"name\":\"Agricultura familiar ter\u00e1 juros mais baixos - Notibras\",\"isPartOf\":{\"@id\":\"https:\/\/www.notibras.com\/site\/#website\"},\"primaryImageOfPage\":{\"@id\":\"https:\/\/www.notibras.com\/site\/agricultura-familiar-tera-juros-mais-baixos\/#primaryimage\"},\"image\":{\"@id\":\"https:\/\/www.notibras.com\/site\/agricultura-familiar-tera-juros-mais-baixos\/#primaryimage\"},\"thumbnailUrl\":\"https:\/\/www.notibras.com\/site\/wp-content\/uploads\/2023\/06\/28062023-pzzb2179-1.jpg\",\"datePublished\":\"2023-06-29T10:39:56+00:00\",\"breadcrumb\":{\"@id\":\"https:\/\/www.notibras.com\/site\/agricultura-familiar-tera-juros-mais-baixos\/#breadcrumb\"},\"inLanguage\":\"pt-BR\",\"potentialAction\":[{\"@type\":\"ReadAction\",\"target\":[\"https:\/\/www.notibras.com\/site\/agricultura-familiar-tera-juros-mais-baixos\/\"]}]},{\"@type\":\"ImageObject\",\"inLanguage\":\"pt-BR\",\"@id\":\"https:\/\/www.notibras.com\/site\/agricultura-familiar-tera-juros-mais-baixos\/#primaryimage\",\"url\":\"https:\/\/www.notibras.com\/site\/wp-content\/uploads\/2023\/06\/28062023-pzzb2179-1.jpg\",\"contentUrl\":\"https:\/\/www.notibras.com\/site\/wp-content\/uploads\/2023\/06\/28062023-pzzb2179-1.jpg\",\"width\":1170,\"height\":700,\"caption\":\"Bras\u00edlia - 28\/06\/2023 O presidente Luiz In\u00e1cio Lula da Silva e os ministros do Desenvolvimento Agr\u00e1rio e Agricultura Familiar, Paulo Teixeira, e da Secom, Paulo Pimenta, visitam feira da Agricultura Familiar na Pra\u00e7a dos Tr\u00eas Poderes ap\u00f3s an\u00f9ncio do Plano Safra da Agricultura Familiar 2023\/2024 Foto: Fabio Rodrigues-Pozzebom\/ Ag\u00eancia Brasil\"},{\"@type\":\"BreadcrumbList\",\"@id\":\"https:\/\/www.notibras.com\/site\/agricultura-familiar-tera-juros-mais-baixos\/#breadcrumb\",\"itemListElement\":[{\"@type\":\"ListItem\",\"position\":1,\"name\":\"In\u00edcio\",\"item\":\"https:\/\/www.notibras.com\/site\/\"},{\"@type\":\"ListItem\",\"position\":2,\"name\":\"Agricultura familiar ter\u00e1 juros mais baixos\"}]},{\"@type\":\"WebSite\",\"@id\":\"https:\/\/www.notibras.com\/site\/#website\",\"url\":\"https:\/\/www.notibras.com\/site\/\",\"name\":\"Notibras\",\"description\":\"Not\u00edcias de Bras\u00edlia, do Brasil e do Mundo\",\"publisher\":{\"@id\":\"https:\/\/www.notibras.com\/site\/#organization\"},\"potentialAction\":[{\"@type\":\"SearchAction\",\"target\":{\"@type\":\"EntryPoint\",\"urlTemplate\":\"https:\/\/www.notibras.com\/site\/?s={search_term_string}\"},\"query-input\":{\"@type\":\"PropertyValueSpecification\",\"valueRequired\":true,\"valueName\":\"search_term_string\"}}],\"inLanguage\":\"pt-BR\"},{\"@type\":\"Organization\",\"@id\":\"https:\/\/www.notibras.com\/site\/#organization\",\"name\":\"Grupo Notibras de Comunica\u00e7\u00e3o\",\"url\":\"https:\/\/www.notibras.com\/site\/\",\"logo\":{\"@type\":\"ImageObject\",\"inLanguage\":\"pt-BR\",\"@id\":\"https:\/\/www.notibras.com\/site\/#\/schema\/logo\/image\/\",\"url\":\"https:\/\/www.notibras.com\/site\/wp-content\/uploads\/2023\/01\/notibras23.png\",\"contentUrl\":\"https:\/\/www.notibras.com\/site\/wp-content\/uploads\/2023\/01\/notibras23.png\",\"width\":350,\"height\":87,\"caption\":\"Grupo Notibras de Comunica\u00e7\u00e3o\"},\"image\":{\"@id\":\"https:\/\/www.notibras.com\/site\/#\/schema\/logo\/image\/\"},\"sameAs\":[\"https:\/\/www.facebook.com\/notibras\/\",\"https:\/\/x.com\/Notibras\",\"https:\/\/www.instagram.com\/notibras\/\"]},{\"@type\":\"Person\",\"@id\":\"https:\/\/www.notibras.com\/site\/#\/schema\/person\/36ab0979449956132d3e5b517ea76ac8\",\"name\":\"Reda\u00e7\u00e3o\",\"image\":{\"@type\":\"ImageObject\",\"inLanguage\":\"pt-BR\",\"@id\":\"https:\/\/secure.gravatar.com\/avatar\/e0a867bdedb85fd243eadf09663511f96fc81e0720a4a42581f334ad4303aa6b?s=96&d=mm&r=g\",\"url\":\"https:\/\/secure.gravatar.com\/avatar\/e0a867bdedb85fd243eadf09663511f96fc81e0720a4a42581f334ad4303aa6b?s=96&d=mm&r=g\",\"contentUrl\":\"https:\/\/secure.gravatar.com\/avatar\/e0a867bdedb85fd243eadf09663511f96fc81e0720a4a42581f334ad4303aa6b?s=96&d=mm&r=g\",\"caption\":\"Reda\u00e7\u00e3o\"}}]}<\/script>\n<!-- \/ Yoast SEO plugin. -->","yoast_head_json":{"title":"Agricultura familiar ter\u00e1 juros mais baixos - Notibras","robots":{"index":"index","follow":"follow","max-snippet":"max-snippet:-1","max-image-preview":"max-image-preview:large","max-video-preview":"max-video-preview:-1"},"canonical":"https:\/\/www.notibras.com\/site\/agricultura-familiar-tera-juros-mais-baixos\/","og_locale":"pt_BR","og_type":"article","og_title":"Agricultura familiar ter\u00e1 juros mais baixos - Notibras","og_description":"O presidente Luiz In\u00e1cio Lula da Silva lan\u00e7ou em Bras\u00edlia, o Plano Safra da Agricultura Familiar 2023\/2024, com R$ 71,6 bilh\u00f5es destinados ao cr\u00e9dito rural no \u00e2mbito do Programa Nacional de Fortalecimento da Agricultura Familiar (Pronaf). O valor \u00e9 34% superior ao anunciado na safra passada e o maior da s\u00e9rie hist\u00f3rica. Segundo o governo, [&hellip;]","og_url":"https:\/\/www.notibras.com\/site\/agricultura-familiar-tera-juros-mais-baixos\/","og_site_name":"Notibras","article_publisher":"https:\/\/www.facebook.com\/notibras\/","article_published_time":"2023-06-29T10:39:56+00:00","og_image":[{"width":1170,"height":700,"url":"https:\/\/www.notibras.com\/site\/wp-content\/uploads\/2023\/06\/28062023-pzzb2179-1.jpg","type":"image\/jpeg"}],"author":"Reda\u00e7\u00e3o","twitter_card":"summary_large_image","twitter_creator":"@Notibras","twitter_site":"@Notibras","twitter_misc":{"Escrito por":"Reda\u00e7\u00e3o","Est. tempo de leitura":"3 minutos"},"schema":{"@context":"https:\/\/schema.org","@graph":[{"@type":"Article","@id":"https:\/\/www.notibras.com\/site\/agricultura-familiar-tera-juros-mais-baixos\/#article","isPartOf":{"@id":"https:\/\/www.notibras.com\/site\/agricultura-familiar-tera-juros-mais-baixos\/"},"author":{"name":"Reda\u00e7\u00e3o","@id":"https:\/\/www.notibras.com\/site\/#\/schema\/person\/36ab0979449956132d3e5b517ea76ac8"},"headline":"Agricultura familiar ter\u00e1 juros mais baixos","datePublished":"2023-06-29T10:39:56+00:00","mainEntityOfPage":{"@id":"https:\/\/www.notibras.com\/site\/agricultura-familiar-tera-juros-mais-baixos\/"},"wordCount":591,"publisher":{"@id":"https:\/\/www.notibras.com\/site\/#organization"},"image":{"@id":"https:\/\/www.notibras.com\/site\/agricultura-familiar-tera-juros-mais-baixos\/#primaryimage"},"thumbnailUrl":"https:\/\/www.notibras.com\/site\/wp-content\/uploads\/2023\/06\/28062023-pzzb2179-1.jpg","articleSection":["Quadradinho em Foco"],"inLanguage":"pt-BR"},{"@type":"WebPage","@id":"https:\/\/www.notibras.com\/site\/agricultura-familiar-tera-juros-mais-baixos\/","url":"https:\/\/www.notibras.com\/site\/agricultura-familiar-tera-juros-mais-baixos\/","name":"Agricultura familiar ter\u00e1 juros mais baixos - Notibras","isPartOf":{"@id":"https:\/\/www.notibras.com\/site\/#website"},"primaryImageOfPage":{"@id":"https:\/\/www.notibras.com\/site\/agricultura-familiar-tera-juros-mais-baixos\/#primaryimage"},"image":{"@id":"https:\/\/www.notibras.com\/site\/agricultura-familiar-tera-juros-mais-baixos\/#primaryimage"},"thumbnailUrl":"https:\/\/www.notibras.com\/site\/wp-content\/uploads\/2023\/06\/28062023-pzzb2179-1.jpg","datePublished":"2023-06-29T10:39:56+00:00","breadcrumb":{"@id":"https:\/\/www.notibras.com\/site\/agricultura-familiar-tera-juros-mais-baixos\/#breadcrumb"},"inLanguage":"pt-BR","potentialAction":[{"@type":"ReadAction","target":["https:\/\/www.notibras.com\/site\/agricultura-familiar-tera-juros-mais-baixos\/"]}]},{"@type":"ImageObject","inLanguage":"pt-BR","@id":"https:\/\/www.notibras.com\/site\/agricultura-familiar-tera-juros-mais-baixos\/#primaryimage","url":"https:\/\/www.notibras.com\/site\/wp-content\/uploads\/2023\/06\/28062023-pzzb2179-1.jpg","contentUrl":"https:\/\/www.notibras.com\/site\/wp-content\/uploads\/2023\/06\/28062023-pzzb2179-1.jpg","width":1170,"height":700,"caption":"Bras\u00edlia - 28\/06\/2023 O presidente Luiz In\u00e1cio Lula da Silva e os ministros do Desenvolvimento Agr\u00e1rio e Agricultura Familiar, Paulo Teixeira, e da Secom, Paulo Pimenta, visitam feira da Agricultura Familiar na Pra\u00e7a dos Tr\u00eas Poderes ap\u00f3s an\u00f9ncio do Plano Safra da Agricultura Familiar 2023\/2024 Foto: Fabio Rodrigues-Pozzebom\/ Ag\u00eancia Brasil"},{"@type":"BreadcrumbList","@id":"https:\/\/www.notibras.com\/site\/agricultura-familiar-tera-juros-mais-baixos\/#breadcrumb","itemListElement":[{"@type":"ListItem","position":1,"name":"In\u00edcio","item":"https:\/\/www.notibras.com\/site\/"},{"@type":"ListItem","position":2,"name":"Agricultura familiar ter\u00e1 juros mais baixos"}]},{"@type":"WebSite","@id":"https:\/\/www.notibras.com\/site\/#website","url":"https:\/\/www.notibras.com\/site\/","name":"Notibras","description":"Not\u00edcias de Bras\u00edlia, do Brasil e do Mundo","publisher":{"@id":"https:\/\/www.notibras.com\/site\/#organization"},"potentialAction":[{"@type":"SearchAction","target":{"@type":"EntryPoint","urlTemplate":"https:\/\/www.notibras.com\/site\/?s={search_term_string}"},"query-input":{"@type":"PropertyValueSpecification","valueRequired":true,"valueName":"search_term_string"}}],"inLanguage":"pt-BR"},{"@type":"Organization","@id":"https:\/\/www.notibras.com\/site\/#organization","name":"Grupo Notibras de Comunica\u00e7\u00e3o","url":"https:\/\/www.notibras.com\/site\/","logo":{"@type":"ImageObject","inLanguage":"pt-BR","@id":"https:\/\/www.notibras.com\/site\/#\/schema\/logo\/image\/","url":"https:\/\/www.notibras.com\/site\/wp-content\/uploads\/2023\/01\/notibras23.png","contentUrl":"https:\/\/www.notibras.com\/site\/wp-content\/uploads\/2023\/01\/notibras23.png","width":350,"height":87,"caption":"Grupo Notibras de Comunica\u00e7\u00e3o"},"image":{"@id":"https:\/\/www.notibras.com\/site\/#\/schema\/logo\/image\/"},"sameAs":["https:\/\/www.facebook.com\/notibras\/","https:\/\/x.com\/Notibras","https:\/\/www.instagram.com\/notibras\/"]},{"@type":"Person","@id":"https:\/\/www.notibras.com\/site\/#\/schema\/person\/36ab0979449956132d3e5b517ea76ac8","name":"Reda\u00e7\u00e3o","image":{"@type":"ImageObject","inLanguage":"pt-BR","@id":"https:\/\/secure.gravatar.com\/avatar\/e0a867bdedb85fd243eadf09663511f96fc81e0720a4a42581f334ad4303aa6b?s=96&d=mm&r=g","url":"https:\/\/secure.gravatar.com\/avatar\/e0a867bdedb85fd243eadf09663511f96fc81e0720a4a42581f334ad4303aa6b?s=96&d=mm&r=g","contentUrl":"https:\/\/secure.gravatar.com\/avatar\/e0a867bdedb85fd243eadf09663511f96fc81e0720a4a42581f334ad4303aa6b?s=96&d=mm&r=g","caption":"Reda\u00e7\u00e3o"}}]}},"amp_enabled":true,"_links":{"self":[{"href":"https:\/\/www.notibras.com\/site\/wp-json\/wp\/v2\/posts\/307878","targetHints":{"allow":["GET"]}}],"collection":[{"href":"https:\/\/www.notibras.com\/site\/wp-json\/wp\/v2\/posts"}],"about":[{"href":"https:\/\/www.notibras.com\/site\/wp-json\/wp\/v2\/types\/post"}],"author":[{"embeddable":true,"href":"https:\/\/www.notibras.com\/site\/wp-json\/wp\/v2\/users\/2"}],"replies":[{"embeddable":true,"href":"https:\/\/www.notibras.com\/site\/wp-json\/wp\/v2\/comments?post=307878"}],"version-history":[{"count":1,"href":"https:\/\/www.notibras.com\/site\/wp-json\/wp\/v2\/posts\/307878\/revisions"}],"predecessor-version":[{"id":307880,"href":"https:\/\/www.notibras.com\/site\/wp-json\/wp\/v2\/posts\/307878\/revisions\/307880"}],"wp:featuredmedia":[{"embeddable":true,"href":"https:\/\/www.notibras.com\/site\/wp-json\/wp\/v2\/media\/307879"}],"wp:attachment":[{"href":"https:\/\/www.notibras.com\/site\/wp-json\/wp\/v2\/media?parent=307878"}],"wp:term":[{"taxonomy":"category","embeddable":true,"href":"https:\/\/www.notibras.com\/site\/wp-json\/wp\/v2\/categories?post=307878"},{"taxonomy":"post_tag","embeddable":true,"href":"https:\/\/www.notibras.com\/site\/wp-json\/wp\/v2\/tags?post=307878"}],"curies":[{"name":"wp","href":"https:\/\/api.w.org\/{rel}","templated":true}]}}