{"id":307889,"date":"2023-06-29T00:28:00","date_gmt":"2023-06-29T03:28:00","guid":{"rendered":"https:\/\/www.notibras.com\/site\/?p=307889"},"modified":"2023-06-29T08:31:44","modified_gmt":"2023-06-29T11:31:44","slug":"enfermeiros-protestam-na-esplanada-por-pagamento-do-piso","status":"publish","type":"post","link":"https:\/\/www.notibras.com\/site\/enfermeiros-protestam-na-esplanada-por-pagamento-do-piso\/","title":{"rendered":"Enfermeiros protestam na Esplanada por pagamento do piso"},"content":{"rendered":"<p>Profissionais de enfermagem realizaram nesta quarta-feira (28) ato na Esplanada dos Minist\u00e9rios em que pedem agilidade no pagamento do piso salarial da categoria. Atualmente, O Supremo Tribunal Federal (STF) retomou o julgamento para a libera\u00e7\u00e3o do piso nacional da enfermagem. Os ministros t\u00eam at\u00e9 sexta-feira (30) para votar e encerrar o julgamento.<\/p>\n<p>\u201cA enfermagem est\u00e1 cobrando h\u00e1 muito tempo a valoriza\u00e7\u00e3o da [trabalhadores] Sa\u00fade. Passamos por uma pandemia e vencemos, enfrentamos v\u00e1rias doen\u00e7as e n\u00e3o temos valoriza\u00e7\u00e3o\u201d, disse a t\u00e9cnica de enfermagem K\u00eania Maria Cardoso, que participou do ato \u00e0 R\u00e1dio Nacional.<\/p>\n<p>No Distrito Federal, a categoria decretou greve de 24 horas.<\/p>\n<p><strong>Julgamento<\/strong><br \/>\nOs ministros analisam, no Plen\u00e1rio Virtual, decis\u00e3o do relator do processo, ministro Lu\u00eds Roberto Barroso, que em maio, estabeleceu regras para o pagamento dos profissionais nas redes estaduais, municipais e federal.<\/p>\n<p>Agora, os demais integrantes da Suprema Corte julgam se referendam a decis\u00e3o do relator.<\/p>\n<p>Barroso entendeu que estados e munic\u00edpios devem pagar o piso nacional da enfermagem nos limites dos valores que receberem do governo federal. Segundo os estados, o impacto nas contas locais \u00e9 de R$ 10,5 bilh\u00f5es e n\u00e3o h\u00e1 recursos para suplementar o pagamento.<\/p>\n<p>At\u00e9 o momento, seis ministros j\u00e1 votaram. Barroso e Gilmar Mendes se manifestaram para manter as condi\u00e7\u00f5es da decis\u00e3o que liberou o piso. Dias Toffoli e Alexandre de Moraes apresentaram diverg\u00eancia em rela\u00e7\u00e3o ao pagamento para profissionais celetistas. J\u00e1 Edson Fachin e Rosa Weber votaram pelo pagamento em todos os contratos p\u00fablicos e privados.<\/p>\n<p>No ano passado, o pagamento do piso foi suspenso pelo STF devido \u00e0 falta de previs\u00e3o de recursos para garantir o pagamento dos profissionais, mas foi liberado ap\u00f3s o presidente Luiz In\u00e1cio Lula da Silva abrir cr\u00e9dito especial para o repasse de R$ 7,3 bilh\u00f5es para estados e munic\u00edpios pagarem o piso.<\/p>\n<p><strong>Piso salarial<\/strong><br \/>\nO novo piso para enfermeiros contratados sob o regime da Consolida\u00e7\u00e3o das Leis do Trabalho (CLT) \u00e9 de R$ 4.750, conforme definido pela Lei n\u00ba 14.434. T\u00e9cnicos de enfermagem recebem, no m\u00ednimo, 70% desse valor (R$ 3.325) e auxiliares de enfermagem e parteiras, 50% (R$ 2.375). Pela lei, o piso vale para trabalhadores dos setores p\u00fablico e privado.<\/p>\n<p>A medida beneficia mais de 2,8 milh\u00f5es de profissionais.<\/p>\n","protected":false},"excerpt":{"rendered":"<p>Profissionais de enfermagem realizaram nesta quarta-feira (28) ato na Esplanada dos Minist\u00e9rios em que pedem agilidade no pagamento do piso salarial da categoria. Atualmente, O Supremo Tribunal Federal (STF) retomou o julgamento para a libera\u00e7\u00e3o do piso nacional da enfermagem. Os ministros t\u00eam at\u00e9 sexta-feira (30) para votar e encerrar o julgamento. \u201cA enfermagem est\u00e1 [&hellip;]<\/p>\n","protected":false},"author":2,"featured_media":307890,"comment_status":"closed","ping_status":"closed","sticky":false,"template":"","format":"standard","meta":{"_acf_changed":false,"footnotes":""},"categories":[161],"tags":[],"class_list":["post-307889","post","type-post","status-publish","format-standard","has-post-thumbnail","hentry","category-quadradinho-em-foco"],"acf":[],"yoast_head":"<!-- This site is optimized with the Yoast SEO plugin v27.2 - https:\/\/yoast.com\/product\/yoast-seo-wordpress\/ -->\n<title>Enfermeiros protestam na Esplanada por pagamento do piso - Notibras<\/title>\n<meta name=\"robots\" content=\"index, follow, max-snippet:-1, max-image-preview:large, max-video-preview:-1\" \/>\n<link rel=\"canonical\" href=\"https:\/\/www.notibras.com\/site\/enfermeiros-protestam-na-esplanada-por-pagamento-do-piso\/\" \/>\n<meta property=\"og:locale\" content=\"pt_BR\" \/>\n<meta property=\"og:type\" content=\"article\" \/>\n<meta property=\"og:title\" content=\"Enfermeiros protestam na Esplanada por pagamento do piso - Notibras\" \/>\n<meta property=\"og:description\" content=\"Profissionais de enfermagem realizaram nesta quarta-feira (28) ato na Esplanada dos Minist\u00e9rios em que pedem agilidade no pagamento do piso salarial da categoria. Atualmente, O Supremo Tribunal Federal (STF) retomou o julgamento para a libera\u00e7\u00e3o do piso nacional da enfermagem. Os ministros t\u00eam at\u00e9 sexta-feira (30) para votar e encerrar o julgamento. \u201cA enfermagem est\u00e1 [&hellip;]\" \/>\n<meta property=\"og:url\" content=\"https:\/\/www.notibras.com\/site\/enfermeiros-protestam-na-esplanada-por-pagamento-do-piso\/\" \/>\n<meta property=\"og:site_name\" content=\"Notibras\" \/>\n<meta property=\"article:publisher\" content=\"https:\/\/www.facebook.com\/notibras\/\" \/>\n<meta property=\"article:published_time\" content=\"2023-06-29T03:28:00+00:00\" \/>\n<meta property=\"article:modified_time\" content=\"2023-06-29T11:31:44+00:00\" \/>\n<meta property=\"og:image\" content=\"https:\/\/www.notibras.com\/site\/wp-content\/uploads\/2023\/06\/manifestacao-enfermagem_mcamgo_abr_28062023-6.jpg\" \/>\n\t<meta property=\"og:image:width\" content=\"1170\" \/>\n\t<meta property=\"og:image:height\" content=\"700\" \/>\n\t<meta property=\"og:image:type\" content=\"image\/jpeg\" \/>\n<meta name=\"author\" content=\"Reda\u00e7\u00e3o\" \/>\n<meta name=\"twitter:card\" content=\"summary_large_image\" \/>\n<meta name=\"twitter:creator\" content=\"@Notibras\" \/>\n<meta name=\"twitter:site\" content=\"@Notibras\" \/>\n<meta name=\"twitter:label1\" content=\"Escrito por\" \/>\n\t<meta name=\"twitter:data1\" content=\"Reda\u00e7\u00e3o\" \/>\n\t<meta name=\"twitter:label2\" content=\"Est. tempo de leitura\" \/>\n\t<meta name=\"twitter:data2\" content=\"3 minutos\" \/>\n<script type=\"application\/ld+json\" class=\"yoast-schema-graph\">{\"@context\":\"https:\/\/schema.org\",\"@graph\":[{\"@type\":\"Article\",\"@id\":\"https:\/\/www.notibras.com\/site\/enfermeiros-protestam-na-esplanada-por-pagamento-do-piso\/#article\",\"isPartOf\":{\"@id\":\"https:\/\/www.notibras.com\/site\/enfermeiros-protestam-na-esplanada-por-pagamento-do-piso\/\"},\"author\":{\"name\":\"Reda\u00e7\u00e3o\",\"@id\":\"https:\/\/www.notibras.com\/site\/#\/schema\/person\/36ab0979449956132d3e5b517ea76ac8\"},\"headline\":\"Enfermeiros protestam na Esplanada por pagamento do piso\",\"datePublished\":\"2023-06-29T03:28:00+00:00\",\"dateModified\":\"2023-06-29T11:31:44+00:00\",\"mainEntityOfPage\":{\"@id\":\"https:\/\/www.notibras.com\/site\/enfermeiros-protestam-na-esplanada-por-pagamento-do-piso\/\"},\"wordCount\":393,\"publisher\":{\"@id\":\"https:\/\/www.notibras.com\/site\/#organization\"},\"image\":{\"@id\":\"https:\/\/www.notibras.com\/site\/enfermeiros-protestam-na-esplanada-por-pagamento-do-piso\/#primaryimage\"},\"thumbnailUrl\":\"https:\/\/www.notibras.com\/site\/wp-content\/uploads\/2023\/06\/manifestacao-enfermagem_mcamgo_abr_28062023-6.jpg\",\"articleSection\":[\"Quadradinho em Foco\"],\"inLanguage\":\"pt-BR\"},{\"@type\":\"WebPage\",\"@id\":\"https:\/\/www.notibras.com\/site\/enfermeiros-protestam-na-esplanada-por-pagamento-do-piso\/\",\"url\":\"https:\/\/www.notibras.com\/site\/enfermeiros-protestam-na-esplanada-por-pagamento-do-piso\/\",\"name\":\"Enfermeiros protestam na Esplanada por pagamento do piso - Notibras\",\"isPartOf\":{\"@id\":\"https:\/\/www.notibras.com\/site\/#website\"},\"primaryImageOfPage\":{\"@id\":\"https:\/\/www.notibras.com\/site\/enfermeiros-protestam-na-esplanada-por-pagamento-do-piso\/#primaryimage\"},\"image\":{\"@id\":\"https:\/\/www.notibras.com\/site\/enfermeiros-protestam-na-esplanada-por-pagamento-do-piso\/#primaryimage\"},\"thumbnailUrl\":\"https:\/\/www.notibras.com\/site\/wp-content\/uploads\/2023\/06\/manifestacao-enfermagem_mcamgo_abr_28062023-6.jpg\",\"datePublished\":\"2023-06-29T03:28:00+00:00\",\"dateModified\":\"2023-06-29T11:31:44+00:00\",\"breadcrumb\":{\"@id\":\"https:\/\/www.notibras.com\/site\/enfermeiros-protestam-na-esplanada-por-pagamento-do-piso\/#breadcrumb\"},\"inLanguage\":\"pt-BR\",\"potentialAction\":[{\"@type\":\"ReadAction\",\"target\":[\"https:\/\/www.notibras.com\/site\/enfermeiros-protestam-na-esplanada-por-pagamento-do-piso\/\"]}]},{\"@type\":\"ImageObject\",\"inLanguage\":\"pt-BR\",\"@id\":\"https:\/\/www.notibras.com\/site\/enfermeiros-protestam-na-esplanada-por-pagamento-do-piso\/#primaryimage\",\"url\":\"https:\/\/www.notibras.com\/site\/wp-content\/uploads\/2023\/06\/manifestacao-enfermagem_mcamgo_abr_28062023-6.jpg\",\"contentUrl\":\"https:\/\/www.notibras.com\/site\/wp-content\/uploads\/2023\/06\/manifestacao-enfermagem_mcamgo_abr_28062023-6.jpg\",\"width\":1170,\"height\":700,\"caption\":\"Bras\u00edlia (DF), 28\/06\/2023 - Profissionais de enfermagem realizam manifesta\u00e7\u00e3o em defesa da implementa\u00e7\u00e3o do piso salarial da enfermagem. Foto: Marcelo Camargo\/Ag\u00eancia Brasil\"},{\"@type\":\"BreadcrumbList\",\"@id\":\"https:\/\/www.notibras.com\/site\/enfermeiros-protestam-na-esplanada-por-pagamento-do-piso\/#breadcrumb\",\"itemListElement\":[{\"@type\":\"ListItem\",\"position\":1,\"name\":\"In\u00edcio\",\"item\":\"https:\/\/www.notibras.com\/site\/\"},{\"@type\":\"ListItem\",\"position\":2,\"name\":\"Enfermeiros protestam na Esplanada por pagamento do piso\"}]},{\"@type\":\"WebSite\",\"@id\":\"https:\/\/www.notibras.com\/site\/#website\",\"url\":\"https:\/\/www.notibras.com\/site\/\",\"name\":\"Notibras\",\"description\":\"Not\u00edcias de Bras\u00edlia, do Brasil e do Mundo\",\"publisher\":{\"@id\":\"https:\/\/www.notibras.com\/site\/#organization\"},\"potentialAction\":[{\"@type\":\"SearchAction\",\"target\":{\"@type\":\"EntryPoint\",\"urlTemplate\":\"https:\/\/www.notibras.com\/site\/?s={search_term_string}\"},\"query-input\":{\"@type\":\"PropertyValueSpecification\",\"valueRequired\":true,\"valueName\":\"search_term_string\"}}],\"inLanguage\":\"pt-BR\"},{\"@type\":\"Organization\",\"@id\":\"https:\/\/www.notibras.com\/site\/#organization\",\"name\":\"Grupo Notibras de Comunica\u00e7\u00e3o\",\"url\":\"https:\/\/www.notibras.com\/site\/\",\"logo\":{\"@type\":\"ImageObject\",\"inLanguage\":\"pt-BR\",\"@id\":\"https:\/\/www.notibras.com\/site\/#\/schema\/logo\/image\/\",\"url\":\"https:\/\/www.notibras.com\/site\/wp-content\/uploads\/2023\/01\/notibras23.png\",\"contentUrl\":\"https:\/\/www.notibras.com\/site\/wp-content\/uploads\/2023\/01\/notibras23.png\",\"width\":350,\"height\":87,\"caption\":\"Grupo Notibras de Comunica\u00e7\u00e3o\"},\"image\":{\"@id\":\"https:\/\/www.notibras.com\/site\/#\/schema\/logo\/image\/\"},\"sameAs\":[\"https:\/\/www.facebook.com\/notibras\/\",\"https:\/\/x.com\/Notibras\",\"https:\/\/www.instagram.com\/notibras\/\"]},{\"@type\":\"Person\",\"@id\":\"https:\/\/www.notibras.com\/site\/#\/schema\/person\/36ab0979449956132d3e5b517ea76ac8\",\"name\":\"Reda\u00e7\u00e3o\",\"image\":{\"@type\":\"ImageObject\",\"inLanguage\":\"pt-BR\",\"@id\":\"https:\/\/secure.gravatar.com\/avatar\/e0a867bdedb85fd243eadf09663511f96fc81e0720a4a42581f334ad4303aa6b?s=96&d=mm&r=g\",\"url\":\"https:\/\/secure.gravatar.com\/avatar\/e0a867bdedb85fd243eadf09663511f96fc81e0720a4a42581f334ad4303aa6b?s=96&d=mm&r=g\",\"contentUrl\":\"https:\/\/secure.gravatar.com\/avatar\/e0a867bdedb85fd243eadf09663511f96fc81e0720a4a42581f334ad4303aa6b?s=96&d=mm&r=g\",\"caption\":\"Reda\u00e7\u00e3o\"}}]}<\/script>\n<!-- \/ Yoast SEO plugin. -->","yoast_head_json":{"title":"Enfermeiros protestam na Esplanada por pagamento do piso - Notibras","robots":{"index":"index","follow":"follow","max-snippet":"max-snippet:-1","max-image-preview":"max-image-preview:large","max-video-preview":"max-video-preview:-1"},"canonical":"https:\/\/www.notibras.com\/site\/enfermeiros-protestam-na-esplanada-por-pagamento-do-piso\/","og_locale":"pt_BR","og_type":"article","og_title":"Enfermeiros protestam na Esplanada por pagamento do piso - Notibras","og_description":"Profissionais de enfermagem realizaram nesta quarta-feira (28) ato na Esplanada dos Minist\u00e9rios em que pedem agilidade no pagamento do piso salarial da categoria. Atualmente, O Supremo Tribunal Federal (STF) retomou o julgamento para a libera\u00e7\u00e3o do piso nacional da enfermagem. Os ministros t\u00eam at\u00e9 sexta-feira (30) para votar e encerrar o julgamento. \u201cA enfermagem est\u00e1 [&hellip;]","og_url":"https:\/\/www.notibras.com\/site\/enfermeiros-protestam-na-esplanada-por-pagamento-do-piso\/","og_site_name":"Notibras","article_publisher":"https:\/\/www.facebook.com\/notibras\/","article_published_time":"2023-06-29T03:28:00+00:00","article_modified_time":"2023-06-29T11:31:44+00:00","og_image":[{"width":1170,"height":700,"url":"https:\/\/www.notibras.com\/site\/wp-content\/uploads\/2023\/06\/manifestacao-enfermagem_mcamgo_abr_28062023-6.jpg","type":"image\/jpeg"}],"author":"Reda\u00e7\u00e3o","twitter_card":"summary_large_image","twitter_creator":"@Notibras","twitter_site":"@Notibras","twitter_misc":{"Escrito por":"Reda\u00e7\u00e3o","Est. tempo de leitura":"3 minutos"},"schema":{"@context":"https:\/\/schema.org","@graph":[{"@type":"Article","@id":"https:\/\/www.notibras.com\/site\/enfermeiros-protestam-na-esplanada-por-pagamento-do-piso\/#article","isPartOf":{"@id":"https:\/\/www.notibras.com\/site\/enfermeiros-protestam-na-esplanada-por-pagamento-do-piso\/"},"author":{"name":"Reda\u00e7\u00e3o","@id":"https:\/\/www.notibras.com\/site\/#\/schema\/person\/36ab0979449956132d3e5b517ea76ac8"},"headline":"Enfermeiros protestam na Esplanada por pagamento do piso","datePublished":"2023-06-29T03:28:00+00:00","dateModified":"2023-06-29T11:31:44+00:00","mainEntityOfPage":{"@id":"https:\/\/www.notibras.com\/site\/enfermeiros-protestam-na-esplanada-por-pagamento-do-piso\/"},"wordCount":393,"publisher":{"@id":"https:\/\/www.notibras.com\/site\/#organization"},"image":{"@id":"https:\/\/www.notibras.com\/site\/enfermeiros-protestam-na-esplanada-por-pagamento-do-piso\/#primaryimage"},"thumbnailUrl":"https:\/\/www.notibras.com\/site\/wp-content\/uploads\/2023\/06\/manifestacao-enfermagem_mcamgo_abr_28062023-6.jpg","articleSection":["Quadradinho em Foco"],"inLanguage":"pt-BR"},{"@type":"WebPage","@id":"https:\/\/www.notibras.com\/site\/enfermeiros-protestam-na-esplanada-por-pagamento-do-piso\/","url":"https:\/\/www.notibras.com\/site\/enfermeiros-protestam-na-esplanada-por-pagamento-do-piso\/","name":"Enfermeiros protestam na Esplanada por pagamento do piso - Notibras","isPartOf":{"@id":"https:\/\/www.notibras.com\/site\/#website"},"primaryImageOfPage":{"@id":"https:\/\/www.notibras.com\/site\/enfermeiros-protestam-na-esplanada-por-pagamento-do-piso\/#primaryimage"},"image":{"@id":"https:\/\/www.notibras.com\/site\/enfermeiros-protestam-na-esplanada-por-pagamento-do-piso\/#primaryimage"},"thumbnailUrl":"https:\/\/www.notibras.com\/site\/wp-content\/uploads\/2023\/06\/manifestacao-enfermagem_mcamgo_abr_28062023-6.jpg","datePublished":"2023-06-29T03:28:00+00:00","dateModified":"2023-06-29T11:31:44+00:00","breadcrumb":{"@id":"https:\/\/www.notibras.com\/site\/enfermeiros-protestam-na-esplanada-por-pagamento-do-piso\/#breadcrumb"},"inLanguage":"pt-BR","potentialAction":[{"@type":"ReadAction","target":["https:\/\/www.notibras.com\/site\/enfermeiros-protestam-na-esplanada-por-pagamento-do-piso\/"]}]},{"@type":"ImageObject","inLanguage":"pt-BR","@id":"https:\/\/www.notibras.com\/site\/enfermeiros-protestam-na-esplanada-por-pagamento-do-piso\/#primaryimage","url":"https:\/\/www.notibras.com\/site\/wp-content\/uploads\/2023\/06\/manifestacao-enfermagem_mcamgo_abr_28062023-6.jpg","contentUrl":"https:\/\/www.notibras.com\/site\/wp-content\/uploads\/2023\/06\/manifestacao-enfermagem_mcamgo_abr_28062023-6.jpg","width":1170,"height":700,"caption":"Bras\u00edlia (DF), 28\/06\/2023 - Profissionais de enfermagem realizam manifesta\u00e7\u00e3o em defesa da implementa\u00e7\u00e3o do piso salarial da enfermagem. Foto: Marcelo Camargo\/Ag\u00eancia Brasil"},{"@type":"BreadcrumbList","@id":"https:\/\/www.notibras.com\/site\/enfermeiros-protestam-na-esplanada-por-pagamento-do-piso\/#breadcrumb","itemListElement":[{"@type":"ListItem","position":1,"name":"In\u00edcio","item":"https:\/\/www.notibras.com\/site\/"},{"@type":"ListItem","position":2,"name":"Enfermeiros protestam na Esplanada por pagamento do piso"}]},{"@type":"WebSite","@id":"https:\/\/www.notibras.com\/site\/#website","url":"https:\/\/www.notibras.com\/site\/","name":"Notibras","description":"Not\u00edcias de Bras\u00edlia, do Brasil e do Mundo","publisher":{"@id":"https:\/\/www.notibras.com\/site\/#organization"},"potentialAction":[{"@type":"SearchAction","target":{"@type":"EntryPoint","urlTemplate":"https:\/\/www.notibras.com\/site\/?s={search_term_string}"},"query-input":{"@type":"PropertyValueSpecification","valueRequired":true,"valueName":"search_term_string"}}],"inLanguage":"pt-BR"},{"@type":"Organization","@id":"https:\/\/www.notibras.com\/site\/#organization","name":"Grupo Notibras de Comunica\u00e7\u00e3o","url":"https:\/\/www.notibras.com\/site\/","logo":{"@type":"ImageObject","inLanguage":"pt-BR","@id":"https:\/\/www.notibras.com\/site\/#\/schema\/logo\/image\/","url":"https:\/\/www.notibras.com\/site\/wp-content\/uploads\/2023\/01\/notibras23.png","contentUrl":"https:\/\/www.notibras.com\/site\/wp-content\/uploads\/2023\/01\/notibras23.png","width":350,"height":87,"caption":"Grupo Notibras de Comunica\u00e7\u00e3o"},"image":{"@id":"https:\/\/www.notibras.com\/site\/#\/schema\/logo\/image\/"},"sameAs":["https:\/\/www.facebook.com\/notibras\/","https:\/\/x.com\/Notibras","https:\/\/www.instagram.com\/notibras\/"]},{"@type":"Person","@id":"https:\/\/www.notibras.com\/site\/#\/schema\/person\/36ab0979449956132d3e5b517ea76ac8","name":"Reda\u00e7\u00e3o","image":{"@type":"ImageObject","inLanguage":"pt-BR","@id":"https:\/\/secure.gravatar.com\/avatar\/e0a867bdedb85fd243eadf09663511f96fc81e0720a4a42581f334ad4303aa6b?s=96&d=mm&r=g","url":"https:\/\/secure.gravatar.com\/avatar\/e0a867bdedb85fd243eadf09663511f96fc81e0720a4a42581f334ad4303aa6b?s=96&d=mm&r=g","contentUrl":"https:\/\/secure.gravatar.com\/avatar\/e0a867bdedb85fd243eadf09663511f96fc81e0720a4a42581f334ad4303aa6b?s=96&d=mm&r=g","caption":"Reda\u00e7\u00e3o"}}]}},"amp_enabled":true,"_links":{"self":[{"href":"https:\/\/www.notibras.com\/site\/wp-json\/wp\/v2\/posts\/307889","targetHints":{"allow":["GET"]}}],"collection":[{"href":"https:\/\/www.notibras.com\/site\/wp-json\/wp\/v2\/posts"}],"about":[{"href":"https:\/\/www.notibras.com\/site\/wp-json\/wp\/v2\/types\/post"}],"author":[{"embeddable":true,"href":"https:\/\/www.notibras.com\/site\/wp-json\/wp\/v2\/users\/2"}],"replies":[{"embeddable":true,"href":"https:\/\/www.notibras.com\/site\/wp-json\/wp\/v2\/comments?post=307889"}],"version-history":[{"count":1,"href":"https:\/\/www.notibras.com\/site\/wp-json\/wp\/v2\/posts\/307889\/revisions"}],"predecessor-version":[{"id":307891,"href":"https:\/\/www.notibras.com\/site\/wp-json\/wp\/v2\/posts\/307889\/revisions\/307891"}],"wp:featuredmedia":[{"embeddable":true,"href":"https:\/\/www.notibras.com\/site\/wp-json\/wp\/v2\/media\/307890"}],"wp:attachment":[{"href":"https:\/\/www.notibras.com\/site\/wp-json\/wp\/v2\/media?parent=307889"}],"wp:term":[{"taxonomy":"category","embeddable":true,"href":"https:\/\/www.notibras.com\/site\/wp-json\/wp\/v2\/categories?post=307889"},{"taxonomy":"post_tag","embeddable":true,"href":"https:\/\/www.notibras.com\/site\/wp-json\/wp\/v2\/tags?post=307889"}],"curies":[{"name":"wp","href":"https:\/\/api.w.org\/{rel}","templated":true}]}}