{"id":307932,"date":"2023-06-30T06:56:50","date_gmt":"2023-06-30T09:56:50","guid":{"rendered":"https:\/\/www.notibras.com\/site\/?p=307932"},"modified":"2023-06-30T06:56:50","modified_gmt":"2023-06-30T09:56:50","slug":"solucao-para-preguica-de-sair-para-almocar-ou-jantar-no-frio","status":"publish","type":"post","link":"https:\/\/www.notibras.com\/site\/solucao-para-preguica-de-sair-para-almocar-ou-jantar-no-frio\/","title":{"rendered":"Solu\u00e7\u00e3o para pregui\u00e7a de sair para almo\u00e7ar ou jantar no frio"},"content":{"rendered":"<p>O Inverno chegou e as temperaturas t\u00eam feito jus \u00e0 nova esta\u00e7\u00e3o, com dias e noites bem gelados. Com esse friozinho, muitas vezes bate aquela pregui\u00e7a de sair do ambiente de trabalho para almo\u00e7ar ou mesmo deixar a casa para curtir um jantar no restaurante. A dica ent\u00e3o \u00e9 pedir um lanch\u00e3o repleto de sabor do Aussie Grill, que chega bastante r\u00e1pido via via delivery e tem um excelente custo-benef\u00edcio, com op\u00e7\u00f5es de combos de sandu\u00edche mais acompanhamento e bebida a partir de R$ 29,90.<\/p>\n<p>Pertencente ao grupo Bloomin\u00b4Brands, que tamb\u00e9m det\u00e9m as marcas Outback e Abbraccio no pa\u00eds, Aussie Grill tem a prote\u00edna de frango como carro-chefe no menu e traz em suas op\u00e7\u00f5es de pratos e sandu\u00edches o conceito Sweet and Spicy, marcado por misturar ingredientes frescos e um toque de pic\u00e2ncia com um leve dul\u00e7or. O restaurante, que na regi\u00e3o de Campinas atua 100% pelo delivery via iFood, transborda personalidade jovial e combina\u00e7\u00f5es inusitadas de temperos marcantes, criando sabores intensos e transformando a experi\u00eancia de comer em entretenimento.<\/p>\n<p>O combo do lanche Smoked Honey Mustard (peito de frango empanado e crocante, com cerca de 115g, servido com alface, tomate, picles, maionese defumada e molho Honey Mustard no p\u00e3o tipo brioche), mais refrigerante e as crocant\u00edssimas fritas Aussie Chips, sai por R$ 29,90. E se a ideia for compartilhar com mais algu\u00e9m, fica ainda mais em conta, pois a combina\u00e7\u00e3o de 2 lanches + 2 Aussie Chips + 2 refris sai por R$ 54,90. Caso prefira, \u00e9 poss\u00edvel trocar a batatinha pelos Crispy Chicken Tenders, suculentas tirinhas de frango empanado supertemperadas, pelo mesmo valor.<\/p>\n<p>Pra completar, tem tamb\u00e9m aquele docinho ideal para os dias mais frios da esta\u00e7\u00e3o: o Chef\u00b4s Cookie, R$ 8,90, cookie artesanal com gotas de chocolate e nozes pecan, crocante por fora e macio por dentro, que fica ainda mais delicioso se for esquentado alguns segundos no microondas.<\/p>\n<p><strong>Sobre\u202fAussie\u202fGrill<\/strong><br \/>\nO Aussie Grill possui mais de 80 opera\u00e7\u00f5es no Brasil via delivery e est\u00e1 presente em 35 cidades, 16 estados e no Distrito Federal, al\u00e9m de restaurantes f\u00edsicos em S\u00e3o Paulo e Rio de Janeiro. Tendo a prote\u00edna do frango como carro-chefe do seu menu, a marca tem em seu DNA o conceito Sweet and Spicy, e prioriza o sabor, a mistura de ingredientes frescos e temperos marcantes. Aussie Grill explora o mundo em busca de inspira\u00e7\u00f5es para criar combina\u00e7\u00f5es com sabores intensos, que transformam a experi\u00eancia de comer em entretenimento. A rede de restaurantes foi criada em 2019 na Ar\u00e1bia Saudita, expandindo posteriormente para outras regi\u00f5es como Hong Kong e EUA. A primeira opera\u00e7\u00e3o brasileira da marca foi inaugurada em 2020, em S\u00e3o Paulo. Aussie Grill pertence ao grupo Bloomin&#8217; Brands, que tamb\u00e9m conta com as marcas.<\/p>\n","protected":false},"excerpt":{"rendered":"<p>O Inverno chegou e as temperaturas t\u00eam feito jus \u00e0 nova esta\u00e7\u00e3o, com dias e noites bem gelados. Com esse friozinho, muitas vezes bate aquela pregui\u00e7a de sair do ambiente de trabalho para almo\u00e7ar ou mesmo deixar a casa para curtir um jantar no restaurante. A dica ent\u00e3o \u00e9 pedir um lanch\u00e3o repleto de sabor [&hellip;]<\/p>\n","protected":false},"author":2,"featured_media":307933,"comment_status":"closed","ping_status":"closed","sticky":false,"template":"","format":"standard","meta":{"_acf_changed":false,"footnotes":""},"categories":[161],"tags":[],"class_list":["post-307932","post","type-post","status-publish","format-standard","has-post-thumbnail","hentry","category-quadradinho-em-foco"],"acf":[],"yoast_head":"<!-- This site is optimized with the Yoast SEO plugin v27.2 - https:\/\/yoast.com\/product\/yoast-seo-wordpress\/ -->\n<title>Solu\u00e7\u00e3o para pregui\u00e7a de sair para almo\u00e7ar ou jantar no frio - Notibras<\/title>\n<meta name=\"robots\" content=\"index, follow, max-snippet:-1, max-image-preview:large, max-video-preview:-1\" \/>\n<link rel=\"canonical\" href=\"https:\/\/www.notibras.com\/site\/solucao-para-preguica-de-sair-para-almocar-ou-jantar-no-frio\/\" \/>\n<meta property=\"og:locale\" content=\"pt_BR\" \/>\n<meta property=\"og:type\" content=\"article\" \/>\n<meta property=\"og:title\" content=\"Solu\u00e7\u00e3o para pregui\u00e7a de sair para almo\u00e7ar ou jantar no frio - Notibras\" \/>\n<meta property=\"og:description\" content=\"O Inverno chegou e as temperaturas t\u00eam feito jus \u00e0 nova esta\u00e7\u00e3o, com dias e noites bem gelados. Com esse friozinho, muitas vezes bate aquela pregui\u00e7a de sair do ambiente de trabalho para almo\u00e7ar ou mesmo deixar a casa para curtir um jantar no restaurante. A dica ent\u00e3o \u00e9 pedir um lanch\u00e3o repleto de sabor [&hellip;]\" \/>\n<meta property=\"og:url\" content=\"https:\/\/www.notibras.com\/site\/solucao-para-preguica-de-sair-para-almocar-ou-jantar-no-frio\/\" \/>\n<meta property=\"og:site_name\" content=\"Notibras\" \/>\n<meta property=\"article:publisher\" content=\"https:\/\/www.facebook.com\/notibras\/\" \/>\n<meta property=\"article:published_time\" content=\"2023-06-30T09:56:50+00:00\" \/>\n<meta property=\"og:image\" content=\"https:\/\/www.notibras.com\/site\/wp-content\/uploads\/2023\/06\/unnamed-78.jpg\" \/>\n\t<meta property=\"og:image:width\" content=\"1072\" \/>\n\t<meta property=\"og:image:height\" content=\"720\" \/>\n\t<meta property=\"og:image:type\" content=\"image\/jpeg\" \/>\n<meta name=\"author\" content=\"Reda\u00e7\u00e3o\" \/>\n<meta name=\"twitter:card\" content=\"summary_large_image\" \/>\n<meta name=\"twitter:creator\" content=\"@Notibras\" \/>\n<meta name=\"twitter:site\" content=\"@Notibras\" \/>\n<meta name=\"twitter:label1\" content=\"Escrito por\" \/>\n\t<meta name=\"twitter:data1\" content=\"Reda\u00e7\u00e3o\" \/>\n\t<meta name=\"twitter:label2\" content=\"Est. tempo de leitura\" \/>\n\t<meta name=\"twitter:data2\" content=\"3 minutos\" \/>\n<script type=\"application\/ld+json\" class=\"yoast-schema-graph\">{\"@context\":\"https:\/\/schema.org\",\"@graph\":[{\"@type\":\"Article\",\"@id\":\"https:\/\/www.notibras.com\/site\/solucao-para-preguica-de-sair-para-almocar-ou-jantar-no-frio\/#article\",\"isPartOf\":{\"@id\":\"https:\/\/www.notibras.com\/site\/solucao-para-preguica-de-sair-para-almocar-ou-jantar-no-frio\/\"},\"author\":{\"name\":\"Reda\u00e7\u00e3o\",\"@id\":\"https:\/\/www.notibras.com\/site\/#\/schema\/person\/36ab0979449956132d3e5b517ea76ac8\"},\"headline\":\"Solu\u00e7\u00e3o para pregui\u00e7a de sair para almo\u00e7ar ou jantar no frio\",\"datePublished\":\"2023-06-30T09:56:50+00:00\",\"mainEntityOfPage\":{\"@id\":\"https:\/\/www.notibras.com\/site\/solucao-para-preguica-de-sair-para-almocar-ou-jantar-no-frio\/\"},\"wordCount\":493,\"publisher\":{\"@id\":\"https:\/\/www.notibras.com\/site\/#organization\"},\"image\":{\"@id\":\"https:\/\/www.notibras.com\/site\/solucao-para-preguica-de-sair-para-almocar-ou-jantar-no-frio\/#primaryimage\"},\"thumbnailUrl\":\"https:\/\/www.notibras.com\/site\/wp-content\/uploads\/2023\/06\/unnamed-78.jpg\",\"articleSection\":[\"Quadradinho em Foco\"],\"inLanguage\":\"pt-BR\"},{\"@type\":\"WebPage\",\"@id\":\"https:\/\/www.notibras.com\/site\/solucao-para-preguica-de-sair-para-almocar-ou-jantar-no-frio\/\",\"url\":\"https:\/\/www.notibras.com\/site\/solucao-para-preguica-de-sair-para-almocar-ou-jantar-no-frio\/\",\"name\":\"Solu\u00e7\u00e3o para pregui\u00e7a de sair para almo\u00e7ar ou jantar no frio - Notibras\",\"isPartOf\":{\"@id\":\"https:\/\/www.notibras.com\/site\/#website\"},\"primaryImageOfPage\":{\"@id\":\"https:\/\/www.notibras.com\/site\/solucao-para-preguica-de-sair-para-almocar-ou-jantar-no-frio\/#primaryimage\"},\"image\":{\"@id\":\"https:\/\/www.notibras.com\/site\/solucao-para-preguica-de-sair-para-almocar-ou-jantar-no-frio\/#primaryimage\"},\"thumbnailUrl\":\"https:\/\/www.notibras.com\/site\/wp-content\/uploads\/2023\/06\/unnamed-78.jpg\",\"datePublished\":\"2023-06-30T09:56:50+00:00\",\"breadcrumb\":{\"@id\":\"https:\/\/www.notibras.com\/site\/solucao-para-preguica-de-sair-para-almocar-ou-jantar-no-frio\/#breadcrumb\"},\"inLanguage\":\"pt-BR\",\"potentialAction\":[{\"@type\":\"ReadAction\",\"target\":[\"https:\/\/www.notibras.com\/site\/solucao-para-preguica-de-sair-para-almocar-ou-jantar-no-frio\/\"]}]},{\"@type\":\"ImageObject\",\"inLanguage\":\"pt-BR\",\"@id\":\"https:\/\/www.notibras.com\/site\/solucao-para-preguica-de-sair-para-almocar-ou-jantar-no-frio\/#primaryimage\",\"url\":\"https:\/\/www.notibras.com\/site\/wp-content\/uploads\/2023\/06\/unnamed-78.jpg\",\"contentUrl\":\"https:\/\/www.notibras.com\/site\/wp-content\/uploads\/2023\/06\/unnamed-78.jpg\",\"width\":1072,\"height\":720},{\"@type\":\"BreadcrumbList\",\"@id\":\"https:\/\/www.notibras.com\/site\/solucao-para-preguica-de-sair-para-almocar-ou-jantar-no-frio\/#breadcrumb\",\"itemListElement\":[{\"@type\":\"ListItem\",\"position\":1,\"name\":\"In\u00edcio\",\"item\":\"https:\/\/www.notibras.com\/site\/\"},{\"@type\":\"ListItem\",\"position\":2,\"name\":\"Solu\u00e7\u00e3o para pregui\u00e7a de sair para almo\u00e7ar ou jantar no frio\"}]},{\"@type\":\"WebSite\",\"@id\":\"https:\/\/www.notibras.com\/site\/#website\",\"url\":\"https:\/\/www.notibras.com\/site\/\",\"name\":\"Notibras\",\"description\":\"Not\u00edcias de Bras\u00edlia, do Brasil e do Mundo\",\"publisher\":{\"@id\":\"https:\/\/www.notibras.com\/site\/#organization\"},\"potentialAction\":[{\"@type\":\"SearchAction\",\"target\":{\"@type\":\"EntryPoint\",\"urlTemplate\":\"https:\/\/www.notibras.com\/site\/?s={search_term_string}\"},\"query-input\":{\"@type\":\"PropertyValueSpecification\",\"valueRequired\":true,\"valueName\":\"search_term_string\"}}],\"inLanguage\":\"pt-BR\"},{\"@type\":\"Organization\",\"@id\":\"https:\/\/www.notibras.com\/site\/#organization\",\"name\":\"Grupo Notibras de Comunica\u00e7\u00e3o\",\"url\":\"https:\/\/www.notibras.com\/site\/\",\"logo\":{\"@type\":\"ImageObject\",\"inLanguage\":\"pt-BR\",\"@id\":\"https:\/\/www.notibras.com\/site\/#\/schema\/logo\/image\/\",\"url\":\"https:\/\/www.notibras.com\/site\/wp-content\/uploads\/2023\/01\/notibras23.png\",\"contentUrl\":\"https:\/\/www.notibras.com\/site\/wp-content\/uploads\/2023\/01\/notibras23.png\",\"width\":350,\"height\":87,\"caption\":\"Grupo Notibras de Comunica\u00e7\u00e3o\"},\"image\":{\"@id\":\"https:\/\/www.notibras.com\/site\/#\/schema\/logo\/image\/\"},\"sameAs\":[\"https:\/\/www.facebook.com\/notibras\/\",\"https:\/\/x.com\/Notibras\",\"https:\/\/www.instagram.com\/notibras\/\"]},{\"@type\":\"Person\",\"@id\":\"https:\/\/www.notibras.com\/site\/#\/schema\/person\/36ab0979449956132d3e5b517ea76ac8\",\"name\":\"Reda\u00e7\u00e3o\",\"image\":{\"@type\":\"ImageObject\",\"inLanguage\":\"pt-BR\",\"@id\":\"https:\/\/secure.gravatar.com\/avatar\/e0a867bdedb85fd243eadf09663511f96fc81e0720a4a42581f334ad4303aa6b?s=96&d=mm&r=g\",\"url\":\"https:\/\/secure.gravatar.com\/avatar\/e0a867bdedb85fd243eadf09663511f96fc81e0720a4a42581f334ad4303aa6b?s=96&d=mm&r=g\",\"contentUrl\":\"https:\/\/secure.gravatar.com\/avatar\/e0a867bdedb85fd243eadf09663511f96fc81e0720a4a42581f334ad4303aa6b?s=96&d=mm&r=g\",\"caption\":\"Reda\u00e7\u00e3o\"}}]}<\/script>\n<!-- \/ Yoast SEO plugin. -->","yoast_head_json":{"title":"Solu\u00e7\u00e3o para pregui\u00e7a de sair para almo\u00e7ar ou jantar no frio - Notibras","robots":{"index":"index","follow":"follow","max-snippet":"max-snippet:-1","max-image-preview":"max-image-preview:large","max-video-preview":"max-video-preview:-1"},"canonical":"https:\/\/www.notibras.com\/site\/solucao-para-preguica-de-sair-para-almocar-ou-jantar-no-frio\/","og_locale":"pt_BR","og_type":"article","og_title":"Solu\u00e7\u00e3o para pregui\u00e7a de sair para almo\u00e7ar ou jantar no frio - Notibras","og_description":"O Inverno chegou e as temperaturas t\u00eam feito jus \u00e0 nova esta\u00e7\u00e3o, com dias e noites bem gelados. Com esse friozinho, muitas vezes bate aquela pregui\u00e7a de sair do ambiente de trabalho para almo\u00e7ar ou mesmo deixar a casa para curtir um jantar no restaurante. A dica ent\u00e3o \u00e9 pedir um lanch\u00e3o repleto de sabor [&hellip;]","og_url":"https:\/\/www.notibras.com\/site\/solucao-para-preguica-de-sair-para-almocar-ou-jantar-no-frio\/","og_site_name":"Notibras","article_publisher":"https:\/\/www.facebook.com\/notibras\/","article_published_time":"2023-06-30T09:56:50+00:00","og_image":[{"width":1072,"height":720,"url":"https:\/\/www.notibras.com\/site\/wp-content\/uploads\/2023\/06\/unnamed-78.jpg","type":"image\/jpeg"}],"author":"Reda\u00e7\u00e3o","twitter_card":"summary_large_image","twitter_creator":"@Notibras","twitter_site":"@Notibras","twitter_misc":{"Escrito por":"Reda\u00e7\u00e3o","Est. tempo de leitura":"3 minutos"},"schema":{"@context":"https:\/\/schema.org","@graph":[{"@type":"Article","@id":"https:\/\/www.notibras.com\/site\/solucao-para-preguica-de-sair-para-almocar-ou-jantar-no-frio\/#article","isPartOf":{"@id":"https:\/\/www.notibras.com\/site\/solucao-para-preguica-de-sair-para-almocar-ou-jantar-no-frio\/"},"author":{"name":"Reda\u00e7\u00e3o","@id":"https:\/\/www.notibras.com\/site\/#\/schema\/person\/36ab0979449956132d3e5b517ea76ac8"},"headline":"Solu\u00e7\u00e3o para pregui\u00e7a de sair para almo\u00e7ar ou jantar no frio","datePublished":"2023-06-30T09:56:50+00:00","mainEntityOfPage":{"@id":"https:\/\/www.notibras.com\/site\/solucao-para-preguica-de-sair-para-almocar-ou-jantar-no-frio\/"},"wordCount":493,"publisher":{"@id":"https:\/\/www.notibras.com\/site\/#organization"},"image":{"@id":"https:\/\/www.notibras.com\/site\/solucao-para-preguica-de-sair-para-almocar-ou-jantar-no-frio\/#primaryimage"},"thumbnailUrl":"https:\/\/www.notibras.com\/site\/wp-content\/uploads\/2023\/06\/unnamed-78.jpg","articleSection":["Quadradinho em Foco"],"inLanguage":"pt-BR"},{"@type":"WebPage","@id":"https:\/\/www.notibras.com\/site\/solucao-para-preguica-de-sair-para-almocar-ou-jantar-no-frio\/","url":"https:\/\/www.notibras.com\/site\/solucao-para-preguica-de-sair-para-almocar-ou-jantar-no-frio\/","name":"Solu\u00e7\u00e3o para pregui\u00e7a de sair para almo\u00e7ar ou jantar no frio - Notibras","isPartOf":{"@id":"https:\/\/www.notibras.com\/site\/#website"},"primaryImageOfPage":{"@id":"https:\/\/www.notibras.com\/site\/solucao-para-preguica-de-sair-para-almocar-ou-jantar-no-frio\/#primaryimage"},"image":{"@id":"https:\/\/www.notibras.com\/site\/solucao-para-preguica-de-sair-para-almocar-ou-jantar-no-frio\/#primaryimage"},"thumbnailUrl":"https:\/\/www.notibras.com\/site\/wp-content\/uploads\/2023\/06\/unnamed-78.jpg","datePublished":"2023-06-30T09:56:50+00:00","breadcrumb":{"@id":"https:\/\/www.notibras.com\/site\/solucao-para-preguica-de-sair-para-almocar-ou-jantar-no-frio\/#breadcrumb"},"inLanguage":"pt-BR","potentialAction":[{"@type":"ReadAction","target":["https:\/\/www.notibras.com\/site\/solucao-para-preguica-de-sair-para-almocar-ou-jantar-no-frio\/"]}]},{"@type":"ImageObject","inLanguage":"pt-BR","@id":"https:\/\/www.notibras.com\/site\/solucao-para-preguica-de-sair-para-almocar-ou-jantar-no-frio\/#primaryimage","url":"https:\/\/www.notibras.com\/site\/wp-content\/uploads\/2023\/06\/unnamed-78.jpg","contentUrl":"https:\/\/www.notibras.com\/site\/wp-content\/uploads\/2023\/06\/unnamed-78.jpg","width":1072,"height":720},{"@type":"BreadcrumbList","@id":"https:\/\/www.notibras.com\/site\/solucao-para-preguica-de-sair-para-almocar-ou-jantar-no-frio\/#breadcrumb","itemListElement":[{"@type":"ListItem","position":1,"name":"In\u00edcio","item":"https:\/\/www.notibras.com\/site\/"},{"@type":"ListItem","position":2,"name":"Solu\u00e7\u00e3o para pregui\u00e7a de sair para almo\u00e7ar ou jantar no frio"}]},{"@type":"WebSite","@id":"https:\/\/www.notibras.com\/site\/#website","url":"https:\/\/www.notibras.com\/site\/","name":"Notibras","description":"Not\u00edcias de Bras\u00edlia, do Brasil e do Mundo","publisher":{"@id":"https:\/\/www.notibras.com\/site\/#organization"},"potentialAction":[{"@type":"SearchAction","target":{"@type":"EntryPoint","urlTemplate":"https:\/\/www.notibras.com\/site\/?s={search_term_string}"},"query-input":{"@type":"PropertyValueSpecification","valueRequired":true,"valueName":"search_term_string"}}],"inLanguage":"pt-BR"},{"@type":"Organization","@id":"https:\/\/www.notibras.com\/site\/#organization","name":"Grupo Notibras de Comunica\u00e7\u00e3o","url":"https:\/\/www.notibras.com\/site\/","logo":{"@type":"ImageObject","inLanguage":"pt-BR","@id":"https:\/\/www.notibras.com\/site\/#\/schema\/logo\/image\/","url":"https:\/\/www.notibras.com\/site\/wp-content\/uploads\/2023\/01\/notibras23.png","contentUrl":"https:\/\/www.notibras.com\/site\/wp-content\/uploads\/2023\/01\/notibras23.png","width":350,"height":87,"caption":"Grupo Notibras de Comunica\u00e7\u00e3o"},"image":{"@id":"https:\/\/www.notibras.com\/site\/#\/schema\/logo\/image\/"},"sameAs":["https:\/\/www.facebook.com\/notibras\/","https:\/\/x.com\/Notibras","https:\/\/www.instagram.com\/notibras\/"]},{"@type":"Person","@id":"https:\/\/www.notibras.com\/site\/#\/schema\/person\/36ab0979449956132d3e5b517ea76ac8","name":"Reda\u00e7\u00e3o","image":{"@type":"ImageObject","inLanguage":"pt-BR","@id":"https:\/\/secure.gravatar.com\/avatar\/e0a867bdedb85fd243eadf09663511f96fc81e0720a4a42581f334ad4303aa6b?s=96&d=mm&r=g","url":"https:\/\/secure.gravatar.com\/avatar\/e0a867bdedb85fd243eadf09663511f96fc81e0720a4a42581f334ad4303aa6b?s=96&d=mm&r=g","contentUrl":"https:\/\/secure.gravatar.com\/avatar\/e0a867bdedb85fd243eadf09663511f96fc81e0720a4a42581f334ad4303aa6b?s=96&d=mm&r=g","caption":"Reda\u00e7\u00e3o"}}]}},"amp_enabled":true,"_links":{"self":[{"href":"https:\/\/www.notibras.com\/site\/wp-json\/wp\/v2\/posts\/307932","targetHints":{"allow":["GET"]}}],"collection":[{"href":"https:\/\/www.notibras.com\/site\/wp-json\/wp\/v2\/posts"}],"about":[{"href":"https:\/\/www.notibras.com\/site\/wp-json\/wp\/v2\/types\/post"}],"author":[{"embeddable":true,"href":"https:\/\/www.notibras.com\/site\/wp-json\/wp\/v2\/users\/2"}],"replies":[{"embeddable":true,"href":"https:\/\/www.notibras.com\/site\/wp-json\/wp\/v2\/comments?post=307932"}],"version-history":[{"count":1,"href":"https:\/\/www.notibras.com\/site\/wp-json\/wp\/v2\/posts\/307932\/revisions"}],"predecessor-version":[{"id":307934,"href":"https:\/\/www.notibras.com\/site\/wp-json\/wp\/v2\/posts\/307932\/revisions\/307934"}],"wp:featuredmedia":[{"embeddable":true,"href":"https:\/\/www.notibras.com\/site\/wp-json\/wp\/v2\/media\/307933"}],"wp:attachment":[{"href":"https:\/\/www.notibras.com\/site\/wp-json\/wp\/v2\/media?parent=307932"}],"wp:term":[{"taxonomy":"category","embeddable":true,"href":"https:\/\/www.notibras.com\/site\/wp-json\/wp\/v2\/categories?post=307932"},{"taxonomy":"post_tag","embeddable":true,"href":"https:\/\/www.notibras.com\/site\/wp-json\/wp\/v2\/tags?post=307932"}],"curies":[{"name":"wp","href":"https:\/\/api.w.org\/{rel}","templated":true}]}}