{"id":308010,"date":"2023-07-01T11:09:32","date_gmt":"2023-07-01T14:09:32","guid":{"rendered":"https:\/\/www.notibras.com\/site\/?p=308010"},"modified":"2023-07-01T11:09:32","modified_gmt":"2023-07-01T14:09:32","slug":"praca-dos-orixas-recebe-visita-de-araba-ifaniyi-alade-ojo","status":"publish","type":"post","link":"https:\/\/www.notibras.com\/site\/praca-dos-orixas-recebe-visita-de-araba-ifaniyi-alade-ojo\/","title":{"rendered":"Pra\u00e7a dos Orix\u00e1s recebe visita de Ar\u00e0b\u00e0 Ifaniyi Alade Ojo"},"content":{"rendered":"<p>A sexta-feira,30, foi marcada pela participa\u00e7\u00e3o de estudantes do ensino m\u00e9dio de escolas do Gama e do Cruzeiro em um privilegiado tour pelo Pante\u00e3o Afro da Pra\u00e7a dos Orix\u00e1s, sob a tutela do sumo sacerdote nigeriano, Ar\u00e0b\u00e0 Ifaniyi Alade Ojo, da Nig\u00e9ria, autoridade m\u00e1xima do culto de If\u00e1, de M\u00e3e Baiana de Oy\u00e1, de Y\u00e1 Zulmira de Nan\u00e3n e de Bab\u00e1 Felipe de Logun Ed\u00e9. O grupo recebeu uma verdadeira master class sobre a hist\u00f3ria e a simbologia de cada uma das divindades da mitologia africana Yor\u00f9b\u00e1. Ao fim de cada visita, os estudantes tiveram ainda a oportunidade de vivenciar uma Roda de Capoeira com o Bando Matilha Capoeira. E tem mais neste s\u00e1bado, 1\u00ba.<\/p>\n<p>\u201cAgrade\u00e7o a oportunidade de estar hoje, na Pra\u00e7a dos Orix\u00e1s, fazendo esse reencontro com o legado de nossos ancestrais que vieram h\u00e1 muitos. Para mim, foi um grande prazer estar aqui encontrando tanto os Orix\u00e1s, quanto os estudantes que vieram participar desse passeio. Eu parabenizo a todos que est\u00e3o lutando para manter a nossa hist\u00f3ria, semeando nas crian\u00e7as esses conhecimentos, para que no futuro elas possam entender melhor a tradi\u00e7\u00e3o e para que n\u00e3o tenham preconceito. Espero que encontros como este tenham longevidade. Ax\u00e9\u201d, declarou Ar\u00e0b\u00e0 Ifaniyi Alade Ojo, durante a visita.<\/p>\n<p><strong>Combate \u00e0 intoler\u00e2ncia<\/strong><br \/>\nA iniciativa, que \u00e9 idealizada e viabilizada pelo Instituto Rosa dos Ventos, e conta com apoio da Funda\u00e7\u00e3o Cultural Palmares, pretende proporcionar a atividade para diferentes escolas do DF, uma vez ao m\u00eas, durante todo o ano. O objetivo \u00e9 promover a educa\u00e7\u00e3o e disseminar o conhecimento como ferramentas essenciais no combate \u00e0 intoler\u00e2ncia e ao racismo religioso.<\/p>\n<p>\u201cO ambiente escolar tem esse papel: construir sabedoria. Onde tem sabedoria, n\u00e3o h\u00e1 preconceito. \u00c9 com as escolas que constru\u00edmos o olhar de respeito e admira\u00e7\u00e3o pelas culturas de matrizes africanas. H\u00e1 muita beleza nessas tradi\u00e7\u00f5es e n\u00e3o h\u00e1 espa\u00e7o para ignor\u00e2ncia. Trazer as escolas para aprender sobre o significado e visitar a Pra\u00e7a, que, assim como a Catedral, tamb\u00e9m \u00e9 um patrim\u00f4nio de nossa cidade, representa ampliar o olhar para a nossa cultura e hist\u00f3ria\u201d, ressalta St\u00e9ffanie Oliveira, presidenta do Instituto.<\/p>\n<p>Para a estudante Maria Eduarda de Paula, de 16 anos, a visita foi muito educativa.<\/p>\n<p>\u201cEu n\u00e3o sabia sobre as hist\u00f3rias dos Orix\u00e1s, foi muito legal aprender sobre cada um deles, vir at\u00e9 a Pra\u00e7a, conhecer as est\u00e1tuas. Achei a presen\u00e7a do sacerdote muito significativa e importante. Eu nunca havia visto algu\u00e9m falando em Yor\u00f9b\u00e1, \u00e9 muito interessante ter esse contato t\u00e3o pr\u00f3ximo com a cultura\u201d, comenta.<br \/>\nA celebra\u00e7\u00e3o ao Orix\u00e1 Guerreiro<\/p>\n<p>A visita\u00e7\u00e3o das escolas precede a realiza\u00e7\u00e3o do Territ\u00f3rios Sonoros, festival idealizado pela Rosa dos Ventos, que acontece no pr\u00f3ximo s\u00e1bado, 01 de julho, a partir das 12h, na Pra\u00e7a dos Orix\u00e1s, e promove encontros in\u00e9ditos das Culturas de Rua com as Culturas de Terreiro. Durante o evento, Mestras e Mestres da Cultura Popular, como Martinha do Coco, compartilham os palcos com poetas de Rap e Hip Hop, como RAPadura Xique e GOG, repaginando as cl\u00e1ssicas batalhas de versos, em um reencontro de ra\u00edzes afro-brasileiras.<\/p>\n<p>A realiza\u00e7\u00e3o deste grande e in\u00e9dito encontro de sons, batidas e ritmos em territ\u00f3rio sagrado traz tamb\u00e9m uma importante homenagem a Ogum, Orix\u00e1 Guerreiro, lutador e defensor da justi\u00e7a e da ordem, cuja imagem foi incendiada em agosto de 2021, na Pra\u00e7a.<\/p>\n<p>Diante da depreda\u00e7\u00e3o, o sumo sacerdote nigeriano de If\u00e1, define como vergonhoso o ato de racismo religioso.<\/p>\n<p>\u201c\u00c9 uma vergonha, eu sinto pelas depreda\u00e7\u00f5es que acontecem com os Orix\u00e1s. Esses s\u00edmbolos que est\u00e3o aqui s\u00e3o muito importantes para n\u00f3s, para a nossa hist\u00f3ria e para a nossa viv\u00eancia na terra. \u00c9 uma vergonha ver essa destrui\u00e7\u00e3o por falta de conhecimento da nossa hist\u00f3ria e da import\u00e2ncia da exist\u00eancia desses Orix\u00e1s\u201d, aponta.<\/p>\n<p>Para representar a imagem de Ogum, que ainda n\u00e3o foi reconstitu\u00edda e devolvida \u00e0 Pra\u00e7a e ao povo de terreiro, um prot\u00f3tipo do Orix\u00e1 foi criado pelo artista pl\u00e1stico Josu\u00e9 Isa\u00edas.<\/p>\n<p>\u201cToda a cria\u00e7\u00e3o desta escultura foi orientada e direcionada pelo Coletivo das Y\u00e1s, para que a imagem remetesse, ao m\u00e1ximo, a simbologia desse Orix\u00e1. Representamos Ogum como um super-her\u00f3i, uma divindade grandiosa, por isso, trouxemos uma anatomia robusta e elementos como metal\u201d, explica o artista.<\/p>\n<p>Al\u00e9m das atra\u00e7\u00f5es musicais, o evento conta com feira gastron\u00f4mica, artesanato, espa\u00e7o Er\u00ea e celebra\u00e7\u00e3o sagrada.<\/p>\n<p>Servi\u00e7o: Territ\u00f3rios Sonoros \u2014 Ogunh\u00ea!<br \/>\nData: 1\u00ba de julho.<br \/>\nHor\u00e1rio: a partir das 12h.<br \/>\nLocal: Pra\u00e7a dos Orix\u00e1s.<\/p>\n","protected":false},"excerpt":{"rendered":"<p>A sexta-feira,30, foi marcada pela participa\u00e7\u00e3o de estudantes do ensino m\u00e9dio de escolas do Gama e do Cruzeiro em um privilegiado tour pelo Pante\u00e3o Afro da Pra\u00e7a dos Orix\u00e1s, sob a tutela do sumo sacerdote nigeriano, Ar\u00e0b\u00e0 Ifaniyi Alade Ojo, da Nig\u00e9ria, autoridade m\u00e1xima do culto de If\u00e1, de M\u00e3e Baiana de Oy\u00e1, de Y\u00e1 [&hellip;]<\/p>\n","protected":false},"author":2,"featured_media":308011,"comment_status":"closed","ping_status":"closed","sticky":false,"template":"","format":"standard","meta":{"_acf_changed":false,"footnotes":""},"categories":[161],"tags":[],"class_list":["post-308010","post","type-post","status-publish","format-standard","has-post-thumbnail","hentry","category-quadradinho-em-foco"],"acf":[],"yoast_head":"<!-- This site is optimized with the Yoast SEO plugin v27.2 - https:\/\/yoast.com\/product\/yoast-seo-wordpress\/ -->\n<title>Pra\u00e7a dos Orix\u00e1s recebe visita de Ar\u00e0b\u00e0 Ifaniyi Alade Ojo - Notibras<\/title>\n<meta name=\"robots\" content=\"index, follow, max-snippet:-1, max-image-preview:large, max-video-preview:-1\" \/>\n<link rel=\"canonical\" href=\"https:\/\/www.notibras.com\/site\/praca-dos-orixas-recebe-visita-de-araba-ifaniyi-alade-ojo\/\" \/>\n<meta property=\"og:locale\" content=\"pt_BR\" \/>\n<meta property=\"og:type\" content=\"article\" \/>\n<meta property=\"og:title\" content=\"Pra\u00e7a dos Orix\u00e1s recebe visita de Ar\u00e0b\u00e0 Ifaniyi Alade Ojo - Notibras\" \/>\n<meta property=\"og:description\" content=\"A sexta-feira,30, foi marcada pela participa\u00e7\u00e3o de estudantes do ensino m\u00e9dio de escolas do Gama e do Cruzeiro em um privilegiado tour pelo Pante\u00e3o Afro da Pra\u00e7a dos Orix\u00e1s, sob a tutela do sumo sacerdote nigeriano, Ar\u00e0b\u00e0 Ifaniyi Alade Ojo, da Nig\u00e9ria, autoridade m\u00e1xima do culto de If\u00e1, de M\u00e3e Baiana de Oy\u00e1, de Y\u00e1 [&hellip;]\" \/>\n<meta property=\"og:url\" content=\"https:\/\/www.notibras.com\/site\/praca-dos-orixas-recebe-visita-de-araba-ifaniyi-alade-ojo\/\" \/>\n<meta property=\"og:site_name\" content=\"Notibras\" \/>\n<meta property=\"article:publisher\" content=\"https:\/\/www.facebook.com\/notibras\/\" \/>\n<meta property=\"article:published_time\" content=\"2023-07-01T14:09:32+00:00\" \/>\n<meta property=\"og:image\" content=\"https:\/\/www.notibras.com\/site\/wp-content\/uploads\/2023\/07\/09869e71-8580-4dda-a5a4-f44bff0e2110.jpeg\" \/>\n\t<meta property=\"og:image:width\" content=\"580\" \/>\n\t<meta property=\"og:image:height\" content=\"386\" \/>\n\t<meta property=\"og:image:type\" content=\"image\/jpeg\" \/>\n<meta name=\"author\" content=\"Reda\u00e7\u00e3o\" \/>\n<meta name=\"twitter:card\" content=\"summary_large_image\" \/>\n<meta name=\"twitter:creator\" content=\"@Notibras\" \/>\n<meta name=\"twitter:site\" content=\"@Notibras\" \/>\n<meta name=\"twitter:label1\" content=\"Escrito por\" \/>\n\t<meta name=\"twitter:data1\" content=\"Reda\u00e7\u00e3o\" \/>\n\t<meta name=\"twitter:label2\" content=\"Est. tempo de leitura\" \/>\n\t<meta name=\"twitter:data2\" content=\"5 minutos\" \/>\n<script type=\"application\/ld+json\" class=\"yoast-schema-graph\">{\"@context\":\"https:\/\/schema.org\",\"@graph\":[{\"@type\":\"Article\",\"@id\":\"https:\/\/www.notibras.com\/site\/praca-dos-orixas-recebe-visita-de-araba-ifaniyi-alade-ojo\/#article\",\"isPartOf\":{\"@id\":\"https:\/\/www.notibras.com\/site\/praca-dos-orixas-recebe-visita-de-araba-ifaniyi-alade-ojo\/\"},\"author\":{\"name\":\"Reda\u00e7\u00e3o\",\"@id\":\"https:\/\/www.notibras.com\/site\/#\/schema\/person\/36ab0979449956132d3e5b517ea76ac8\"},\"headline\":\"Pra\u00e7a dos Orix\u00e1s recebe visita de Ar\u00e0b\u00e0 Ifaniyi Alade Ojo\",\"datePublished\":\"2023-07-01T14:09:32+00:00\",\"mainEntityOfPage\":{\"@id\":\"https:\/\/www.notibras.com\/site\/praca-dos-orixas-recebe-visita-de-araba-ifaniyi-alade-ojo\/\"},\"wordCount\":828,\"publisher\":{\"@id\":\"https:\/\/www.notibras.com\/site\/#organization\"},\"image\":{\"@id\":\"https:\/\/www.notibras.com\/site\/praca-dos-orixas-recebe-visita-de-araba-ifaniyi-alade-ojo\/#primaryimage\"},\"thumbnailUrl\":\"https:\/\/www.notibras.com\/site\/wp-content\/uploads\/2023\/07\/09869e71-8580-4dda-a5a4-f44bff0e2110.jpeg\",\"articleSection\":[\"Quadradinho em Foco\"],\"inLanguage\":\"pt-BR\"},{\"@type\":\"WebPage\",\"@id\":\"https:\/\/www.notibras.com\/site\/praca-dos-orixas-recebe-visita-de-araba-ifaniyi-alade-ojo\/\",\"url\":\"https:\/\/www.notibras.com\/site\/praca-dos-orixas-recebe-visita-de-araba-ifaniyi-alade-ojo\/\",\"name\":\"Pra\u00e7a dos Orix\u00e1s recebe visita de Ar\u00e0b\u00e0 Ifaniyi Alade Ojo - Notibras\",\"isPartOf\":{\"@id\":\"https:\/\/www.notibras.com\/site\/#website\"},\"primaryImageOfPage\":{\"@id\":\"https:\/\/www.notibras.com\/site\/praca-dos-orixas-recebe-visita-de-araba-ifaniyi-alade-ojo\/#primaryimage\"},\"image\":{\"@id\":\"https:\/\/www.notibras.com\/site\/praca-dos-orixas-recebe-visita-de-araba-ifaniyi-alade-ojo\/#primaryimage\"},\"thumbnailUrl\":\"https:\/\/www.notibras.com\/site\/wp-content\/uploads\/2023\/07\/09869e71-8580-4dda-a5a4-f44bff0e2110.jpeg\",\"datePublished\":\"2023-07-01T14:09:32+00:00\",\"breadcrumb\":{\"@id\":\"https:\/\/www.notibras.com\/site\/praca-dos-orixas-recebe-visita-de-araba-ifaniyi-alade-ojo\/#breadcrumb\"},\"inLanguage\":\"pt-BR\",\"potentialAction\":[{\"@type\":\"ReadAction\",\"target\":[\"https:\/\/www.notibras.com\/site\/praca-dos-orixas-recebe-visita-de-araba-ifaniyi-alade-ojo\/\"]}]},{\"@type\":\"ImageObject\",\"inLanguage\":\"pt-BR\",\"@id\":\"https:\/\/www.notibras.com\/site\/praca-dos-orixas-recebe-visita-de-araba-ifaniyi-alade-ojo\/#primaryimage\",\"url\":\"https:\/\/www.notibras.com\/site\/wp-content\/uploads\/2023\/07\/09869e71-8580-4dda-a5a4-f44bff0e2110.jpeg\",\"contentUrl\":\"https:\/\/www.notibras.com\/site\/wp-content\/uploads\/2023\/07\/09869e71-8580-4dda-a5a4-f44bff0e2110.jpeg\",\"width\":580,\"height\":386},{\"@type\":\"BreadcrumbList\",\"@id\":\"https:\/\/www.notibras.com\/site\/praca-dos-orixas-recebe-visita-de-araba-ifaniyi-alade-ojo\/#breadcrumb\",\"itemListElement\":[{\"@type\":\"ListItem\",\"position\":1,\"name\":\"In\u00edcio\",\"item\":\"https:\/\/www.notibras.com\/site\/\"},{\"@type\":\"ListItem\",\"position\":2,\"name\":\"Pra\u00e7a dos Orix\u00e1s recebe visita de Ar\u00e0b\u00e0 Ifaniyi Alade Ojo\"}]},{\"@type\":\"WebSite\",\"@id\":\"https:\/\/www.notibras.com\/site\/#website\",\"url\":\"https:\/\/www.notibras.com\/site\/\",\"name\":\"Notibras\",\"description\":\"Not\u00edcias de Bras\u00edlia, do Brasil e do Mundo\",\"publisher\":{\"@id\":\"https:\/\/www.notibras.com\/site\/#organization\"},\"potentialAction\":[{\"@type\":\"SearchAction\",\"target\":{\"@type\":\"EntryPoint\",\"urlTemplate\":\"https:\/\/www.notibras.com\/site\/?s={search_term_string}\"},\"query-input\":{\"@type\":\"PropertyValueSpecification\",\"valueRequired\":true,\"valueName\":\"search_term_string\"}}],\"inLanguage\":\"pt-BR\"},{\"@type\":\"Organization\",\"@id\":\"https:\/\/www.notibras.com\/site\/#organization\",\"name\":\"Grupo Notibras de Comunica\u00e7\u00e3o\",\"url\":\"https:\/\/www.notibras.com\/site\/\",\"logo\":{\"@type\":\"ImageObject\",\"inLanguage\":\"pt-BR\",\"@id\":\"https:\/\/www.notibras.com\/site\/#\/schema\/logo\/image\/\",\"url\":\"https:\/\/www.notibras.com\/site\/wp-content\/uploads\/2023\/01\/notibras23.png\",\"contentUrl\":\"https:\/\/www.notibras.com\/site\/wp-content\/uploads\/2023\/01\/notibras23.png\",\"width\":350,\"height\":87,\"caption\":\"Grupo Notibras de Comunica\u00e7\u00e3o\"},\"image\":{\"@id\":\"https:\/\/www.notibras.com\/site\/#\/schema\/logo\/image\/\"},\"sameAs\":[\"https:\/\/www.facebook.com\/notibras\/\",\"https:\/\/x.com\/Notibras\",\"https:\/\/www.instagram.com\/notibras\/\"]},{\"@type\":\"Person\",\"@id\":\"https:\/\/www.notibras.com\/site\/#\/schema\/person\/36ab0979449956132d3e5b517ea76ac8\",\"name\":\"Reda\u00e7\u00e3o\",\"image\":{\"@type\":\"ImageObject\",\"inLanguage\":\"pt-BR\",\"@id\":\"https:\/\/secure.gravatar.com\/avatar\/e0a867bdedb85fd243eadf09663511f96fc81e0720a4a42581f334ad4303aa6b?s=96&d=mm&r=g\",\"url\":\"https:\/\/secure.gravatar.com\/avatar\/e0a867bdedb85fd243eadf09663511f96fc81e0720a4a42581f334ad4303aa6b?s=96&d=mm&r=g\",\"contentUrl\":\"https:\/\/secure.gravatar.com\/avatar\/e0a867bdedb85fd243eadf09663511f96fc81e0720a4a42581f334ad4303aa6b?s=96&d=mm&r=g\",\"caption\":\"Reda\u00e7\u00e3o\"}}]}<\/script>\n<!-- \/ Yoast SEO plugin. -->","yoast_head_json":{"title":"Pra\u00e7a dos Orix\u00e1s recebe visita de Ar\u00e0b\u00e0 Ifaniyi Alade Ojo - Notibras","robots":{"index":"index","follow":"follow","max-snippet":"max-snippet:-1","max-image-preview":"max-image-preview:large","max-video-preview":"max-video-preview:-1"},"canonical":"https:\/\/www.notibras.com\/site\/praca-dos-orixas-recebe-visita-de-araba-ifaniyi-alade-ojo\/","og_locale":"pt_BR","og_type":"article","og_title":"Pra\u00e7a dos Orix\u00e1s recebe visita de Ar\u00e0b\u00e0 Ifaniyi Alade Ojo - Notibras","og_description":"A sexta-feira,30, foi marcada pela participa\u00e7\u00e3o de estudantes do ensino m\u00e9dio de escolas do Gama e do Cruzeiro em um privilegiado tour pelo Pante\u00e3o Afro da Pra\u00e7a dos Orix\u00e1s, sob a tutela do sumo sacerdote nigeriano, Ar\u00e0b\u00e0 Ifaniyi Alade Ojo, da Nig\u00e9ria, autoridade m\u00e1xima do culto de If\u00e1, de M\u00e3e Baiana de Oy\u00e1, de Y\u00e1 [&hellip;]","og_url":"https:\/\/www.notibras.com\/site\/praca-dos-orixas-recebe-visita-de-araba-ifaniyi-alade-ojo\/","og_site_name":"Notibras","article_publisher":"https:\/\/www.facebook.com\/notibras\/","article_published_time":"2023-07-01T14:09:32+00:00","og_image":[{"width":580,"height":386,"url":"https:\/\/www.notibras.com\/site\/wp-content\/uploads\/2023\/07\/09869e71-8580-4dda-a5a4-f44bff0e2110.jpeg","type":"image\/jpeg"}],"author":"Reda\u00e7\u00e3o","twitter_card":"summary_large_image","twitter_creator":"@Notibras","twitter_site":"@Notibras","twitter_misc":{"Escrito por":"Reda\u00e7\u00e3o","Est. tempo de leitura":"5 minutos"},"schema":{"@context":"https:\/\/schema.org","@graph":[{"@type":"Article","@id":"https:\/\/www.notibras.com\/site\/praca-dos-orixas-recebe-visita-de-araba-ifaniyi-alade-ojo\/#article","isPartOf":{"@id":"https:\/\/www.notibras.com\/site\/praca-dos-orixas-recebe-visita-de-araba-ifaniyi-alade-ojo\/"},"author":{"name":"Reda\u00e7\u00e3o","@id":"https:\/\/www.notibras.com\/site\/#\/schema\/person\/36ab0979449956132d3e5b517ea76ac8"},"headline":"Pra\u00e7a dos Orix\u00e1s recebe visita de Ar\u00e0b\u00e0 Ifaniyi Alade Ojo","datePublished":"2023-07-01T14:09:32+00:00","mainEntityOfPage":{"@id":"https:\/\/www.notibras.com\/site\/praca-dos-orixas-recebe-visita-de-araba-ifaniyi-alade-ojo\/"},"wordCount":828,"publisher":{"@id":"https:\/\/www.notibras.com\/site\/#organization"},"image":{"@id":"https:\/\/www.notibras.com\/site\/praca-dos-orixas-recebe-visita-de-araba-ifaniyi-alade-ojo\/#primaryimage"},"thumbnailUrl":"https:\/\/www.notibras.com\/site\/wp-content\/uploads\/2023\/07\/09869e71-8580-4dda-a5a4-f44bff0e2110.jpeg","articleSection":["Quadradinho em Foco"],"inLanguage":"pt-BR"},{"@type":"WebPage","@id":"https:\/\/www.notibras.com\/site\/praca-dos-orixas-recebe-visita-de-araba-ifaniyi-alade-ojo\/","url":"https:\/\/www.notibras.com\/site\/praca-dos-orixas-recebe-visita-de-araba-ifaniyi-alade-ojo\/","name":"Pra\u00e7a dos Orix\u00e1s recebe visita de Ar\u00e0b\u00e0 Ifaniyi Alade Ojo - Notibras","isPartOf":{"@id":"https:\/\/www.notibras.com\/site\/#website"},"primaryImageOfPage":{"@id":"https:\/\/www.notibras.com\/site\/praca-dos-orixas-recebe-visita-de-araba-ifaniyi-alade-ojo\/#primaryimage"},"image":{"@id":"https:\/\/www.notibras.com\/site\/praca-dos-orixas-recebe-visita-de-araba-ifaniyi-alade-ojo\/#primaryimage"},"thumbnailUrl":"https:\/\/www.notibras.com\/site\/wp-content\/uploads\/2023\/07\/09869e71-8580-4dda-a5a4-f44bff0e2110.jpeg","datePublished":"2023-07-01T14:09:32+00:00","breadcrumb":{"@id":"https:\/\/www.notibras.com\/site\/praca-dos-orixas-recebe-visita-de-araba-ifaniyi-alade-ojo\/#breadcrumb"},"inLanguage":"pt-BR","potentialAction":[{"@type":"ReadAction","target":["https:\/\/www.notibras.com\/site\/praca-dos-orixas-recebe-visita-de-araba-ifaniyi-alade-ojo\/"]}]},{"@type":"ImageObject","inLanguage":"pt-BR","@id":"https:\/\/www.notibras.com\/site\/praca-dos-orixas-recebe-visita-de-araba-ifaniyi-alade-ojo\/#primaryimage","url":"https:\/\/www.notibras.com\/site\/wp-content\/uploads\/2023\/07\/09869e71-8580-4dda-a5a4-f44bff0e2110.jpeg","contentUrl":"https:\/\/www.notibras.com\/site\/wp-content\/uploads\/2023\/07\/09869e71-8580-4dda-a5a4-f44bff0e2110.jpeg","width":580,"height":386},{"@type":"BreadcrumbList","@id":"https:\/\/www.notibras.com\/site\/praca-dos-orixas-recebe-visita-de-araba-ifaniyi-alade-ojo\/#breadcrumb","itemListElement":[{"@type":"ListItem","position":1,"name":"In\u00edcio","item":"https:\/\/www.notibras.com\/site\/"},{"@type":"ListItem","position":2,"name":"Pra\u00e7a dos Orix\u00e1s recebe visita de Ar\u00e0b\u00e0 Ifaniyi Alade Ojo"}]},{"@type":"WebSite","@id":"https:\/\/www.notibras.com\/site\/#website","url":"https:\/\/www.notibras.com\/site\/","name":"Notibras","description":"Not\u00edcias de Bras\u00edlia, do Brasil e do Mundo","publisher":{"@id":"https:\/\/www.notibras.com\/site\/#organization"},"potentialAction":[{"@type":"SearchAction","target":{"@type":"EntryPoint","urlTemplate":"https:\/\/www.notibras.com\/site\/?s={search_term_string}"},"query-input":{"@type":"PropertyValueSpecification","valueRequired":true,"valueName":"search_term_string"}}],"inLanguage":"pt-BR"},{"@type":"Organization","@id":"https:\/\/www.notibras.com\/site\/#organization","name":"Grupo Notibras de Comunica\u00e7\u00e3o","url":"https:\/\/www.notibras.com\/site\/","logo":{"@type":"ImageObject","inLanguage":"pt-BR","@id":"https:\/\/www.notibras.com\/site\/#\/schema\/logo\/image\/","url":"https:\/\/www.notibras.com\/site\/wp-content\/uploads\/2023\/01\/notibras23.png","contentUrl":"https:\/\/www.notibras.com\/site\/wp-content\/uploads\/2023\/01\/notibras23.png","width":350,"height":87,"caption":"Grupo Notibras de Comunica\u00e7\u00e3o"},"image":{"@id":"https:\/\/www.notibras.com\/site\/#\/schema\/logo\/image\/"},"sameAs":["https:\/\/www.facebook.com\/notibras\/","https:\/\/x.com\/Notibras","https:\/\/www.instagram.com\/notibras\/"]},{"@type":"Person","@id":"https:\/\/www.notibras.com\/site\/#\/schema\/person\/36ab0979449956132d3e5b517ea76ac8","name":"Reda\u00e7\u00e3o","image":{"@type":"ImageObject","inLanguage":"pt-BR","@id":"https:\/\/secure.gravatar.com\/avatar\/e0a867bdedb85fd243eadf09663511f96fc81e0720a4a42581f334ad4303aa6b?s=96&d=mm&r=g","url":"https:\/\/secure.gravatar.com\/avatar\/e0a867bdedb85fd243eadf09663511f96fc81e0720a4a42581f334ad4303aa6b?s=96&d=mm&r=g","contentUrl":"https:\/\/secure.gravatar.com\/avatar\/e0a867bdedb85fd243eadf09663511f96fc81e0720a4a42581f334ad4303aa6b?s=96&d=mm&r=g","caption":"Reda\u00e7\u00e3o"}}]}},"amp_enabled":true,"_links":{"self":[{"href":"https:\/\/www.notibras.com\/site\/wp-json\/wp\/v2\/posts\/308010","targetHints":{"allow":["GET"]}}],"collection":[{"href":"https:\/\/www.notibras.com\/site\/wp-json\/wp\/v2\/posts"}],"about":[{"href":"https:\/\/www.notibras.com\/site\/wp-json\/wp\/v2\/types\/post"}],"author":[{"embeddable":true,"href":"https:\/\/www.notibras.com\/site\/wp-json\/wp\/v2\/users\/2"}],"replies":[{"embeddable":true,"href":"https:\/\/www.notibras.com\/site\/wp-json\/wp\/v2\/comments?post=308010"}],"version-history":[{"count":1,"href":"https:\/\/www.notibras.com\/site\/wp-json\/wp\/v2\/posts\/308010\/revisions"}],"predecessor-version":[{"id":308012,"href":"https:\/\/www.notibras.com\/site\/wp-json\/wp\/v2\/posts\/308010\/revisions\/308012"}],"wp:featuredmedia":[{"embeddable":true,"href":"https:\/\/www.notibras.com\/site\/wp-json\/wp\/v2\/media\/308011"}],"wp:attachment":[{"href":"https:\/\/www.notibras.com\/site\/wp-json\/wp\/v2\/media?parent=308010"}],"wp:term":[{"taxonomy":"category","embeddable":true,"href":"https:\/\/www.notibras.com\/site\/wp-json\/wp\/v2\/categories?post=308010"},{"taxonomy":"post_tag","embeddable":true,"href":"https:\/\/www.notibras.com\/site\/wp-json\/wp\/v2\/tags?post=308010"}],"curies":[{"name":"wp","href":"https:\/\/api.w.org\/{rel}","templated":true}]}}