{"id":308013,"date":"2023-07-01T07:16:52","date_gmt":"2023-07-01T10:16:52","guid":{"rendered":"https:\/\/www.notibras.com\/site\/?p=308013"},"modified":"2023-07-01T11:20:02","modified_gmt":"2023-07-01T14:20:02","slug":"sequestro-de-menina-acende-alerta-sobre-divulgacao-de-imagens","status":"publish","type":"post","link":"https:\/\/www.notibras.com\/site\/sequestro-de-menina-acende-alerta-sobre-divulgacao-de-imagens\/","title":{"rendered":"Sequestro de menina acende alerta sobre divulga\u00e7\u00e3o de imagens"},"content":{"rendered":"<p>Imagens do sequestro e tentativa de estupro de uma crian\u00e7a de 12 anos foram amplamente divulgadas nas redes sociais nesta semana. A v\u00edtima foi sequestrada na \u00faltima quarta-feira (28) ao sair da escola e resgatada ap\u00f3s 11 horas de cativeiro. No im\u00f3vel, a pol\u00edcia encontrou algemas e material usado para sedar a v\u00edtima. V\u00eddeos e fotos de conte\u00fado pornogr\u00e1fico foram encontrados. Os dois suspeitos dos crimes j\u00e1 foram presos.<\/p>\n<p>Especialistas alertam, no entanto, para os riscos de divulga\u00e7\u00e3o de imagens da v\u00edtima em redes sociais. O Estatuto da Crian\u00e7a e do Adolescente (ECA) j\u00e1 prev\u00ea que crian\u00e7as e adolescentes devem ter prote\u00e7\u00e3o integral da fam\u00edlia, da sociedade e do Estado. Para garantir esse direito, a divulga\u00e7\u00e3o de v\u00eddeos, fotos ou conte\u00fado das v\u00edtimas, mesmo com intuito de fazer um alerta, s\u00e3o proibidas.<\/p>\n<p>\u201cDiante de situa\u00e7\u00f5es que envolvem viol\u00eancias \u00e9 necess\u00e1rio que as pessoas entendam que elas n\u00e3o devem compartilhar esses conte\u00fados ainda que seja com o intuito de levar conscientiza\u00e7\u00e3o para as pessoas j\u00e1 alertar as pessoas pelas situa\u00e7\u00f5es como essa\u201d, disse o gerente de projetos na Safernet Brasil, Guilherme Alves.<\/p>\n<p>Ele explica ainda que mesmo que haja inten\u00e7\u00e3o de fazer um alerta, o compartilhamento dessas imagens pode se configurar como crime. E esse conte\u00fado pode ser denunciado no site denuncie.org.br. L\u00e1, os conte\u00fados s\u00e3o analisados por t\u00e9cnicos do Minist\u00e9rio P\u00fablico e da Pol\u00edcia Federal.<\/p>\n<p><strong>Investiga\u00e7\u00f5es<\/strong><br \/>\nA pol\u00edcia encontrou o sequestrador ap\u00f3s informa\u00e7\u00f5es de testemunhas, que viram a menina entrando no carro. \u201cEsse casal, quando praticou o crime, uma testemunha anotou a placa, essa placa foi irradiada para a pol\u00edcia, a pol\u00edcia descobriu o propriet\u00e1rio do carro, que \u00e9 o autor [do crime]\u201d, explicou o delegado da Pol\u00edcia Civil do Distrito Federal, Jo\u00e3o Guilherme.<\/p>\n<p>Imediatamente, a pol\u00edcia foi \u00e0 casa do dono do carro e encontrou dentro do ve\u00edculo uma mochila de crian\u00e7a. Questionado pelos policiais, ele decidiu confessar que a v\u00edtima estava no apartamento dele.<\/p>\n<p>Agora, a Pol\u00edcia Civil investiga a participa\u00e7\u00e3o dos presos em uma rede de abuso e explora\u00e7\u00e3o sexual de menores no sequestro ocorrido esta semana no Distrito Federal.<\/p>\n","protected":false},"excerpt":{"rendered":"<p>Imagens do sequestro e tentativa de estupro de uma crian\u00e7a de 12 anos foram amplamente divulgadas nas redes sociais nesta semana. A v\u00edtima foi sequestrada na \u00faltima quarta-feira (28) ao sair da escola e resgatada ap\u00f3s 11 horas de cativeiro. No im\u00f3vel, a pol\u00edcia encontrou algemas e material usado para sedar a v\u00edtima. V\u00eddeos e [&hellip;]<\/p>\n","protected":false},"author":2,"featured_media":282653,"comment_status":"closed","ping_status":"closed","sticky":false,"template":"","format":"standard","meta":{"_acf_changed":false,"footnotes":""},"categories":[161],"tags":[],"class_list":["post-308013","post","type-post","status-publish","format-standard","has-post-thumbnail","hentry","category-quadradinho-em-foco"],"acf":[],"yoast_head":"<!-- This site is optimized with the Yoast SEO plugin v27.2 - https:\/\/yoast.com\/product\/yoast-seo-wordpress\/ -->\n<title>Sequestro de menina acende alerta sobre divulga\u00e7\u00e3o de imagens - Notibras<\/title>\n<meta name=\"robots\" content=\"index, follow, max-snippet:-1, max-image-preview:large, max-video-preview:-1\" \/>\n<link rel=\"canonical\" href=\"https:\/\/www.notibras.com\/site\/sequestro-de-menina-acende-alerta-sobre-divulgacao-de-imagens\/\" \/>\n<meta property=\"og:locale\" content=\"pt_BR\" \/>\n<meta property=\"og:type\" content=\"article\" \/>\n<meta property=\"og:title\" content=\"Sequestro de menina acende alerta sobre divulga\u00e7\u00e3o de imagens - Notibras\" \/>\n<meta property=\"og:description\" content=\"Imagens do sequestro e tentativa de estupro de uma crian\u00e7a de 12 anos foram amplamente divulgadas nas redes sociais nesta semana. A v\u00edtima foi sequestrada na \u00faltima quarta-feira (28) ao sair da escola e resgatada ap\u00f3s 11 horas de cativeiro. No im\u00f3vel, a pol\u00edcia encontrou algemas e material usado para sedar a v\u00edtima. V\u00eddeos e [&hellip;]\" \/>\n<meta property=\"og:url\" content=\"https:\/\/www.notibras.com\/site\/sequestro-de-menina-acende-alerta-sobre-divulgacao-de-imagens\/\" \/>\n<meta property=\"og:site_name\" content=\"Notibras\" \/>\n<meta property=\"article:publisher\" content=\"https:\/\/www.facebook.com\/notibras\/\" \/>\n<meta property=\"article:published_time\" content=\"2023-07-01T10:16:52+00:00\" \/>\n<meta property=\"article:modified_time\" content=\"2023-07-01T14:20:02+00:00\" \/>\n<meta property=\"og:image\" content=\"https:\/\/www.notibras.com\/site\/wp-content\/uploads\/2022\/03\/violencia_crianca_marcello_casal_jr.jpg\" \/>\n\t<meta property=\"og:image:width\" content=\"1170\" \/>\n\t<meta property=\"og:image:height\" content=\"700\" \/>\n\t<meta property=\"og:image:type\" content=\"image\/jpeg\" \/>\n<meta name=\"author\" content=\"Reda\u00e7\u00e3o\" \/>\n<meta name=\"twitter:card\" content=\"summary_large_image\" \/>\n<meta name=\"twitter:creator\" content=\"@Notibras\" \/>\n<meta name=\"twitter:site\" content=\"@Notibras\" \/>\n<meta name=\"twitter:label1\" content=\"Escrito por\" \/>\n\t<meta name=\"twitter:data1\" content=\"Reda\u00e7\u00e3o\" \/>\n\t<meta name=\"twitter:label2\" content=\"Est. tempo de leitura\" \/>\n\t<meta name=\"twitter:data2\" content=\"2 minutos\" \/>\n<script type=\"application\/ld+json\" class=\"yoast-schema-graph\">{\"@context\":\"https:\/\/schema.org\",\"@graph\":[{\"@type\":\"Article\",\"@id\":\"https:\/\/www.notibras.com\/site\/sequestro-de-menina-acende-alerta-sobre-divulgacao-de-imagens\/#article\",\"isPartOf\":{\"@id\":\"https:\/\/www.notibras.com\/site\/sequestro-de-menina-acende-alerta-sobre-divulgacao-de-imagens\/\"},\"author\":{\"name\":\"Reda\u00e7\u00e3o\",\"@id\":\"https:\/\/www.notibras.com\/site\/#\/schema\/person\/36ab0979449956132d3e5b517ea76ac8\"},\"headline\":\"Sequestro de menina acende alerta sobre divulga\u00e7\u00e3o de imagens\",\"datePublished\":\"2023-07-01T10:16:52+00:00\",\"dateModified\":\"2023-07-01T14:20:02+00:00\",\"mainEntityOfPage\":{\"@id\":\"https:\/\/www.notibras.com\/site\/sequestro-de-menina-acende-alerta-sobre-divulgacao-de-imagens\/\"},\"wordCount\":400,\"publisher\":{\"@id\":\"https:\/\/www.notibras.com\/site\/#organization\"},\"image\":{\"@id\":\"https:\/\/www.notibras.com\/site\/sequestro-de-menina-acende-alerta-sobre-divulgacao-de-imagens\/#primaryimage\"},\"thumbnailUrl\":\"https:\/\/www.notibras.com\/site\/wp-content\/uploads\/2022\/03\/violencia_crianca_marcello_casal_jr.jpg\",\"articleSection\":[\"Quadradinho em Foco\"],\"inLanguage\":\"pt-BR\"},{\"@type\":\"WebPage\",\"@id\":\"https:\/\/www.notibras.com\/site\/sequestro-de-menina-acende-alerta-sobre-divulgacao-de-imagens\/\",\"url\":\"https:\/\/www.notibras.com\/site\/sequestro-de-menina-acende-alerta-sobre-divulgacao-de-imagens\/\",\"name\":\"Sequestro de menina acende alerta sobre divulga\u00e7\u00e3o de imagens - Notibras\",\"isPartOf\":{\"@id\":\"https:\/\/www.notibras.com\/site\/#website\"},\"primaryImageOfPage\":{\"@id\":\"https:\/\/www.notibras.com\/site\/sequestro-de-menina-acende-alerta-sobre-divulgacao-de-imagens\/#primaryimage\"},\"image\":{\"@id\":\"https:\/\/www.notibras.com\/site\/sequestro-de-menina-acende-alerta-sobre-divulgacao-de-imagens\/#primaryimage\"},\"thumbnailUrl\":\"https:\/\/www.notibras.com\/site\/wp-content\/uploads\/2022\/03\/violencia_crianca_marcello_casal_jr.jpg\",\"datePublished\":\"2023-07-01T10:16:52+00:00\",\"dateModified\":\"2023-07-01T14:20:02+00:00\",\"breadcrumb\":{\"@id\":\"https:\/\/www.notibras.com\/site\/sequestro-de-menina-acende-alerta-sobre-divulgacao-de-imagens\/#breadcrumb\"},\"inLanguage\":\"pt-BR\",\"potentialAction\":[{\"@type\":\"ReadAction\",\"target\":[\"https:\/\/www.notibras.com\/site\/sequestro-de-menina-acende-alerta-sobre-divulgacao-de-imagens\/\"]}]},{\"@type\":\"ImageObject\",\"inLanguage\":\"pt-BR\",\"@id\":\"https:\/\/www.notibras.com\/site\/sequestro-de-menina-acende-alerta-sobre-divulgacao-de-imagens\/#primaryimage\",\"url\":\"https:\/\/www.notibras.com\/site\/wp-content\/uploads\/2022\/03\/violencia_crianca_marcello_casal_jr.jpg\",\"contentUrl\":\"https:\/\/www.notibras.com\/site\/wp-content\/uploads\/2022\/03\/violencia_crianca_marcello_casal_jr.jpg\",\"width\":1170,\"height\":700},{\"@type\":\"BreadcrumbList\",\"@id\":\"https:\/\/www.notibras.com\/site\/sequestro-de-menina-acende-alerta-sobre-divulgacao-de-imagens\/#breadcrumb\",\"itemListElement\":[{\"@type\":\"ListItem\",\"position\":1,\"name\":\"In\u00edcio\",\"item\":\"https:\/\/www.notibras.com\/site\/\"},{\"@type\":\"ListItem\",\"position\":2,\"name\":\"Sequestro de menina acende alerta sobre divulga\u00e7\u00e3o de imagens\"}]},{\"@type\":\"WebSite\",\"@id\":\"https:\/\/www.notibras.com\/site\/#website\",\"url\":\"https:\/\/www.notibras.com\/site\/\",\"name\":\"Notibras\",\"description\":\"Not\u00edcias de Bras\u00edlia, do Brasil e do Mundo\",\"publisher\":{\"@id\":\"https:\/\/www.notibras.com\/site\/#organization\"},\"potentialAction\":[{\"@type\":\"SearchAction\",\"target\":{\"@type\":\"EntryPoint\",\"urlTemplate\":\"https:\/\/www.notibras.com\/site\/?s={search_term_string}\"},\"query-input\":{\"@type\":\"PropertyValueSpecification\",\"valueRequired\":true,\"valueName\":\"search_term_string\"}}],\"inLanguage\":\"pt-BR\"},{\"@type\":\"Organization\",\"@id\":\"https:\/\/www.notibras.com\/site\/#organization\",\"name\":\"Grupo Notibras de Comunica\u00e7\u00e3o\",\"url\":\"https:\/\/www.notibras.com\/site\/\",\"logo\":{\"@type\":\"ImageObject\",\"inLanguage\":\"pt-BR\",\"@id\":\"https:\/\/www.notibras.com\/site\/#\/schema\/logo\/image\/\",\"url\":\"https:\/\/www.notibras.com\/site\/wp-content\/uploads\/2023\/01\/notibras23.png\",\"contentUrl\":\"https:\/\/www.notibras.com\/site\/wp-content\/uploads\/2023\/01\/notibras23.png\",\"width\":350,\"height\":87,\"caption\":\"Grupo Notibras de Comunica\u00e7\u00e3o\"},\"image\":{\"@id\":\"https:\/\/www.notibras.com\/site\/#\/schema\/logo\/image\/\"},\"sameAs\":[\"https:\/\/www.facebook.com\/notibras\/\",\"https:\/\/x.com\/Notibras\",\"https:\/\/www.instagram.com\/notibras\/\"]},{\"@type\":\"Person\",\"@id\":\"https:\/\/www.notibras.com\/site\/#\/schema\/person\/36ab0979449956132d3e5b517ea76ac8\",\"name\":\"Reda\u00e7\u00e3o\",\"image\":{\"@type\":\"ImageObject\",\"inLanguage\":\"pt-BR\",\"@id\":\"https:\/\/secure.gravatar.com\/avatar\/e0a867bdedb85fd243eadf09663511f96fc81e0720a4a42581f334ad4303aa6b?s=96&d=mm&r=g\",\"url\":\"https:\/\/secure.gravatar.com\/avatar\/e0a867bdedb85fd243eadf09663511f96fc81e0720a4a42581f334ad4303aa6b?s=96&d=mm&r=g\",\"contentUrl\":\"https:\/\/secure.gravatar.com\/avatar\/e0a867bdedb85fd243eadf09663511f96fc81e0720a4a42581f334ad4303aa6b?s=96&d=mm&r=g\",\"caption\":\"Reda\u00e7\u00e3o\"}}]}<\/script>\n<!-- \/ Yoast SEO plugin. -->","yoast_head_json":{"title":"Sequestro de menina acende alerta sobre divulga\u00e7\u00e3o de imagens - Notibras","robots":{"index":"index","follow":"follow","max-snippet":"max-snippet:-1","max-image-preview":"max-image-preview:large","max-video-preview":"max-video-preview:-1"},"canonical":"https:\/\/www.notibras.com\/site\/sequestro-de-menina-acende-alerta-sobre-divulgacao-de-imagens\/","og_locale":"pt_BR","og_type":"article","og_title":"Sequestro de menina acende alerta sobre divulga\u00e7\u00e3o de imagens - Notibras","og_description":"Imagens do sequestro e tentativa de estupro de uma crian\u00e7a de 12 anos foram amplamente divulgadas nas redes sociais nesta semana. A v\u00edtima foi sequestrada na \u00faltima quarta-feira (28) ao sair da escola e resgatada ap\u00f3s 11 horas de cativeiro. No im\u00f3vel, a pol\u00edcia encontrou algemas e material usado para sedar a v\u00edtima. V\u00eddeos e [&hellip;]","og_url":"https:\/\/www.notibras.com\/site\/sequestro-de-menina-acende-alerta-sobre-divulgacao-de-imagens\/","og_site_name":"Notibras","article_publisher":"https:\/\/www.facebook.com\/notibras\/","article_published_time":"2023-07-01T10:16:52+00:00","article_modified_time":"2023-07-01T14:20:02+00:00","og_image":[{"width":1170,"height":700,"url":"https:\/\/www.notibras.com\/site\/wp-content\/uploads\/2022\/03\/violencia_crianca_marcello_casal_jr.jpg","type":"image\/jpeg"}],"author":"Reda\u00e7\u00e3o","twitter_card":"summary_large_image","twitter_creator":"@Notibras","twitter_site":"@Notibras","twitter_misc":{"Escrito por":"Reda\u00e7\u00e3o","Est. tempo de leitura":"2 minutos"},"schema":{"@context":"https:\/\/schema.org","@graph":[{"@type":"Article","@id":"https:\/\/www.notibras.com\/site\/sequestro-de-menina-acende-alerta-sobre-divulgacao-de-imagens\/#article","isPartOf":{"@id":"https:\/\/www.notibras.com\/site\/sequestro-de-menina-acende-alerta-sobre-divulgacao-de-imagens\/"},"author":{"name":"Reda\u00e7\u00e3o","@id":"https:\/\/www.notibras.com\/site\/#\/schema\/person\/36ab0979449956132d3e5b517ea76ac8"},"headline":"Sequestro de menina acende alerta sobre divulga\u00e7\u00e3o de imagens","datePublished":"2023-07-01T10:16:52+00:00","dateModified":"2023-07-01T14:20:02+00:00","mainEntityOfPage":{"@id":"https:\/\/www.notibras.com\/site\/sequestro-de-menina-acende-alerta-sobre-divulgacao-de-imagens\/"},"wordCount":400,"publisher":{"@id":"https:\/\/www.notibras.com\/site\/#organization"},"image":{"@id":"https:\/\/www.notibras.com\/site\/sequestro-de-menina-acende-alerta-sobre-divulgacao-de-imagens\/#primaryimage"},"thumbnailUrl":"https:\/\/www.notibras.com\/site\/wp-content\/uploads\/2022\/03\/violencia_crianca_marcello_casal_jr.jpg","articleSection":["Quadradinho em Foco"],"inLanguage":"pt-BR"},{"@type":"WebPage","@id":"https:\/\/www.notibras.com\/site\/sequestro-de-menina-acende-alerta-sobre-divulgacao-de-imagens\/","url":"https:\/\/www.notibras.com\/site\/sequestro-de-menina-acende-alerta-sobre-divulgacao-de-imagens\/","name":"Sequestro de menina acende alerta sobre divulga\u00e7\u00e3o de imagens - Notibras","isPartOf":{"@id":"https:\/\/www.notibras.com\/site\/#website"},"primaryImageOfPage":{"@id":"https:\/\/www.notibras.com\/site\/sequestro-de-menina-acende-alerta-sobre-divulgacao-de-imagens\/#primaryimage"},"image":{"@id":"https:\/\/www.notibras.com\/site\/sequestro-de-menina-acende-alerta-sobre-divulgacao-de-imagens\/#primaryimage"},"thumbnailUrl":"https:\/\/www.notibras.com\/site\/wp-content\/uploads\/2022\/03\/violencia_crianca_marcello_casal_jr.jpg","datePublished":"2023-07-01T10:16:52+00:00","dateModified":"2023-07-01T14:20:02+00:00","breadcrumb":{"@id":"https:\/\/www.notibras.com\/site\/sequestro-de-menina-acende-alerta-sobre-divulgacao-de-imagens\/#breadcrumb"},"inLanguage":"pt-BR","potentialAction":[{"@type":"ReadAction","target":["https:\/\/www.notibras.com\/site\/sequestro-de-menina-acende-alerta-sobre-divulgacao-de-imagens\/"]}]},{"@type":"ImageObject","inLanguage":"pt-BR","@id":"https:\/\/www.notibras.com\/site\/sequestro-de-menina-acende-alerta-sobre-divulgacao-de-imagens\/#primaryimage","url":"https:\/\/www.notibras.com\/site\/wp-content\/uploads\/2022\/03\/violencia_crianca_marcello_casal_jr.jpg","contentUrl":"https:\/\/www.notibras.com\/site\/wp-content\/uploads\/2022\/03\/violencia_crianca_marcello_casal_jr.jpg","width":1170,"height":700},{"@type":"BreadcrumbList","@id":"https:\/\/www.notibras.com\/site\/sequestro-de-menina-acende-alerta-sobre-divulgacao-de-imagens\/#breadcrumb","itemListElement":[{"@type":"ListItem","position":1,"name":"In\u00edcio","item":"https:\/\/www.notibras.com\/site\/"},{"@type":"ListItem","position":2,"name":"Sequestro de menina acende alerta sobre divulga\u00e7\u00e3o de imagens"}]},{"@type":"WebSite","@id":"https:\/\/www.notibras.com\/site\/#website","url":"https:\/\/www.notibras.com\/site\/","name":"Notibras","description":"Not\u00edcias de Bras\u00edlia, do Brasil e do Mundo","publisher":{"@id":"https:\/\/www.notibras.com\/site\/#organization"},"potentialAction":[{"@type":"SearchAction","target":{"@type":"EntryPoint","urlTemplate":"https:\/\/www.notibras.com\/site\/?s={search_term_string}"},"query-input":{"@type":"PropertyValueSpecification","valueRequired":true,"valueName":"search_term_string"}}],"inLanguage":"pt-BR"},{"@type":"Organization","@id":"https:\/\/www.notibras.com\/site\/#organization","name":"Grupo Notibras de Comunica\u00e7\u00e3o","url":"https:\/\/www.notibras.com\/site\/","logo":{"@type":"ImageObject","inLanguage":"pt-BR","@id":"https:\/\/www.notibras.com\/site\/#\/schema\/logo\/image\/","url":"https:\/\/www.notibras.com\/site\/wp-content\/uploads\/2023\/01\/notibras23.png","contentUrl":"https:\/\/www.notibras.com\/site\/wp-content\/uploads\/2023\/01\/notibras23.png","width":350,"height":87,"caption":"Grupo Notibras de Comunica\u00e7\u00e3o"},"image":{"@id":"https:\/\/www.notibras.com\/site\/#\/schema\/logo\/image\/"},"sameAs":["https:\/\/www.facebook.com\/notibras\/","https:\/\/x.com\/Notibras","https:\/\/www.instagram.com\/notibras\/"]},{"@type":"Person","@id":"https:\/\/www.notibras.com\/site\/#\/schema\/person\/36ab0979449956132d3e5b517ea76ac8","name":"Reda\u00e7\u00e3o","image":{"@type":"ImageObject","inLanguage":"pt-BR","@id":"https:\/\/secure.gravatar.com\/avatar\/e0a867bdedb85fd243eadf09663511f96fc81e0720a4a42581f334ad4303aa6b?s=96&d=mm&r=g","url":"https:\/\/secure.gravatar.com\/avatar\/e0a867bdedb85fd243eadf09663511f96fc81e0720a4a42581f334ad4303aa6b?s=96&d=mm&r=g","contentUrl":"https:\/\/secure.gravatar.com\/avatar\/e0a867bdedb85fd243eadf09663511f96fc81e0720a4a42581f334ad4303aa6b?s=96&d=mm&r=g","caption":"Reda\u00e7\u00e3o"}}]}},"amp_enabled":true,"_links":{"self":[{"href":"https:\/\/www.notibras.com\/site\/wp-json\/wp\/v2\/posts\/308013","targetHints":{"allow":["GET"]}}],"collection":[{"href":"https:\/\/www.notibras.com\/site\/wp-json\/wp\/v2\/posts"}],"about":[{"href":"https:\/\/www.notibras.com\/site\/wp-json\/wp\/v2\/types\/post"}],"author":[{"embeddable":true,"href":"https:\/\/www.notibras.com\/site\/wp-json\/wp\/v2\/users\/2"}],"replies":[{"embeddable":true,"href":"https:\/\/www.notibras.com\/site\/wp-json\/wp\/v2\/comments?post=308013"}],"version-history":[{"count":1,"href":"https:\/\/www.notibras.com\/site\/wp-json\/wp\/v2\/posts\/308013\/revisions"}],"predecessor-version":[{"id":308014,"href":"https:\/\/www.notibras.com\/site\/wp-json\/wp\/v2\/posts\/308013\/revisions\/308014"}],"wp:featuredmedia":[{"embeddable":true,"href":"https:\/\/www.notibras.com\/site\/wp-json\/wp\/v2\/media\/282653"}],"wp:attachment":[{"href":"https:\/\/www.notibras.com\/site\/wp-json\/wp\/v2\/media?parent=308013"}],"wp:term":[{"taxonomy":"category","embeddable":true,"href":"https:\/\/www.notibras.com\/site\/wp-json\/wp\/v2\/categories?post=308013"},{"taxonomy":"post_tag","embeddable":true,"href":"https:\/\/www.notibras.com\/site\/wp-json\/wp\/v2\/tags?post=308013"}],"curies":[{"name":"wp","href":"https:\/\/api.w.org\/{rel}","templated":true}]}}