{"id":30802,"date":"2014-12-10T01:15:41","date_gmt":"2014-12-10T04:15:41","guid":{"rendered":"http:\/\/www.notibras.com\/site\/?p=30802"},"modified":"2014-12-11T07:14:25","modified_gmt":"2014-12-11T10:14:25","slug":"livro-deve-ser-visto-como-patrimonio-cultural-e-nao-mera-mercadoria","status":"publish","type":"post","link":"https:\/\/www.notibras.com\/site\/livro-deve-ser-visto-como-patrimonio-cultural-e-nao-mera-mercadoria\/","title":{"rendered":"Livro \u00e9 um patrim\u00f4nio cultural e n\u00e3o mera mercadoria"},"content":{"rendered":"<p>Finalmente enxergamos que \u00e9 preciso regulamentar os mercados livreiro e editorial. \u00c9 chegada a hora de tratarmos o livro n\u00e3o como uma simples mercadoria, mas sim como patrim\u00f4nio cultural de uma na\u00e7\u00e3o. Enfim, o mercado percebeu que ter o com\u00e9rcio de livros nas m\u00e3os de poucos \u00e9 extremamente comprometedor para a nossa rica bibliodiversidade e \u00e9 um complicador para a nossa cultura.<\/p>\n<p>A bibliodiversidade \u00e9 uma preocupa\u00e7\u00e3o do mercado livreiro com a forma\u00e7\u00e3o do leitor. Trata-se de colocar \u00e0 disposi\u00e7\u00e3o uma maior variedade de t\u00edtulos. Os grandes grupos editoriais e livreiros apostam na cultura do best seller. \u00c9 claro que esses lan\u00e7amentos mant\u00eam muitas vezes o faturamento das livrarias, mas \u00e9 necess\u00e1rio preocupar-se com a qualidade editorial e com a forma\u00e7\u00e3o do leitor, que se d\u00e1 por meio de bons livros cl\u00e1ssicos.<\/p>\n<p>Esses cl\u00e1ssicos t\u00eam sido preteridos em virtude de terem um apelo comercial supostamente menor. A circula\u00e7\u00e3o dessas obras acaba sendo, de certa forma, esquecida, deixada de lado, para se priorizar as atualidades. Outra amea\u00e7a \u00e0 bibliodiversidade \u00e9 justamente a perda dos fundos de cat\u00e1logo, os chamados de &#8220;cauda longa&#8221;. Esses n\u00e3o t\u00eam vendagem t\u00e3o expressiva, mas s\u00e3o importantes e muitos est\u00e3o esgotados, porque n\u00e3o h\u00e1 interesse de colocar em circula\u00e7\u00e3o livros com baixa vendagem.<\/p>\n<p>H\u00e1 mais de 10 anos a ANL defende a moraliza\u00e7\u00e3o do mercado livreiro brasileiro, indo muito al\u00e9m de estabelecer a Lei do Pre\u00e7o Fixo. Entendemos que a atua\u00e7\u00e3o do livreiro como agente liter\u00e1rio pode contribuir muito para que possamos melhorar nossos prec\u00e1rios \u00edndices de leitura. Para isto, \u00e9 fundamental que todos que participam da cadeia produtiva, criativa e mediadora do livro valorizem a livraria do seu bairro, da sua cidade, e enxerguem nelas a possibilidade de formar novos leitores.<\/p>\n<blockquote><p>N\u00e3o se pode negar, ainda, o avan\u00e7o social por que passa o nosso pa\u00eds, a diminui\u00e7\u00e3o da desigualdade e o aumento da escolaridade, com acesso ao ensino em todos os n\u00edveis. Como complemento a essa ascens\u00e3o cultural que vive o pa\u00eds, \u00e9 necess\u00e1rio facilitar o acesso ao livro e \u00e0 leitura, e faltam livrarias para esse p\u00fablico. Infelizmente, com a concentra\u00e7\u00e3o de mercado e as restri\u00e7\u00f5es que as editoras imp\u00f5em \u00e0s pequenas e m\u00e9dias livrarias, o acesso ao livro e \u00e0 leitura fica restrito \u00e0s grandes superf\u00edcies.<\/p><\/blockquote>\n<p>Levantamento realizado pela ANL (Associa\u00e7\u00e3o Nacional de Livrarias)constata um enorme deficit de livrarias no Brasil. Temos uma m\u00e9dia de 1 livraria para 65 mil habitantes, sendo que o recomendado pela Unesco \u00e9 de 1 livraria para 10 mil habitantes. A falta de livrarias nos mais diversos rinc\u00f5es de nosso pa\u00eds desestimula a leitura.<\/p>\n<p>Por mais que queiramos investir e acreditar no mercado do livro digital, \u00e9 na loja f\u00edsica que o livreiro consegue manter o seu neg\u00f3cio. \u00c9 um mercado promissor. Desde que as regras do jogo sejam seguidas e respeitadas, podemos competir de forma justa. Isto \u00e9, o autor materializa sua ideia, a editora transforma em edi\u00e7\u00e3o, a distribuidora abastece o mercado e o livreiro atende o leitor.<\/p>\n<p>Como afirmado por alguns especialistas do setor, n\u00e3o basta a Lei do Pre\u00e7o Fixo para manter o setor saud\u00e1vel e equilibrado. \u00c9 preciso que algumas pr\u00e1ticas nocivas ao livreiro, principalmente de pequeno e m\u00e9dio porte, sejam revistas nas transa\u00e7\u00f5es comercias.<\/p>\n<p>Para implementa\u00e7\u00e3o e um pacto pela leitura, \u00e9 necess\u00e1rio vontade e valorizar parcerias entre editoras, distribuidores e livrarias.<\/p>\n<p><strong>Ednilson Xavier<\/strong><\/p>\n","protected":false},"excerpt":{"rendered":"<p>Finalmente enxergamos que \u00e9 preciso regulamentar os mercados livreiro e editorial. \u00c9 chegada a hora de tratarmos o livro n\u00e3o como uma simples mercadoria, mas sim como patrim\u00f4nio cultural de uma na\u00e7\u00e3o. Enfim, o mercado percebeu que ter o com\u00e9rcio de livros nas m\u00e3os de poucos \u00e9 extremamente comprometedor para a nossa rica bibliodiversidade e [&hellip;]<\/p>\n","protected":false},"author":2,"featured_media":30803,"comment_status":"open","ping_status":"closed","sticky":false,"template":"","format":"standard","meta":{"_acf_changed":false,"footnotes":""},"categories":[25],"tags":[],"class_list":["post-30802","post","type-post","status-publish","format-standard","has-post-thumbnail","hentry","category-opina-ai"],"acf":[],"yoast_head":"<!-- This site is optimized with the Yoast SEO plugin v27.2 - https:\/\/yoast.com\/product\/yoast-seo-wordpress\/ -->\n<title>Livro \u00e9 um patrim\u00f4nio cultural e n\u00e3o mera mercadoria - Notibras<\/title>\n<meta name=\"robots\" content=\"index, follow, max-snippet:-1, max-image-preview:large, max-video-preview:-1\" \/>\n<link rel=\"canonical\" href=\"https:\/\/www.notibras.com\/site\/livro-deve-ser-visto-como-patrimonio-cultural-e-nao-mera-mercadoria\/\" \/>\n<meta property=\"og:locale\" content=\"pt_BR\" \/>\n<meta property=\"og:type\" content=\"article\" \/>\n<meta property=\"og:title\" content=\"Livro \u00e9 um patrim\u00f4nio cultural e n\u00e3o mera mercadoria - Notibras\" \/>\n<meta property=\"og:description\" content=\"Finalmente enxergamos que \u00e9 preciso regulamentar os mercados livreiro e editorial. \u00c9 chegada a hora de tratarmos o livro n\u00e3o como uma simples mercadoria, mas sim como patrim\u00f4nio cultural de uma na\u00e7\u00e3o. Enfim, o mercado percebeu que ter o com\u00e9rcio de livros nas m\u00e3os de poucos \u00e9 extremamente comprometedor para a nossa rica bibliodiversidade e [&hellip;]\" \/>\n<meta property=\"og:url\" content=\"https:\/\/www.notibras.com\/site\/livro-deve-ser-visto-como-patrimonio-cultural-e-nao-mera-mercadoria\/\" \/>\n<meta property=\"og:site_name\" content=\"Notibras\" \/>\n<meta property=\"article:publisher\" content=\"https:\/\/www.facebook.com\/notibras\/\" \/>\n<meta property=\"article:published_time\" content=\"2014-12-10T04:15:41+00:00\" \/>\n<meta property=\"article:modified_time\" content=\"2014-12-11T10:14:25+00:00\" \/>\n<meta property=\"og:image\" content=\"https:\/\/www.notibras.com\/site\/wp-content\/uploads\/2014\/12\/1344211347_50183e3428ba0d496700004a_livraria_da_vila_isay_weinfeld_img_8826_nk_.jpg\" \/>\n\t<meta property=\"og:image:width\" content=\"900\" \/>\n\t<meta property=\"og:image:height\" content=\"600\" \/>\n\t<meta property=\"og:image:type\" content=\"image\/jpeg\" \/>\n<meta name=\"author\" content=\"Reda\u00e7\u00e3o\" \/>\n<meta name=\"twitter:card\" content=\"summary_large_image\" \/>\n<meta name=\"twitter:creator\" content=\"@Notibras\" \/>\n<meta name=\"twitter:site\" content=\"@Notibras\" \/>\n<meta name=\"twitter:label1\" content=\"Escrito por\" \/>\n\t<meta name=\"twitter:data1\" content=\"Reda\u00e7\u00e3o\" \/>\n\t<meta name=\"twitter:label2\" content=\"Est. tempo de leitura\" \/>\n\t<meta name=\"twitter:data2\" content=\"3 minutos\" \/>\n<script type=\"application\/ld+json\" class=\"yoast-schema-graph\">{\"@context\":\"https:\/\/schema.org\",\"@graph\":[{\"@type\":\"Article\",\"@id\":\"https:\/\/www.notibras.com\/site\/livro-deve-ser-visto-como-patrimonio-cultural-e-nao-mera-mercadoria\/#article\",\"isPartOf\":{\"@id\":\"https:\/\/www.notibras.com\/site\/livro-deve-ser-visto-como-patrimonio-cultural-e-nao-mera-mercadoria\/\"},\"author\":{\"name\":\"Reda\u00e7\u00e3o\",\"@id\":\"https:\/\/www.notibras.com\/site\/#\/schema\/person\/36ab0979449956132d3e5b517ea76ac8\"},\"headline\":\"Livro \u00e9 um patrim\u00f4nio cultural e n\u00e3o mera mercadoria\",\"datePublished\":\"2014-12-10T04:15:41+00:00\",\"dateModified\":\"2014-12-11T10:14:25+00:00\",\"mainEntityOfPage\":{\"@id\":\"https:\/\/www.notibras.com\/site\/livro-deve-ser-visto-como-patrimonio-cultural-e-nao-mera-mercadoria\/\"},\"wordCount\":598,\"commentCount\":0,\"publisher\":{\"@id\":\"https:\/\/www.notibras.com\/site\/#organization\"},\"image\":{\"@id\":\"https:\/\/www.notibras.com\/site\/livro-deve-ser-visto-como-patrimonio-cultural-e-nao-mera-mercadoria\/#primaryimage\"},\"thumbnailUrl\":\"https:\/\/www.notibras.com\/site\/wp-content\/uploads\/2014\/12\/1344211347_50183e3428ba0d496700004a_livraria_da_vila_isay_weinfeld_img_8826_nk_.jpg\",\"articleSection\":[\"Opina a\u00ed\"],\"inLanguage\":\"pt-BR\",\"potentialAction\":[{\"@type\":\"CommentAction\",\"name\":\"Comment\",\"target\":[\"https:\/\/www.notibras.com\/site\/livro-deve-ser-visto-como-patrimonio-cultural-e-nao-mera-mercadoria\/#respond\"]}]},{\"@type\":\"WebPage\",\"@id\":\"https:\/\/www.notibras.com\/site\/livro-deve-ser-visto-como-patrimonio-cultural-e-nao-mera-mercadoria\/\",\"url\":\"https:\/\/www.notibras.com\/site\/livro-deve-ser-visto-como-patrimonio-cultural-e-nao-mera-mercadoria\/\",\"name\":\"Livro \u00e9 um patrim\u00f4nio cultural e n\u00e3o mera mercadoria - Notibras\",\"isPartOf\":{\"@id\":\"https:\/\/www.notibras.com\/site\/#website\"},\"primaryImageOfPage\":{\"@id\":\"https:\/\/www.notibras.com\/site\/livro-deve-ser-visto-como-patrimonio-cultural-e-nao-mera-mercadoria\/#primaryimage\"},\"image\":{\"@id\":\"https:\/\/www.notibras.com\/site\/livro-deve-ser-visto-como-patrimonio-cultural-e-nao-mera-mercadoria\/#primaryimage\"},\"thumbnailUrl\":\"https:\/\/www.notibras.com\/site\/wp-content\/uploads\/2014\/12\/1344211347_50183e3428ba0d496700004a_livraria_da_vila_isay_weinfeld_img_8826_nk_.jpg\",\"datePublished\":\"2014-12-10T04:15:41+00:00\",\"dateModified\":\"2014-12-11T10:14:25+00:00\",\"breadcrumb\":{\"@id\":\"https:\/\/www.notibras.com\/site\/livro-deve-ser-visto-como-patrimonio-cultural-e-nao-mera-mercadoria\/#breadcrumb\"},\"inLanguage\":\"pt-BR\",\"potentialAction\":[{\"@type\":\"ReadAction\",\"target\":[\"https:\/\/www.notibras.com\/site\/livro-deve-ser-visto-como-patrimonio-cultural-e-nao-mera-mercadoria\/\"]}]},{\"@type\":\"ImageObject\",\"inLanguage\":\"pt-BR\",\"@id\":\"https:\/\/www.notibras.com\/site\/livro-deve-ser-visto-como-patrimonio-cultural-e-nao-mera-mercadoria\/#primaryimage\",\"url\":\"https:\/\/www.notibras.com\/site\/wp-content\/uploads\/2014\/12\/1344211347_50183e3428ba0d496700004a_livraria_da_vila_isay_weinfeld_img_8826_nk_.jpg\",\"contentUrl\":\"https:\/\/www.notibras.com\/site\/wp-content\/uploads\/2014\/12\/1344211347_50183e3428ba0d496700004a_livraria_da_vila_isay_weinfeld_img_8826_nk_.jpg\",\"width\":900,\"height\":600},{\"@type\":\"BreadcrumbList\",\"@id\":\"https:\/\/www.notibras.com\/site\/livro-deve-ser-visto-como-patrimonio-cultural-e-nao-mera-mercadoria\/#breadcrumb\",\"itemListElement\":[{\"@type\":\"ListItem\",\"position\":1,\"name\":\"In\u00edcio\",\"item\":\"https:\/\/www.notibras.com\/site\/\"},{\"@type\":\"ListItem\",\"position\":2,\"name\":\"Livro \u00e9 um patrim\u00f4nio cultural e n\u00e3o mera mercadoria\"}]},{\"@type\":\"WebSite\",\"@id\":\"https:\/\/www.notibras.com\/site\/#website\",\"url\":\"https:\/\/www.notibras.com\/site\/\",\"name\":\"Notibras\",\"description\":\"Not\u00edcias de Bras\u00edlia, do Brasil e do Mundo\",\"publisher\":{\"@id\":\"https:\/\/www.notibras.com\/site\/#organization\"},\"potentialAction\":[{\"@type\":\"SearchAction\",\"target\":{\"@type\":\"EntryPoint\",\"urlTemplate\":\"https:\/\/www.notibras.com\/site\/?s={search_term_string}\"},\"query-input\":{\"@type\":\"PropertyValueSpecification\",\"valueRequired\":true,\"valueName\":\"search_term_string\"}}],\"inLanguage\":\"pt-BR\"},{\"@type\":\"Organization\",\"@id\":\"https:\/\/www.notibras.com\/site\/#organization\",\"name\":\"Grupo Notibras de Comunica\u00e7\u00e3o\",\"url\":\"https:\/\/www.notibras.com\/site\/\",\"logo\":{\"@type\":\"ImageObject\",\"inLanguage\":\"pt-BR\",\"@id\":\"https:\/\/www.notibras.com\/site\/#\/schema\/logo\/image\/\",\"url\":\"https:\/\/www.notibras.com\/site\/wp-content\/uploads\/2023\/01\/notibras23.png\",\"contentUrl\":\"https:\/\/www.notibras.com\/site\/wp-content\/uploads\/2023\/01\/notibras23.png\",\"width\":350,\"height\":87,\"caption\":\"Grupo Notibras de Comunica\u00e7\u00e3o\"},\"image\":{\"@id\":\"https:\/\/www.notibras.com\/site\/#\/schema\/logo\/image\/\"},\"sameAs\":[\"https:\/\/www.facebook.com\/notibras\/\",\"https:\/\/x.com\/Notibras\",\"https:\/\/www.instagram.com\/notibras\/\"]},{\"@type\":\"Person\",\"@id\":\"https:\/\/www.notibras.com\/site\/#\/schema\/person\/36ab0979449956132d3e5b517ea76ac8\",\"name\":\"Reda\u00e7\u00e3o\",\"image\":{\"@type\":\"ImageObject\",\"inLanguage\":\"pt-BR\",\"@id\":\"https:\/\/secure.gravatar.com\/avatar\/e0a867bdedb85fd243eadf09663511f96fc81e0720a4a42581f334ad4303aa6b?s=96&d=mm&r=g\",\"url\":\"https:\/\/secure.gravatar.com\/avatar\/e0a867bdedb85fd243eadf09663511f96fc81e0720a4a42581f334ad4303aa6b?s=96&d=mm&r=g\",\"contentUrl\":\"https:\/\/secure.gravatar.com\/avatar\/e0a867bdedb85fd243eadf09663511f96fc81e0720a4a42581f334ad4303aa6b?s=96&d=mm&r=g\",\"caption\":\"Reda\u00e7\u00e3o\"}}]}<\/script>\n<!-- \/ Yoast SEO plugin. -->","yoast_head_json":{"title":"Livro \u00e9 um patrim\u00f4nio cultural e n\u00e3o mera mercadoria - Notibras","robots":{"index":"index","follow":"follow","max-snippet":"max-snippet:-1","max-image-preview":"max-image-preview:large","max-video-preview":"max-video-preview:-1"},"canonical":"https:\/\/www.notibras.com\/site\/livro-deve-ser-visto-como-patrimonio-cultural-e-nao-mera-mercadoria\/","og_locale":"pt_BR","og_type":"article","og_title":"Livro \u00e9 um patrim\u00f4nio cultural e n\u00e3o mera mercadoria - Notibras","og_description":"Finalmente enxergamos que \u00e9 preciso regulamentar os mercados livreiro e editorial. \u00c9 chegada a hora de tratarmos o livro n\u00e3o como uma simples mercadoria, mas sim como patrim\u00f4nio cultural de uma na\u00e7\u00e3o. Enfim, o mercado percebeu que ter o com\u00e9rcio de livros nas m\u00e3os de poucos \u00e9 extremamente comprometedor para a nossa rica bibliodiversidade e [&hellip;]","og_url":"https:\/\/www.notibras.com\/site\/livro-deve-ser-visto-como-patrimonio-cultural-e-nao-mera-mercadoria\/","og_site_name":"Notibras","article_publisher":"https:\/\/www.facebook.com\/notibras\/","article_published_time":"2014-12-10T04:15:41+00:00","article_modified_time":"2014-12-11T10:14:25+00:00","og_image":[{"width":900,"height":600,"url":"https:\/\/www.notibras.com\/site\/wp-content\/uploads\/2014\/12\/1344211347_50183e3428ba0d496700004a_livraria_da_vila_isay_weinfeld_img_8826_nk_.jpg","type":"image\/jpeg"}],"author":"Reda\u00e7\u00e3o","twitter_card":"summary_large_image","twitter_creator":"@Notibras","twitter_site":"@Notibras","twitter_misc":{"Escrito por":"Reda\u00e7\u00e3o","Est. tempo de leitura":"3 minutos"},"schema":{"@context":"https:\/\/schema.org","@graph":[{"@type":"Article","@id":"https:\/\/www.notibras.com\/site\/livro-deve-ser-visto-como-patrimonio-cultural-e-nao-mera-mercadoria\/#article","isPartOf":{"@id":"https:\/\/www.notibras.com\/site\/livro-deve-ser-visto-como-patrimonio-cultural-e-nao-mera-mercadoria\/"},"author":{"name":"Reda\u00e7\u00e3o","@id":"https:\/\/www.notibras.com\/site\/#\/schema\/person\/36ab0979449956132d3e5b517ea76ac8"},"headline":"Livro \u00e9 um patrim\u00f4nio cultural e n\u00e3o mera mercadoria","datePublished":"2014-12-10T04:15:41+00:00","dateModified":"2014-12-11T10:14:25+00:00","mainEntityOfPage":{"@id":"https:\/\/www.notibras.com\/site\/livro-deve-ser-visto-como-patrimonio-cultural-e-nao-mera-mercadoria\/"},"wordCount":598,"commentCount":0,"publisher":{"@id":"https:\/\/www.notibras.com\/site\/#organization"},"image":{"@id":"https:\/\/www.notibras.com\/site\/livro-deve-ser-visto-como-patrimonio-cultural-e-nao-mera-mercadoria\/#primaryimage"},"thumbnailUrl":"https:\/\/www.notibras.com\/site\/wp-content\/uploads\/2014\/12\/1344211347_50183e3428ba0d496700004a_livraria_da_vila_isay_weinfeld_img_8826_nk_.jpg","articleSection":["Opina a\u00ed"],"inLanguage":"pt-BR","potentialAction":[{"@type":"CommentAction","name":"Comment","target":["https:\/\/www.notibras.com\/site\/livro-deve-ser-visto-como-patrimonio-cultural-e-nao-mera-mercadoria\/#respond"]}]},{"@type":"WebPage","@id":"https:\/\/www.notibras.com\/site\/livro-deve-ser-visto-como-patrimonio-cultural-e-nao-mera-mercadoria\/","url":"https:\/\/www.notibras.com\/site\/livro-deve-ser-visto-como-patrimonio-cultural-e-nao-mera-mercadoria\/","name":"Livro \u00e9 um patrim\u00f4nio cultural e n\u00e3o mera mercadoria - Notibras","isPartOf":{"@id":"https:\/\/www.notibras.com\/site\/#website"},"primaryImageOfPage":{"@id":"https:\/\/www.notibras.com\/site\/livro-deve-ser-visto-como-patrimonio-cultural-e-nao-mera-mercadoria\/#primaryimage"},"image":{"@id":"https:\/\/www.notibras.com\/site\/livro-deve-ser-visto-como-patrimonio-cultural-e-nao-mera-mercadoria\/#primaryimage"},"thumbnailUrl":"https:\/\/www.notibras.com\/site\/wp-content\/uploads\/2014\/12\/1344211347_50183e3428ba0d496700004a_livraria_da_vila_isay_weinfeld_img_8826_nk_.jpg","datePublished":"2014-12-10T04:15:41+00:00","dateModified":"2014-12-11T10:14:25+00:00","breadcrumb":{"@id":"https:\/\/www.notibras.com\/site\/livro-deve-ser-visto-como-patrimonio-cultural-e-nao-mera-mercadoria\/#breadcrumb"},"inLanguage":"pt-BR","potentialAction":[{"@type":"ReadAction","target":["https:\/\/www.notibras.com\/site\/livro-deve-ser-visto-como-patrimonio-cultural-e-nao-mera-mercadoria\/"]}]},{"@type":"ImageObject","inLanguage":"pt-BR","@id":"https:\/\/www.notibras.com\/site\/livro-deve-ser-visto-como-patrimonio-cultural-e-nao-mera-mercadoria\/#primaryimage","url":"https:\/\/www.notibras.com\/site\/wp-content\/uploads\/2014\/12\/1344211347_50183e3428ba0d496700004a_livraria_da_vila_isay_weinfeld_img_8826_nk_.jpg","contentUrl":"https:\/\/www.notibras.com\/site\/wp-content\/uploads\/2014\/12\/1344211347_50183e3428ba0d496700004a_livraria_da_vila_isay_weinfeld_img_8826_nk_.jpg","width":900,"height":600},{"@type":"BreadcrumbList","@id":"https:\/\/www.notibras.com\/site\/livro-deve-ser-visto-como-patrimonio-cultural-e-nao-mera-mercadoria\/#breadcrumb","itemListElement":[{"@type":"ListItem","position":1,"name":"In\u00edcio","item":"https:\/\/www.notibras.com\/site\/"},{"@type":"ListItem","position":2,"name":"Livro \u00e9 um patrim\u00f4nio cultural e n\u00e3o mera mercadoria"}]},{"@type":"WebSite","@id":"https:\/\/www.notibras.com\/site\/#website","url":"https:\/\/www.notibras.com\/site\/","name":"Notibras","description":"Not\u00edcias de Bras\u00edlia, do Brasil e do Mundo","publisher":{"@id":"https:\/\/www.notibras.com\/site\/#organization"},"potentialAction":[{"@type":"SearchAction","target":{"@type":"EntryPoint","urlTemplate":"https:\/\/www.notibras.com\/site\/?s={search_term_string}"},"query-input":{"@type":"PropertyValueSpecification","valueRequired":true,"valueName":"search_term_string"}}],"inLanguage":"pt-BR"},{"@type":"Organization","@id":"https:\/\/www.notibras.com\/site\/#organization","name":"Grupo Notibras de Comunica\u00e7\u00e3o","url":"https:\/\/www.notibras.com\/site\/","logo":{"@type":"ImageObject","inLanguage":"pt-BR","@id":"https:\/\/www.notibras.com\/site\/#\/schema\/logo\/image\/","url":"https:\/\/www.notibras.com\/site\/wp-content\/uploads\/2023\/01\/notibras23.png","contentUrl":"https:\/\/www.notibras.com\/site\/wp-content\/uploads\/2023\/01\/notibras23.png","width":350,"height":87,"caption":"Grupo Notibras de Comunica\u00e7\u00e3o"},"image":{"@id":"https:\/\/www.notibras.com\/site\/#\/schema\/logo\/image\/"},"sameAs":["https:\/\/www.facebook.com\/notibras\/","https:\/\/x.com\/Notibras","https:\/\/www.instagram.com\/notibras\/"]},{"@type":"Person","@id":"https:\/\/www.notibras.com\/site\/#\/schema\/person\/36ab0979449956132d3e5b517ea76ac8","name":"Reda\u00e7\u00e3o","image":{"@type":"ImageObject","inLanguage":"pt-BR","@id":"https:\/\/secure.gravatar.com\/avatar\/e0a867bdedb85fd243eadf09663511f96fc81e0720a4a42581f334ad4303aa6b?s=96&d=mm&r=g","url":"https:\/\/secure.gravatar.com\/avatar\/e0a867bdedb85fd243eadf09663511f96fc81e0720a4a42581f334ad4303aa6b?s=96&d=mm&r=g","contentUrl":"https:\/\/secure.gravatar.com\/avatar\/e0a867bdedb85fd243eadf09663511f96fc81e0720a4a42581f334ad4303aa6b?s=96&d=mm&r=g","caption":"Reda\u00e7\u00e3o"}}]}},"amp_enabled":true,"_links":{"self":[{"href":"https:\/\/www.notibras.com\/site\/wp-json\/wp\/v2\/posts\/30802","targetHints":{"allow":["GET"]}}],"collection":[{"href":"https:\/\/www.notibras.com\/site\/wp-json\/wp\/v2\/posts"}],"about":[{"href":"https:\/\/www.notibras.com\/site\/wp-json\/wp\/v2\/types\/post"}],"author":[{"embeddable":true,"href":"https:\/\/www.notibras.com\/site\/wp-json\/wp\/v2\/users\/2"}],"replies":[{"embeddable":true,"href":"https:\/\/www.notibras.com\/site\/wp-json\/wp\/v2\/comments?post=30802"}],"version-history":[{"count":0,"href":"https:\/\/www.notibras.com\/site\/wp-json\/wp\/v2\/posts\/30802\/revisions"}],"wp:featuredmedia":[{"embeddable":true,"href":"https:\/\/www.notibras.com\/site\/wp-json\/wp\/v2\/media\/30803"}],"wp:attachment":[{"href":"https:\/\/www.notibras.com\/site\/wp-json\/wp\/v2\/media?parent=30802"}],"wp:term":[{"taxonomy":"category","embeddable":true,"href":"https:\/\/www.notibras.com\/site\/wp-json\/wp\/v2\/categories?post=30802"},{"taxonomy":"post_tag","embeddable":true,"href":"https:\/\/www.notibras.com\/site\/wp-json\/wp\/v2\/tags?post=30802"}],"curies":[{"name":"wp","href":"https:\/\/api.w.org\/{rel}","templated":true}]}}