{"id":308048,"date":"2023-07-02T01:44:15","date_gmt":"2023-07-02T04:44:15","guid":{"rendered":"https:\/\/www.notibras.com\/site\/?p=308048"},"modified":"2023-07-02T08:49:53","modified_gmt":"2023-07-02T11:49:53","slug":"campanha-abracos-de-inverno-mistura-friozinho-com-sabor","status":"publish","type":"post","link":"https:\/\/www.notibras.com\/site\/campanha-abracos-de-inverno-mistura-friozinho-com-sabor\/","title":{"rendered":"Campanha Abra\u00e7os de Inverno mistura friozinho com sabor"},"content":{"rendered":"<p>O inverno come\u00e7ou e, com ele, cresce a vontade pela comfort food, aqueles alimentos que t\u00eam um valor nost\u00e1lgico ou sentimental e que combinam muito com a nova esta\u00e7\u00e3o. De olho nesse momento, o Abbraccio, rede inspirada no lifestyle italiano, acaba de lan\u00e7ar a campanha &#8220;Abra\u00e7os de Inverno&#8221; com dois novos pratos para aquecer o cora\u00e7\u00e3o, s\u00e3o eles: o Speciale Quattro Formaggi (R$ 69,90) e a Burrata Caprese (R$ 64,90), que podem ser harmonizados com deliciosas op\u00e7\u00f5es de vinhos e sangrias j\u00e1 consagrados no restaurante.<\/p>\n<p>Com muita cremosidade, o in\u00e9dito Speciale Quattro Formaggi \u00e9 perfeito para aqueles que n\u00e3o abrem m\u00e3o de muitos queijos no inverno. A novidade \u00e9 preparada com um mix que une molho de queijo de cabra, parmes\u00e3o e blue cheese em uma massa casarecce artesanal, feita diariamente no restaurante. O prato \u00e9 servido dentro do p\u00e3o italiano e finalizado com um cremoso queijo mu\u00e7arela gratinado.<\/p>\n<p>Para acompanhar essa refei\u00e7\u00e3o, que fica muito bem harmonizada com vinho, a dica \u00e9 o Seival Sauvignon Blanc, tipo branco, com uma acidez caracter\u00edstica e produzido nacionalmente com uvas da variedade Sauvignon Blanc. Outra op\u00e7\u00e3o \u00e9 o tinto Paisajes de Los Andes, de origem chilena e uva Cabernet Sauvigon, tamb\u00e9m mais \u00e1cido e com aroma de frutas, chocolate e caf\u00e9.<\/p>\n<p>Ainda na degusta\u00e7\u00e3o do Speciale Quattro Formaggi, para aqueles que preferem um bom drinque, vale apostar no Abbraccio de Verano, releitura do Tinto de Verano, que leva o Vermouth Rosso, soda limonada e rodelas de laranja &#8211; a bebida \u00e9 feita com vinho autoral da casa, o Abbraccio Primitivo IGP. Produzido na It\u00e1lia, ele tem notas de ameixa em calda, baunilha e cravo.<\/p>\n<p>J\u00e1 o saboroso lan\u00e7amento Burrata Caprese, que \u00e9 preparado com queijo de b\u00fafala, azeite de manjeric\u00e3o e combinado com o cl\u00e1ssico molho pomodoro em massa artesanal, \u00e9 ideal para quem quer compartilhar e pode ser servido com um bom vinho, como o Abbraccio Primitivo IGP, ou harmonizado com uma refrescante sangria.<\/p>\n<p>No Abbraccio, as queridinhas da casa s\u00e3o: a tradicional Sangria de Frutas Vermelhas, feita com vinho tinto, fatias de laranja, morango e amora; e a deliciosa Sangria C\u00edtrica, preparada com espumante, laranja, uvas e abacaxi.<\/p>\n","protected":false},"excerpt":{"rendered":"<p>O inverno come\u00e7ou e, com ele, cresce a vontade pela comfort food, aqueles alimentos que t\u00eam um valor nost\u00e1lgico ou sentimental e que combinam muito com a nova esta\u00e7\u00e3o. De olho nesse momento, o Abbraccio, rede inspirada no lifestyle italiano, acaba de lan\u00e7ar a campanha &#8220;Abra\u00e7os de Inverno&#8221; com dois novos pratos para aquecer o [&hellip;]<\/p>\n","protected":false},"author":2,"featured_media":308049,"comment_status":"closed","ping_status":"closed","sticky":false,"template":"","format":"standard","meta":{"_acf_changed":false,"footnotes":""},"categories":[161],"tags":[],"class_list":["post-308048","post","type-post","status-publish","format-standard","has-post-thumbnail","hentry","category-quadradinho-em-foco"],"acf":[],"yoast_head":"<!-- This site is optimized with the Yoast SEO plugin v27.2 - https:\/\/yoast.com\/product\/yoast-seo-wordpress\/ -->\n<title>Campanha Abra\u00e7os de Inverno mistura friozinho com sabor - Notibras<\/title>\n<meta name=\"robots\" content=\"index, follow, max-snippet:-1, max-image-preview:large, max-video-preview:-1\" \/>\n<link rel=\"canonical\" href=\"https:\/\/www.notibras.com\/site\/campanha-abracos-de-inverno-mistura-friozinho-com-sabor\/\" \/>\n<meta property=\"og:locale\" content=\"pt_BR\" \/>\n<meta property=\"og:type\" content=\"article\" \/>\n<meta property=\"og:title\" content=\"Campanha Abra\u00e7os de Inverno mistura friozinho com sabor - Notibras\" \/>\n<meta property=\"og:description\" content=\"O inverno come\u00e7ou e, com ele, cresce a vontade pela comfort food, aqueles alimentos que t\u00eam um valor nost\u00e1lgico ou sentimental e que combinam muito com a nova esta\u00e7\u00e3o. De olho nesse momento, o Abbraccio, rede inspirada no lifestyle italiano, acaba de lan\u00e7ar a campanha &#8220;Abra\u00e7os de Inverno&#8221; com dois novos pratos para aquecer o [&hellip;]\" \/>\n<meta property=\"og:url\" content=\"https:\/\/www.notibras.com\/site\/campanha-abracos-de-inverno-mistura-friozinho-com-sabor\/\" \/>\n<meta property=\"og:site_name\" content=\"Notibras\" \/>\n<meta property=\"article:publisher\" content=\"https:\/\/www.facebook.com\/notibras\/\" \/>\n<meta property=\"article:published_time\" content=\"2023-07-02T04:44:15+00:00\" \/>\n<meta property=\"article:modified_time\" content=\"2023-07-02T11:49:53+00:00\" \/>\n<meta property=\"og:image\" content=\"https:\/\/www.notibras.com\/site\/wp-content\/uploads\/2023\/07\/Pappardele-al-Ragu-di-Ossobuco-Abbraccio-Campinas-768x512-1.jpg\" \/>\n\t<meta property=\"og:image:width\" content=\"768\" \/>\n\t<meta property=\"og:image:height\" content=\"512\" \/>\n\t<meta property=\"og:image:type\" content=\"image\/jpeg\" \/>\n<meta name=\"author\" content=\"Reda\u00e7\u00e3o\" \/>\n<meta name=\"twitter:card\" content=\"summary_large_image\" \/>\n<meta name=\"twitter:creator\" content=\"@Notibras\" \/>\n<meta name=\"twitter:site\" content=\"@Notibras\" \/>\n<meta name=\"twitter:label1\" content=\"Escrito por\" \/>\n\t<meta name=\"twitter:data1\" content=\"Reda\u00e7\u00e3o\" \/>\n\t<meta name=\"twitter:label2\" content=\"Est. tempo de leitura\" \/>\n\t<meta name=\"twitter:data2\" content=\"2 minutos\" \/>\n<script type=\"application\/ld+json\" class=\"yoast-schema-graph\">{\"@context\":\"https:\/\/schema.org\",\"@graph\":[{\"@type\":\"Article\",\"@id\":\"https:\/\/www.notibras.com\/site\/campanha-abracos-de-inverno-mistura-friozinho-com-sabor\/#article\",\"isPartOf\":{\"@id\":\"https:\/\/www.notibras.com\/site\/campanha-abracos-de-inverno-mistura-friozinho-com-sabor\/\"},\"author\":{\"name\":\"Reda\u00e7\u00e3o\",\"@id\":\"https:\/\/www.notibras.com\/site\/#\/schema\/person\/36ab0979449956132d3e5b517ea76ac8\"},\"headline\":\"Campanha Abra\u00e7os de Inverno mistura friozinho com sabor\",\"datePublished\":\"2023-07-02T04:44:15+00:00\",\"dateModified\":\"2023-07-02T11:49:53+00:00\",\"mainEntityOfPage\":{\"@id\":\"https:\/\/www.notibras.com\/site\/campanha-abracos-de-inverno-mistura-friozinho-com-sabor\/\"},\"wordCount\":384,\"publisher\":{\"@id\":\"https:\/\/www.notibras.com\/site\/#organization\"},\"image\":{\"@id\":\"https:\/\/www.notibras.com\/site\/campanha-abracos-de-inverno-mistura-friozinho-com-sabor\/#primaryimage\"},\"thumbnailUrl\":\"https:\/\/www.notibras.com\/site\/wp-content\/uploads\/2023\/07\/Pappardele-al-Ragu-di-Ossobuco-Abbraccio-Campinas-768x512-1.jpg\",\"articleSection\":[\"Quadradinho em Foco\"],\"inLanguage\":\"pt-BR\"},{\"@type\":\"WebPage\",\"@id\":\"https:\/\/www.notibras.com\/site\/campanha-abracos-de-inverno-mistura-friozinho-com-sabor\/\",\"url\":\"https:\/\/www.notibras.com\/site\/campanha-abracos-de-inverno-mistura-friozinho-com-sabor\/\",\"name\":\"Campanha Abra\u00e7os de Inverno mistura friozinho com sabor - Notibras\",\"isPartOf\":{\"@id\":\"https:\/\/www.notibras.com\/site\/#website\"},\"primaryImageOfPage\":{\"@id\":\"https:\/\/www.notibras.com\/site\/campanha-abracos-de-inverno-mistura-friozinho-com-sabor\/#primaryimage\"},\"image\":{\"@id\":\"https:\/\/www.notibras.com\/site\/campanha-abracos-de-inverno-mistura-friozinho-com-sabor\/#primaryimage\"},\"thumbnailUrl\":\"https:\/\/www.notibras.com\/site\/wp-content\/uploads\/2023\/07\/Pappardele-al-Ragu-di-Ossobuco-Abbraccio-Campinas-768x512-1.jpg\",\"datePublished\":\"2023-07-02T04:44:15+00:00\",\"dateModified\":\"2023-07-02T11:49:53+00:00\",\"breadcrumb\":{\"@id\":\"https:\/\/www.notibras.com\/site\/campanha-abracos-de-inverno-mistura-friozinho-com-sabor\/#breadcrumb\"},\"inLanguage\":\"pt-BR\",\"potentialAction\":[{\"@type\":\"ReadAction\",\"target\":[\"https:\/\/www.notibras.com\/site\/campanha-abracos-de-inverno-mistura-friozinho-com-sabor\/\"]}]},{\"@type\":\"ImageObject\",\"inLanguage\":\"pt-BR\",\"@id\":\"https:\/\/www.notibras.com\/site\/campanha-abracos-de-inverno-mistura-friozinho-com-sabor\/#primaryimage\",\"url\":\"https:\/\/www.notibras.com\/site\/wp-content\/uploads\/2023\/07\/Pappardele-al-Ragu-di-Ossobuco-Abbraccio-Campinas-768x512-1.jpg\",\"contentUrl\":\"https:\/\/www.notibras.com\/site\/wp-content\/uploads\/2023\/07\/Pappardele-al-Ragu-di-Ossobuco-Abbraccio-Campinas-768x512-1.jpg\",\"width\":768,\"height\":512},{\"@type\":\"BreadcrumbList\",\"@id\":\"https:\/\/www.notibras.com\/site\/campanha-abracos-de-inverno-mistura-friozinho-com-sabor\/#breadcrumb\",\"itemListElement\":[{\"@type\":\"ListItem\",\"position\":1,\"name\":\"In\u00edcio\",\"item\":\"https:\/\/www.notibras.com\/site\/\"},{\"@type\":\"ListItem\",\"position\":2,\"name\":\"Campanha Abra\u00e7os de Inverno mistura friozinho com sabor\"}]},{\"@type\":\"WebSite\",\"@id\":\"https:\/\/www.notibras.com\/site\/#website\",\"url\":\"https:\/\/www.notibras.com\/site\/\",\"name\":\"Notibras\",\"description\":\"Not\u00edcias de Bras\u00edlia, do Brasil e do Mundo\",\"publisher\":{\"@id\":\"https:\/\/www.notibras.com\/site\/#organization\"},\"potentialAction\":[{\"@type\":\"SearchAction\",\"target\":{\"@type\":\"EntryPoint\",\"urlTemplate\":\"https:\/\/www.notibras.com\/site\/?s={search_term_string}\"},\"query-input\":{\"@type\":\"PropertyValueSpecification\",\"valueRequired\":true,\"valueName\":\"search_term_string\"}}],\"inLanguage\":\"pt-BR\"},{\"@type\":\"Organization\",\"@id\":\"https:\/\/www.notibras.com\/site\/#organization\",\"name\":\"Grupo Notibras de Comunica\u00e7\u00e3o\",\"url\":\"https:\/\/www.notibras.com\/site\/\",\"logo\":{\"@type\":\"ImageObject\",\"inLanguage\":\"pt-BR\",\"@id\":\"https:\/\/www.notibras.com\/site\/#\/schema\/logo\/image\/\",\"url\":\"https:\/\/www.notibras.com\/site\/wp-content\/uploads\/2023\/01\/notibras23.png\",\"contentUrl\":\"https:\/\/www.notibras.com\/site\/wp-content\/uploads\/2023\/01\/notibras23.png\",\"width\":350,\"height\":87,\"caption\":\"Grupo Notibras de Comunica\u00e7\u00e3o\"},\"image\":{\"@id\":\"https:\/\/www.notibras.com\/site\/#\/schema\/logo\/image\/\"},\"sameAs\":[\"https:\/\/www.facebook.com\/notibras\/\",\"https:\/\/x.com\/Notibras\",\"https:\/\/www.instagram.com\/notibras\/\"]},{\"@type\":\"Person\",\"@id\":\"https:\/\/www.notibras.com\/site\/#\/schema\/person\/36ab0979449956132d3e5b517ea76ac8\",\"name\":\"Reda\u00e7\u00e3o\",\"image\":{\"@type\":\"ImageObject\",\"inLanguage\":\"pt-BR\",\"@id\":\"https:\/\/secure.gravatar.com\/avatar\/e0a867bdedb85fd243eadf09663511f96fc81e0720a4a42581f334ad4303aa6b?s=96&d=mm&r=g\",\"url\":\"https:\/\/secure.gravatar.com\/avatar\/e0a867bdedb85fd243eadf09663511f96fc81e0720a4a42581f334ad4303aa6b?s=96&d=mm&r=g\",\"contentUrl\":\"https:\/\/secure.gravatar.com\/avatar\/e0a867bdedb85fd243eadf09663511f96fc81e0720a4a42581f334ad4303aa6b?s=96&d=mm&r=g\",\"caption\":\"Reda\u00e7\u00e3o\"}}]}<\/script>\n<!-- \/ Yoast SEO plugin. -->","yoast_head_json":{"title":"Campanha Abra\u00e7os de Inverno mistura friozinho com sabor - Notibras","robots":{"index":"index","follow":"follow","max-snippet":"max-snippet:-1","max-image-preview":"max-image-preview:large","max-video-preview":"max-video-preview:-1"},"canonical":"https:\/\/www.notibras.com\/site\/campanha-abracos-de-inverno-mistura-friozinho-com-sabor\/","og_locale":"pt_BR","og_type":"article","og_title":"Campanha Abra\u00e7os de Inverno mistura friozinho com sabor - Notibras","og_description":"O inverno come\u00e7ou e, com ele, cresce a vontade pela comfort food, aqueles alimentos que t\u00eam um valor nost\u00e1lgico ou sentimental e que combinam muito com a nova esta\u00e7\u00e3o. De olho nesse momento, o Abbraccio, rede inspirada no lifestyle italiano, acaba de lan\u00e7ar a campanha &#8220;Abra\u00e7os de Inverno&#8221; com dois novos pratos para aquecer o [&hellip;]","og_url":"https:\/\/www.notibras.com\/site\/campanha-abracos-de-inverno-mistura-friozinho-com-sabor\/","og_site_name":"Notibras","article_publisher":"https:\/\/www.facebook.com\/notibras\/","article_published_time":"2023-07-02T04:44:15+00:00","article_modified_time":"2023-07-02T11:49:53+00:00","og_image":[{"width":768,"height":512,"url":"https:\/\/www.notibras.com\/site\/wp-content\/uploads\/2023\/07\/Pappardele-al-Ragu-di-Ossobuco-Abbraccio-Campinas-768x512-1.jpg","type":"image\/jpeg"}],"author":"Reda\u00e7\u00e3o","twitter_card":"summary_large_image","twitter_creator":"@Notibras","twitter_site":"@Notibras","twitter_misc":{"Escrito por":"Reda\u00e7\u00e3o","Est. tempo de leitura":"2 minutos"},"schema":{"@context":"https:\/\/schema.org","@graph":[{"@type":"Article","@id":"https:\/\/www.notibras.com\/site\/campanha-abracos-de-inverno-mistura-friozinho-com-sabor\/#article","isPartOf":{"@id":"https:\/\/www.notibras.com\/site\/campanha-abracos-de-inverno-mistura-friozinho-com-sabor\/"},"author":{"name":"Reda\u00e7\u00e3o","@id":"https:\/\/www.notibras.com\/site\/#\/schema\/person\/36ab0979449956132d3e5b517ea76ac8"},"headline":"Campanha Abra\u00e7os de Inverno mistura friozinho com sabor","datePublished":"2023-07-02T04:44:15+00:00","dateModified":"2023-07-02T11:49:53+00:00","mainEntityOfPage":{"@id":"https:\/\/www.notibras.com\/site\/campanha-abracos-de-inverno-mistura-friozinho-com-sabor\/"},"wordCount":384,"publisher":{"@id":"https:\/\/www.notibras.com\/site\/#organization"},"image":{"@id":"https:\/\/www.notibras.com\/site\/campanha-abracos-de-inverno-mistura-friozinho-com-sabor\/#primaryimage"},"thumbnailUrl":"https:\/\/www.notibras.com\/site\/wp-content\/uploads\/2023\/07\/Pappardele-al-Ragu-di-Ossobuco-Abbraccio-Campinas-768x512-1.jpg","articleSection":["Quadradinho em Foco"],"inLanguage":"pt-BR"},{"@type":"WebPage","@id":"https:\/\/www.notibras.com\/site\/campanha-abracos-de-inverno-mistura-friozinho-com-sabor\/","url":"https:\/\/www.notibras.com\/site\/campanha-abracos-de-inverno-mistura-friozinho-com-sabor\/","name":"Campanha Abra\u00e7os de Inverno mistura friozinho com sabor - Notibras","isPartOf":{"@id":"https:\/\/www.notibras.com\/site\/#website"},"primaryImageOfPage":{"@id":"https:\/\/www.notibras.com\/site\/campanha-abracos-de-inverno-mistura-friozinho-com-sabor\/#primaryimage"},"image":{"@id":"https:\/\/www.notibras.com\/site\/campanha-abracos-de-inverno-mistura-friozinho-com-sabor\/#primaryimage"},"thumbnailUrl":"https:\/\/www.notibras.com\/site\/wp-content\/uploads\/2023\/07\/Pappardele-al-Ragu-di-Ossobuco-Abbraccio-Campinas-768x512-1.jpg","datePublished":"2023-07-02T04:44:15+00:00","dateModified":"2023-07-02T11:49:53+00:00","breadcrumb":{"@id":"https:\/\/www.notibras.com\/site\/campanha-abracos-de-inverno-mistura-friozinho-com-sabor\/#breadcrumb"},"inLanguage":"pt-BR","potentialAction":[{"@type":"ReadAction","target":["https:\/\/www.notibras.com\/site\/campanha-abracos-de-inverno-mistura-friozinho-com-sabor\/"]}]},{"@type":"ImageObject","inLanguage":"pt-BR","@id":"https:\/\/www.notibras.com\/site\/campanha-abracos-de-inverno-mistura-friozinho-com-sabor\/#primaryimage","url":"https:\/\/www.notibras.com\/site\/wp-content\/uploads\/2023\/07\/Pappardele-al-Ragu-di-Ossobuco-Abbraccio-Campinas-768x512-1.jpg","contentUrl":"https:\/\/www.notibras.com\/site\/wp-content\/uploads\/2023\/07\/Pappardele-al-Ragu-di-Ossobuco-Abbraccio-Campinas-768x512-1.jpg","width":768,"height":512},{"@type":"BreadcrumbList","@id":"https:\/\/www.notibras.com\/site\/campanha-abracos-de-inverno-mistura-friozinho-com-sabor\/#breadcrumb","itemListElement":[{"@type":"ListItem","position":1,"name":"In\u00edcio","item":"https:\/\/www.notibras.com\/site\/"},{"@type":"ListItem","position":2,"name":"Campanha Abra\u00e7os de Inverno mistura friozinho com sabor"}]},{"@type":"WebSite","@id":"https:\/\/www.notibras.com\/site\/#website","url":"https:\/\/www.notibras.com\/site\/","name":"Notibras","description":"Not\u00edcias de Bras\u00edlia, do Brasil e do Mundo","publisher":{"@id":"https:\/\/www.notibras.com\/site\/#organization"},"potentialAction":[{"@type":"SearchAction","target":{"@type":"EntryPoint","urlTemplate":"https:\/\/www.notibras.com\/site\/?s={search_term_string}"},"query-input":{"@type":"PropertyValueSpecification","valueRequired":true,"valueName":"search_term_string"}}],"inLanguage":"pt-BR"},{"@type":"Organization","@id":"https:\/\/www.notibras.com\/site\/#organization","name":"Grupo Notibras de Comunica\u00e7\u00e3o","url":"https:\/\/www.notibras.com\/site\/","logo":{"@type":"ImageObject","inLanguage":"pt-BR","@id":"https:\/\/www.notibras.com\/site\/#\/schema\/logo\/image\/","url":"https:\/\/www.notibras.com\/site\/wp-content\/uploads\/2023\/01\/notibras23.png","contentUrl":"https:\/\/www.notibras.com\/site\/wp-content\/uploads\/2023\/01\/notibras23.png","width":350,"height":87,"caption":"Grupo Notibras de Comunica\u00e7\u00e3o"},"image":{"@id":"https:\/\/www.notibras.com\/site\/#\/schema\/logo\/image\/"},"sameAs":["https:\/\/www.facebook.com\/notibras\/","https:\/\/x.com\/Notibras","https:\/\/www.instagram.com\/notibras\/"]},{"@type":"Person","@id":"https:\/\/www.notibras.com\/site\/#\/schema\/person\/36ab0979449956132d3e5b517ea76ac8","name":"Reda\u00e7\u00e3o","image":{"@type":"ImageObject","inLanguage":"pt-BR","@id":"https:\/\/secure.gravatar.com\/avatar\/e0a867bdedb85fd243eadf09663511f96fc81e0720a4a42581f334ad4303aa6b?s=96&d=mm&r=g","url":"https:\/\/secure.gravatar.com\/avatar\/e0a867bdedb85fd243eadf09663511f96fc81e0720a4a42581f334ad4303aa6b?s=96&d=mm&r=g","contentUrl":"https:\/\/secure.gravatar.com\/avatar\/e0a867bdedb85fd243eadf09663511f96fc81e0720a4a42581f334ad4303aa6b?s=96&d=mm&r=g","caption":"Reda\u00e7\u00e3o"}}]}},"amp_enabled":true,"_links":{"self":[{"href":"https:\/\/www.notibras.com\/site\/wp-json\/wp\/v2\/posts\/308048","targetHints":{"allow":["GET"]}}],"collection":[{"href":"https:\/\/www.notibras.com\/site\/wp-json\/wp\/v2\/posts"}],"about":[{"href":"https:\/\/www.notibras.com\/site\/wp-json\/wp\/v2\/types\/post"}],"author":[{"embeddable":true,"href":"https:\/\/www.notibras.com\/site\/wp-json\/wp\/v2\/users\/2"}],"replies":[{"embeddable":true,"href":"https:\/\/www.notibras.com\/site\/wp-json\/wp\/v2\/comments?post=308048"}],"version-history":[{"count":1,"href":"https:\/\/www.notibras.com\/site\/wp-json\/wp\/v2\/posts\/308048\/revisions"}],"predecessor-version":[{"id":308050,"href":"https:\/\/www.notibras.com\/site\/wp-json\/wp\/v2\/posts\/308048\/revisions\/308050"}],"wp:featuredmedia":[{"embeddable":true,"href":"https:\/\/www.notibras.com\/site\/wp-json\/wp\/v2\/media\/308049"}],"wp:attachment":[{"href":"https:\/\/www.notibras.com\/site\/wp-json\/wp\/v2\/media?parent=308048"}],"wp:term":[{"taxonomy":"category","embeddable":true,"href":"https:\/\/www.notibras.com\/site\/wp-json\/wp\/v2\/categories?post=308048"},{"taxonomy":"post_tag","embeddable":true,"href":"https:\/\/www.notibras.com\/site\/wp-json\/wp\/v2\/tags?post=308048"}],"curies":[{"name":"wp","href":"https:\/\/api.w.org\/{rel}","templated":true}]}}