{"id":308051,"date":"2023-07-02T00:00:10","date_gmt":"2023-07-02T03:00:10","guid":{"rendered":"https:\/\/www.notibras.com\/site\/?p=308051"},"modified":"2023-07-02T08:57:15","modified_gmt":"2023-07-02T11:57:15","slug":"mcdonalds-faz-30-anos-com-muita-historia-para-contar","status":"publish","type":"post","link":"https:\/\/www.notibras.com\/site\/mcdonalds-faz-30-anos-com-muita-historia-para-contar\/","title":{"rendered":"McDonald\u2019s faz 30 anos com muita hist\u00f3ria para contar"},"content":{"rendered":"<p>O McDonald\u2019s comemorou em junho seus 30 anos da inaugura\u00e7\u00e3o da unidade da Asa Norte, localizada na quadra 506\/507. O diretor da unidade, Luiz Paulo Leste Resende, primeiro funcion\u00e1rio contratado para esse restaurante, conta como era no in\u00edcio, h\u00e1 30 anos. Formado em Administra\u00e7\u00e3o pela UnB e p\u00f3s-graduado em Gest\u00e3o de Neg\u00f3cios pelo Ibmec, ele disse que viu o an\u00fancio de emprego e se inscreveu para a entrevista imediatamente.<\/p>\n<p>Uma semana depois j\u00e1 estava em treinamento no Rio de Janeiro. \u201cAprendi tudo: de limpar o estacionamento a fazer batata. Quando voltei, j\u00e1 era gerente de plant\u00e3o. Lembro que n\u00f3s ped\u00edamos os sandu\u00edches por n\u00fameros e ainda sei todos eles. T\u00ednhamos apenas duas sobremesas e todo o trabalho era feito \u00e0 m\u00e3o. Os fechamentos de caixa, compras de estoque etc., hoje est\u00e3o mais modernos\u201d, conta.<\/p>\n<p>Para a comemora\u00e7\u00e3o, o restaurante vai promover no dia 2 de julho, domingo, das 11h \u00e0s 17h, com a\u00e7\u00f5es gratuitas e abertas ao p\u00fablico. O evento ter\u00e1 feirinha, comes e bebes, playground, espa\u00e7o kids, pintura de rosto e sorteio de brindes. E somente neste dia, na compra de uma McOferta, o cliente ganhar\u00e1 uma sobremesa de cortesia.<\/p>\n<p>O Drive-Thru da unidade da Asa Norte funciona 24 horas e o restaurante das 7h \u00e0 meia-noite. Pelo aplicativo, quem deseja mais agilidade encontra a solu\u00e7\u00e3o Pe\u00e7a e Retire, fun\u00e7\u00e3o que permite ao cliente fazer sua compra no caminho para o restaurante. O preparo da refei\u00e7\u00e3o come\u00e7a enquanto ele se aproxima e s\u00f3 \u00e9 necess\u00e1rio retirar o pedido no balc\u00e3o, j\u00e1 que o pagamento \u00e9 feito via celular. O McDelivery tamb\u00e9m est\u00e1 \u00e0 disposi\u00e7\u00e3o, caso a escolha seja pedir pelos aplicativos de comida, em casa ou no trabalho. E se o WhatsApp for a ferramenta escolhida pelo consumidor, o M\u00e9qui Zap interage com o cliente e indica as melhores ofertas e cupons dispon\u00edveis.<\/p>\n<p><strong>Restaurante sustent\u00e1vel<\/strong><br \/>\n\u00c9 compromisso da Arcos Dorados trabalhar todos os dias para impactar positivamente as comunidades onde atua e ser uma parte ativa da solu\u00e7\u00e3o dos desafios da sociedade. E um diferencial dessa unidade \u00e9 o Espa\u00e7o M\u00e9qui Sustentabilidade, uma central de compostagem e horta comunit\u00e1ria, em parceria com o Instituto Arapoti, entidade sem fins lucrativos que dissemina ideias sustent\u00e1veis e valores socioambientais. O projeto consiste na coleta e separa\u00e7\u00e3o dos res\u00edduos org\u00e2nicos gerados no restaurante, que s\u00e3o encaminhados para a central de compostagem, na pr\u00f3pria unidade. O processo d\u00e1 origem a adubo e biofertilizantes, que s\u00e3o utilizados em uma horta plantada no mesmo restaurante.<\/p>\n<p>O projeto foi eleito o melhor da Am\u00e9rica Latina, dentre quase tr\u00eas mil restaurantes da marca, e agora ser\u00e1 doado para o Hospital da Crian\u00e7a. A institui\u00e7\u00e3o foi constru\u00edda com verbas arrecadadas durante v\u00e1rios anos de McDia Feliz e atendendo hoje centenas de crian\u00e7as e adolescentes de todo Distrito Federal e Entorno.<\/p>\n<p>O projeto convida as fam\u00edlias e a comunidade, como os alunos da escola p\u00fablica da quadra, para conhecer o processo e colher as hortali\u00e7as.<\/p>\n<p>Servi\u00e7o<br \/>\nMcDonald\u2019s Asa Norte<br \/>\nSEPN EQN 506\/507 bloco A<br \/>\nHor\u00e1rio de Funcionamento:<br \/>\nLOJA: 7h \u00e0s 00h<br \/>\nDRIVE-THRU: 24h<\/p>\n","protected":false},"excerpt":{"rendered":"<p>O McDonald\u2019s comemorou em junho seus 30 anos da inaugura\u00e7\u00e3o da unidade da Asa Norte, localizada na quadra 506\/507. O diretor da unidade, Luiz Paulo Leste Resende, primeiro funcion\u00e1rio contratado para esse restaurante, conta como era no in\u00edcio, h\u00e1 30 anos. Formado em Administra\u00e7\u00e3o pela UnB e p\u00f3s-graduado em Gest\u00e3o de Neg\u00f3cios pelo Ibmec, ele [&hellip;]<\/p>\n","protected":false},"author":2,"featured_media":308052,"comment_status":"closed","ping_status":"closed","sticky":false,"template":"","format":"standard","meta":{"_acf_changed":false,"footnotes":""},"categories":[161],"tags":[],"class_list":["post-308051","post","type-post","status-publish","format-standard","has-post-thumbnail","hentry","category-quadradinho-em-foco"],"acf":[],"yoast_head":"<!-- This site is optimized with the Yoast SEO plugin v27.2 - https:\/\/yoast.com\/product\/yoast-seo-wordpress\/ -->\n<title>McDonald\u2019s faz 30 anos com muita hist\u00f3ria para contar - Notibras<\/title>\n<meta name=\"robots\" content=\"index, follow, max-snippet:-1, max-image-preview:large, max-video-preview:-1\" \/>\n<link rel=\"canonical\" href=\"https:\/\/www.notibras.com\/site\/mcdonalds-faz-30-anos-com-muita-historia-para-contar\/\" \/>\n<meta property=\"og:locale\" content=\"pt_BR\" \/>\n<meta property=\"og:type\" content=\"article\" \/>\n<meta property=\"og:title\" content=\"McDonald\u2019s faz 30 anos com muita hist\u00f3ria para contar - Notibras\" \/>\n<meta property=\"og:description\" content=\"O McDonald\u2019s comemorou em junho seus 30 anos da inaugura\u00e7\u00e3o da unidade da Asa Norte, localizada na quadra 506\/507. O diretor da unidade, Luiz Paulo Leste Resende, primeiro funcion\u00e1rio contratado para esse restaurante, conta como era no in\u00edcio, h\u00e1 30 anos. Formado em Administra\u00e7\u00e3o pela UnB e p\u00f3s-graduado em Gest\u00e3o de Neg\u00f3cios pelo Ibmec, ele [&hellip;]\" \/>\n<meta property=\"og:url\" content=\"https:\/\/www.notibras.com\/site\/mcdonalds-faz-30-anos-com-muita-historia-para-contar\/\" \/>\n<meta property=\"og:site_name\" content=\"Notibras\" \/>\n<meta property=\"article:publisher\" content=\"https:\/\/www.facebook.com\/notibras\/\" \/>\n<meta property=\"article:published_time\" content=\"2023-07-02T03:00:10+00:00\" \/>\n<meta property=\"article:modified_time\" content=\"2023-07-02T11:57:15+00:00\" \/>\n<meta property=\"og:image\" content=\"https:\/\/www.notibras.com\/site\/wp-content\/uploads\/2023\/07\/Big-Mac_.png\" \/>\n\t<meta property=\"og:image:width\" content=\"884\" \/>\n\t<meta property=\"og:image:height\" content=\"888\" \/>\n\t<meta property=\"og:image:type\" content=\"image\/png\" \/>\n<meta name=\"author\" content=\"Reda\u00e7\u00e3o\" \/>\n<meta name=\"twitter:card\" content=\"summary_large_image\" \/>\n<meta name=\"twitter:creator\" content=\"@Notibras\" \/>\n<meta name=\"twitter:site\" content=\"@Notibras\" \/>\n<meta name=\"twitter:label1\" content=\"Escrito por\" \/>\n\t<meta name=\"twitter:data1\" content=\"Reda\u00e7\u00e3o\" \/>\n\t<meta name=\"twitter:label2\" content=\"Est. tempo de leitura\" \/>\n\t<meta name=\"twitter:data2\" content=\"3 minutos\" \/>\n<script type=\"application\/ld+json\" class=\"yoast-schema-graph\">{\"@context\":\"https:\/\/schema.org\",\"@graph\":[{\"@type\":\"Article\",\"@id\":\"https:\/\/www.notibras.com\/site\/mcdonalds-faz-30-anos-com-muita-historia-para-contar\/#article\",\"isPartOf\":{\"@id\":\"https:\/\/www.notibras.com\/site\/mcdonalds-faz-30-anos-com-muita-historia-para-contar\/\"},\"author\":{\"name\":\"Reda\u00e7\u00e3o\",\"@id\":\"https:\/\/www.notibras.com\/site\/#\/schema\/person\/36ab0979449956132d3e5b517ea76ac8\"},\"headline\":\"McDonald\u2019s faz 30 anos com muita hist\u00f3ria para contar\",\"datePublished\":\"2023-07-02T03:00:10+00:00\",\"dateModified\":\"2023-07-02T11:57:15+00:00\",\"mainEntityOfPage\":{\"@id\":\"https:\/\/www.notibras.com\/site\/mcdonalds-faz-30-anos-com-muita-historia-para-contar\/\"},\"wordCount\":557,\"publisher\":{\"@id\":\"https:\/\/www.notibras.com\/site\/#organization\"},\"image\":{\"@id\":\"https:\/\/www.notibras.com\/site\/mcdonalds-faz-30-anos-com-muita-historia-para-contar\/#primaryimage\"},\"thumbnailUrl\":\"https:\/\/www.notibras.com\/site\/wp-content\/uploads\/2023\/07\/Big-Mac_.png\",\"articleSection\":[\"Quadradinho em Foco\"],\"inLanguage\":\"pt-BR\"},{\"@type\":\"WebPage\",\"@id\":\"https:\/\/www.notibras.com\/site\/mcdonalds-faz-30-anos-com-muita-historia-para-contar\/\",\"url\":\"https:\/\/www.notibras.com\/site\/mcdonalds-faz-30-anos-com-muita-historia-para-contar\/\",\"name\":\"McDonald\u2019s faz 30 anos com muita hist\u00f3ria para contar - Notibras\",\"isPartOf\":{\"@id\":\"https:\/\/www.notibras.com\/site\/#website\"},\"primaryImageOfPage\":{\"@id\":\"https:\/\/www.notibras.com\/site\/mcdonalds-faz-30-anos-com-muita-historia-para-contar\/#primaryimage\"},\"image\":{\"@id\":\"https:\/\/www.notibras.com\/site\/mcdonalds-faz-30-anos-com-muita-historia-para-contar\/#primaryimage\"},\"thumbnailUrl\":\"https:\/\/www.notibras.com\/site\/wp-content\/uploads\/2023\/07\/Big-Mac_.png\",\"datePublished\":\"2023-07-02T03:00:10+00:00\",\"dateModified\":\"2023-07-02T11:57:15+00:00\",\"breadcrumb\":{\"@id\":\"https:\/\/www.notibras.com\/site\/mcdonalds-faz-30-anos-com-muita-historia-para-contar\/#breadcrumb\"},\"inLanguage\":\"pt-BR\",\"potentialAction\":[{\"@type\":\"ReadAction\",\"target\":[\"https:\/\/www.notibras.com\/site\/mcdonalds-faz-30-anos-com-muita-historia-para-contar\/\"]}]},{\"@type\":\"ImageObject\",\"inLanguage\":\"pt-BR\",\"@id\":\"https:\/\/www.notibras.com\/site\/mcdonalds-faz-30-anos-com-muita-historia-para-contar\/#primaryimage\",\"url\":\"https:\/\/www.notibras.com\/site\/wp-content\/uploads\/2023\/07\/Big-Mac_.png\",\"contentUrl\":\"https:\/\/www.notibras.com\/site\/wp-content\/uploads\/2023\/07\/Big-Mac_.png\",\"width\":884,\"height\":888},{\"@type\":\"BreadcrumbList\",\"@id\":\"https:\/\/www.notibras.com\/site\/mcdonalds-faz-30-anos-com-muita-historia-para-contar\/#breadcrumb\",\"itemListElement\":[{\"@type\":\"ListItem\",\"position\":1,\"name\":\"In\u00edcio\",\"item\":\"https:\/\/www.notibras.com\/site\/\"},{\"@type\":\"ListItem\",\"position\":2,\"name\":\"McDonald\u2019s faz 30 anos com muita hist\u00f3ria para contar\"}]},{\"@type\":\"WebSite\",\"@id\":\"https:\/\/www.notibras.com\/site\/#website\",\"url\":\"https:\/\/www.notibras.com\/site\/\",\"name\":\"Notibras\",\"description\":\"Not\u00edcias de Bras\u00edlia, do Brasil e do Mundo\",\"publisher\":{\"@id\":\"https:\/\/www.notibras.com\/site\/#organization\"},\"potentialAction\":[{\"@type\":\"SearchAction\",\"target\":{\"@type\":\"EntryPoint\",\"urlTemplate\":\"https:\/\/www.notibras.com\/site\/?s={search_term_string}\"},\"query-input\":{\"@type\":\"PropertyValueSpecification\",\"valueRequired\":true,\"valueName\":\"search_term_string\"}}],\"inLanguage\":\"pt-BR\"},{\"@type\":\"Organization\",\"@id\":\"https:\/\/www.notibras.com\/site\/#organization\",\"name\":\"Grupo Notibras de Comunica\u00e7\u00e3o\",\"url\":\"https:\/\/www.notibras.com\/site\/\",\"logo\":{\"@type\":\"ImageObject\",\"inLanguage\":\"pt-BR\",\"@id\":\"https:\/\/www.notibras.com\/site\/#\/schema\/logo\/image\/\",\"url\":\"https:\/\/www.notibras.com\/site\/wp-content\/uploads\/2023\/01\/notibras23.png\",\"contentUrl\":\"https:\/\/www.notibras.com\/site\/wp-content\/uploads\/2023\/01\/notibras23.png\",\"width\":350,\"height\":87,\"caption\":\"Grupo Notibras de Comunica\u00e7\u00e3o\"},\"image\":{\"@id\":\"https:\/\/www.notibras.com\/site\/#\/schema\/logo\/image\/\"},\"sameAs\":[\"https:\/\/www.facebook.com\/notibras\/\",\"https:\/\/x.com\/Notibras\",\"https:\/\/www.instagram.com\/notibras\/\"]},{\"@type\":\"Person\",\"@id\":\"https:\/\/www.notibras.com\/site\/#\/schema\/person\/36ab0979449956132d3e5b517ea76ac8\",\"name\":\"Reda\u00e7\u00e3o\",\"image\":{\"@type\":\"ImageObject\",\"inLanguage\":\"pt-BR\",\"@id\":\"https:\/\/secure.gravatar.com\/avatar\/e0a867bdedb85fd243eadf09663511f96fc81e0720a4a42581f334ad4303aa6b?s=96&d=mm&r=g\",\"url\":\"https:\/\/secure.gravatar.com\/avatar\/e0a867bdedb85fd243eadf09663511f96fc81e0720a4a42581f334ad4303aa6b?s=96&d=mm&r=g\",\"contentUrl\":\"https:\/\/secure.gravatar.com\/avatar\/e0a867bdedb85fd243eadf09663511f96fc81e0720a4a42581f334ad4303aa6b?s=96&d=mm&r=g\",\"caption\":\"Reda\u00e7\u00e3o\"}}]}<\/script>\n<!-- \/ Yoast SEO plugin. -->","yoast_head_json":{"title":"McDonald\u2019s faz 30 anos com muita hist\u00f3ria para contar - Notibras","robots":{"index":"index","follow":"follow","max-snippet":"max-snippet:-1","max-image-preview":"max-image-preview:large","max-video-preview":"max-video-preview:-1"},"canonical":"https:\/\/www.notibras.com\/site\/mcdonalds-faz-30-anos-com-muita-historia-para-contar\/","og_locale":"pt_BR","og_type":"article","og_title":"McDonald\u2019s faz 30 anos com muita hist\u00f3ria para contar - Notibras","og_description":"O McDonald\u2019s comemorou em junho seus 30 anos da inaugura\u00e7\u00e3o da unidade da Asa Norte, localizada na quadra 506\/507. O diretor da unidade, Luiz Paulo Leste Resende, primeiro funcion\u00e1rio contratado para esse restaurante, conta como era no in\u00edcio, h\u00e1 30 anos. Formado em Administra\u00e7\u00e3o pela UnB e p\u00f3s-graduado em Gest\u00e3o de Neg\u00f3cios pelo Ibmec, ele [&hellip;]","og_url":"https:\/\/www.notibras.com\/site\/mcdonalds-faz-30-anos-com-muita-historia-para-contar\/","og_site_name":"Notibras","article_publisher":"https:\/\/www.facebook.com\/notibras\/","article_published_time":"2023-07-02T03:00:10+00:00","article_modified_time":"2023-07-02T11:57:15+00:00","og_image":[{"width":884,"height":888,"url":"https:\/\/www.notibras.com\/site\/wp-content\/uploads\/2023\/07\/Big-Mac_.png","type":"image\/png"}],"author":"Reda\u00e7\u00e3o","twitter_card":"summary_large_image","twitter_creator":"@Notibras","twitter_site":"@Notibras","twitter_misc":{"Escrito por":"Reda\u00e7\u00e3o","Est. tempo de leitura":"3 minutos"},"schema":{"@context":"https:\/\/schema.org","@graph":[{"@type":"Article","@id":"https:\/\/www.notibras.com\/site\/mcdonalds-faz-30-anos-com-muita-historia-para-contar\/#article","isPartOf":{"@id":"https:\/\/www.notibras.com\/site\/mcdonalds-faz-30-anos-com-muita-historia-para-contar\/"},"author":{"name":"Reda\u00e7\u00e3o","@id":"https:\/\/www.notibras.com\/site\/#\/schema\/person\/36ab0979449956132d3e5b517ea76ac8"},"headline":"McDonald\u2019s faz 30 anos com muita hist\u00f3ria para contar","datePublished":"2023-07-02T03:00:10+00:00","dateModified":"2023-07-02T11:57:15+00:00","mainEntityOfPage":{"@id":"https:\/\/www.notibras.com\/site\/mcdonalds-faz-30-anos-com-muita-historia-para-contar\/"},"wordCount":557,"publisher":{"@id":"https:\/\/www.notibras.com\/site\/#organization"},"image":{"@id":"https:\/\/www.notibras.com\/site\/mcdonalds-faz-30-anos-com-muita-historia-para-contar\/#primaryimage"},"thumbnailUrl":"https:\/\/www.notibras.com\/site\/wp-content\/uploads\/2023\/07\/Big-Mac_.png","articleSection":["Quadradinho em Foco"],"inLanguage":"pt-BR"},{"@type":"WebPage","@id":"https:\/\/www.notibras.com\/site\/mcdonalds-faz-30-anos-com-muita-historia-para-contar\/","url":"https:\/\/www.notibras.com\/site\/mcdonalds-faz-30-anos-com-muita-historia-para-contar\/","name":"McDonald\u2019s faz 30 anos com muita hist\u00f3ria para contar - Notibras","isPartOf":{"@id":"https:\/\/www.notibras.com\/site\/#website"},"primaryImageOfPage":{"@id":"https:\/\/www.notibras.com\/site\/mcdonalds-faz-30-anos-com-muita-historia-para-contar\/#primaryimage"},"image":{"@id":"https:\/\/www.notibras.com\/site\/mcdonalds-faz-30-anos-com-muita-historia-para-contar\/#primaryimage"},"thumbnailUrl":"https:\/\/www.notibras.com\/site\/wp-content\/uploads\/2023\/07\/Big-Mac_.png","datePublished":"2023-07-02T03:00:10+00:00","dateModified":"2023-07-02T11:57:15+00:00","breadcrumb":{"@id":"https:\/\/www.notibras.com\/site\/mcdonalds-faz-30-anos-com-muita-historia-para-contar\/#breadcrumb"},"inLanguage":"pt-BR","potentialAction":[{"@type":"ReadAction","target":["https:\/\/www.notibras.com\/site\/mcdonalds-faz-30-anos-com-muita-historia-para-contar\/"]}]},{"@type":"ImageObject","inLanguage":"pt-BR","@id":"https:\/\/www.notibras.com\/site\/mcdonalds-faz-30-anos-com-muita-historia-para-contar\/#primaryimage","url":"https:\/\/www.notibras.com\/site\/wp-content\/uploads\/2023\/07\/Big-Mac_.png","contentUrl":"https:\/\/www.notibras.com\/site\/wp-content\/uploads\/2023\/07\/Big-Mac_.png","width":884,"height":888},{"@type":"BreadcrumbList","@id":"https:\/\/www.notibras.com\/site\/mcdonalds-faz-30-anos-com-muita-historia-para-contar\/#breadcrumb","itemListElement":[{"@type":"ListItem","position":1,"name":"In\u00edcio","item":"https:\/\/www.notibras.com\/site\/"},{"@type":"ListItem","position":2,"name":"McDonald\u2019s faz 30 anos com muita hist\u00f3ria para contar"}]},{"@type":"WebSite","@id":"https:\/\/www.notibras.com\/site\/#website","url":"https:\/\/www.notibras.com\/site\/","name":"Notibras","description":"Not\u00edcias de Bras\u00edlia, do Brasil e do Mundo","publisher":{"@id":"https:\/\/www.notibras.com\/site\/#organization"},"potentialAction":[{"@type":"SearchAction","target":{"@type":"EntryPoint","urlTemplate":"https:\/\/www.notibras.com\/site\/?s={search_term_string}"},"query-input":{"@type":"PropertyValueSpecification","valueRequired":true,"valueName":"search_term_string"}}],"inLanguage":"pt-BR"},{"@type":"Organization","@id":"https:\/\/www.notibras.com\/site\/#organization","name":"Grupo Notibras de Comunica\u00e7\u00e3o","url":"https:\/\/www.notibras.com\/site\/","logo":{"@type":"ImageObject","inLanguage":"pt-BR","@id":"https:\/\/www.notibras.com\/site\/#\/schema\/logo\/image\/","url":"https:\/\/www.notibras.com\/site\/wp-content\/uploads\/2023\/01\/notibras23.png","contentUrl":"https:\/\/www.notibras.com\/site\/wp-content\/uploads\/2023\/01\/notibras23.png","width":350,"height":87,"caption":"Grupo Notibras de Comunica\u00e7\u00e3o"},"image":{"@id":"https:\/\/www.notibras.com\/site\/#\/schema\/logo\/image\/"},"sameAs":["https:\/\/www.facebook.com\/notibras\/","https:\/\/x.com\/Notibras","https:\/\/www.instagram.com\/notibras\/"]},{"@type":"Person","@id":"https:\/\/www.notibras.com\/site\/#\/schema\/person\/36ab0979449956132d3e5b517ea76ac8","name":"Reda\u00e7\u00e3o","image":{"@type":"ImageObject","inLanguage":"pt-BR","@id":"https:\/\/secure.gravatar.com\/avatar\/e0a867bdedb85fd243eadf09663511f96fc81e0720a4a42581f334ad4303aa6b?s=96&d=mm&r=g","url":"https:\/\/secure.gravatar.com\/avatar\/e0a867bdedb85fd243eadf09663511f96fc81e0720a4a42581f334ad4303aa6b?s=96&d=mm&r=g","contentUrl":"https:\/\/secure.gravatar.com\/avatar\/e0a867bdedb85fd243eadf09663511f96fc81e0720a4a42581f334ad4303aa6b?s=96&d=mm&r=g","caption":"Reda\u00e7\u00e3o"}}]}},"amp_enabled":true,"_links":{"self":[{"href":"https:\/\/www.notibras.com\/site\/wp-json\/wp\/v2\/posts\/308051","targetHints":{"allow":["GET"]}}],"collection":[{"href":"https:\/\/www.notibras.com\/site\/wp-json\/wp\/v2\/posts"}],"about":[{"href":"https:\/\/www.notibras.com\/site\/wp-json\/wp\/v2\/types\/post"}],"author":[{"embeddable":true,"href":"https:\/\/www.notibras.com\/site\/wp-json\/wp\/v2\/users\/2"}],"replies":[{"embeddable":true,"href":"https:\/\/www.notibras.com\/site\/wp-json\/wp\/v2\/comments?post=308051"}],"version-history":[{"count":1,"href":"https:\/\/www.notibras.com\/site\/wp-json\/wp\/v2\/posts\/308051\/revisions"}],"predecessor-version":[{"id":308053,"href":"https:\/\/www.notibras.com\/site\/wp-json\/wp\/v2\/posts\/308051\/revisions\/308053"}],"wp:featuredmedia":[{"embeddable":true,"href":"https:\/\/www.notibras.com\/site\/wp-json\/wp\/v2\/media\/308052"}],"wp:attachment":[{"href":"https:\/\/www.notibras.com\/site\/wp-json\/wp\/v2\/media?parent=308051"}],"wp:term":[{"taxonomy":"category","embeddable":true,"href":"https:\/\/www.notibras.com\/site\/wp-json\/wp\/v2\/categories?post=308051"},{"taxonomy":"post_tag","embeddable":true,"href":"https:\/\/www.notibras.com\/site\/wp-json\/wp\/v2\/tags?post=308051"}],"curies":[{"name":"wp","href":"https:\/\/api.w.org\/{rel}","templated":true}]}}