{"id":308054,"date":"2023-07-02T00:00:02","date_gmt":"2023-07-02T03:00:02","guid":{"rendered":"https:\/\/www.notibras.com\/site\/?p=308054"},"modified":"2023-07-02T09:03:50","modified_gmt":"2023-07-02T12:03:50","slug":"academia-internacional-de-cultura-celebra-jubileu-de-prata","status":"publish","type":"post","link":"https:\/\/www.notibras.com\/site\/academia-internacional-de-cultura-celebra-jubileu-de-prata\/","title":{"rendered":"Academia Internacional de Cultura celebra Jubileu de Prata"},"content":{"rendered":"<p>O Jubileu de Prata da Academia Internacional de Cultura (AIC) foi comemorado com grande estilo na sexta, 30, ao reunir representantes de dez embaixadas, acad\u00eamicos, familiares e amigos da entidade, uma institui\u00e7\u00e3o sem fins lucrativos que congrega membros das \u00e1reas de literatura, artes, m\u00fasica, filosofia e ci\u00eancias. A AIC promove o interc\u00e2mbio cultural, de forma nacional e internacional, com vistas \u00e0 uni\u00e3o entre os povos.<\/p>\n<p>O M\u00e9rito Jubileu de Prata foi entregue a seis pessoas que se dedicaram, nos \u00faltimos 25 anos, ao desenvolvimento da Academia Internacional de Cultura: Lourdes Fonseca, Meireluce Fernandes, Nazareth Tunholi, Sebasti\u00e3o Gomes, Sonia Takano e a atual presidente da AIC, Shirley Pontes. \u201cCom este evento, valorizamos a hist\u00f3ria da AIC e todos os membros que colaboraram com esta trajet\u00f3ria, assim como procuramos agregar o grupo de acad\u00eamicos atuantes, para que a institui\u00e7\u00e3o possa continuar a crescer e a cumprir sua miss\u00e3o\u201d, ressalta Shirley.<\/p>\n<p>A noite tamb\u00e9m foi de acolhimento de novos acad\u00eamicos na institui\u00e7\u00e3o. Dentre os empossados estavam a cientista social Margot Queiroz, a consultora de imagem Marta Barbosa, a en\u00f3loga Rachel Nariyoshi, a psic\u00f3loga Shirin Vafaeian e o Gr\u00e3o Prior Franco Nicoletti.<\/p>\n<p>Ap\u00f3s a cerim\u00f4nia, houve a apresenta\u00e7\u00e3o \u201cViolinos da Corte\u201d, em roupas de \u00e9poca, cantando e tocando \u00f3peras famosas. Em seguida, o grupo Yellow Band encantou com boleros cl\u00e1ssicos, standars que marcaram \u00e9poca, MPB e pop rock, animando a noite at\u00e9 de madrugada.<\/p>\n<p>Estiveram presentes ao evento autoridades internacionais como a rainha das Filipinas, Maria Amor Torres, o embaixador de Cameroun, Martin Mbeng, o embaixador da Irlanda, Sean Hoy, a embaixadora do Suriname, Angeladebie Ramkisoen, o embaixador da Noruega, Odd Magne Ruud, a embaixadora de Gana, Abena Busai, o embaixador de Om\u00e3, Talal Alrahbi, o embaixador do Kenya, Lamarron Kaanto, o embaixador da Arg\u00e9lia, Rachid Bladehane, e a embaixatriz do Cazaquist\u00e3o, Gulnaziya Nussupova.<\/p>\n","protected":false},"excerpt":{"rendered":"<p>O Jubileu de Prata da Academia Internacional de Cultura (AIC) foi comemorado com grande estilo na sexta, 30, ao reunir representantes de dez embaixadas, acad\u00eamicos, familiares e amigos da entidade, uma institui\u00e7\u00e3o sem fins lucrativos que congrega membros das \u00e1reas de literatura, artes, m\u00fasica, filosofia e ci\u00eancias. A AIC promove o interc\u00e2mbio cultural, de forma [&hellip;]<\/p>\n","protected":false},"author":2,"featured_media":308055,"comment_status":"closed","ping_status":"closed","sticky":false,"template":"","format":"standard","meta":{"_acf_changed":false,"footnotes":""},"categories":[161],"tags":[],"class_list":["post-308054","post","type-post","status-publish","format-standard","has-post-thumbnail","hentry","category-quadradinho-em-foco"],"acf":[],"yoast_head":"<!-- This site is optimized with the Yoast SEO plugin v27.2 - https:\/\/yoast.com\/product\/yoast-seo-wordpress\/ -->\n<title>Academia Internacional de Cultura celebra Jubileu de Prata - Notibras<\/title>\n<meta name=\"robots\" content=\"index, follow, max-snippet:-1, max-image-preview:large, max-video-preview:-1\" \/>\n<link rel=\"canonical\" href=\"https:\/\/www.notibras.com\/site\/academia-internacional-de-cultura-celebra-jubileu-de-prata\/\" \/>\n<meta property=\"og:locale\" content=\"pt_BR\" \/>\n<meta property=\"og:type\" content=\"article\" \/>\n<meta property=\"og:title\" content=\"Academia Internacional de Cultura celebra Jubileu de Prata - Notibras\" \/>\n<meta property=\"og:description\" content=\"O Jubileu de Prata da Academia Internacional de Cultura (AIC) foi comemorado com grande estilo na sexta, 30, ao reunir representantes de dez embaixadas, acad\u00eamicos, familiares e amigos da entidade, uma institui\u00e7\u00e3o sem fins lucrativos que congrega membros das \u00e1reas de literatura, artes, m\u00fasica, filosofia e ci\u00eancias. A AIC promove o interc\u00e2mbio cultural, de forma [&hellip;]\" \/>\n<meta property=\"og:url\" content=\"https:\/\/www.notibras.com\/site\/academia-internacional-de-cultura-celebra-jubileu-de-prata\/\" \/>\n<meta property=\"og:site_name\" content=\"Notibras\" \/>\n<meta property=\"article:publisher\" content=\"https:\/\/www.facebook.com\/notibras\/\" \/>\n<meta property=\"article:published_time\" content=\"2023-07-02T03:00:02+00:00\" \/>\n<meta property=\"article:modified_time\" content=\"2023-07-02T12:03:50+00:00\" \/>\n<meta property=\"og:image\" content=\"https:\/\/www.notibras.com\/site\/wp-content\/uploads\/2023\/07\/DSC_0139.jpg\" \/>\n\t<meta property=\"og:image:width\" content=\"600\" \/>\n\t<meta property=\"og:image:height\" content=\"397\" \/>\n\t<meta property=\"og:image:type\" content=\"image\/jpeg\" \/>\n<meta name=\"author\" content=\"Reda\u00e7\u00e3o\" \/>\n<meta name=\"twitter:card\" content=\"summary_large_image\" \/>\n<meta name=\"twitter:creator\" content=\"@Notibras\" \/>\n<meta name=\"twitter:site\" content=\"@Notibras\" \/>\n<meta name=\"twitter:label1\" content=\"Escrito por\" \/>\n\t<meta name=\"twitter:data1\" content=\"Reda\u00e7\u00e3o\" \/>\n\t<meta name=\"twitter:label2\" content=\"Est. tempo de leitura\" \/>\n\t<meta name=\"twitter:data2\" content=\"2 minutos\" \/>\n<script type=\"application\/ld+json\" class=\"yoast-schema-graph\">{\"@context\":\"https:\/\/schema.org\",\"@graph\":[{\"@type\":\"Article\",\"@id\":\"https:\/\/www.notibras.com\/site\/academia-internacional-de-cultura-celebra-jubileu-de-prata\/#article\",\"isPartOf\":{\"@id\":\"https:\/\/www.notibras.com\/site\/academia-internacional-de-cultura-celebra-jubileu-de-prata\/\"},\"author\":{\"name\":\"Reda\u00e7\u00e3o\",\"@id\":\"https:\/\/www.notibras.com\/site\/#\/schema\/person\/36ab0979449956132d3e5b517ea76ac8\"},\"headline\":\"Academia Internacional de Cultura celebra Jubileu de Prata\",\"datePublished\":\"2023-07-02T03:00:02+00:00\",\"dateModified\":\"2023-07-02T12:03:50+00:00\",\"mainEntityOfPage\":{\"@id\":\"https:\/\/www.notibras.com\/site\/academia-internacional-de-cultura-celebra-jubileu-de-prata\/\"},\"wordCount\":330,\"publisher\":{\"@id\":\"https:\/\/www.notibras.com\/site\/#organization\"},\"image\":{\"@id\":\"https:\/\/www.notibras.com\/site\/academia-internacional-de-cultura-celebra-jubileu-de-prata\/#primaryimage\"},\"thumbnailUrl\":\"https:\/\/www.notibras.com\/site\/wp-content\/uploads\/2023\/07\/DSC_0139.jpg\",\"articleSection\":[\"Quadradinho em Foco\"],\"inLanguage\":\"pt-BR\"},{\"@type\":\"WebPage\",\"@id\":\"https:\/\/www.notibras.com\/site\/academia-internacional-de-cultura-celebra-jubileu-de-prata\/\",\"url\":\"https:\/\/www.notibras.com\/site\/academia-internacional-de-cultura-celebra-jubileu-de-prata\/\",\"name\":\"Academia Internacional de Cultura celebra Jubileu de Prata - Notibras\",\"isPartOf\":{\"@id\":\"https:\/\/www.notibras.com\/site\/#website\"},\"primaryImageOfPage\":{\"@id\":\"https:\/\/www.notibras.com\/site\/academia-internacional-de-cultura-celebra-jubileu-de-prata\/#primaryimage\"},\"image\":{\"@id\":\"https:\/\/www.notibras.com\/site\/academia-internacional-de-cultura-celebra-jubileu-de-prata\/#primaryimage\"},\"thumbnailUrl\":\"https:\/\/www.notibras.com\/site\/wp-content\/uploads\/2023\/07\/DSC_0139.jpg\",\"datePublished\":\"2023-07-02T03:00:02+00:00\",\"dateModified\":\"2023-07-02T12:03:50+00:00\",\"breadcrumb\":{\"@id\":\"https:\/\/www.notibras.com\/site\/academia-internacional-de-cultura-celebra-jubileu-de-prata\/#breadcrumb\"},\"inLanguage\":\"pt-BR\",\"potentialAction\":[{\"@type\":\"ReadAction\",\"target\":[\"https:\/\/www.notibras.com\/site\/academia-internacional-de-cultura-celebra-jubileu-de-prata\/\"]}]},{\"@type\":\"ImageObject\",\"inLanguage\":\"pt-BR\",\"@id\":\"https:\/\/www.notibras.com\/site\/academia-internacional-de-cultura-celebra-jubileu-de-prata\/#primaryimage\",\"url\":\"https:\/\/www.notibras.com\/site\/wp-content\/uploads\/2023\/07\/DSC_0139.jpg\",\"contentUrl\":\"https:\/\/www.notibras.com\/site\/wp-content\/uploads\/2023\/07\/DSC_0139.jpg\",\"width\":600,\"height\":397},{\"@type\":\"BreadcrumbList\",\"@id\":\"https:\/\/www.notibras.com\/site\/academia-internacional-de-cultura-celebra-jubileu-de-prata\/#breadcrumb\",\"itemListElement\":[{\"@type\":\"ListItem\",\"position\":1,\"name\":\"In\u00edcio\",\"item\":\"https:\/\/www.notibras.com\/site\/\"},{\"@type\":\"ListItem\",\"position\":2,\"name\":\"Academia Internacional de Cultura celebra Jubileu de Prata\"}]},{\"@type\":\"WebSite\",\"@id\":\"https:\/\/www.notibras.com\/site\/#website\",\"url\":\"https:\/\/www.notibras.com\/site\/\",\"name\":\"Notibras\",\"description\":\"Not\u00edcias de Bras\u00edlia, do Brasil e do Mundo\",\"publisher\":{\"@id\":\"https:\/\/www.notibras.com\/site\/#organization\"},\"potentialAction\":[{\"@type\":\"SearchAction\",\"target\":{\"@type\":\"EntryPoint\",\"urlTemplate\":\"https:\/\/www.notibras.com\/site\/?s={search_term_string}\"},\"query-input\":{\"@type\":\"PropertyValueSpecification\",\"valueRequired\":true,\"valueName\":\"search_term_string\"}}],\"inLanguage\":\"pt-BR\"},{\"@type\":\"Organization\",\"@id\":\"https:\/\/www.notibras.com\/site\/#organization\",\"name\":\"Grupo Notibras de Comunica\u00e7\u00e3o\",\"url\":\"https:\/\/www.notibras.com\/site\/\",\"logo\":{\"@type\":\"ImageObject\",\"inLanguage\":\"pt-BR\",\"@id\":\"https:\/\/www.notibras.com\/site\/#\/schema\/logo\/image\/\",\"url\":\"https:\/\/www.notibras.com\/site\/wp-content\/uploads\/2023\/01\/notibras23.png\",\"contentUrl\":\"https:\/\/www.notibras.com\/site\/wp-content\/uploads\/2023\/01\/notibras23.png\",\"width\":350,\"height\":87,\"caption\":\"Grupo Notibras de Comunica\u00e7\u00e3o\"},\"image\":{\"@id\":\"https:\/\/www.notibras.com\/site\/#\/schema\/logo\/image\/\"},\"sameAs\":[\"https:\/\/www.facebook.com\/notibras\/\",\"https:\/\/x.com\/Notibras\",\"https:\/\/www.instagram.com\/notibras\/\"]},{\"@type\":\"Person\",\"@id\":\"https:\/\/www.notibras.com\/site\/#\/schema\/person\/36ab0979449956132d3e5b517ea76ac8\",\"name\":\"Reda\u00e7\u00e3o\",\"image\":{\"@type\":\"ImageObject\",\"inLanguage\":\"pt-BR\",\"@id\":\"https:\/\/secure.gravatar.com\/avatar\/e0a867bdedb85fd243eadf09663511f96fc81e0720a4a42581f334ad4303aa6b?s=96&d=mm&r=g\",\"url\":\"https:\/\/secure.gravatar.com\/avatar\/e0a867bdedb85fd243eadf09663511f96fc81e0720a4a42581f334ad4303aa6b?s=96&d=mm&r=g\",\"contentUrl\":\"https:\/\/secure.gravatar.com\/avatar\/e0a867bdedb85fd243eadf09663511f96fc81e0720a4a42581f334ad4303aa6b?s=96&d=mm&r=g\",\"caption\":\"Reda\u00e7\u00e3o\"}}]}<\/script>\n<!-- \/ Yoast SEO plugin. -->","yoast_head_json":{"title":"Academia Internacional de Cultura celebra Jubileu de Prata - Notibras","robots":{"index":"index","follow":"follow","max-snippet":"max-snippet:-1","max-image-preview":"max-image-preview:large","max-video-preview":"max-video-preview:-1"},"canonical":"https:\/\/www.notibras.com\/site\/academia-internacional-de-cultura-celebra-jubileu-de-prata\/","og_locale":"pt_BR","og_type":"article","og_title":"Academia Internacional de Cultura celebra Jubileu de Prata - Notibras","og_description":"O Jubileu de Prata da Academia Internacional de Cultura (AIC) foi comemorado com grande estilo na sexta, 30, ao reunir representantes de dez embaixadas, acad\u00eamicos, familiares e amigos da entidade, uma institui\u00e7\u00e3o sem fins lucrativos que congrega membros das \u00e1reas de literatura, artes, m\u00fasica, filosofia e ci\u00eancias. A AIC promove o interc\u00e2mbio cultural, de forma [&hellip;]","og_url":"https:\/\/www.notibras.com\/site\/academia-internacional-de-cultura-celebra-jubileu-de-prata\/","og_site_name":"Notibras","article_publisher":"https:\/\/www.facebook.com\/notibras\/","article_published_time":"2023-07-02T03:00:02+00:00","article_modified_time":"2023-07-02T12:03:50+00:00","og_image":[{"width":600,"height":397,"url":"https:\/\/www.notibras.com\/site\/wp-content\/uploads\/2023\/07\/DSC_0139.jpg","type":"image\/jpeg"}],"author":"Reda\u00e7\u00e3o","twitter_card":"summary_large_image","twitter_creator":"@Notibras","twitter_site":"@Notibras","twitter_misc":{"Escrito por":"Reda\u00e7\u00e3o","Est. tempo de leitura":"2 minutos"},"schema":{"@context":"https:\/\/schema.org","@graph":[{"@type":"Article","@id":"https:\/\/www.notibras.com\/site\/academia-internacional-de-cultura-celebra-jubileu-de-prata\/#article","isPartOf":{"@id":"https:\/\/www.notibras.com\/site\/academia-internacional-de-cultura-celebra-jubileu-de-prata\/"},"author":{"name":"Reda\u00e7\u00e3o","@id":"https:\/\/www.notibras.com\/site\/#\/schema\/person\/36ab0979449956132d3e5b517ea76ac8"},"headline":"Academia Internacional de Cultura celebra Jubileu de Prata","datePublished":"2023-07-02T03:00:02+00:00","dateModified":"2023-07-02T12:03:50+00:00","mainEntityOfPage":{"@id":"https:\/\/www.notibras.com\/site\/academia-internacional-de-cultura-celebra-jubileu-de-prata\/"},"wordCount":330,"publisher":{"@id":"https:\/\/www.notibras.com\/site\/#organization"},"image":{"@id":"https:\/\/www.notibras.com\/site\/academia-internacional-de-cultura-celebra-jubileu-de-prata\/#primaryimage"},"thumbnailUrl":"https:\/\/www.notibras.com\/site\/wp-content\/uploads\/2023\/07\/DSC_0139.jpg","articleSection":["Quadradinho em Foco"],"inLanguage":"pt-BR"},{"@type":"WebPage","@id":"https:\/\/www.notibras.com\/site\/academia-internacional-de-cultura-celebra-jubileu-de-prata\/","url":"https:\/\/www.notibras.com\/site\/academia-internacional-de-cultura-celebra-jubileu-de-prata\/","name":"Academia Internacional de Cultura celebra Jubileu de Prata - Notibras","isPartOf":{"@id":"https:\/\/www.notibras.com\/site\/#website"},"primaryImageOfPage":{"@id":"https:\/\/www.notibras.com\/site\/academia-internacional-de-cultura-celebra-jubileu-de-prata\/#primaryimage"},"image":{"@id":"https:\/\/www.notibras.com\/site\/academia-internacional-de-cultura-celebra-jubileu-de-prata\/#primaryimage"},"thumbnailUrl":"https:\/\/www.notibras.com\/site\/wp-content\/uploads\/2023\/07\/DSC_0139.jpg","datePublished":"2023-07-02T03:00:02+00:00","dateModified":"2023-07-02T12:03:50+00:00","breadcrumb":{"@id":"https:\/\/www.notibras.com\/site\/academia-internacional-de-cultura-celebra-jubileu-de-prata\/#breadcrumb"},"inLanguage":"pt-BR","potentialAction":[{"@type":"ReadAction","target":["https:\/\/www.notibras.com\/site\/academia-internacional-de-cultura-celebra-jubileu-de-prata\/"]}]},{"@type":"ImageObject","inLanguage":"pt-BR","@id":"https:\/\/www.notibras.com\/site\/academia-internacional-de-cultura-celebra-jubileu-de-prata\/#primaryimage","url":"https:\/\/www.notibras.com\/site\/wp-content\/uploads\/2023\/07\/DSC_0139.jpg","contentUrl":"https:\/\/www.notibras.com\/site\/wp-content\/uploads\/2023\/07\/DSC_0139.jpg","width":600,"height":397},{"@type":"BreadcrumbList","@id":"https:\/\/www.notibras.com\/site\/academia-internacional-de-cultura-celebra-jubileu-de-prata\/#breadcrumb","itemListElement":[{"@type":"ListItem","position":1,"name":"In\u00edcio","item":"https:\/\/www.notibras.com\/site\/"},{"@type":"ListItem","position":2,"name":"Academia Internacional de Cultura celebra Jubileu de Prata"}]},{"@type":"WebSite","@id":"https:\/\/www.notibras.com\/site\/#website","url":"https:\/\/www.notibras.com\/site\/","name":"Notibras","description":"Not\u00edcias de Bras\u00edlia, do Brasil e do Mundo","publisher":{"@id":"https:\/\/www.notibras.com\/site\/#organization"},"potentialAction":[{"@type":"SearchAction","target":{"@type":"EntryPoint","urlTemplate":"https:\/\/www.notibras.com\/site\/?s={search_term_string}"},"query-input":{"@type":"PropertyValueSpecification","valueRequired":true,"valueName":"search_term_string"}}],"inLanguage":"pt-BR"},{"@type":"Organization","@id":"https:\/\/www.notibras.com\/site\/#organization","name":"Grupo Notibras de Comunica\u00e7\u00e3o","url":"https:\/\/www.notibras.com\/site\/","logo":{"@type":"ImageObject","inLanguage":"pt-BR","@id":"https:\/\/www.notibras.com\/site\/#\/schema\/logo\/image\/","url":"https:\/\/www.notibras.com\/site\/wp-content\/uploads\/2023\/01\/notibras23.png","contentUrl":"https:\/\/www.notibras.com\/site\/wp-content\/uploads\/2023\/01\/notibras23.png","width":350,"height":87,"caption":"Grupo Notibras de Comunica\u00e7\u00e3o"},"image":{"@id":"https:\/\/www.notibras.com\/site\/#\/schema\/logo\/image\/"},"sameAs":["https:\/\/www.facebook.com\/notibras\/","https:\/\/x.com\/Notibras","https:\/\/www.instagram.com\/notibras\/"]},{"@type":"Person","@id":"https:\/\/www.notibras.com\/site\/#\/schema\/person\/36ab0979449956132d3e5b517ea76ac8","name":"Reda\u00e7\u00e3o","image":{"@type":"ImageObject","inLanguage":"pt-BR","@id":"https:\/\/secure.gravatar.com\/avatar\/e0a867bdedb85fd243eadf09663511f96fc81e0720a4a42581f334ad4303aa6b?s=96&d=mm&r=g","url":"https:\/\/secure.gravatar.com\/avatar\/e0a867bdedb85fd243eadf09663511f96fc81e0720a4a42581f334ad4303aa6b?s=96&d=mm&r=g","contentUrl":"https:\/\/secure.gravatar.com\/avatar\/e0a867bdedb85fd243eadf09663511f96fc81e0720a4a42581f334ad4303aa6b?s=96&d=mm&r=g","caption":"Reda\u00e7\u00e3o"}}]}},"amp_enabled":true,"_links":{"self":[{"href":"https:\/\/www.notibras.com\/site\/wp-json\/wp\/v2\/posts\/308054","targetHints":{"allow":["GET"]}}],"collection":[{"href":"https:\/\/www.notibras.com\/site\/wp-json\/wp\/v2\/posts"}],"about":[{"href":"https:\/\/www.notibras.com\/site\/wp-json\/wp\/v2\/types\/post"}],"author":[{"embeddable":true,"href":"https:\/\/www.notibras.com\/site\/wp-json\/wp\/v2\/users\/2"}],"replies":[{"embeddable":true,"href":"https:\/\/www.notibras.com\/site\/wp-json\/wp\/v2\/comments?post=308054"}],"version-history":[{"count":1,"href":"https:\/\/www.notibras.com\/site\/wp-json\/wp\/v2\/posts\/308054\/revisions"}],"predecessor-version":[{"id":308056,"href":"https:\/\/www.notibras.com\/site\/wp-json\/wp\/v2\/posts\/308054\/revisions\/308056"}],"wp:featuredmedia":[{"embeddable":true,"href":"https:\/\/www.notibras.com\/site\/wp-json\/wp\/v2\/media\/308055"}],"wp:attachment":[{"href":"https:\/\/www.notibras.com\/site\/wp-json\/wp\/v2\/media?parent=308054"}],"wp:term":[{"taxonomy":"category","embeddable":true,"href":"https:\/\/www.notibras.com\/site\/wp-json\/wp\/v2\/categories?post=308054"},{"taxonomy":"post_tag","embeddable":true,"href":"https:\/\/www.notibras.com\/site\/wp-json\/wp\/v2\/tags?post=308054"}],"curies":[{"name":"wp","href":"https:\/\/api.w.org\/{rel}","templated":true}]}}