{"id":308113,"date":"2023-07-03T06:45:02","date_gmt":"2023-07-03T09:45:02","guid":{"rendered":"https:\/\/www.notibras.com\/site\/?p=308113"},"modified":"2023-07-03T06:45:02","modified_gmt":"2023-07-03T09:45:02","slug":"velha-mansao-do-entorno-tem-historia-de-arrepiar","status":"publish","type":"post","link":"https:\/\/www.notibras.com\/site\/velha-mansao-do-entorno-tem-historia-de-arrepiar\/","title":{"rendered":"Velha mans\u00e3o do Entorno tem hist\u00f3ria de arrepiar"},"content":{"rendered":"<p>As gera\u00e7\u00f5es se sucediam naquela fam\u00edlia, que permanecia na mesma mans\u00e3o isolada por muros elevados. A vizinhan\u00e7a h\u00e1 anos comentava sobre os misteriosos eventos que, de tempos em tempos, aconteciam por detr\u00e1s daquela muralha de pedras, onde os musgos lhe conferiam um ar ainda mais sombrio.<\/p>\n<p>A enorme placa no port\u00e3o dizia que aquela propriedade havia sido constru\u00edda em 1884, bem antes do tra\u00e7ado do quadradinho da Capital, mas muita gente insistia em afirmar, categoricamente, que datava do s\u00e9culo XVII. Seja como for, todos sabiam que ali fora palco do crime que abalou toda uma \u00e9poca: o assassinato de Matilde Rossi, primeira esposa do Comendador Tommaso Giordano.<\/p>\n<p>O casal n\u00e3o deixou herdeiros, j\u00e1 que Matilde, apesar de pronunciada gravidez, foi flagrada com outro na cama. Tommaso, num ataque de f\u00faria, estrangulou a esposa, enquanto o amante, o belo Mattia, escapulia pela janela do majestoso sobrado.<\/p>\n<p>O Comendador mandou construir um mausol\u00e9u de m\u00e1rmore sob uma arauc\u00e1ria. O caix\u00e3o, lacrado, foi depositado enquanto uma pequena plateia chorosa lamentava a perda precoce da senhora, que, at\u00e9 ent\u00e3o, ningu\u00e9m sabia ser ad\u00faltera. Quanto ao Mattia, n\u00e3o se sabe ao certo o que lhe aconteceu.<\/p>\n<p>Uma das vers\u00f5es \u00e9 de que o amante, depois de fugir da alcova, fora encontrado ap\u00f3s dois dias escondido em uma mata pr\u00f3xima. Ap\u00f3s horas de tortura, seu corpo teria sido esquartejado e deixado para que as on\u00e7as dessem cabo de suas carnes. Um triste fim para um rapaz t\u00e3o formoso e apreciador de beijos, carinhos e afagos.<\/p>\n<p>Distinta hist\u00f3ria, no entanto, aponta para outra dire\u00e7\u00e3o. Mattia, sabedor do que poderia lhe acontecer, teria fugido para o Rio de Janeiro. Segundo consta, o p\u00e9 de pano foi acolhido por uma ou duas senhoras, talvez vi\u00favas, e passou o tempo deitando-se em uma eterna vida de lux\u00faria.<\/p>\n<p>Como n\u00e3o poderia deixar de existir, uma vers\u00e3o mais simpl\u00f3ria afirmava que o jovem havia retornado para a sua cidade natal, Paola, no extremo sul da It\u00e1lia. Sem dinheiro para a passagem, Mattia teria trabalhado de ajudante de cozinha do vapor. N\u00e3o se sabe ao certo seu destino a partir desse ponto. Todavia, n\u00e3o s\u00e3o raras as suposi\u00e7\u00f5es de que ele teria se tornado o preferido de alguma rica\u00e7a.<\/p>\n<p>Apesar de pairar d\u00favidas sobre o destino de Mattia, parece certo o que teria acontecido com a pobre Matilde. Logo ap\u00f3s retirar suas m\u00e3os do pesco\u00e7o da esposa, Tommaso constatou que ela n\u00e3o apresentava mais sinais de vida. Nenhuma respira\u00e7\u00e3o, nenhum pulsar, apenas o corpo inerte, apesar de ainda morno.<\/p>\n<p>O marido tra\u00eddo mandou chamar Francesco, seu homem de confian\u00e7a. Sem alarde, contou-lhe somente o necess\u00e1rio. O machado foi primorosamente afiado e, num golpe certeiro, o empregado cortou a cabe\u00e7a da ad\u00faltera. Esta foi posta em um saco de estopa e levada para o galp\u00e3o. Em seguida, foi depositada em um enorme frasco de vidro com formol, que Tommaso havia guardado para suas experi\u00eancias de conserva\u00e7\u00e3o de restos de ca\u00e7as.<\/p>\n<p>Ap\u00f3s o enterro do corpo mutilado de Matilde, o Comendador ordenou que lhe trouxessem outra italianinha. O cas\u00f3rio aconteceu em menos de um ano. Tiveram oito filhos, mas somente a \u00fanica menina sobreviveu. Os sete var\u00f5es morreram, um a um, de maneira misteriosa.<\/p>\n<p>O primog\u00eanito caiu da janela do sobrado, a mesma janela por onde Mattia havia se livrado das garras do Comendador. Lorenzo, o segundo na linha de sucess\u00e3o, teve o cr\u00e2nio esmagado por um enorme galho da arauc\u00e1ria que fazia sombra na tumba de Matilde. O terceiro, o quarto e os demais tamb\u00e9m n\u00e3o escaparam. Todos mortos antes de completarem sete anos.<\/p>\n<p>A pequena Giulia sobreviveu e, antes de completar 16, foi desposada por Giuseppe Esposito, um pr\u00f3spero comerciante. A felicidade do casal parecia completa com o nascimento do primeiro filho, Carluccio. Todavia, o menino n\u00e3o chegou aos seis meses. Foi levado por uma febre de mais de 40 graus.<\/p>\n<p>Giulia, apesar do enorme sofrimento, engravidou mais tr\u00eas vezes. Todos meninos, todos mortos antes dos sete. At\u00e9 que, finalmente, veio a pequena Alice, \u00fanica sobrevivente. Herdou tudo, cresceu formosa, casou-se. A sina continuou, pois apenas a \u00fanica filha vingou. Todos os meninos morreram nos primeiros outonos.<\/p>\n<p>O mist\u00e9rio continua pairando sobre aquela fam\u00edlia. Ningu\u00e9m sabe ao certo o real motivo por tantas trag\u00e9dias. H\u00e1 os que afirmem que a culpa disso tudo \u00e9 daquele quadro, que ainda est\u00e1 na ampla sala de jantar. A moldura, de vez em quando, tomba para a esquerda, como se anunciando cada morte. \u00c9 o rosto de uma bela mulher, cujos olhos parecem sonhar com o filho ainda no ventre.<\/p>\n","protected":false},"excerpt":{"rendered":"<p>As gera\u00e7\u00f5es se sucediam naquela fam\u00edlia, que permanecia na mesma mans\u00e3o isolada por muros elevados. A vizinhan\u00e7a h\u00e1 anos comentava sobre os misteriosos eventos que, de tempos em tempos, aconteciam por detr\u00e1s daquela muralha de pedras, onde os musgos lhe conferiam um ar ainda mais sombrio. A enorme placa no port\u00e3o dizia que aquela propriedade [&hellip;]<\/p>\n","protected":false},"author":2,"featured_media":308117,"comment_status":"closed","ping_status":"closed","sticky":false,"template":"","format":"standard","meta":{"_acf_changed":false,"footnotes":""},"categories":[161],"tags":[],"class_list":["post-308113","post","type-post","status-publish","format-standard","has-post-thumbnail","hentry","category-quadradinho-em-foco"],"acf":[],"yoast_head":"<!-- This site is optimized with the Yoast SEO plugin v27.2 - https:\/\/yoast.com\/product\/yoast-seo-wordpress\/ -->\n<title>Velha mans\u00e3o do Entorno tem hist\u00f3ria de arrepiar - Notibras<\/title>\n<meta name=\"robots\" content=\"index, follow, max-snippet:-1, max-image-preview:large, max-video-preview:-1\" \/>\n<link rel=\"canonical\" href=\"https:\/\/www.notibras.com\/site\/velha-mansao-do-entorno-tem-historia-de-arrepiar\/\" \/>\n<meta property=\"og:locale\" content=\"pt_BR\" \/>\n<meta property=\"og:type\" content=\"article\" \/>\n<meta property=\"og:title\" content=\"Velha mans\u00e3o do Entorno tem hist\u00f3ria de arrepiar - Notibras\" \/>\n<meta property=\"og:description\" content=\"As gera\u00e7\u00f5es se sucediam naquela fam\u00edlia, que permanecia na mesma mans\u00e3o isolada por muros elevados. A vizinhan\u00e7a h\u00e1 anos comentava sobre os misteriosos eventos que, de tempos em tempos, aconteciam por detr\u00e1s daquela muralha de pedras, onde os musgos lhe conferiam um ar ainda mais sombrio. A enorme placa no port\u00e3o dizia que aquela propriedade [&hellip;]\" \/>\n<meta property=\"og:url\" content=\"https:\/\/www.notibras.com\/site\/velha-mansao-do-entorno-tem-historia-de-arrepiar\/\" \/>\n<meta property=\"og:site_name\" content=\"Notibras\" \/>\n<meta property=\"article:publisher\" content=\"https:\/\/www.facebook.com\/notibras\/\" \/>\n<meta property=\"article:published_time\" content=\"2023-07-03T09:45:02+00:00\" \/>\n<meta property=\"og:image\" content=\"https:\/\/www.notibras.com\/site\/wp-content\/uploads\/2023\/07\/0dd96ee9-012b-4b03-8900-7ee97c5d53a7.jpg\" \/>\n\t<meta property=\"og:image:width\" content=\"1600\" \/>\n\t<meta property=\"og:image:height\" content=\"900\" \/>\n\t<meta property=\"og:image:type\" content=\"image\/jpeg\" \/>\n<meta name=\"author\" content=\"Reda\u00e7\u00e3o\" \/>\n<meta name=\"twitter:card\" content=\"summary_large_image\" \/>\n<meta name=\"twitter:creator\" content=\"@Notibras\" \/>\n<meta name=\"twitter:site\" content=\"@Notibras\" \/>\n<meta name=\"twitter:label1\" content=\"Escrito por\" \/>\n\t<meta name=\"twitter:data1\" content=\"Reda\u00e7\u00e3o\" \/>\n\t<meta name=\"twitter:label2\" content=\"Est. tempo de leitura\" \/>\n\t<meta name=\"twitter:data2\" content=\"5 minutos\" \/>\n<script type=\"application\/ld+json\" class=\"yoast-schema-graph\">{\"@context\":\"https:\/\/schema.org\",\"@graph\":[{\"@type\":\"Article\",\"@id\":\"https:\/\/www.notibras.com\/site\/velha-mansao-do-entorno-tem-historia-de-arrepiar\/#article\",\"isPartOf\":{\"@id\":\"https:\/\/www.notibras.com\/site\/velha-mansao-do-entorno-tem-historia-de-arrepiar\/\"},\"author\":{\"name\":\"Reda\u00e7\u00e3o\",\"@id\":\"https:\/\/www.notibras.com\/site\/#\/schema\/person\/36ab0979449956132d3e5b517ea76ac8\"},\"headline\":\"Velha mans\u00e3o do Entorno tem hist\u00f3ria de arrepiar\",\"datePublished\":\"2023-07-03T09:45:02+00:00\",\"mainEntityOfPage\":{\"@id\":\"https:\/\/www.notibras.com\/site\/velha-mansao-do-entorno-tem-historia-de-arrepiar\/\"},\"wordCount\":826,\"publisher\":{\"@id\":\"https:\/\/www.notibras.com\/site\/#organization\"},\"image\":{\"@id\":\"https:\/\/www.notibras.com\/site\/velha-mansao-do-entorno-tem-historia-de-arrepiar\/#primaryimage\"},\"thumbnailUrl\":\"https:\/\/www.notibras.com\/site\/wp-content\/uploads\/2023\/07\/0dd96ee9-012b-4b03-8900-7ee97c5d53a7.jpg\",\"articleSection\":[\"Quadradinho em Foco\"],\"inLanguage\":\"pt-BR\"},{\"@type\":\"WebPage\",\"@id\":\"https:\/\/www.notibras.com\/site\/velha-mansao-do-entorno-tem-historia-de-arrepiar\/\",\"url\":\"https:\/\/www.notibras.com\/site\/velha-mansao-do-entorno-tem-historia-de-arrepiar\/\",\"name\":\"Velha mans\u00e3o do Entorno tem hist\u00f3ria de arrepiar - Notibras\",\"isPartOf\":{\"@id\":\"https:\/\/www.notibras.com\/site\/#website\"},\"primaryImageOfPage\":{\"@id\":\"https:\/\/www.notibras.com\/site\/velha-mansao-do-entorno-tem-historia-de-arrepiar\/#primaryimage\"},\"image\":{\"@id\":\"https:\/\/www.notibras.com\/site\/velha-mansao-do-entorno-tem-historia-de-arrepiar\/#primaryimage\"},\"thumbnailUrl\":\"https:\/\/www.notibras.com\/site\/wp-content\/uploads\/2023\/07\/0dd96ee9-012b-4b03-8900-7ee97c5d53a7.jpg\",\"datePublished\":\"2023-07-03T09:45:02+00:00\",\"breadcrumb\":{\"@id\":\"https:\/\/www.notibras.com\/site\/velha-mansao-do-entorno-tem-historia-de-arrepiar\/#breadcrumb\"},\"inLanguage\":\"pt-BR\",\"potentialAction\":[{\"@type\":\"ReadAction\",\"target\":[\"https:\/\/www.notibras.com\/site\/velha-mansao-do-entorno-tem-historia-de-arrepiar\/\"]}]},{\"@type\":\"ImageObject\",\"inLanguage\":\"pt-BR\",\"@id\":\"https:\/\/www.notibras.com\/site\/velha-mansao-do-entorno-tem-historia-de-arrepiar\/#primaryimage\",\"url\":\"https:\/\/www.notibras.com\/site\/wp-content\/uploads\/2023\/07\/0dd96ee9-012b-4b03-8900-7ee97c5d53a7.jpg\",\"contentUrl\":\"https:\/\/www.notibras.com\/site\/wp-content\/uploads\/2023\/07\/0dd96ee9-012b-4b03-8900-7ee97c5d53a7.jpg\",\"width\":1600,\"height\":900},{\"@type\":\"BreadcrumbList\",\"@id\":\"https:\/\/www.notibras.com\/site\/velha-mansao-do-entorno-tem-historia-de-arrepiar\/#breadcrumb\",\"itemListElement\":[{\"@type\":\"ListItem\",\"position\":1,\"name\":\"In\u00edcio\",\"item\":\"https:\/\/www.notibras.com\/site\/\"},{\"@type\":\"ListItem\",\"position\":2,\"name\":\"Velha mans\u00e3o do Entorno tem hist\u00f3ria de arrepiar\"}]},{\"@type\":\"WebSite\",\"@id\":\"https:\/\/www.notibras.com\/site\/#website\",\"url\":\"https:\/\/www.notibras.com\/site\/\",\"name\":\"Notibras\",\"description\":\"Not\u00edcias de Bras\u00edlia, do Brasil e do Mundo\",\"publisher\":{\"@id\":\"https:\/\/www.notibras.com\/site\/#organization\"},\"potentialAction\":[{\"@type\":\"SearchAction\",\"target\":{\"@type\":\"EntryPoint\",\"urlTemplate\":\"https:\/\/www.notibras.com\/site\/?s={search_term_string}\"},\"query-input\":{\"@type\":\"PropertyValueSpecification\",\"valueRequired\":true,\"valueName\":\"search_term_string\"}}],\"inLanguage\":\"pt-BR\"},{\"@type\":\"Organization\",\"@id\":\"https:\/\/www.notibras.com\/site\/#organization\",\"name\":\"Grupo Notibras de Comunica\u00e7\u00e3o\",\"url\":\"https:\/\/www.notibras.com\/site\/\",\"logo\":{\"@type\":\"ImageObject\",\"inLanguage\":\"pt-BR\",\"@id\":\"https:\/\/www.notibras.com\/site\/#\/schema\/logo\/image\/\",\"url\":\"https:\/\/www.notibras.com\/site\/wp-content\/uploads\/2023\/01\/notibras23.png\",\"contentUrl\":\"https:\/\/www.notibras.com\/site\/wp-content\/uploads\/2023\/01\/notibras23.png\",\"width\":350,\"height\":87,\"caption\":\"Grupo Notibras de Comunica\u00e7\u00e3o\"},\"image\":{\"@id\":\"https:\/\/www.notibras.com\/site\/#\/schema\/logo\/image\/\"},\"sameAs\":[\"https:\/\/www.facebook.com\/notibras\/\",\"https:\/\/x.com\/Notibras\",\"https:\/\/www.instagram.com\/notibras\/\"]},{\"@type\":\"Person\",\"@id\":\"https:\/\/www.notibras.com\/site\/#\/schema\/person\/36ab0979449956132d3e5b517ea76ac8\",\"name\":\"Reda\u00e7\u00e3o\",\"image\":{\"@type\":\"ImageObject\",\"inLanguage\":\"pt-BR\",\"@id\":\"https:\/\/secure.gravatar.com\/avatar\/e0a867bdedb85fd243eadf09663511f96fc81e0720a4a42581f334ad4303aa6b?s=96&d=mm&r=g\",\"url\":\"https:\/\/secure.gravatar.com\/avatar\/e0a867bdedb85fd243eadf09663511f96fc81e0720a4a42581f334ad4303aa6b?s=96&d=mm&r=g\",\"contentUrl\":\"https:\/\/secure.gravatar.com\/avatar\/e0a867bdedb85fd243eadf09663511f96fc81e0720a4a42581f334ad4303aa6b?s=96&d=mm&r=g\",\"caption\":\"Reda\u00e7\u00e3o\"}}]}<\/script>\n<!-- \/ Yoast SEO plugin. -->","yoast_head_json":{"title":"Velha mans\u00e3o do Entorno tem hist\u00f3ria de arrepiar - Notibras","robots":{"index":"index","follow":"follow","max-snippet":"max-snippet:-1","max-image-preview":"max-image-preview:large","max-video-preview":"max-video-preview:-1"},"canonical":"https:\/\/www.notibras.com\/site\/velha-mansao-do-entorno-tem-historia-de-arrepiar\/","og_locale":"pt_BR","og_type":"article","og_title":"Velha mans\u00e3o do Entorno tem hist\u00f3ria de arrepiar - Notibras","og_description":"As gera\u00e7\u00f5es se sucediam naquela fam\u00edlia, que permanecia na mesma mans\u00e3o isolada por muros elevados. A vizinhan\u00e7a h\u00e1 anos comentava sobre os misteriosos eventos que, de tempos em tempos, aconteciam por detr\u00e1s daquela muralha de pedras, onde os musgos lhe conferiam um ar ainda mais sombrio. A enorme placa no port\u00e3o dizia que aquela propriedade [&hellip;]","og_url":"https:\/\/www.notibras.com\/site\/velha-mansao-do-entorno-tem-historia-de-arrepiar\/","og_site_name":"Notibras","article_publisher":"https:\/\/www.facebook.com\/notibras\/","article_published_time":"2023-07-03T09:45:02+00:00","og_image":[{"width":1600,"height":900,"url":"https:\/\/www.notibras.com\/site\/wp-content\/uploads\/2023\/07\/0dd96ee9-012b-4b03-8900-7ee97c5d53a7.jpg","type":"image\/jpeg"}],"author":"Reda\u00e7\u00e3o","twitter_card":"summary_large_image","twitter_creator":"@Notibras","twitter_site":"@Notibras","twitter_misc":{"Escrito por":"Reda\u00e7\u00e3o","Est. tempo de leitura":"5 minutos"},"schema":{"@context":"https:\/\/schema.org","@graph":[{"@type":"Article","@id":"https:\/\/www.notibras.com\/site\/velha-mansao-do-entorno-tem-historia-de-arrepiar\/#article","isPartOf":{"@id":"https:\/\/www.notibras.com\/site\/velha-mansao-do-entorno-tem-historia-de-arrepiar\/"},"author":{"name":"Reda\u00e7\u00e3o","@id":"https:\/\/www.notibras.com\/site\/#\/schema\/person\/36ab0979449956132d3e5b517ea76ac8"},"headline":"Velha mans\u00e3o do Entorno tem hist\u00f3ria de arrepiar","datePublished":"2023-07-03T09:45:02+00:00","mainEntityOfPage":{"@id":"https:\/\/www.notibras.com\/site\/velha-mansao-do-entorno-tem-historia-de-arrepiar\/"},"wordCount":826,"publisher":{"@id":"https:\/\/www.notibras.com\/site\/#organization"},"image":{"@id":"https:\/\/www.notibras.com\/site\/velha-mansao-do-entorno-tem-historia-de-arrepiar\/#primaryimage"},"thumbnailUrl":"https:\/\/www.notibras.com\/site\/wp-content\/uploads\/2023\/07\/0dd96ee9-012b-4b03-8900-7ee97c5d53a7.jpg","articleSection":["Quadradinho em Foco"],"inLanguage":"pt-BR"},{"@type":"WebPage","@id":"https:\/\/www.notibras.com\/site\/velha-mansao-do-entorno-tem-historia-de-arrepiar\/","url":"https:\/\/www.notibras.com\/site\/velha-mansao-do-entorno-tem-historia-de-arrepiar\/","name":"Velha mans\u00e3o do Entorno tem hist\u00f3ria de arrepiar - Notibras","isPartOf":{"@id":"https:\/\/www.notibras.com\/site\/#website"},"primaryImageOfPage":{"@id":"https:\/\/www.notibras.com\/site\/velha-mansao-do-entorno-tem-historia-de-arrepiar\/#primaryimage"},"image":{"@id":"https:\/\/www.notibras.com\/site\/velha-mansao-do-entorno-tem-historia-de-arrepiar\/#primaryimage"},"thumbnailUrl":"https:\/\/www.notibras.com\/site\/wp-content\/uploads\/2023\/07\/0dd96ee9-012b-4b03-8900-7ee97c5d53a7.jpg","datePublished":"2023-07-03T09:45:02+00:00","breadcrumb":{"@id":"https:\/\/www.notibras.com\/site\/velha-mansao-do-entorno-tem-historia-de-arrepiar\/#breadcrumb"},"inLanguage":"pt-BR","potentialAction":[{"@type":"ReadAction","target":["https:\/\/www.notibras.com\/site\/velha-mansao-do-entorno-tem-historia-de-arrepiar\/"]}]},{"@type":"ImageObject","inLanguage":"pt-BR","@id":"https:\/\/www.notibras.com\/site\/velha-mansao-do-entorno-tem-historia-de-arrepiar\/#primaryimage","url":"https:\/\/www.notibras.com\/site\/wp-content\/uploads\/2023\/07\/0dd96ee9-012b-4b03-8900-7ee97c5d53a7.jpg","contentUrl":"https:\/\/www.notibras.com\/site\/wp-content\/uploads\/2023\/07\/0dd96ee9-012b-4b03-8900-7ee97c5d53a7.jpg","width":1600,"height":900},{"@type":"BreadcrumbList","@id":"https:\/\/www.notibras.com\/site\/velha-mansao-do-entorno-tem-historia-de-arrepiar\/#breadcrumb","itemListElement":[{"@type":"ListItem","position":1,"name":"In\u00edcio","item":"https:\/\/www.notibras.com\/site\/"},{"@type":"ListItem","position":2,"name":"Velha mans\u00e3o do Entorno tem hist\u00f3ria de arrepiar"}]},{"@type":"WebSite","@id":"https:\/\/www.notibras.com\/site\/#website","url":"https:\/\/www.notibras.com\/site\/","name":"Notibras","description":"Not\u00edcias de Bras\u00edlia, do Brasil e do Mundo","publisher":{"@id":"https:\/\/www.notibras.com\/site\/#organization"},"potentialAction":[{"@type":"SearchAction","target":{"@type":"EntryPoint","urlTemplate":"https:\/\/www.notibras.com\/site\/?s={search_term_string}"},"query-input":{"@type":"PropertyValueSpecification","valueRequired":true,"valueName":"search_term_string"}}],"inLanguage":"pt-BR"},{"@type":"Organization","@id":"https:\/\/www.notibras.com\/site\/#organization","name":"Grupo Notibras de Comunica\u00e7\u00e3o","url":"https:\/\/www.notibras.com\/site\/","logo":{"@type":"ImageObject","inLanguage":"pt-BR","@id":"https:\/\/www.notibras.com\/site\/#\/schema\/logo\/image\/","url":"https:\/\/www.notibras.com\/site\/wp-content\/uploads\/2023\/01\/notibras23.png","contentUrl":"https:\/\/www.notibras.com\/site\/wp-content\/uploads\/2023\/01\/notibras23.png","width":350,"height":87,"caption":"Grupo Notibras de Comunica\u00e7\u00e3o"},"image":{"@id":"https:\/\/www.notibras.com\/site\/#\/schema\/logo\/image\/"},"sameAs":["https:\/\/www.facebook.com\/notibras\/","https:\/\/x.com\/Notibras","https:\/\/www.instagram.com\/notibras\/"]},{"@type":"Person","@id":"https:\/\/www.notibras.com\/site\/#\/schema\/person\/36ab0979449956132d3e5b517ea76ac8","name":"Reda\u00e7\u00e3o","image":{"@type":"ImageObject","inLanguage":"pt-BR","@id":"https:\/\/secure.gravatar.com\/avatar\/e0a867bdedb85fd243eadf09663511f96fc81e0720a4a42581f334ad4303aa6b?s=96&d=mm&r=g","url":"https:\/\/secure.gravatar.com\/avatar\/e0a867bdedb85fd243eadf09663511f96fc81e0720a4a42581f334ad4303aa6b?s=96&d=mm&r=g","contentUrl":"https:\/\/secure.gravatar.com\/avatar\/e0a867bdedb85fd243eadf09663511f96fc81e0720a4a42581f334ad4303aa6b?s=96&d=mm&r=g","caption":"Reda\u00e7\u00e3o"}}]}},"amp_enabled":true,"_links":{"self":[{"href":"https:\/\/www.notibras.com\/site\/wp-json\/wp\/v2\/posts\/308113","targetHints":{"allow":["GET"]}}],"collection":[{"href":"https:\/\/www.notibras.com\/site\/wp-json\/wp\/v2\/posts"}],"about":[{"href":"https:\/\/www.notibras.com\/site\/wp-json\/wp\/v2\/types\/post"}],"author":[{"embeddable":true,"href":"https:\/\/www.notibras.com\/site\/wp-json\/wp\/v2\/users\/2"}],"replies":[{"embeddable":true,"href":"https:\/\/www.notibras.com\/site\/wp-json\/wp\/v2\/comments?post=308113"}],"version-history":[{"count":1,"href":"https:\/\/www.notibras.com\/site\/wp-json\/wp\/v2\/posts\/308113\/revisions"}],"predecessor-version":[{"id":308115,"href":"https:\/\/www.notibras.com\/site\/wp-json\/wp\/v2\/posts\/308113\/revisions\/308115"}],"wp:featuredmedia":[{"embeddable":true,"href":"https:\/\/www.notibras.com\/site\/wp-json\/wp\/v2\/media\/308117"}],"wp:attachment":[{"href":"https:\/\/www.notibras.com\/site\/wp-json\/wp\/v2\/media?parent=308113"}],"wp:term":[{"taxonomy":"category","embeddable":true,"href":"https:\/\/www.notibras.com\/site\/wp-json\/wp\/v2\/categories?post=308113"},{"taxonomy":"post_tag","embeddable":true,"href":"https:\/\/www.notibras.com\/site\/wp-json\/wp\/v2\/tags?post=308113"}],"curies":[{"name":"wp","href":"https:\/\/api.w.org\/{rel}","templated":true}]}}