{"id":308130,"date":"2023-07-03T00:58:57","date_gmt":"2023-07-03T03:58:57","guid":{"rendered":"https:\/\/www.notibras.com\/site\/?p=308130"},"modified":"2023-07-03T10:02:10","modified_gmt":"2023-07-03T13:02:10","slug":"lula-assina-lei-que-garante-novos-exames-de-saude-a-gestantes","status":"publish","type":"post","link":"https:\/\/www.notibras.com\/site\/lula-assina-lei-que-garante-novos-exames-de-saude-a-gestantes\/","title":{"rendered":"Lula assina lei que garante novos exames de sa\u00fade a gestantes"},"content":{"rendered":"<p>O presidente da Rep\u00fablica, Luiz In\u00e1cio Lula da Silva, assinou em junho a Lei 14.598, que incluiu no protocolo de assist\u00eancia de rotina \u00e0s gestantes da rede p\u00fablica de sa\u00fade o exame de ecocardiograma fetal e pelo menos duas ultrassonografias transvaginais, ainda no primeiro quadrimestre de gesta\u00e7\u00e3o. O objetivo do governo federal \u00e9 garantir a seguran\u00e7a e o correto acompanhamento da gestante e do beb\u00ea ainda durante a gravidez.<\/p>\n<p>A ultrassonografia transvaginal \u00e9 um exame de imagem n\u00e3o invasivo. Durante a gesta\u00e7\u00e3o, o exame confere a sa\u00fade do colo do \u00fatero e da placenta, al\u00e9m de identificar os batimentos card\u00edacos do feto e sinais de complica\u00e7\u00f5es para evitar problemas que podem levar a abortos ou partos prematuros. Em nota \u00e0 Ag\u00eancia Brasil, o Minist\u00e9rio da Sa\u00fade informou que este exame j\u00e1 est\u00e1 inclu\u00eddo no rol de procedimentos do Sistema \u00danico de Sa\u00fade (SUS) e que a solicita\u00e7\u00e3o e avalia\u00e7\u00e3o do exame \u00e9 parte da rotina das equipes de sa\u00fade da fam\u00edlia e equipes multiprofissionais da Aten\u00e7\u00e3o Prim\u00e1ria \u00e0 Sa\u00fade, nas unidades de sa\u00fade. \u201cS\u00e3o exames fundamentais para monitorar o desenvolvimento do feto e garantir um acompanhamento adequado na fase inicial da gravidez\u201d, disse a nota.<\/p>\n<p>J\u00e1 o ecocardiograma fetal, agora inclu\u00eddo no pr\u00e9-natal de gestantes do SUS, permite avaliar, detalhadamente, o funcionamento do cora\u00e7\u00e3o do feto na fase intrauterina, e assim, diagnosticar cardiopatias cong\u00eanitas, arritmias ou dist\u00farbios funcionais.<\/p>\n<p>A lei sancionada ainda obriga o m\u00e9dico respons\u00e1vel a encaminhar a gestante para a realiza\u00e7\u00e3o dos tratamentos necess\u00e1rios, no caso de ser encontrada alguma altera\u00e7\u00e3o que coloque em risco a gesta\u00e7\u00e3o. A inten\u00e7\u00e3o \u00e9 proteger a vida materna e do beb\u00ea e evitar poss\u00edveis complica\u00e7\u00f5es.<\/p>\n<p>Em entrevista para \u00e0 <em>TV Brasil<\/em>, o m\u00e9dico diretor da divis\u00e3o de cardiologia pedi\u00e1trica do Instituto de Cardiologia e Transplantes do Distrito Federal, Jorge Afiune, destacou a import\u00e2ncia do ecocardiograma fetal. O cardiologista pedi\u00e1trico concorda com o encaminhamento m\u00e9dico das gestantes, quando verificadas altera\u00e7\u00f5es no cora\u00e7\u00e3o do beb\u00ea. \u201c\u00c9 uma ferramenta que deve aumentar a detec\u00e7\u00e3o de defeitos, mas que o sistema [o SUS] j\u00e1 tem que se preparar para que, uma vez feito o diagn\u00f3stico, a gente, de fato, consiga beneficiar essas fam\u00edlias com o tratamento\u201d.<\/p>\n<p><strong>Debate<\/strong><br \/>\nEm nota, a Federa\u00e7\u00e3o Brasileira das Associa\u00e7\u00f5es de Ginecologia e Obstetr\u00edcia (Febrasgo), filiada \u00e0 Associa\u00e7\u00e3o M\u00e9dica Brasileira, considerou que n\u00e3o houve discuss\u00e3o sobre a lei com os profissionais de medicina. \u201cA Febrasgo vem a p\u00fablico salientar que a referida lei n\u00e3o est\u00e1 alinhada com as recomenda\u00e7\u00f5es cient\u00edficas vigentes e que deveria ser imediatamente revisada e reeditada com adequado alinhamento cient\u00edfico. Para tal, oferecemos premissas t\u00e9cnicas amparadas pelo rigor cient\u00edfico a fim de subsidiar as inst\u00e2ncias legislativas e o executivo, para que possam oferecer \u00e0 sa\u00fade p\u00fablica brasileira normativas legais amparadas pelas evid\u00eancias cient\u00edficas\u201d.<\/p>\n<p>E emenda. \u201cA oferta de ecocardiografia fetal sistem\u00e1tica no pr\u00e9-natal, como determina a lei em quest\u00e3o, n\u00e3o encontra efetivo amparo nas melhores diretrizes cient\u00edficas da atualidade. Dessa forma, \u00e9 dif\u00edcil afirmar que a oferta da ecocardiografia fetal como exame de rotina do pr\u00e9-natal possa reduzir a mortalidade neonatal\u201d, diz a nota da Febrasgo.<\/p>\n<p>\u201cO consenso observado na literatura m\u00e9dica \u00e9 da realiza\u00e7\u00e3o da ecocardiografia fetal, para o grupo de gestantes que possuem fatores de risco, podendo ser realizada a partir de 18 semanas, conquanto a melhor visualiza\u00e7\u00e3o das estruturas card\u00edacas ocorra entre 24 e 28 semanas de gesta\u00e7\u00e3o\u201d, diz nota da Febrasgo.<\/p>\n<p>Procurado pela reportagem da Ag\u00eancia Brasil, o Minist\u00e9rio da Sa\u00fade respondeu que a referida lei, resultado da aprova\u00e7\u00e3o do Projeto de Lei da C\u00e2mara (PLC 130\/2018) \u201cfoi aprovada pelo parlamento brasileiro e que o governo federal, agora, viabiliza o cumprimento da lei. Mas, que o m\u00e9dico tem autonomia para conduzir o pr\u00e9-natal das gestantes\u201d.<\/p>\n<p><strong>Cardiopatias<\/strong><br \/>\nA Sociedade Brasileira de Cardiologia define a cardiopatia cong\u00eanita como qualquer anormalidade na estrutura ou fun\u00e7\u00e3o do cora\u00e7\u00e3o que surja nas primeiras oito semanas de gesta\u00e7\u00e3o, quando se forma o cora\u00e7\u00e3o do beb\u00ea. A Organiza\u00e7\u00e3o Mundial de Sa\u00fade (OMS) estima 1% de incid\u00eancia de cardiopatias cong\u00eanitas, dado aceito para os pa\u00edses latino-americanos. Assim, no Brasil, preveem-se cerca de quase 29 mil (28.846 novos) casos de cardiopatias cong\u00eanitas ao ano. De acordo com dados do DataSUS, em 2021, foram registrados 2.758 nascidos-vivos com malforma\u00e7\u00e3o do sistema circulat\u00f3rio, no Brasil.<\/p>\n<p>A profissional de Rela\u00e7\u00f5es P\u00fablicas Larissa Mendes e a advogada Jana\u00edna Souto s\u00e3o m\u00e3es de cardiopatas. Juntas, elas criaram um perfil em uma rede social para orientar outros pais sobre como lidar com altera\u00e7\u00f5es nos cora\u00e7\u00f5es de seus filhos, as partir das pr\u00f3prias experi\u00eancias.<\/p>\n<p>H\u00e1 21 anos, Jana\u00edna Souto teve uma filha com cardiopatia cong\u00eanita (atresia da mitral, da pulmonar, ventr\u00edculo \u00fanico tipo direito, isomerismo direito e asplenia cong\u00eanita), em um parto normal, sem qualquer suporte, sem qualquer avalia\u00e7\u00e3o criteriosa. \u201cGra\u00e7as a Deus, ela conseguiu sobreviver aos 30 dias, sem suporte, e o diagn\u00f3stico chegou a tempo. Mas enfrentamos voo [de avi\u00e3o] comum com uma crian\u00e7a em crise, chorando, porque tive que buscar tratamento fora\u201d, recorda a advogada.<\/p>\n<p>J\u00e1 Larissa Mendes foi m\u00e3e aos 28 anos e o pr\u00e9-natal foi feito corretamente, com a realiza\u00e7\u00e3o de tr\u00eas ultrassons morfol\u00f3gicos com m\u00e9dicos diferentes e nenhum deles notou complica\u00e7\u00f5es relevantes. \u201cHouve altera\u00e7\u00f5es na gesta\u00e7\u00e3o, como art\u00e9ria umbilical \u00fanica e polidr\u00e2mnio, mas considerado normal por obstetras. Meu filho nasceu em hospital apenas com suporte neonatal e, gra\u00e7as a Deus, n\u00e3o precisou de atendimento ao nascer. Caso contr\u00e1rio, o risco teria sido imenso\u201d.<\/p>\n<p>As duas m\u00e3es entendem que o diagn\u00f3stico precoce poderia ter dado um melhor suporte a elas, durante as respectivas gesta\u00e7\u00f5es. \u201cVemos isso, ao longo desses mais de 15 anos acompanhando m\u00e3es de cardiopatas cong\u00eanitos\u201d.<\/p>\n<p>Sobre a inclus\u00e3o do ecocardiograma fetal e pelo menos duas ultrassonografias no protocolo de assist\u00eancia de rotina \u00e0s gestantes do SUS, as duas m\u00e3es entendem que o diagn\u00f3stico precoce \u00e9 importante. \u201cSabemos que sem ele, muitas crian\u00e7as continuar\u00e3o morrendo sem tratamento, nos primeiros dias ou meses de vida. E a culpa ser\u00e1 colocada na cardiopatia, quando na verdade a culpa \u00e9 da falta de oferta de tratamento no tempo certo, e isso passa pelo ecofetal em toda gestante\u201d. Ambas, consideram a legisla\u00e7\u00e3o como um primeiro passo. \u201cA lei n\u00e3o resolver\u00e1 imediatamente todos os problemas: faltam profissionais, faltam equipamentos, estrutura. Mas, \u00e9 o primeiro passo em busca da melhoria do diagn\u00f3stico precoce\u201d.<\/p>\n<p>No entanto, Larissa Mendes e Jana\u00edna Souto criticam tamb\u00e9m a qualidade da an\u00e1lise feita nas ultrassonografias (US). \u201cAtualmente, nas US, os cortes de imagem para avalia\u00e7\u00e3o do cora\u00e7\u00e3o s\u00e3o muito negligenciados e os profissionais n\u00e3o recebem tratamento para poder desconfiar de uma altera\u00e7\u00e3o card\u00edaca. Dessa forma, as gestantes n\u00e3o s\u00e3o encaminhadas para ecofetal. Falhamos no diagn\u00f3stico precoce e as crian\u00e7as nascem sem suporte.\u201d<\/p>\n<p>Elas sugerem o devido preparo dos m\u00e9dicos para avaliar o cora\u00e7\u00e3o fetal. \u201cA Febrasgo poderia atuar incentivando seus credenciados para melhor aperfei\u00e7oamento nesse sentido \u2013 com ecografistas fetais. Assim, futuramente, quando for dada a devida aten\u00e7\u00e3o ao cora\u00e7\u00e3o do feto, poderemos ver encaminhamentos mais espec\u00edficos. Mas essa n\u00e3o \u00e9 a realidade atual\u201d.<\/p>\n","protected":false},"excerpt":{"rendered":"<p>O presidente da Rep\u00fablica, Luiz In\u00e1cio Lula da Silva, assinou em junho a Lei 14.598, que incluiu no protocolo de assist\u00eancia de rotina \u00e0s gestantes da rede p\u00fablica de sa\u00fade o exame de ecocardiograma fetal e pelo menos duas ultrassonografias transvaginais, ainda no primeiro quadrimestre de gesta\u00e7\u00e3o. O objetivo do governo federal \u00e9 garantir a [&hellip;]<\/p>\n","protected":false},"author":2,"featured_media":308131,"comment_status":"closed","ping_status":"closed","sticky":false,"template":"","format":"standard","meta":{"_acf_changed":false,"footnotes":""},"categories":[161],"tags":[],"class_list":["post-308130","post","type-post","status-publish","format-standard","has-post-thumbnail","hentry","category-quadradinho-em-foco"],"acf":[],"yoast_head":"<!-- This site is optimized with the Yoast SEO plugin v27.2 - https:\/\/yoast.com\/product\/yoast-seo-wordpress\/ -->\n<title>Lula assina lei que garante novos exames de sa\u00fade a gestantes - Notibras<\/title>\n<meta name=\"robots\" content=\"index, follow, max-snippet:-1, max-image-preview:large, max-video-preview:-1\" \/>\n<link rel=\"canonical\" href=\"https:\/\/www.notibras.com\/site\/lula-assina-lei-que-garante-novos-exames-de-saude-a-gestantes\/\" \/>\n<meta property=\"og:locale\" content=\"pt_BR\" \/>\n<meta property=\"og:type\" content=\"article\" \/>\n<meta property=\"og:title\" content=\"Lula assina lei que garante novos exames de sa\u00fade a gestantes - Notibras\" \/>\n<meta property=\"og:description\" content=\"O presidente da Rep\u00fablica, Luiz In\u00e1cio Lula da Silva, assinou em junho a Lei 14.598, que incluiu no protocolo de assist\u00eancia de rotina \u00e0s gestantes da rede p\u00fablica de sa\u00fade o exame de ecocardiograma fetal e pelo menos duas ultrassonografias transvaginais, ainda no primeiro quadrimestre de gesta\u00e7\u00e3o. O objetivo do governo federal \u00e9 garantir a [&hellip;]\" \/>\n<meta property=\"og:url\" content=\"https:\/\/www.notibras.com\/site\/lula-assina-lei-que-garante-novos-exames-de-saude-a-gestantes\/\" \/>\n<meta property=\"og:site_name\" content=\"Notibras\" \/>\n<meta property=\"article:publisher\" content=\"https:\/\/www.facebook.com\/notibras\/\" \/>\n<meta property=\"article:published_time\" content=\"2023-07-03T03:58:57+00:00\" \/>\n<meta property=\"article:modified_time\" content=\"2023-07-03T13:02:10+00:00\" \/>\n<meta property=\"og:image\" content=\"https:\/\/www.notibras.com\/site\/wp-content\/uploads\/2023\/07\/gestante-2.jpeg\" \/>\n\t<meta property=\"og:image:width\" content=\"1170\" \/>\n\t<meta property=\"og:image:height\" content=\"700\" \/>\n\t<meta property=\"og:image:type\" content=\"image\/jpeg\" \/>\n<meta name=\"author\" content=\"Reda\u00e7\u00e3o\" \/>\n<meta name=\"twitter:card\" content=\"summary_large_image\" \/>\n<meta name=\"twitter:creator\" content=\"@Notibras\" \/>\n<meta name=\"twitter:site\" content=\"@Notibras\" \/>\n<meta name=\"twitter:label1\" content=\"Escrito por\" \/>\n\t<meta name=\"twitter:data1\" content=\"Reda\u00e7\u00e3o\" \/>\n\t<meta name=\"twitter:label2\" content=\"Est. tempo de leitura\" \/>\n\t<meta name=\"twitter:data2\" content=\"7 minutos\" \/>\n<script type=\"application\/ld+json\" class=\"yoast-schema-graph\">{\"@context\":\"https:\/\/schema.org\",\"@graph\":[{\"@type\":\"Article\",\"@id\":\"https:\/\/www.notibras.com\/site\/lula-assina-lei-que-garante-novos-exames-de-saude-a-gestantes\/#article\",\"isPartOf\":{\"@id\":\"https:\/\/www.notibras.com\/site\/lula-assina-lei-que-garante-novos-exames-de-saude-a-gestantes\/\"},\"author\":{\"name\":\"Reda\u00e7\u00e3o\",\"@id\":\"https:\/\/www.notibras.com\/site\/#\/schema\/person\/36ab0979449956132d3e5b517ea76ac8\"},\"headline\":\"Lula assina lei que garante novos exames de sa\u00fade a gestantes\",\"datePublished\":\"2023-07-03T03:58:57+00:00\",\"dateModified\":\"2023-07-03T13:02:10+00:00\",\"mainEntityOfPage\":{\"@id\":\"https:\/\/www.notibras.com\/site\/lula-assina-lei-que-garante-novos-exames-de-saude-a-gestantes\/\"},\"wordCount\":1298,\"publisher\":{\"@id\":\"https:\/\/www.notibras.com\/site\/#organization\"},\"image\":{\"@id\":\"https:\/\/www.notibras.com\/site\/lula-assina-lei-que-garante-novos-exames-de-saude-a-gestantes\/#primaryimage\"},\"thumbnailUrl\":\"https:\/\/www.notibras.com\/site\/wp-content\/uploads\/2023\/07\/gestante-2.jpeg\",\"articleSection\":[\"Quadradinho em Foco\"],\"inLanguage\":\"pt-BR\"},{\"@type\":\"WebPage\",\"@id\":\"https:\/\/www.notibras.com\/site\/lula-assina-lei-que-garante-novos-exames-de-saude-a-gestantes\/\",\"url\":\"https:\/\/www.notibras.com\/site\/lula-assina-lei-que-garante-novos-exames-de-saude-a-gestantes\/\",\"name\":\"Lula assina lei que garante novos exames de sa\u00fade a gestantes - Notibras\",\"isPartOf\":{\"@id\":\"https:\/\/www.notibras.com\/site\/#website\"},\"primaryImageOfPage\":{\"@id\":\"https:\/\/www.notibras.com\/site\/lula-assina-lei-que-garante-novos-exames-de-saude-a-gestantes\/#primaryimage\"},\"image\":{\"@id\":\"https:\/\/www.notibras.com\/site\/lula-assina-lei-que-garante-novos-exames-de-saude-a-gestantes\/#primaryimage\"},\"thumbnailUrl\":\"https:\/\/www.notibras.com\/site\/wp-content\/uploads\/2023\/07\/gestante-2.jpeg\",\"datePublished\":\"2023-07-03T03:58:57+00:00\",\"dateModified\":\"2023-07-03T13:02:10+00:00\",\"breadcrumb\":{\"@id\":\"https:\/\/www.notibras.com\/site\/lula-assina-lei-que-garante-novos-exames-de-saude-a-gestantes\/#breadcrumb\"},\"inLanguage\":\"pt-BR\",\"potentialAction\":[{\"@type\":\"ReadAction\",\"target\":[\"https:\/\/www.notibras.com\/site\/lula-assina-lei-que-garante-novos-exames-de-saude-a-gestantes\/\"]}]},{\"@type\":\"ImageObject\",\"inLanguage\":\"pt-BR\",\"@id\":\"https:\/\/www.notibras.com\/site\/lula-assina-lei-que-garante-novos-exames-de-saude-a-gestantes\/#primaryimage\",\"url\":\"https:\/\/www.notibras.com\/site\/wp-content\/uploads\/2023\/07\/gestante-2.jpeg\",\"contentUrl\":\"https:\/\/www.notibras.com\/site\/wp-content\/uploads\/2023\/07\/gestante-2.jpeg\",\"width\":1170,\"height\":700},{\"@type\":\"BreadcrumbList\",\"@id\":\"https:\/\/www.notibras.com\/site\/lula-assina-lei-que-garante-novos-exames-de-saude-a-gestantes\/#breadcrumb\",\"itemListElement\":[{\"@type\":\"ListItem\",\"position\":1,\"name\":\"In\u00edcio\",\"item\":\"https:\/\/www.notibras.com\/site\/\"},{\"@type\":\"ListItem\",\"position\":2,\"name\":\"Lula assina lei que garante novos exames de sa\u00fade a gestantes\"}]},{\"@type\":\"WebSite\",\"@id\":\"https:\/\/www.notibras.com\/site\/#website\",\"url\":\"https:\/\/www.notibras.com\/site\/\",\"name\":\"Notibras\",\"description\":\"Not\u00edcias de Bras\u00edlia, do Brasil e do Mundo\",\"publisher\":{\"@id\":\"https:\/\/www.notibras.com\/site\/#organization\"},\"potentialAction\":[{\"@type\":\"SearchAction\",\"target\":{\"@type\":\"EntryPoint\",\"urlTemplate\":\"https:\/\/www.notibras.com\/site\/?s={search_term_string}\"},\"query-input\":{\"@type\":\"PropertyValueSpecification\",\"valueRequired\":true,\"valueName\":\"search_term_string\"}}],\"inLanguage\":\"pt-BR\"},{\"@type\":\"Organization\",\"@id\":\"https:\/\/www.notibras.com\/site\/#organization\",\"name\":\"Grupo Notibras de Comunica\u00e7\u00e3o\",\"url\":\"https:\/\/www.notibras.com\/site\/\",\"logo\":{\"@type\":\"ImageObject\",\"inLanguage\":\"pt-BR\",\"@id\":\"https:\/\/www.notibras.com\/site\/#\/schema\/logo\/image\/\",\"url\":\"https:\/\/www.notibras.com\/site\/wp-content\/uploads\/2023\/01\/notibras23.png\",\"contentUrl\":\"https:\/\/www.notibras.com\/site\/wp-content\/uploads\/2023\/01\/notibras23.png\",\"width\":350,\"height\":87,\"caption\":\"Grupo Notibras de Comunica\u00e7\u00e3o\"},\"image\":{\"@id\":\"https:\/\/www.notibras.com\/site\/#\/schema\/logo\/image\/\"},\"sameAs\":[\"https:\/\/www.facebook.com\/notibras\/\",\"https:\/\/x.com\/Notibras\",\"https:\/\/www.instagram.com\/notibras\/\"]},{\"@type\":\"Person\",\"@id\":\"https:\/\/www.notibras.com\/site\/#\/schema\/person\/36ab0979449956132d3e5b517ea76ac8\",\"name\":\"Reda\u00e7\u00e3o\",\"image\":{\"@type\":\"ImageObject\",\"inLanguage\":\"pt-BR\",\"@id\":\"https:\/\/secure.gravatar.com\/avatar\/e0a867bdedb85fd243eadf09663511f96fc81e0720a4a42581f334ad4303aa6b?s=96&d=mm&r=g\",\"url\":\"https:\/\/secure.gravatar.com\/avatar\/e0a867bdedb85fd243eadf09663511f96fc81e0720a4a42581f334ad4303aa6b?s=96&d=mm&r=g\",\"contentUrl\":\"https:\/\/secure.gravatar.com\/avatar\/e0a867bdedb85fd243eadf09663511f96fc81e0720a4a42581f334ad4303aa6b?s=96&d=mm&r=g\",\"caption\":\"Reda\u00e7\u00e3o\"}}]}<\/script>\n<!-- \/ Yoast SEO plugin. -->","yoast_head_json":{"title":"Lula assina lei que garante novos exames de sa\u00fade a gestantes - Notibras","robots":{"index":"index","follow":"follow","max-snippet":"max-snippet:-1","max-image-preview":"max-image-preview:large","max-video-preview":"max-video-preview:-1"},"canonical":"https:\/\/www.notibras.com\/site\/lula-assina-lei-que-garante-novos-exames-de-saude-a-gestantes\/","og_locale":"pt_BR","og_type":"article","og_title":"Lula assina lei que garante novos exames de sa\u00fade a gestantes - Notibras","og_description":"O presidente da Rep\u00fablica, Luiz In\u00e1cio Lula da Silva, assinou em junho a Lei 14.598, que incluiu no protocolo de assist\u00eancia de rotina \u00e0s gestantes da rede p\u00fablica de sa\u00fade o exame de ecocardiograma fetal e pelo menos duas ultrassonografias transvaginais, ainda no primeiro quadrimestre de gesta\u00e7\u00e3o. O objetivo do governo federal \u00e9 garantir a [&hellip;]","og_url":"https:\/\/www.notibras.com\/site\/lula-assina-lei-que-garante-novos-exames-de-saude-a-gestantes\/","og_site_name":"Notibras","article_publisher":"https:\/\/www.facebook.com\/notibras\/","article_published_time":"2023-07-03T03:58:57+00:00","article_modified_time":"2023-07-03T13:02:10+00:00","og_image":[{"width":1170,"height":700,"url":"https:\/\/www.notibras.com\/site\/wp-content\/uploads\/2023\/07\/gestante-2.jpeg","type":"image\/jpeg"}],"author":"Reda\u00e7\u00e3o","twitter_card":"summary_large_image","twitter_creator":"@Notibras","twitter_site":"@Notibras","twitter_misc":{"Escrito por":"Reda\u00e7\u00e3o","Est. tempo de leitura":"7 minutos"},"schema":{"@context":"https:\/\/schema.org","@graph":[{"@type":"Article","@id":"https:\/\/www.notibras.com\/site\/lula-assina-lei-que-garante-novos-exames-de-saude-a-gestantes\/#article","isPartOf":{"@id":"https:\/\/www.notibras.com\/site\/lula-assina-lei-que-garante-novos-exames-de-saude-a-gestantes\/"},"author":{"name":"Reda\u00e7\u00e3o","@id":"https:\/\/www.notibras.com\/site\/#\/schema\/person\/36ab0979449956132d3e5b517ea76ac8"},"headline":"Lula assina lei que garante novos exames de sa\u00fade a gestantes","datePublished":"2023-07-03T03:58:57+00:00","dateModified":"2023-07-03T13:02:10+00:00","mainEntityOfPage":{"@id":"https:\/\/www.notibras.com\/site\/lula-assina-lei-que-garante-novos-exames-de-saude-a-gestantes\/"},"wordCount":1298,"publisher":{"@id":"https:\/\/www.notibras.com\/site\/#organization"},"image":{"@id":"https:\/\/www.notibras.com\/site\/lula-assina-lei-que-garante-novos-exames-de-saude-a-gestantes\/#primaryimage"},"thumbnailUrl":"https:\/\/www.notibras.com\/site\/wp-content\/uploads\/2023\/07\/gestante-2.jpeg","articleSection":["Quadradinho em Foco"],"inLanguage":"pt-BR"},{"@type":"WebPage","@id":"https:\/\/www.notibras.com\/site\/lula-assina-lei-que-garante-novos-exames-de-saude-a-gestantes\/","url":"https:\/\/www.notibras.com\/site\/lula-assina-lei-que-garante-novos-exames-de-saude-a-gestantes\/","name":"Lula assina lei que garante novos exames de sa\u00fade a gestantes - Notibras","isPartOf":{"@id":"https:\/\/www.notibras.com\/site\/#website"},"primaryImageOfPage":{"@id":"https:\/\/www.notibras.com\/site\/lula-assina-lei-que-garante-novos-exames-de-saude-a-gestantes\/#primaryimage"},"image":{"@id":"https:\/\/www.notibras.com\/site\/lula-assina-lei-que-garante-novos-exames-de-saude-a-gestantes\/#primaryimage"},"thumbnailUrl":"https:\/\/www.notibras.com\/site\/wp-content\/uploads\/2023\/07\/gestante-2.jpeg","datePublished":"2023-07-03T03:58:57+00:00","dateModified":"2023-07-03T13:02:10+00:00","breadcrumb":{"@id":"https:\/\/www.notibras.com\/site\/lula-assina-lei-que-garante-novos-exames-de-saude-a-gestantes\/#breadcrumb"},"inLanguage":"pt-BR","potentialAction":[{"@type":"ReadAction","target":["https:\/\/www.notibras.com\/site\/lula-assina-lei-que-garante-novos-exames-de-saude-a-gestantes\/"]}]},{"@type":"ImageObject","inLanguage":"pt-BR","@id":"https:\/\/www.notibras.com\/site\/lula-assina-lei-que-garante-novos-exames-de-saude-a-gestantes\/#primaryimage","url":"https:\/\/www.notibras.com\/site\/wp-content\/uploads\/2023\/07\/gestante-2.jpeg","contentUrl":"https:\/\/www.notibras.com\/site\/wp-content\/uploads\/2023\/07\/gestante-2.jpeg","width":1170,"height":700},{"@type":"BreadcrumbList","@id":"https:\/\/www.notibras.com\/site\/lula-assina-lei-que-garante-novos-exames-de-saude-a-gestantes\/#breadcrumb","itemListElement":[{"@type":"ListItem","position":1,"name":"In\u00edcio","item":"https:\/\/www.notibras.com\/site\/"},{"@type":"ListItem","position":2,"name":"Lula assina lei que garante novos exames de sa\u00fade a gestantes"}]},{"@type":"WebSite","@id":"https:\/\/www.notibras.com\/site\/#website","url":"https:\/\/www.notibras.com\/site\/","name":"Notibras","description":"Not\u00edcias de Bras\u00edlia, do Brasil e do Mundo","publisher":{"@id":"https:\/\/www.notibras.com\/site\/#organization"},"potentialAction":[{"@type":"SearchAction","target":{"@type":"EntryPoint","urlTemplate":"https:\/\/www.notibras.com\/site\/?s={search_term_string}"},"query-input":{"@type":"PropertyValueSpecification","valueRequired":true,"valueName":"search_term_string"}}],"inLanguage":"pt-BR"},{"@type":"Organization","@id":"https:\/\/www.notibras.com\/site\/#organization","name":"Grupo Notibras de Comunica\u00e7\u00e3o","url":"https:\/\/www.notibras.com\/site\/","logo":{"@type":"ImageObject","inLanguage":"pt-BR","@id":"https:\/\/www.notibras.com\/site\/#\/schema\/logo\/image\/","url":"https:\/\/www.notibras.com\/site\/wp-content\/uploads\/2023\/01\/notibras23.png","contentUrl":"https:\/\/www.notibras.com\/site\/wp-content\/uploads\/2023\/01\/notibras23.png","width":350,"height":87,"caption":"Grupo Notibras de Comunica\u00e7\u00e3o"},"image":{"@id":"https:\/\/www.notibras.com\/site\/#\/schema\/logo\/image\/"},"sameAs":["https:\/\/www.facebook.com\/notibras\/","https:\/\/x.com\/Notibras","https:\/\/www.instagram.com\/notibras\/"]},{"@type":"Person","@id":"https:\/\/www.notibras.com\/site\/#\/schema\/person\/36ab0979449956132d3e5b517ea76ac8","name":"Reda\u00e7\u00e3o","image":{"@type":"ImageObject","inLanguage":"pt-BR","@id":"https:\/\/secure.gravatar.com\/avatar\/e0a867bdedb85fd243eadf09663511f96fc81e0720a4a42581f334ad4303aa6b?s=96&d=mm&r=g","url":"https:\/\/secure.gravatar.com\/avatar\/e0a867bdedb85fd243eadf09663511f96fc81e0720a4a42581f334ad4303aa6b?s=96&d=mm&r=g","contentUrl":"https:\/\/secure.gravatar.com\/avatar\/e0a867bdedb85fd243eadf09663511f96fc81e0720a4a42581f334ad4303aa6b?s=96&d=mm&r=g","caption":"Reda\u00e7\u00e3o"}}]}},"amp_enabled":true,"_links":{"self":[{"href":"https:\/\/www.notibras.com\/site\/wp-json\/wp\/v2\/posts\/308130","targetHints":{"allow":["GET"]}}],"collection":[{"href":"https:\/\/www.notibras.com\/site\/wp-json\/wp\/v2\/posts"}],"about":[{"href":"https:\/\/www.notibras.com\/site\/wp-json\/wp\/v2\/types\/post"}],"author":[{"embeddable":true,"href":"https:\/\/www.notibras.com\/site\/wp-json\/wp\/v2\/users\/2"}],"replies":[{"embeddable":true,"href":"https:\/\/www.notibras.com\/site\/wp-json\/wp\/v2\/comments?post=308130"}],"version-history":[{"count":1,"href":"https:\/\/www.notibras.com\/site\/wp-json\/wp\/v2\/posts\/308130\/revisions"}],"predecessor-version":[{"id":308132,"href":"https:\/\/www.notibras.com\/site\/wp-json\/wp\/v2\/posts\/308130\/revisions\/308132"}],"wp:featuredmedia":[{"embeddable":true,"href":"https:\/\/www.notibras.com\/site\/wp-json\/wp\/v2\/media\/308131"}],"wp:attachment":[{"href":"https:\/\/www.notibras.com\/site\/wp-json\/wp\/v2\/media?parent=308130"}],"wp:term":[{"taxonomy":"category","embeddable":true,"href":"https:\/\/www.notibras.com\/site\/wp-json\/wp\/v2\/categories?post=308130"},{"taxonomy":"post_tag","embeddable":true,"href":"https:\/\/www.notibras.com\/site\/wp-json\/wp\/v2\/tags?post=308130"}],"curies":[{"name":"wp","href":"https:\/\/api.w.org\/{rel}","templated":true}]}}