{"id":308167,"date":"2023-07-03T17:53:16","date_gmt":"2023-07-03T20:53:16","guid":{"rendered":"https:\/\/www.notibras.com\/site\/?p=308167"},"modified":"2023-07-03T20:55:53","modified_gmt":"2023-07-03T23:55:53","slug":"amigos-dao-ultimo-adeus-a-sepulveda-pertence","status":"publish","type":"post","link":"https:\/\/www.notibras.com\/site\/amigos-dao-ultimo-adeus-a-sepulveda-pertence\/","title":{"rendered":"Amigos d\u00e3o \u00faltimo adeus a Sep\u00falveda Pertence"},"content":{"rendered":"<p>O corpo do ex-ministro do Supremo Tribunal Federal (STF) Jos\u00e9 Paulo Sep\u00falveda Pertence foi sepultado nesta segunda-feira (3), no Cemit\u00e9rio Campo da Esperan\u00e7a, em Bras\u00edlia.<\/p>\n<p>Pertence morreu aos 85 anos, na madrugada de domingo, ap\u00f3s apresentar insufici\u00eancia respirat\u00f3ria. Ele estava internado no Hospital S\u00edrio-Liban\u00eas, na capital federal.<\/p>\n<p>O corpo foi velado na manh\u00e3 de hoje na sede do STF, onde autoridades do meio jur\u00eddico, amigos e familiares prestaram homenagens ao ex-ministro.<\/p>\n<p>Por volta das 16h, o caix\u00e3o deixou o Sal\u00e3o Branco do Supremo sob aplausos e seguiu escoltado por batedores da Pol\u00edcia Militar at\u00e9 o cemit\u00e9rio. O corpo foi sepultado \u00e0s 17h.<\/p>\n<p>Pertence nasceu em Sabar\u00e1, regi\u00e3o metropolitana de Belo Horizonte, e se formou em Direito pela Universidade Federal de Minas Gerais (UFMG). Ingressou na \u00e1rea jur\u00eddica ao ser aprovado em primeiro lugar no concurso para o Minist\u00e9rio P\u00fablico. Durante a ditadura militar, foi cassado pelo Ato Institucional n\u00ba 5 (AI-5). Editado em 13 de dezembro de 1968, o AI-5 deu superpoderes ao presidente da Rep\u00fablica, que foi autorizado a cassar mandatos eletivos, a suspender por dez anos os direitos pol\u00edticos de qualquer cidad\u00e3o, a decretar o recesso do Congresso Nacional e de outros \u00f3rg\u00e3os legislativos, a intervir nos estados e munic\u00edpios, al\u00e9m de suspender o direito ao habeas corpus.<\/p>\n<p>Em 1985, foi indicado para o cargo de procurador-geral da Rep\u00fablica. Em seguida, em 1989, ap\u00f3s ser nomeado pelo ent\u00e3o presidente da Rep\u00fablica Jos\u00e9 Sarney, assumiu a cadeira de ministro do Supremo Tribunal Federal (STF), onde se aposentou, em 2007. Desde ent\u00e3o, dedicava-se \u00e0 advocacia privada.<\/p>\n<p>Ontem (2), o presidente Luiz In\u00e1cio Lula da Silva e diversas autoridades do pa\u00eds divulgaram mensagens de pesar e homenagens ao ex-ministro.<\/p>\n","protected":false},"excerpt":{"rendered":"<p>O corpo do ex-ministro do Supremo Tribunal Federal (STF) Jos\u00e9 Paulo Sep\u00falveda Pertence foi sepultado nesta segunda-feira (3), no Cemit\u00e9rio Campo da Esperan\u00e7a, em Bras\u00edlia. Pertence morreu aos 85 anos, na madrugada de domingo, ap\u00f3s apresentar insufici\u00eancia respirat\u00f3ria. Ele estava internado no Hospital S\u00edrio-Liban\u00eas, na capital federal. O corpo foi velado na manh\u00e3 de hoje [&hellip;]<\/p>\n","protected":false},"author":2,"featured_media":308168,"comment_status":"closed","ping_status":"closed","sticky":false,"template":"","format":"standard","meta":{"_acf_changed":false,"footnotes":""},"categories":[161],"tags":[],"class_list":["post-308167","post","type-post","status-publish","format-standard","has-post-thumbnail","hentry","category-quadradinho-em-foco"],"acf":[],"yoast_head":"<!-- This site is optimized with the Yoast SEO plugin v27.2 - https:\/\/yoast.com\/product\/yoast-seo-wordpress\/ -->\n<title>Amigos d\u00e3o \u00faltimo adeus a Sep\u00falveda Pertence - Notibras<\/title>\n<meta name=\"robots\" content=\"index, follow, max-snippet:-1, max-image-preview:large, max-video-preview:-1\" \/>\n<link rel=\"canonical\" href=\"https:\/\/www.notibras.com\/site\/amigos-dao-ultimo-adeus-a-sepulveda-pertence\/\" \/>\n<meta property=\"og:locale\" content=\"pt_BR\" \/>\n<meta property=\"og:type\" content=\"article\" \/>\n<meta property=\"og:title\" content=\"Amigos d\u00e3o \u00faltimo adeus a Sep\u00falveda Pertence - Notibras\" \/>\n<meta property=\"og:description\" content=\"O corpo do ex-ministro do Supremo Tribunal Federal (STF) Jos\u00e9 Paulo Sep\u00falveda Pertence foi sepultado nesta segunda-feira (3), no Cemit\u00e9rio Campo da Esperan\u00e7a, em Bras\u00edlia. Pertence morreu aos 85 anos, na madrugada de domingo, ap\u00f3s apresentar insufici\u00eancia respirat\u00f3ria. Ele estava internado no Hospital S\u00edrio-Liban\u00eas, na capital federal. O corpo foi velado na manh\u00e3 de hoje [&hellip;]\" \/>\n<meta property=\"og:url\" content=\"https:\/\/www.notibras.com\/site\/amigos-dao-ultimo-adeus-a-sepulveda-pertence\/\" \/>\n<meta property=\"og:site_name\" content=\"Notibras\" \/>\n<meta property=\"article:publisher\" content=\"https:\/\/www.facebook.com\/notibras\/\" \/>\n<meta property=\"article:published_time\" content=\"2023-07-03T20:53:16+00:00\" \/>\n<meta property=\"article:modified_time\" content=\"2023-07-03T23:55:53+00:00\" \/>\n<meta property=\"og:image\" content=\"https:\/\/www.notibras.com\/site\/wp-content\/uploads\/2023\/07\/53019616806_e48fb95341_o-1.jpg\" \/>\n\t<meta property=\"og:image:width\" content=\"1170\" \/>\n\t<meta property=\"og:image:height\" content=\"700\" \/>\n\t<meta property=\"og:image:type\" content=\"image\/jpeg\" \/>\n<meta name=\"author\" content=\"Reda\u00e7\u00e3o\" \/>\n<meta name=\"twitter:card\" content=\"summary_large_image\" \/>\n<meta name=\"twitter:creator\" content=\"@Notibras\" \/>\n<meta name=\"twitter:site\" content=\"@Notibras\" \/>\n<meta name=\"twitter:label1\" content=\"Escrito por\" \/>\n\t<meta name=\"twitter:data1\" content=\"Reda\u00e7\u00e3o\" \/>\n\t<meta name=\"twitter:label2\" content=\"Est. tempo de leitura\" \/>\n\t<meta name=\"twitter:data2\" content=\"2 minutos\" \/>\n<script type=\"application\/ld+json\" class=\"yoast-schema-graph\">{\"@context\":\"https:\/\/schema.org\",\"@graph\":[{\"@type\":\"Article\",\"@id\":\"https:\/\/www.notibras.com\/site\/amigos-dao-ultimo-adeus-a-sepulveda-pertence\/#article\",\"isPartOf\":{\"@id\":\"https:\/\/www.notibras.com\/site\/amigos-dao-ultimo-adeus-a-sepulveda-pertence\/\"},\"author\":{\"name\":\"Reda\u00e7\u00e3o\",\"@id\":\"https:\/\/www.notibras.com\/site\/#\/schema\/person\/36ab0979449956132d3e5b517ea76ac8\"},\"headline\":\"Amigos d\u00e3o \u00faltimo adeus a Sep\u00falveda Pertence\",\"datePublished\":\"2023-07-03T20:53:16+00:00\",\"dateModified\":\"2023-07-03T23:55:53+00:00\",\"mainEntityOfPage\":{\"@id\":\"https:\/\/www.notibras.com\/site\/amigos-dao-ultimo-adeus-a-sepulveda-pertence\/\"},\"wordCount\":308,\"publisher\":{\"@id\":\"https:\/\/www.notibras.com\/site\/#organization\"},\"image\":{\"@id\":\"https:\/\/www.notibras.com\/site\/amigos-dao-ultimo-adeus-a-sepulveda-pertence\/#primaryimage\"},\"thumbnailUrl\":\"https:\/\/www.notibras.com\/site\/wp-content\/uploads\/2023\/07\/53019616806_e48fb95341_o-1.jpg\",\"articleSection\":[\"Quadradinho em Foco\"],\"inLanguage\":\"pt-BR\"},{\"@type\":\"WebPage\",\"@id\":\"https:\/\/www.notibras.com\/site\/amigos-dao-ultimo-adeus-a-sepulveda-pertence\/\",\"url\":\"https:\/\/www.notibras.com\/site\/amigos-dao-ultimo-adeus-a-sepulveda-pertence\/\",\"name\":\"Amigos d\u00e3o \u00faltimo adeus a Sep\u00falveda Pertence - Notibras\",\"isPartOf\":{\"@id\":\"https:\/\/www.notibras.com\/site\/#website\"},\"primaryImageOfPage\":{\"@id\":\"https:\/\/www.notibras.com\/site\/amigos-dao-ultimo-adeus-a-sepulveda-pertence\/#primaryimage\"},\"image\":{\"@id\":\"https:\/\/www.notibras.com\/site\/amigos-dao-ultimo-adeus-a-sepulveda-pertence\/#primaryimage\"},\"thumbnailUrl\":\"https:\/\/www.notibras.com\/site\/wp-content\/uploads\/2023\/07\/53019616806_e48fb95341_o-1.jpg\",\"datePublished\":\"2023-07-03T20:53:16+00:00\",\"dateModified\":\"2023-07-03T23:55:53+00:00\",\"breadcrumb\":{\"@id\":\"https:\/\/www.notibras.com\/site\/amigos-dao-ultimo-adeus-a-sepulveda-pertence\/#breadcrumb\"},\"inLanguage\":\"pt-BR\",\"potentialAction\":[{\"@type\":\"ReadAction\",\"target\":[\"https:\/\/www.notibras.com\/site\/amigos-dao-ultimo-adeus-a-sepulveda-pertence\/\"]}]},{\"@type\":\"ImageObject\",\"inLanguage\":\"pt-BR\",\"@id\":\"https:\/\/www.notibras.com\/site\/amigos-dao-ultimo-adeus-a-sepulveda-pertence\/#primaryimage\",\"url\":\"https:\/\/www.notibras.com\/site\/wp-content\/uploads\/2023\/07\/53019616806_e48fb95341_o-1.jpg\",\"contentUrl\":\"https:\/\/www.notibras.com\/site\/wp-content\/uploads\/2023\/07\/53019616806_e48fb95341_o-1.jpg\",\"width\":1170,\"height\":700,\"caption\":\"Vel\u00f3rio do ministro Sep\u00falveda Pertence. Foto: Antonio Augusto\/\/SCO\/STF\"},{\"@type\":\"BreadcrumbList\",\"@id\":\"https:\/\/www.notibras.com\/site\/amigos-dao-ultimo-adeus-a-sepulveda-pertence\/#breadcrumb\",\"itemListElement\":[{\"@type\":\"ListItem\",\"position\":1,\"name\":\"In\u00edcio\",\"item\":\"https:\/\/www.notibras.com\/site\/\"},{\"@type\":\"ListItem\",\"position\":2,\"name\":\"Amigos d\u00e3o \u00faltimo adeus a Sep\u00falveda Pertence\"}]},{\"@type\":\"WebSite\",\"@id\":\"https:\/\/www.notibras.com\/site\/#website\",\"url\":\"https:\/\/www.notibras.com\/site\/\",\"name\":\"Notibras\",\"description\":\"Not\u00edcias de Bras\u00edlia, do Brasil e do Mundo\",\"publisher\":{\"@id\":\"https:\/\/www.notibras.com\/site\/#organization\"},\"potentialAction\":[{\"@type\":\"SearchAction\",\"target\":{\"@type\":\"EntryPoint\",\"urlTemplate\":\"https:\/\/www.notibras.com\/site\/?s={search_term_string}\"},\"query-input\":{\"@type\":\"PropertyValueSpecification\",\"valueRequired\":true,\"valueName\":\"search_term_string\"}}],\"inLanguage\":\"pt-BR\"},{\"@type\":\"Organization\",\"@id\":\"https:\/\/www.notibras.com\/site\/#organization\",\"name\":\"Grupo Notibras de Comunica\u00e7\u00e3o\",\"url\":\"https:\/\/www.notibras.com\/site\/\",\"logo\":{\"@type\":\"ImageObject\",\"inLanguage\":\"pt-BR\",\"@id\":\"https:\/\/www.notibras.com\/site\/#\/schema\/logo\/image\/\",\"url\":\"https:\/\/www.notibras.com\/site\/wp-content\/uploads\/2023\/01\/notibras23.png\",\"contentUrl\":\"https:\/\/www.notibras.com\/site\/wp-content\/uploads\/2023\/01\/notibras23.png\",\"width\":350,\"height\":87,\"caption\":\"Grupo Notibras de Comunica\u00e7\u00e3o\"},\"image\":{\"@id\":\"https:\/\/www.notibras.com\/site\/#\/schema\/logo\/image\/\"},\"sameAs\":[\"https:\/\/www.facebook.com\/notibras\/\",\"https:\/\/x.com\/Notibras\",\"https:\/\/www.instagram.com\/notibras\/\"]},{\"@type\":\"Person\",\"@id\":\"https:\/\/www.notibras.com\/site\/#\/schema\/person\/36ab0979449956132d3e5b517ea76ac8\",\"name\":\"Reda\u00e7\u00e3o\",\"image\":{\"@type\":\"ImageObject\",\"inLanguage\":\"pt-BR\",\"@id\":\"https:\/\/secure.gravatar.com\/avatar\/e0a867bdedb85fd243eadf09663511f96fc81e0720a4a42581f334ad4303aa6b?s=96&d=mm&r=g\",\"url\":\"https:\/\/secure.gravatar.com\/avatar\/e0a867bdedb85fd243eadf09663511f96fc81e0720a4a42581f334ad4303aa6b?s=96&d=mm&r=g\",\"contentUrl\":\"https:\/\/secure.gravatar.com\/avatar\/e0a867bdedb85fd243eadf09663511f96fc81e0720a4a42581f334ad4303aa6b?s=96&d=mm&r=g\",\"caption\":\"Reda\u00e7\u00e3o\"}}]}<\/script>\n<!-- \/ Yoast SEO plugin. -->","yoast_head_json":{"title":"Amigos d\u00e3o \u00faltimo adeus a Sep\u00falveda Pertence - Notibras","robots":{"index":"index","follow":"follow","max-snippet":"max-snippet:-1","max-image-preview":"max-image-preview:large","max-video-preview":"max-video-preview:-1"},"canonical":"https:\/\/www.notibras.com\/site\/amigos-dao-ultimo-adeus-a-sepulveda-pertence\/","og_locale":"pt_BR","og_type":"article","og_title":"Amigos d\u00e3o \u00faltimo adeus a Sep\u00falveda Pertence - Notibras","og_description":"O corpo do ex-ministro do Supremo Tribunal Federal (STF) Jos\u00e9 Paulo Sep\u00falveda Pertence foi sepultado nesta segunda-feira (3), no Cemit\u00e9rio Campo da Esperan\u00e7a, em Bras\u00edlia. Pertence morreu aos 85 anos, na madrugada de domingo, ap\u00f3s apresentar insufici\u00eancia respirat\u00f3ria. Ele estava internado no Hospital S\u00edrio-Liban\u00eas, na capital federal. O corpo foi velado na manh\u00e3 de hoje [&hellip;]","og_url":"https:\/\/www.notibras.com\/site\/amigos-dao-ultimo-adeus-a-sepulveda-pertence\/","og_site_name":"Notibras","article_publisher":"https:\/\/www.facebook.com\/notibras\/","article_published_time":"2023-07-03T20:53:16+00:00","article_modified_time":"2023-07-03T23:55:53+00:00","og_image":[{"width":1170,"height":700,"url":"https:\/\/www.notibras.com\/site\/wp-content\/uploads\/2023\/07\/53019616806_e48fb95341_o-1.jpg","type":"image\/jpeg"}],"author":"Reda\u00e7\u00e3o","twitter_card":"summary_large_image","twitter_creator":"@Notibras","twitter_site":"@Notibras","twitter_misc":{"Escrito por":"Reda\u00e7\u00e3o","Est. tempo de leitura":"2 minutos"},"schema":{"@context":"https:\/\/schema.org","@graph":[{"@type":"Article","@id":"https:\/\/www.notibras.com\/site\/amigos-dao-ultimo-adeus-a-sepulveda-pertence\/#article","isPartOf":{"@id":"https:\/\/www.notibras.com\/site\/amigos-dao-ultimo-adeus-a-sepulveda-pertence\/"},"author":{"name":"Reda\u00e7\u00e3o","@id":"https:\/\/www.notibras.com\/site\/#\/schema\/person\/36ab0979449956132d3e5b517ea76ac8"},"headline":"Amigos d\u00e3o \u00faltimo adeus a Sep\u00falveda Pertence","datePublished":"2023-07-03T20:53:16+00:00","dateModified":"2023-07-03T23:55:53+00:00","mainEntityOfPage":{"@id":"https:\/\/www.notibras.com\/site\/amigos-dao-ultimo-adeus-a-sepulveda-pertence\/"},"wordCount":308,"publisher":{"@id":"https:\/\/www.notibras.com\/site\/#organization"},"image":{"@id":"https:\/\/www.notibras.com\/site\/amigos-dao-ultimo-adeus-a-sepulveda-pertence\/#primaryimage"},"thumbnailUrl":"https:\/\/www.notibras.com\/site\/wp-content\/uploads\/2023\/07\/53019616806_e48fb95341_o-1.jpg","articleSection":["Quadradinho em Foco"],"inLanguage":"pt-BR"},{"@type":"WebPage","@id":"https:\/\/www.notibras.com\/site\/amigos-dao-ultimo-adeus-a-sepulveda-pertence\/","url":"https:\/\/www.notibras.com\/site\/amigos-dao-ultimo-adeus-a-sepulveda-pertence\/","name":"Amigos d\u00e3o \u00faltimo adeus a Sep\u00falveda Pertence - Notibras","isPartOf":{"@id":"https:\/\/www.notibras.com\/site\/#website"},"primaryImageOfPage":{"@id":"https:\/\/www.notibras.com\/site\/amigos-dao-ultimo-adeus-a-sepulveda-pertence\/#primaryimage"},"image":{"@id":"https:\/\/www.notibras.com\/site\/amigos-dao-ultimo-adeus-a-sepulveda-pertence\/#primaryimage"},"thumbnailUrl":"https:\/\/www.notibras.com\/site\/wp-content\/uploads\/2023\/07\/53019616806_e48fb95341_o-1.jpg","datePublished":"2023-07-03T20:53:16+00:00","dateModified":"2023-07-03T23:55:53+00:00","breadcrumb":{"@id":"https:\/\/www.notibras.com\/site\/amigos-dao-ultimo-adeus-a-sepulveda-pertence\/#breadcrumb"},"inLanguage":"pt-BR","potentialAction":[{"@type":"ReadAction","target":["https:\/\/www.notibras.com\/site\/amigos-dao-ultimo-adeus-a-sepulveda-pertence\/"]}]},{"@type":"ImageObject","inLanguage":"pt-BR","@id":"https:\/\/www.notibras.com\/site\/amigos-dao-ultimo-adeus-a-sepulveda-pertence\/#primaryimage","url":"https:\/\/www.notibras.com\/site\/wp-content\/uploads\/2023\/07\/53019616806_e48fb95341_o-1.jpg","contentUrl":"https:\/\/www.notibras.com\/site\/wp-content\/uploads\/2023\/07\/53019616806_e48fb95341_o-1.jpg","width":1170,"height":700,"caption":"Vel\u00f3rio do ministro Sep\u00falveda Pertence. Foto: Antonio Augusto\/\/SCO\/STF"},{"@type":"BreadcrumbList","@id":"https:\/\/www.notibras.com\/site\/amigos-dao-ultimo-adeus-a-sepulveda-pertence\/#breadcrumb","itemListElement":[{"@type":"ListItem","position":1,"name":"In\u00edcio","item":"https:\/\/www.notibras.com\/site\/"},{"@type":"ListItem","position":2,"name":"Amigos d\u00e3o \u00faltimo adeus a Sep\u00falveda Pertence"}]},{"@type":"WebSite","@id":"https:\/\/www.notibras.com\/site\/#website","url":"https:\/\/www.notibras.com\/site\/","name":"Notibras","description":"Not\u00edcias de Bras\u00edlia, do Brasil e do Mundo","publisher":{"@id":"https:\/\/www.notibras.com\/site\/#organization"},"potentialAction":[{"@type":"SearchAction","target":{"@type":"EntryPoint","urlTemplate":"https:\/\/www.notibras.com\/site\/?s={search_term_string}"},"query-input":{"@type":"PropertyValueSpecification","valueRequired":true,"valueName":"search_term_string"}}],"inLanguage":"pt-BR"},{"@type":"Organization","@id":"https:\/\/www.notibras.com\/site\/#organization","name":"Grupo Notibras de Comunica\u00e7\u00e3o","url":"https:\/\/www.notibras.com\/site\/","logo":{"@type":"ImageObject","inLanguage":"pt-BR","@id":"https:\/\/www.notibras.com\/site\/#\/schema\/logo\/image\/","url":"https:\/\/www.notibras.com\/site\/wp-content\/uploads\/2023\/01\/notibras23.png","contentUrl":"https:\/\/www.notibras.com\/site\/wp-content\/uploads\/2023\/01\/notibras23.png","width":350,"height":87,"caption":"Grupo Notibras de Comunica\u00e7\u00e3o"},"image":{"@id":"https:\/\/www.notibras.com\/site\/#\/schema\/logo\/image\/"},"sameAs":["https:\/\/www.facebook.com\/notibras\/","https:\/\/x.com\/Notibras","https:\/\/www.instagram.com\/notibras\/"]},{"@type":"Person","@id":"https:\/\/www.notibras.com\/site\/#\/schema\/person\/36ab0979449956132d3e5b517ea76ac8","name":"Reda\u00e7\u00e3o","image":{"@type":"ImageObject","inLanguage":"pt-BR","@id":"https:\/\/secure.gravatar.com\/avatar\/e0a867bdedb85fd243eadf09663511f96fc81e0720a4a42581f334ad4303aa6b?s=96&d=mm&r=g","url":"https:\/\/secure.gravatar.com\/avatar\/e0a867bdedb85fd243eadf09663511f96fc81e0720a4a42581f334ad4303aa6b?s=96&d=mm&r=g","contentUrl":"https:\/\/secure.gravatar.com\/avatar\/e0a867bdedb85fd243eadf09663511f96fc81e0720a4a42581f334ad4303aa6b?s=96&d=mm&r=g","caption":"Reda\u00e7\u00e3o"}}]}},"amp_enabled":true,"_links":{"self":[{"href":"https:\/\/www.notibras.com\/site\/wp-json\/wp\/v2\/posts\/308167","targetHints":{"allow":["GET"]}}],"collection":[{"href":"https:\/\/www.notibras.com\/site\/wp-json\/wp\/v2\/posts"}],"about":[{"href":"https:\/\/www.notibras.com\/site\/wp-json\/wp\/v2\/types\/post"}],"author":[{"embeddable":true,"href":"https:\/\/www.notibras.com\/site\/wp-json\/wp\/v2\/users\/2"}],"replies":[{"embeddable":true,"href":"https:\/\/www.notibras.com\/site\/wp-json\/wp\/v2\/comments?post=308167"}],"version-history":[{"count":1,"href":"https:\/\/www.notibras.com\/site\/wp-json\/wp\/v2\/posts\/308167\/revisions"}],"predecessor-version":[{"id":308169,"href":"https:\/\/www.notibras.com\/site\/wp-json\/wp\/v2\/posts\/308167\/revisions\/308169"}],"wp:featuredmedia":[{"embeddable":true,"href":"https:\/\/www.notibras.com\/site\/wp-json\/wp\/v2\/media\/308168"}],"wp:attachment":[{"href":"https:\/\/www.notibras.com\/site\/wp-json\/wp\/v2\/media?parent=308167"}],"wp:term":[{"taxonomy":"category","embeddable":true,"href":"https:\/\/www.notibras.com\/site\/wp-json\/wp\/v2\/categories?post=308167"},{"taxonomy":"post_tag","embeddable":true,"href":"https:\/\/www.notibras.com\/site\/wp-json\/wp\/v2\/tags?post=308167"}],"curies":[{"name":"wp","href":"https:\/\/api.w.org\/{rel}","templated":true}]}}