{"id":308170,"date":"2023-07-03T16:00:14","date_gmt":"2023-07-03T19:00:14","guid":{"rendered":"https:\/\/www.notibras.com\/site\/?p=308170"},"modified":"2023-07-04T06:10:56","modified_gmt":"2023-07-04T09:10:56","slug":"secretarios-entregam-proposta-do-novo-ensino-medio","status":"publish","type":"post","link":"https:\/\/www.notibras.com\/site\/secretarios-entregam-proposta-do-novo-ensino-medio\/","title":{"rendered":"Secret\u00e1rios entregam proposta do Novo Ensino M\u00e9dio"},"content":{"rendered":"<p>Os secret\u00e1rios estaduais de educa\u00e7\u00e3o entregaram nesta segunda-feira (3), em conjunto, ao Minist\u00e9rio da Educa\u00e7\u00e3o (MEC), uma proposta de readequa\u00e7\u00e3o do Novo Ensino M\u00e9dio. Para o Conselho Nacional de Secret\u00e1rios de Educa\u00e7\u00e3o (Consed), a revoga\u00e7\u00e3o total da lei que institui o Novo Ensino M\u00e9dio \u00e9 \u201ccompletamente invi\u00e1vel\u201d. A entrega do documento foi feita em audi\u00eancia p\u00fablica transmitida online.<\/p>\n<p>Diante das especificidades tanto regionais quanto de oferta do ensino no pa\u00eds, o Consed defende que sejam elaboradas orienta\u00e7\u00f5es, em conjunto com os estados, para a oferta do ensino m\u00e9dio noturno, educa\u00e7\u00e3o de jovens e adultos (EJA) e tamb\u00e9m para estudantes de ensino m\u00e9dio do campo, quilombolas, ind\u00edgenas, jovens ribeirinhos, jovens com defici\u00eancia e outros p\u00fablicos n\u00e3o hegem\u00f4nicos.<\/p>\n<p>Al\u00e9m disso, os secret\u00e1rios ressaltam a necessidade de investimentos para melhoria da infraestrutura das escolas. Segundo eles, propor \u201cpar\u00e2metros m\u00ednimos\u201d para a diversidade de cen\u00e1rios e realidades educacionais e escolares do Brasil como pr\u00e9-requisito para implementa\u00e7\u00e3o da reforma inviabiliza a implementa\u00e7\u00e3o. &#8220;Quaisquer par\u00e2metros m\u00ednimos de qualidade devem ser estabelecidos a partir de um plano nacional de investimentos suficientes para alcan\u00e7\u00e1-los, estruturado em regime de colabora\u00e7\u00e3o\u201d, diz o documento divulgado.<\/p>\n<p>Os secret\u00e1rios defendem ainda a manuten\u00e7\u00e3o da possibilidade de oferta de educa\u00e7\u00e3o a dist\u00e2ncia (EaD), preferencialmente, para Itiner\u00e1rios formativos com crit\u00e9rios de oferta definidos pelos sistemas de ensino. Os itiner\u00e1rios formativos s\u00e3o a parte do ensino m\u00e9dio que pode ser escolhida pelo estudante, mediante a oferta de cada rede de ensino.<\/p>\n<p>Tamb\u00e9m defendem que 300 horas dentre aquelas que seriam destinadas aos itiner\u00e1rios possam ser usadas para recomposi\u00e7\u00e3o de aprendizagens, estudos orientados e outros componentes.<\/p>\n<p>Para o Consed, a revoga\u00e7\u00e3o do Novo Ensino M\u00e9dio n\u00e3o \u00e9 o caminho para tornar essa etapa mais atrativa ao estudante. \u201cN\u00e3o \u00e9 razo\u00e1vel pensar em descartar todo esse esfor\u00e7o t\u00e9cnico e financeiro despendido pelas redes estaduais ao longo dos \u00faltimos anos. Al\u00e9m de invi\u00e1vel, essa op\u00e7\u00e3o, em nenhum momento, foi considerada pelos gestores estaduais, que s\u00e3o os respons\u00e1veis pela etapa de ensino na rede p\u00fablica\u201d, diz o texto.<\/p>\n<p>Os estados brasileiros e o Distrito Federal s\u00e3o respons\u00e1veis pela maior parte das matr\u00edculas do ensino m\u00e9dio. Do total de 7,9 milh\u00f5es de matr\u00edculas nessa etapa de ensino registradas pelo Censo Escolar 2022, as secretarias estaduais de Educa\u00e7\u00e3o s\u00e3o respons\u00e1veis por 84,2%, atendendo a 6,6 milh\u00f5es de alunos na rede p\u00fablica.<\/p>\n<p><strong>Novo ensino m\u00e9dio<\/strong><br \/>\nO Novo Ensino M\u00e9dio est\u00e1 previsto em lei aprovada em 2017. Com o modelo, parte das aulas ser\u00e1 comum a todos os estudantes do pa\u00eds, direcionada pela Base Nacional Comum Curricular (BNCC). Na outra parte da forma\u00e7\u00e3o, os pr\u00f3prios alunos poder\u00e3o escolher um itiner\u00e1rio para aprofundar o aprendizado. Entre as op\u00e7\u00f5es est\u00e1 dar \u00eanfase, por exemplo, \u00e0s \u00e1reas de linguagens, matem\u00e1tica, ci\u00eancias da natureza, ci\u00eancias humanas ou ao ensino t\u00e9cnico. A oferta de itiner\u00e1rios vai depender da capacidade das redes de ensino e das escolas.<\/p>\n<p>O modelo \u00e9 alvo de pol\u00eamica. Alguns setores do campo educacional querem a revoga\u00e7\u00e3o do curr\u00edculo que come\u00e7ou a ser implantado em 2022. Outros s\u00e3o contra a revoga\u00e7\u00e3o e defendem a revis\u00e3o. Entre aqueles que s\u00e3o contr\u00e1rios ao modelo, um dos argumentos \u00e9 que ele amplia as desigualdades entre os estudantes e entre as redes de ensino.<\/p>\n<p><strong>Consulta p\u00fablica<\/strong><br \/>\nNesta segunda-feira (3) s\u00e3o realizados os \u00faltimos eventos previstos no cronograma divulgado pelo MEC no \u00e2mbito da Consulta P\u00fablica para Avalia\u00e7\u00e3o e Reestrutura\u00e7\u00e3o da Pol\u00edtica Nacional de Ensino M\u00e9dio. Al\u00e9m da audi\u00eancia com o Consed ocorre o 12\u00ba Webin\u00e1rio com Especialistas, tamb\u00e9m transmitido online.<\/p>\n<p>Desde o dia 15 de junho est\u00e1 aberta a Consulta P\u00fablica para Avalia\u00e7\u00e3o e Reestrutura\u00e7\u00e3o da Pol\u00edtica Nacional do Ensino M\u00e9dio on-line. O prazo para participar termina sexta-feira (6). A ideia \u00e9 escutar estudantes, professores e gestores para compreender seus conhecimentos e suas expectativas sobre o tema. A consulta \u00e9 feita Pesquizap \u2013 um chatbot de WhatsApp especialmente projetado para coletar e mensurar os resultados da pesquisa.<\/p>\n","protected":false},"excerpt":{"rendered":"<p>Os secret\u00e1rios estaduais de educa\u00e7\u00e3o entregaram nesta segunda-feira (3), em conjunto, ao Minist\u00e9rio da Educa\u00e7\u00e3o (MEC), uma proposta de readequa\u00e7\u00e3o do Novo Ensino M\u00e9dio. Para o Conselho Nacional de Secret\u00e1rios de Educa\u00e7\u00e3o (Consed), a revoga\u00e7\u00e3o total da lei que institui o Novo Ensino M\u00e9dio \u00e9 \u201ccompletamente invi\u00e1vel\u201d. A entrega do documento foi feita em audi\u00eancia [&hellip;]<\/p>\n","protected":false},"author":2,"featured_media":308171,"comment_status":"closed","ping_status":"closed","sticky":false,"template":"","format":"standard","meta":{"_acf_changed":false,"footnotes":""},"categories":[161],"tags":[],"class_list":["post-308170","post","type-post","status-publish","format-standard","has-post-thumbnail","hentry","category-quadradinho-em-foco"],"acf":[],"yoast_head":"<!-- This site is optimized with the Yoast SEO plugin v27.2 - https:\/\/yoast.com\/product\/yoast-seo-wordpress\/ -->\n<title>Secret\u00e1rios entregam proposta do Novo Ensino M\u00e9dio - Notibras<\/title>\n<meta name=\"robots\" content=\"index, follow, max-snippet:-1, max-image-preview:large, max-video-preview:-1\" \/>\n<link rel=\"canonical\" href=\"https:\/\/www.notibras.com\/site\/secretarios-entregam-proposta-do-novo-ensino-medio\/\" \/>\n<meta property=\"og:locale\" content=\"pt_BR\" \/>\n<meta property=\"og:type\" content=\"article\" \/>\n<meta property=\"og:title\" content=\"Secret\u00e1rios entregam proposta do Novo Ensino M\u00e9dio - Notibras\" \/>\n<meta property=\"og:description\" content=\"Os secret\u00e1rios estaduais de educa\u00e7\u00e3o entregaram nesta segunda-feira (3), em conjunto, ao Minist\u00e9rio da Educa\u00e7\u00e3o (MEC), uma proposta de readequa\u00e7\u00e3o do Novo Ensino M\u00e9dio. Para o Conselho Nacional de Secret\u00e1rios de Educa\u00e7\u00e3o (Consed), a revoga\u00e7\u00e3o total da lei que institui o Novo Ensino M\u00e9dio \u00e9 \u201ccompletamente invi\u00e1vel\u201d. A entrega do documento foi feita em audi\u00eancia [&hellip;]\" \/>\n<meta property=\"og:url\" content=\"https:\/\/www.notibras.com\/site\/secretarios-entregam-proposta-do-novo-ensino-medio\/\" \/>\n<meta property=\"og:site_name\" content=\"Notibras\" \/>\n<meta property=\"article:publisher\" content=\"https:\/\/www.facebook.com\/notibras\/\" \/>\n<meta property=\"article:published_time\" content=\"2023-07-03T19:00:14+00:00\" \/>\n<meta property=\"article:modified_time\" content=\"2023-07-04T09:10:56+00:00\" \/>\n<meta property=\"og:image\" content=\"https:\/\/www.notibras.com\/site\/wp-content\/uploads\/2023\/07\/20230315090858_mg_9724_1.jpg\" \/>\n\t<meta property=\"og:image:width\" content=\"1170\" \/>\n\t<meta property=\"og:image:height\" content=\"700\" \/>\n\t<meta property=\"og:image:type\" content=\"image\/jpeg\" \/>\n<meta name=\"author\" content=\"Reda\u00e7\u00e3o\" \/>\n<meta name=\"twitter:card\" content=\"summary_large_image\" \/>\n<meta name=\"twitter:creator\" content=\"@Notibras\" \/>\n<meta name=\"twitter:site\" content=\"@Notibras\" \/>\n<meta name=\"twitter:label1\" content=\"Escrito por\" \/>\n\t<meta name=\"twitter:data1\" content=\"Reda\u00e7\u00e3o\" \/>\n\t<meta name=\"twitter:label2\" content=\"Est. tempo de leitura\" \/>\n\t<meta name=\"twitter:data2\" content=\"4 minutos\" \/>\n<script type=\"application\/ld+json\" class=\"yoast-schema-graph\">{\"@context\":\"https:\/\/schema.org\",\"@graph\":[{\"@type\":\"Article\",\"@id\":\"https:\/\/www.notibras.com\/site\/secretarios-entregam-proposta-do-novo-ensino-medio\/#article\",\"isPartOf\":{\"@id\":\"https:\/\/www.notibras.com\/site\/secretarios-entregam-proposta-do-novo-ensino-medio\/\"},\"author\":{\"name\":\"Reda\u00e7\u00e3o\",\"@id\":\"https:\/\/www.notibras.com\/site\/#\/schema\/person\/36ab0979449956132d3e5b517ea76ac8\"},\"headline\":\"Secret\u00e1rios entregam proposta do Novo Ensino M\u00e9dio\",\"datePublished\":\"2023-07-03T19:00:14+00:00\",\"dateModified\":\"2023-07-04T09:10:56+00:00\",\"mainEntityOfPage\":{\"@id\":\"https:\/\/www.notibras.com\/site\/secretarios-entregam-proposta-do-novo-ensino-medio\/\"},\"wordCount\":737,\"publisher\":{\"@id\":\"https:\/\/www.notibras.com\/site\/#organization\"},\"image\":{\"@id\":\"https:\/\/www.notibras.com\/site\/secretarios-entregam-proposta-do-novo-ensino-medio\/#primaryimage\"},\"thumbnailUrl\":\"https:\/\/www.notibras.com\/site\/wp-content\/uploads\/2023\/07\/20230315090858_mg_9724_1.jpg\",\"articleSection\":[\"Quadradinho em Foco\"],\"inLanguage\":\"pt-BR\"},{\"@type\":\"WebPage\",\"@id\":\"https:\/\/www.notibras.com\/site\/secretarios-entregam-proposta-do-novo-ensino-medio\/\",\"url\":\"https:\/\/www.notibras.com\/site\/secretarios-entregam-proposta-do-novo-ensino-medio\/\",\"name\":\"Secret\u00e1rios entregam proposta do Novo Ensino M\u00e9dio - Notibras\",\"isPartOf\":{\"@id\":\"https:\/\/www.notibras.com\/site\/#website\"},\"primaryImageOfPage\":{\"@id\":\"https:\/\/www.notibras.com\/site\/secretarios-entregam-proposta-do-novo-ensino-medio\/#primaryimage\"},\"image\":{\"@id\":\"https:\/\/www.notibras.com\/site\/secretarios-entregam-proposta-do-novo-ensino-medio\/#primaryimage\"},\"thumbnailUrl\":\"https:\/\/www.notibras.com\/site\/wp-content\/uploads\/2023\/07\/20230315090858_mg_9724_1.jpg\",\"datePublished\":\"2023-07-03T19:00:14+00:00\",\"dateModified\":\"2023-07-04T09:10:56+00:00\",\"breadcrumb\":{\"@id\":\"https:\/\/www.notibras.com\/site\/secretarios-entregam-proposta-do-novo-ensino-medio\/#breadcrumb\"},\"inLanguage\":\"pt-BR\",\"potentialAction\":[{\"@type\":\"ReadAction\",\"target\":[\"https:\/\/www.notibras.com\/site\/secretarios-entregam-proposta-do-novo-ensino-medio\/\"]}]},{\"@type\":\"ImageObject\",\"inLanguage\":\"pt-BR\",\"@id\":\"https:\/\/www.notibras.com\/site\/secretarios-entregam-proposta-do-novo-ensino-medio\/#primaryimage\",\"url\":\"https:\/\/www.notibras.com\/site\/wp-content\/uploads\/2023\/07\/20230315090858_mg_9724_1.jpg\",\"contentUrl\":\"https:\/\/www.notibras.com\/site\/wp-content\/uploads\/2023\/07\/20230315090858_mg_9724_1.jpg\",\"width\":1170,\"height\":700,\"caption\":\"S\u00e3o Paulo (SP), 15\/03\/2023 - Estudantes secundaristas protestam pedindo a revoga\u00e7\u00e3o do Novo Ensino M\u00e9dio, na Avenida Paulista. Foto: Fernando Fraz\u00e3o\/Ag\u00eancia Brasil\"},{\"@type\":\"BreadcrumbList\",\"@id\":\"https:\/\/www.notibras.com\/site\/secretarios-entregam-proposta-do-novo-ensino-medio\/#breadcrumb\",\"itemListElement\":[{\"@type\":\"ListItem\",\"position\":1,\"name\":\"In\u00edcio\",\"item\":\"https:\/\/www.notibras.com\/site\/\"},{\"@type\":\"ListItem\",\"position\":2,\"name\":\"Secret\u00e1rios entregam proposta do Novo Ensino M\u00e9dio\"}]},{\"@type\":\"WebSite\",\"@id\":\"https:\/\/www.notibras.com\/site\/#website\",\"url\":\"https:\/\/www.notibras.com\/site\/\",\"name\":\"Notibras\",\"description\":\"Not\u00edcias de Bras\u00edlia, do Brasil e do Mundo\",\"publisher\":{\"@id\":\"https:\/\/www.notibras.com\/site\/#organization\"},\"potentialAction\":[{\"@type\":\"SearchAction\",\"target\":{\"@type\":\"EntryPoint\",\"urlTemplate\":\"https:\/\/www.notibras.com\/site\/?s={search_term_string}\"},\"query-input\":{\"@type\":\"PropertyValueSpecification\",\"valueRequired\":true,\"valueName\":\"search_term_string\"}}],\"inLanguage\":\"pt-BR\"},{\"@type\":\"Organization\",\"@id\":\"https:\/\/www.notibras.com\/site\/#organization\",\"name\":\"Grupo Notibras de Comunica\u00e7\u00e3o\",\"url\":\"https:\/\/www.notibras.com\/site\/\",\"logo\":{\"@type\":\"ImageObject\",\"inLanguage\":\"pt-BR\",\"@id\":\"https:\/\/www.notibras.com\/site\/#\/schema\/logo\/image\/\",\"url\":\"https:\/\/www.notibras.com\/site\/wp-content\/uploads\/2023\/01\/notibras23.png\",\"contentUrl\":\"https:\/\/www.notibras.com\/site\/wp-content\/uploads\/2023\/01\/notibras23.png\",\"width\":350,\"height\":87,\"caption\":\"Grupo Notibras de Comunica\u00e7\u00e3o\"},\"image\":{\"@id\":\"https:\/\/www.notibras.com\/site\/#\/schema\/logo\/image\/\"},\"sameAs\":[\"https:\/\/www.facebook.com\/notibras\/\",\"https:\/\/x.com\/Notibras\",\"https:\/\/www.instagram.com\/notibras\/\"]},{\"@type\":\"Person\",\"@id\":\"https:\/\/www.notibras.com\/site\/#\/schema\/person\/36ab0979449956132d3e5b517ea76ac8\",\"name\":\"Reda\u00e7\u00e3o\",\"image\":{\"@type\":\"ImageObject\",\"inLanguage\":\"pt-BR\",\"@id\":\"https:\/\/secure.gravatar.com\/avatar\/e0a867bdedb85fd243eadf09663511f96fc81e0720a4a42581f334ad4303aa6b?s=96&d=mm&r=g\",\"url\":\"https:\/\/secure.gravatar.com\/avatar\/e0a867bdedb85fd243eadf09663511f96fc81e0720a4a42581f334ad4303aa6b?s=96&d=mm&r=g\",\"contentUrl\":\"https:\/\/secure.gravatar.com\/avatar\/e0a867bdedb85fd243eadf09663511f96fc81e0720a4a42581f334ad4303aa6b?s=96&d=mm&r=g\",\"caption\":\"Reda\u00e7\u00e3o\"}}]}<\/script>\n<!-- \/ Yoast SEO plugin. -->","yoast_head_json":{"title":"Secret\u00e1rios entregam proposta do Novo Ensino M\u00e9dio - Notibras","robots":{"index":"index","follow":"follow","max-snippet":"max-snippet:-1","max-image-preview":"max-image-preview:large","max-video-preview":"max-video-preview:-1"},"canonical":"https:\/\/www.notibras.com\/site\/secretarios-entregam-proposta-do-novo-ensino-medio\/","og_locale":"pt_BR","og_type":"article","og_title":"Secret\u00e1rios entregam proposta do Novo Ensino M\u00e9dio - Notibras","og_description":"Os secret\u00e1rios estaduais de educa\u00e7\u00e3o entregaram nesta segunda-feira (3), em conjunto, ao Minist\u00e9rio da Educa\u00e7\u00e3o (MEC), uma proposta de readequa\u00e7\u00e3o do Novo Ensino M\u00e9dio. Para o Conselho Nacional de Secret\u00e1rios de Educa\u00e7\u00e3o (Consed), a revoga\u00e7\u00e3o total da lei que institui o Novo Ensino M\u00e9dio \u00e9 \u201ccompletamente invi\u00e1vel\u201d. A entrega do documento foi feita em audi\u00eancia [&hellip;]","og_url":"https:\/\/www.notibras.com\/site\/secretarios-entregam-proposta-do-novo-ensino-medio\/","og_site_name":"Notibras","article_publisher":"https:\/\/www.facebook.com\/notibras\/","article_published_time":"2023-07-03T19:00:14+00:00","article_modified_time":"2023-07-04T09:10:56+00:00","og_image":[{"width":1170,"height":700,"url":"https:\/\/www.notibras.com\/site\/wp-content\/uploads\/2023\/07\/20230315090858_mg_9724_1.jpg","type":"image\/jpeg"}],"author":"Reda\u00e7\u00e3o","twitter_card":"summary_large_image","twitter_creator":"@Notibras","twitter_site":"@Notibras","twitter_misc":{"Escrito por":"Reda\u00e7\u00e3o","Est. tempo de leitura":"4 minutos"},"schema":{"@context":"https:\/\/schema.org","@graph":[{"@type":"Article","@id":"https:\/\/www.notibras.com\/site\/secretarios-entregam-proposta-do-novo-ensino-medio\/#article","isPartOf":{"@id":"https:\/\/www.notibras.com\/site\/secretarios-entregam-proposta-do-novo-ensino-medio\/"},"author":{"name":"Reda\u00e7\u00e3o","@id":"https:\/\/www.notibras.com\/site\/#\/schema\/person\/36ab0979449956132d3e5b517ea76ac8"},"headline":"Secret\u00e1rios entregam proposta do Novo Ensino M\u00e9dio","datePublished":"2023-07-03T19:00:14+00:00","dateModified":"2023-07-04T09:10:56+00:00","mainEntityOfPage":{"@id":"https:\/\/www.notibras.com\/site\/secretarios-entregam-proposta-do-novo-ensino-medio\/"},"wordCount":737,"publisher":{"@id":"https:\/\/www.notibras.com\/site\/#organization"},"image":{"@id":"https:\/\/www.notibras.com\/site\/secretarios-entregam-proposta-do-novo-ensino-medio\/#primaryimage"},"thumbnailUrl":"https:\/\/www.notibras.com\/site\/wp-content\/uploads\/2023\/07\/20230315090858_mg_9724_1.jpg","articleSection":["Quadradinho em Foco"],"inLanguage":"pt-BR"},{"@type":"WebPage","@id":"https:\/\/www.notibras.com\/site\/secretarios-entregam-proposta-do-novo-ensino-medio\/","url":"https:\/\/www.notibras.com\/site\/secretarios-entregam-proposta-do-novo-ensino-medio\/","name":"Secret\u00e1rios entregam proposta do Novo Ensino M\u00e9dio - Notibras","isPartOf":{"@id":"https:\/\/www.notibras.com\/site\/#website"},"primaryImageOfPage":{"@id":"https:\/\/www.notibras.com\/site\/secretarios-entregam-proposta-do-novo-ensino-medio\/#primaryimage"},"image":{"@id":"https:\/\/www.notibras.com\/site\/secretarios-entregam-proposta-do-novo-ensino-medio\/#primaryimage"},"thumbnailUrl":"https:\/\/www.notibras.com\/site\/wp-content\/uploads\/2023\/07\/20230315090858_mg_9724_1.jpg","datePublished":"2023-07-03T19:00:14+00:00","dateModified":"2023-07-04T09:10:56+00:00","breadcrumb":{"@id":"https:\/\/www.notibras.com\/site\/secretarios-entregam-proposta-do-novo-ensino-medio\/#breadcrumb"},"inLanguage":"pt-BR","potentialAction":[{"@type":"ReadAction","target":["https:\/\/www.notibras.com\/site\/secretarios-entregam-proposta-do-novo-ensino-medio\/"]}]},{"@type":"ImageObject","inLanguage":"pt-BR","@id":"https:\/\/www.notibras.com\/site\/secretarios-entregam-proposta-do-novo-ensino-medio\/#primaryimage","url":"https:\/\/www.notibras.com\/site\/wp-content\/uploads\/2023\/07\/20230315090858_mg_9724_1.jpg","contentUrl":"https:\/\/www.notibras.com\/site\/wp-content\/uploads\/2023\/07\/20230315090858_mg_9724_1.jpg","width":1170,"height":700,"caption":"S\u00e3o Paulo (SP), 15\/03\/2023 - Estudantes secundaristas protestam pedindo a revoga\u00e7\u00e3o do Novo Ensino M\u00e9dio, na Avenida Paulista. Foto: Fernando Fraz\u00e3o\/Ag\u00eancia Brasil"},{"@type":"BreadcrumbList","@id":"https:\/\/www.notibras.com\/site\/secretarios-entregam-proposta-do-novo-ensino-medio\/#breadcrumb","itemListElement":[{"@type":"ListItem","position":1,"name":"In\u00edcio","item":"https:\/\/www.notibras.com\/site\/"},{"@type":"ListItem","position":2,"name":"Secret\u00e1rios entregam proposta do Novo Ensino M\u00e9dio"}]},{"@type":"WebSite","@id":"https:\/\/www.notibras.com\/site\/#website","url":"https:\/\/www.notibras.com\/site\/","name":"Notibras","description":"Not\u00edcias de Bras\u00edlia, do Brasil e do Mundo","publisher":{"@id":"https:\/\/www.notibras.com\/site\/#organization"},"potentialAction":[{"@type":"SearchAction","target":{"@type":"EntryPoint","urlTemplate":"https:\/\/www.notibras.com\/site\/?s={search_term_string}"},"query-input":{"@type":"PropertyValueSpecification","valueRequired":true,"valueName":"search_term_string"}}],"inLanguage":"pt-BR"},{"@type":"Organization","@id":"https:\/\/www.notibras.com\/site\/#organization","name":"Grupo Notibras de Comunica\u00e7\u00e3o","url":"https:\/\/www.notibras.com\/site\/","logo":{"@type":"ImageObject","inLanguage":"pt-BR","@id":"https:\/\/www.notibras.com\/site\/#\/schema\/logo\/image\/","url":"https:\/\/www.notibras.com\/site\/wp-content\/uploads\/2023\/01\/notibras23.png","contentUrl":"https:\/\/www.notibras.com\/site\/wp-content\/uploads\/2023\/01\/notibras23.png","width":350,"height":87,"caption":"Grupo Notibras de Comunica\u00e7\u00e3o"},"image":{"@id":"https:\/\/www.notibras.com\/site\/#\/schema\/logo\/image\/"},"sameAs":["https:\/\/www.facebook.com\/notibras\/","https:\/\/x.com\/Notibras","https:\/\/www.instagram.com\/notibras\/"]},{"@type":"Person","@id":"https:\/\/www.notibras.com\/site\/#\/schema\/person\/36ab0979449956132d3e5b517ea76ac8","name":"Reda\u00e7\u00e3o","image":{"@type":"ImageObject","inLanguage":"pt-BR","@id":"https:\/\/secure.gravatar.com\/avatar\/e0a867bdedb85fd243eadf09663511f96fc81e0720a4a42581f334ad4303aa6b?s=96&d=mm&r=g","url":"https:\/\/secure.gravatar.com\/avatar\/e0a867bdedb85fd243eadf09663511f96fc81e0720a4a42581f334ad4303aa6b?s=96&d=mm&r=g","contentUrl":"https:\/\/secure.gravatar.com\/avatar\/e0a867bdedb85fd243eadf09663511f96fc81e0720a4a42581f334ad4303aa6b?s=96&d=mm&r=g","caption":"Reda\u00e7\u00e3o"}}]}},"amp_enabled":true,"_links":{"self":[{"href":"https:\/\/www.notibras.com\/site\/wp-json\/wp\/v2\/posts\/308170","targetHints":{"allow":["GET"]}}],"collection":[{"href":"https:\/\/www.notibras.com\/site\/wp-json\/wp\/v2\/posts"}],"about":[{"href":"https:\/\/www.notibras.com\/site\/wp-json\/wp\/v2\/types\/post"}],"author":[{"embeddable":true,"href":"https:\/\/www.notibras.com\/site\/wp-json\/wp\/v2\/users\/2"}],"replies":[{"embeddable":true,"href":"https:\/\/www.notibras.com\/site\/wp-json\/wp\/v2\/comments?post=308170"}],"version-history":[{"count":2,"href":"https:\/\/www.notibras.com\/site\/wp-json\/wp\/v2\/posts\/308170\/revisions"}],"predecessor-version":[{"id":308173,"href":"https:\/\/www.notibras.com\/site\/wp-json\/wp\/v2\/posts\/308170\/revisions\/308173"}],"wp:featuredmedia":[{"embeddable":true,"href":"https:\/\/www.notibras.com\/site\/wp-json\/wp\/v2\/media\/308171"}],"wp:attachment":[{"href":"https:\/\/www.notibras.com\/site\/wp-json\/wp\/v2\/media?parent=308170"}],"wp:term":[{"taxonomy":"category","embeddable":true,"href":"https:\/\/www.notibras.com\/site\/wp-json\/wp\/v2\/categories?post=308170"},{"taxonomy":"post_tag","embeddable":true,"href":"https:\/\/www.notibras.com\/site\/wp-json\/wp\/v2\/tags?post=308170"}],"curies":[{"name":"wp","href":"https:\/\/api.w.org\/{rel}","templated":true}]}}