{"id":308196,"date":"2023-07-04T01:04:01","date_gmt":"2023-07-04T04:04:01","guid":{"rendered":"https:\/\/www.notibras.com\/site\/?p=308196"},"modified":"2023-07-04T09:14:42","modified_gmt":"2023-07-04T12:14:42","slug":"portao-da-alegria-abre-espaco-para-embarque-da-criancada","status":"publish","type":"post","link":"https:\/\/www.notibras.com\/site\/portao-da-alegria-abre-espaco-para-embarque-da-criancada\/","title":{"rendered":"Port\u00e3o da Alegria abre espa\u00e7o para embarque da crian\u00e7ada"},"content":{"rendered":"<p>Uma megaestrutura em formato de avi\u00e3o, o Decola Kids, com escorregadores incr\u00edveis, cama el\u00e1stica, piscina de bolinhas e circuitos de aventura para l\u00e1 de divertidos est\u00e1 montada na Pra\u00e7a Central do Terra\u00e7o Shopping. Fica l\u00e7\u00e1 at\u00e9 20 de agosto.<\/p>\n<p>Os pequenos poder\u00e3o testar suas habilidades e superar limites, por meio de atra\u00e7\u00f5es cheias de obst\u00e1culos, que estimulam a criatividade e a intera\u00e7\u00e3o. A estrutura ficar\u00e1 dispon\u00edvel de segunda a s\u00e1bado, das 12h \u00e0s 22h, e nos domingos e feriados, das 12h \u00e0s 20h. O Decola Kids \u00e9 destinado para crian\u00e7as entre 3 (tr\u00eas) e 12 (doze) anos de idade.<\/p>\n<p>Os ingressos custam R$ 20 (vinte reais) por 30 minutos, e cada minuto adicional custa R$ 1 (um real).<\/p>\n<p><strong>Servi\u00e7o:<\/strong><br \/>\nDECOLA KIDS<br \/>\nPer\u00edodo: At\u00e9 20 de agosto<br \/>\nLocal: Pra\u00e7a Central \u2013 Terra\u00e7o Shopping<br \/>\nHor\u00e1rio de funcionamento:<br \/>\nSegunda a s\u00e1bado, das 12h \u00e0s 22h<br \/>\nDomingos e feriados, das 12h \u00e0s 20h.<br \/>\nClassifica\u00e7\u00e3o: crian\u00e7as de 3 a 12 anos de idade.<br \/>\nValor do ingresso:<br \/>\nR$ 20 por 30 minutos.<br \/>\nCada minuto adicional custa R$ 1,00<\/p>\n","protected":false},"excerpt":{"rendered":"<p>Uma megaestrutura em formato de avi\u00e3o, o Decola Kids, com escorregadores incr\u00edveis, cama el\u00e1stica, piscina de bolinhas e circuitos de aventura para l\u00e1 de divertidos est\u00e1 montada na Pra\u00e7a Central do Terra\u00e7o Shopping. Fica l\u00e7\u00e1 at\u00e9 20 de agosto. Os pequenos poder\u00e3o testar suas habilidades e superar limites, por meio de atra\u00e7\u00f5es cheias de obst\u00e1culos, [&hellip;]<\/p>\n","protected":false},"author":2,"featured_media":308197,"comment_status":"closed","ping_status":"closed","sticky":false,"template":"","format":"standard","meta":{"_acf_changed":false,"footnotes":""},"categories":[161],"tags":[],"class_list":["post-308196","post","type-post","status-publish","format-standard","has-post-thumbnail","hentry","category-quadradinho-em-foco"],"acf":[],"yoast_head":"<!-- This site is optimized with the Yoast SEO plugin v27.2 - https:\/\/yoast.com\/product\/yoast-seo-wordpress\/ -->\n<title>Port\u00e3o da Alegria abre espa\u00e7o para embarque da crian\u00e7ada - Notibras<\/title>\n<meta name=\"robots\" content=\"index, follow, max-snippet:-1, max-image-preview:large, max-video-preview:-1\" \/>\n<link rel=\"canonical\" href=\"https:\/\/www.notibras.com\/site\/portao-da-alegria-abre-espaco-para-embarque-da-criancada\/\" \/>\n<meta property=\"og:locale\" content=\"pt_BR\" \/>\n<meta property=\"og:type\" content=\"article\" \/>\n<meta property=\"og:title\" content=\"Port\u00e3o da Alegria abre espa\u00e7o para embarque da crian\u00e7ada - Notibras\" \/>\n<meta property=\"og:description\" content=\"Uma megaestrutura em formato de avi\u00e3o, o Decola Kids, com escorregadores incr\u00edveis, cama el\u00e1stica, piscina de bolinhas e circuitos de aventura para l\u00e1 de divertidos est\u00e1 montada na Pra\u00e7a Central do Terra\u00e7o Shopping. Fica l\u00e7\u00e1 at\u00e9 20 de agosto. Os pequenos poder\u00e3o testar suas habilidades e superar limites, por meio de atra\u00e7\u00f5es cheias de obst\u00e1culos, [&hellip;]\" \/>\n<meta property=\"og:url\" content=\"https:\/\/www.notibras.com\/site\/portao-da-alegria-abre-espaco-para-embarque-da-criancada\/\" \/>\n<meta property=\"og:site_name\" content=\"Notibras\" \/>\n<meta property=\"article:publisher\" content=\"https:\/\/www.facebook.com\/notibras\/\" \/>\n<meta property=\"article:published_time\" content=\"2023-07-04T04:04:01+00:00\" \/>\n<meta property=\"article:modified_time\" content=\"2023-07-04T12:14:42+00:00\" \/>\n<meta property=\"og:image\" content=\"https:\/\/www.notibras.com\/site\/wp-content\/uploads\/2023\/07\/DECOLA-KIDS-1.jpg\" \/>\n\t<meta property=\"og:image:width\" content=\"1599\" \/>\n\t<meta property=\"og:image:height\" content=\"1066\" \/>\n\t<meta property=\"og:image:type\" content=\"image\/jpeg\" \/>\n<meta name=\"author\" content=\"Reda\u00e7\u00e3o\" \/>\n<meta name=\"twitter:card\" content=\"summary_large_image\" \/>\n<meta name=\"twitter:creator\" content=\"@Notibras\" \/>\n<meta name=\"twitter:site\" content=\"@Notibras\" \/>\n<meta name=\"twitter:label1\" content=\"Escrito por\" \/>\n\t<meta name=\"twitter:data1\" content=\"Reda\u00e7\u00e3o\" \/>\n\t<meta name=\"twitter:label2\" content=\"Est. tempo de leitura\" \/>\n\t<meta name=\"twitter:data2\" content=\"1 minuto\" \/>\n<script type=\"application\/ld+json\" class=\"yoast-schema-graph\">{\"@context\":\"https:\/\/schema.org\",\"@graph\":[{\"@type\":\"Article\",\"@id\":\"https:\/\/www.notibras.com\/site\/portao-da-alegria-abre-espaco-para-embarque-da-criancada\/#article\",\"isPartOf\":{\"@id\":\"https:\/\/www.notibras.com\/site\/portao-da-alegria-abre-espaco-para-embarque-da-criancada\/\"},\"author\":{\"name\":\"Reda\u00e7\u00e3o\",\"@id\":\"https:\/\/www.notibras.com\/site\/#\/schema\/person\/36ab0979449956132d3e5b517ea76ac8\"},\"headline\":\"Port\u00e3o da Alegria abre espa\u00e7o para embarque da crian\u00e7ada\",\"datePublished\":\"2023-07-04T04:04:01+00:00\",\"dateModified\":\"2023-07-04T12:14:42+00:00\",\"mainEntityOfPage\":{\"@id\":\"https:\/\/www.notibras.com\/site\/portao-da-alegria-abre-espaco-para-embarque-da-criancada\/\"},\"wordCount\":191,\"publisher\":{\"@id\":\"https:\/\/www.notibras.com\/site\/#organization\"},\"image\":{\"@id\":\"https:\/\/www.notibras.com\/site\/portao-da-alegria-abre-espaco-para-embarque-da-criancada\/#primaryimage\"},\"thumbnailUrl\":\"https:\/\/www.notibras.com\/site\/wp-content\/uploads\/2023\/07\/DECOLA-KIDS-1.jpg\",\"articleSection\":[\"Quadradinho em Foco\"],\"inLanguage\":\"pt-BR\"},{\"@type\":\"WebPage\",\"@id\":\"https:\/\/www.notibras.com\/site\/portao-da-alegria-abre-espaco-para-embarque-da-criancada\/\",\"url\":\"https:\/\/www.notibras.com\/site\/portao-da-alegria-abre-espaco-para-embarque-da-criancada\/\",\"name\":\"Port\u00e3o da Alegria abre espa\u00e7o para embarque da crian\u00e7ada - Notibras\",\"isPartOf\":{\"@id\":\"https:\/\/www.notibras.com\/site\/#website\"},\"primaryImageOfPage\":{\"@id\":\"https:\/\/www.notibras.com\/site\/portao-da-alegria-abre-espaco-para-embarque-da-criancada\/#primaryimage\"},\"image\":{\"@id\":\"https:\/\/www.notibras.com\/site\/portao-da-alegria-abre-espaco-para-embarque-da-criancada\/#primaryimage\"},\"thumbnailUrl\":\"https:\/\/www.notibras.com\/site\/wp-content\/uploads\/2023\/07\/DECOLA-KIDS-1.jpg\",\"datePublished\":\"2023-07-04T04:04:01+00:00\",\"dateModified\":\"2023-07-04T12:14:42+00:00\",\"breadcrumb\":{\"@id\":\"https:\/\/www.notibras.com\/site\/portao-da-alegria-abre-espaco-para-embarque-da-criancada\/#breadcrumb\"},\"inLanguage\":\"pt-BR\",\"potentialAction\":[{\"@type\":\"ReadAction\",\"target\":[\"https:\/\/www.notibras.com\/site\/portao-da-alegria-abre-espaco-para-embarque-da-criancada\/\"]}]},{\"@type\":\"ImageObject\",\"inLanguage\":\"pt-BR\",\"@id\":\"https:\/\/www.notibras.com\/site\/portao-da-alegria-abre-espaco-para-embarque-da-criancada\/#primaryimage\",\"url\":\"https:\/\/www.notibras.com\/site\/wp-content\/uploads\/2023\/07\/DECOLA-KIDS-1.jpg\",\"contentUrl\":\"https:\/\/www.notibras.com\/site\/wp-content\/uploads\/2023\/07\/DECOLA-KIDS-1.jpg\",\"width\":1599,\"height\":1066},{\"@type\":\"BreadcrumbList\",\"@id\":\"https:\/\/www.notibras.com\/site\/portao-da-alegria-abre-espaco-para-embarque-da-criancada\/#breadcrumb\",\"itemListElement\":[{\"@type\":\"ListItem\",\"position\":1,\"name\":\"In\u00edcio\",\"item\":\"https:\/\/www.notibras.com\/site\/\"},{\"@type\":\"ListItem\",\"position\":2,\"name\":\"Port\u00e3o da Alegria abre espa\u00e7o para embarque da crian\u00e7ada\"}]},{\"@type\":\"WebSite\",\"@id\":\"https:\/\/www.notibras.com\/site\/#website\",\"url\":\"https:\/\/www.notibras.com\/site\/\",\"name\":\"Notibras\",\"description\":\"Not\u00edcias de Bras\u00edlia, do Brasil e do Mundo\",\"publisher\":{\"@id\":\"https:\/\/www.notibras.com\/site\/#organization\"},\"potentialAction\":[{\"@type\":\"SearchAction\",\"target\":{\"@type\":\"EntryPoint\",\"urlTemplate\":\"https:\/\/www.notibras.com\/site\/?s={search_term_string}\"},\"query-input\":{\"@type\":\"PropertyValueSpecification\",\"valueRequired\":true,\"valueName\":\"search_term_string\"}}],\"inLanguage\":\"pt-BR\"},{\"@type\":\"Organization\",\"@id\":\"https:\/\/www.notibras.com\/site\/#organization\",\"name\":\"Grupo Notibras de Comunica\u00e7\u00e3o\",\"url\":\"https:\/\/www.notibras.com\/site\/\",\"logo\":{\"@type\":\"ImageObject\",\"inLanguage\":\"pt-BR\",\"@id\":\"https:\/\/www.notibras.com\/site\/#\/schema\/logo\/image\/\",\"url\":\"https:\/\/www.notibras.com\/site\/wp-content\/uploads\/2023\/01\/notibras23.png\",\"contentUrl\":\"https:\/\/www.notibras.com\/site\/wp-content\/uploads\/2023\/01\/notibras23.png\",\"width\":350,\"height\":87,\"caption\":\"Grupo Notibras de Comunica\u00e7\u00e3o\"},\"image\":{\"@id\":\"https:\/\/www.notibras.com\/site\/#\/schema\/logo\/image\/\"},\"sameAs\":[\"https:\/\/www.facebook.com\/notibras\/\",\"https:\/\/x.com\/Notibras\",\"https:\/\/www.instagram.com\/notibras\/\"]},{\"@type\":\"Person\",\"@id\":\"https:\/\/www.notibras.com\/site\/#\/schema\/person\/36ab0979449956132d3e5b517ea76ac8\",\"name\":\"Reda\u00e7\u00e3o\",\"image\":{\"@type\":\"ImageObject\",\"inLanguage\":\"pt-BR\",\"@id\":\"https:\/\/secure.gravatar.com\/avatar\/e0a867bdedb85fd243eadf09663511f96fc81e0720a4a42581f334ad4303aa6b?s=96&d=mm&r=g\",\"url\":\"https:\/\/secure.gravatar.com\/avatar\/e0a867bdedb85fd243eadf09663511f96fc81e0720a4a42581f334ad4303aa6b?s=96&d=mm&r=g\",\"contentUrl\":\"https:\/\/secure.gravatar.com\/avatar\/e0a867bdedb85fd243eadf09663511f96fc81e0720a4a42581f334ad4303aa6b?s=96&d=mm&r=g\",\"caption\":\"Reda\u00e7\u00e3o\"}}]}<\/script>\n<!-- \/ Yoast SEO plugin. -->","yoast_head_json":{"title":"Port\u00e3o da Alegria abre espa\u00e7o para embarque da crian\u00e7ada - Notibras","robots":{"index":"index","follow":"follow","max-snippet":"max-snippet:-1","max-image-preview":"max-image-preview:large","max-video-preview":"max-video-preview:-1"},"canonical":"https:\/\/www.notibras.com\/site\/portao-da-alegria-abre-espaco-para-embarque-da-criancada\/","og_locale":"pt_BR","og_type":"article","og_title":"Port\u00e3o da Alegria abre espa\u00e7o para embarque da crian\u00e7ada - Notibras","og_description":"Uma megaestrutura em formato de avi\u00e3o, o Decola Kids, com escorregadores incr\u00edveis, cama el\u00e1stica, piscina de bolinhas e circuitos de aventura para l\u00e1 de divertidos est\u00e1 montada na Pra\u00e7a Central do Terra\u00e7o Shopping. Fica l\u00e7\u00e1 at\u00e9 20 de agosto. Os pequenos poder\u00e3o testar suas habilidades e superar limites, por meio de atra\u00e7\u00f5es cheias de obst\u00e1culos, [&hellip;]","og_url":"https:\/\/www.notibras.com\/site\/portao-da-alegria-abre-espaco-para-embarque-da-criancada\/","og_site_name":"Notibras","article_publisher":"https:\/\/www.facebook.com\/notibras\/","article_published_time":"2023-07-04T04:04:01+00:00","article_modified_time":"2023-07-04T12:14:42+00:00","og_image":[{"width":1599,"height":1066,"url":"https:\/\/www.notibras.com\/site\/wp-content\/uploads\/2023\/07\/DECOLA-KIDS-1.jpg","type":"image\/jpeg"}],"author":"Reda\u00e7\u00e3o","twitter_card":"summary_large_image","twitter_creator":"@Notibras","twitter_site":"@Notibras","twitter_misc":{"Escrito por":"Reda\u00e7\u00e3o","Est. tempo de leitura":"1 minuto"},"schema":{"@context":"https:\/\/schema.org","@graph":[{"@type":"Article","@id":"https:\/\/www.notibras.com\/site\/portao-da-alegria-abre-espaco-para-embarque-da-criancada\/#article","isPartOf":{"@id":"https:\/\/www.notibras.com\/site\/portao-da-alegria-abre-espaco-para-embarque-da-criancada\/"},"author":{"name":"Reda\u00e7\u00e3o","@id":"https:\/\/www.notibras.com\/site\/#\/schema\/person\/36ab0979449956132d3e5b517ea76ac8"},"headline":"Port\u00e3o da Alegria abre espa\u00e7o para embarque da crian\u00e7ada","datePublished":"2023-07-04T04:04:01+00:00","dateModified":"2023-07-04T12:14:42+00:00","mainEntityOfPage":{"@id":"https:\/\/www.notibras.com\/site\/portao-da-alegria-abre-espaco-para-embarque-da-criancada\/"},"wordCount":191,"publisher":{"@id":"https:\/\/www.notibras.com\/site\/#organization"},"image":{"@id":"https:\/\/www.notibras.com\/site\/portao-da-alegria-abre-espaco-para-embarque-da-criancada\/#primaryimage"},"thumbnailUrl":"https:\/\/www.notibras.com\/site\/wp-content\/uploads\/2023\/07\/DECOLA-KIDS-1.jpg","articleSection":["Quadradinho em Foco"],"inLanguage":"pt-BR"},{"@type":"WebPage","@id":"https:\/\/www.notibras.com\/site\/portao-da-alegria-abre-espaco-para-embarque-da-criancada\/","url":"https:\/\/www.notibras.com\/site\/portao-da-alegria-abre-espaco-para-embarque-da-criancada\/","name":"Port\u00e3o da Alegria abre espa\u00e7o para embarque da crian\u00e7ada - Notibras","isPartOf":{"@id":"https:\/\/www.notibras.com\/site\/#website"},"primaryImageOfPage":{"@id":"https:\/\/www.notibras.com\/site\/portao-da-alegria-abre-espaco-para-embarque-da-criancada\/#primaryimage"},"image":{"@id":"https:\/\/www.notibras.com\/site\/portao-da-alegria-abre-espaco-para-embarque-da-criancada\/#primaryimage"},"thumbnailUrl":"https:\/\/www.notibras.com\/site\/wp-content\/uploads\/2023\/07\/DECOLA-KIDS-1.jpg","datePublished":"2023-07-04T04:04:01+00:00","dateModified":"2023-07-04T12:14:42+00:00","breadcrumb":{"@id":"https:\/\/www.notibras.com\/site\/portao-da-alegria-abre-espaco-para-embarque-da-criancada\/#breadcrumb"},"inLanguage":"pt-BR","potentialAction":[{"@type":"ReadAction","target":["https:\/\/www.notibras.com\/site\/portao-da-alegria-abre-espaco-para-embarque-da-criancada\/"]}]},{"@type":"ImageObject","inLanguage":"pt-BR","@id":"https:\/\/www.notibras.com\/site\/portao-da-alegria-abre-espaco-para-embarque-da-criancada\/#primaryimage","url":"https:\/\/www.notibras.com\/site\/wp-content\/uploads\/2023\/07\/DECOLA-KIDS-1.jpg","contentUrl":"https:\/\/www.notibras.com\/site\/wp-content\/uploads\/2023\/07\/DECOLA-KIDS-1.jpg","width":1599,"height":1066},{"@type":"BreadcrumbList","@id":"https:\/\/www.notibras.com\/site\/portao-da-alegria-abre-espaco-para-embarque-da-criancada\/#breadcrumb","itemListElement":[{"@type":"ListItem","position":1,"name":"In\u00edcio","item":"https:\/\/www.notibras.com\/site\/"},{"@type":"ListItem","position":2,"name":"Port\u00e3o da Alegria abre espa\u00e7o para embarque da crian\u00e7ada"}]},{"@type":"WebSite","@id":"https:\/\/www.notibras.com\/site\/#website","url":"https:\/\/www.notibras.com\/site\/","name":"Notibras","description":"Not\u00edcias de Bras\u00edlia, do Brasil e do Mundo","publisher":{"@id":"https:\/\/www.notibras.com\/site\/#organization"},"potentialAction":[{"@type":"SearchAction","target":{"@type":"EntryPoint","urlTemplate":"https:\/\/www.notibras.com\/site\/?s={search_term_string}"},"query-input":{"@type":"PropertyValueSpecification","valueRequired":true,"valueName":"search_term_string"}}],"inLanguage":"pt-BR"},{"@type":"Organization","@id":"https:\/\/www.notibras.com\/site\/#organization","name":"Grupo Notibras de Comunica\u00e7\u00e3o","url":"https:\/\/www.notibras.com\/site\/","logo":{"@type":"ImageObject","inLanguage":"pt-BR","@id":"https:\/\/www.notibras.com\/site\/#\/schema\/logo\/image\/","url":"https:\/\/www.notibras.com\/site\/wp-content\/uploads\/2023\/01\/notibras23.png","contentUrl":"https:\/\/www.notibras.com\/site\/wp-content\/uploads\/2023\/01\/notibras23.png","width":350,"height":87,"caption":"Grupo Notibras de Comunica\u00e7\u00e3o"},"image":{"@id":"https:\/\/www.notibras.com\/site\/#\/schema\/logo\/image\/"},"sameAs":["https:\/\/www.facebook.com\/notibras\/","https:\/\/x.com\/Notibras","https:\/\/www.instagram.com\/notibras\/"]},{"@type":"Person","@id":"https:\/\/www.notibras.com\/site\/#\/schema\/person\/36ab0979449956132d3e5b517ea76ac8","name":"Reda\u00e7\u00e3o","image":{"@type":"ImageObject","inLanguage":"pt-BR","@id":"https:\/\/secure.gravatar.com\/avatar\/e0a867bdedb85fd243eadf09663511f96fc81e0720a4a42581f334ad4303aa6b?s=96&d=mm&r=g","url":"https:\/\/secure.gravatar.com\/avatar\/e0a867bdedb85fd243eadf09663511f96fc81e0720a4a42581f334ad4303aa6b?s=96&d=mm&r=g","contentUrl":"https:\/\/secure.gravatar.com\/avatar\/e0a867bdedb85fd243eadf09663511f96fc81e0720a4a42581f334ad4303aa6b?s=96&d=mm&r=g","caption":"Reda\u00e7\u00e3o"}}]}},"amp_enabled":true,"_links":{"self":[{"href":"https:\/\/www.notibras.com\/site\/wp-json\/wp\/v2\/posts\/308196","targetHints":{"allow":["GET"]}}],"collection":[{"href":"https:\/\/www.notibras.com\/site\/wp-json\/wp\/v2\/posts"}],"about":[{"href":"https:\/\/www.notibras.com\/site\/wp-json\/wp\/v2\/types\/post"}],"author":[{"embeddable":true,"href":"https:\/\/www.notibras.com\/site\/wp-json\/wp\/v2\/users\/2"}],"replies":[{"embeddable":true,"href":"https:\/\/www.notibras.com\/site\/wp-json\/wp\/v2\/comments?post=308196"}],"version-history":[{"count":2,"href":"https:\/\/www.notibras.com\/site\/wp-json\/wp\/v2\/posts\/308196\/revisions"}],"predecessor-version":[{"id":308209,"href":"https:\/\/www.notibras.com\/site\/wp-json\/wp\/v2\/posts\/308196\/revisions\/308209"}],"wp:featuredmedia":[{"embeddable":true,"href":"https:\/\/www.notibras.com\/site\/wp-json\/wp\/v2\/media\/308197"}],"wp:attachment":[{"href":"https:\/\/www.notibras.com\/site\/wp-json\/wp\/v2\/media?parent=308196"}],"wp:term":[{"taxonomy":"category","embeddable":true,"href":"https:\/\/www.notibras.com\/site\/wp-json\/wp\/v2\/categories?post=308196"},{"taxonomy":"post_tag","embeddable":true,"href":"https:\/\/www.notibras.com\/site\/wp-json\/wp\/v2\/tags?post=308196"}],"curies":[{"name":"wp","href":"https:\/\/api.w.org\/{rel}","templated":true}]}}