{"id":308205,"date":"2023-07-04T07:55:08","date_gmt":"2023-07-04T10:55:08","guid":{"rendered":"https:\/\/www.notibras.com\/site\/?p=308205"},"modified":"2023-07-04T07:55:08","modified_gmt":"2023-07-04T10:55:08","slug":"velha-imagem-mostra-que-orgulho-mata-sonhos","status":"publish","type":"post","link":"https:\/\/www.notibras.com\/site\/velha-imagem-mostra-que-orgulho-mata-sonhos\/","title":{"rendered":"Velha imagem mostra que orgulho mata sonhos"},"content":{"rendered":"<p>Assim que as pessoas entravam naquela resid\u00eancia, a despeito de alguns quadros de artistas famosos pendurados nas paredes, tinham a aten\u00e7\u00e3o voltada para aquela fotografia em preto e branco em uma pequena moldura gasta na mesinha ao lado do amplo sof\u00e1. N\u00e3o que fosse um retrato digno de nota, pois n\u00e3o passava de mais um desses tantos que s\u00e3o batidos sem qualquer cuidado, mas apenas para marcar mais um dia fadado ao esquecimento.<\/p>\n<p>Uma menina sorridente exibindo toda a sua magreza, como se fosse uma bailarina tentando dar os primeiros passos para a fama. Era \u00f3bvio, no entanto, que o sucesso chegou ou, ent\u00e3o, fora herdado, tamanho o luxo daquela sala, que era apenas o pren\u00fancio de uma vida repleta de riquezas da agora senhora Of\u00e9lia. Sim, isso mesmo! Of\u00e9lia, agora com quase 60, que um dia havia sorrido para a lente desfocada de seu pai.<\/p>\n<p>Quase afundada de tanto t\u00e9dio no sof\u00e1 cor de vinho, Of\u00e9lia n\u00e3o tirava os olhos do retrato ao lado, como se buscasse aquela menina, que h\u00e1 tempos a havia abandonado. Enquanto isso, os rep\u00f3rteres ao redor aguardavam que a famosa escritora, atriz, cantora, compositora, diretora de in\u00fameros filmes de sucesso se pronunciasse. Nada! Nenhuma palavra.<\/p>\n<p>O sil\u00eancio naquela sala parecia fadado \u00e0 eternidade, caso n\u00e3o fosse pelo descuido de um iluminador, que se deixou engasgar com a pr\u00f3pria saliva. Todos se voltaram para o rapaz, que mal chegara aos 20, talvez 25. T\u00edmido, ele buscou desviar o olhar das pessoas, que, agora, o repreendiam. Acabou por fitar o retrato da menina Of\u00e9lia.<\/p>\n<p>&#8211; Quantos anos voc\u00ea tem, meu jovem?, Of\u00e9lia falou pela primeira vez.<\/p>\n<p>&#8211; Vinte e tr\u00eas.<\/p>\n<p>&#8211; Sei que j\u00e1 tive a sua idade, mas n\u00e3o me lembro. Sei dos meus 10, 12, 18. Mas \u00e9 como se uma n\u00e9voa encobrisse todos os acontecimento seguintes. Estava correndo atr\u00e1s dos meus sonhos, que eram muitos. Sei que os tinha aos montes, pois os pr\u00eamios que est\u00e3o espalhados por esta sala n\u00e3o me deixam mentir.<\/p>\n<p>&#8211; A senhora deve sentir muito orgulho por todas essas conquistas.<\/p>\n<p>&#8211; Orgulho? Talvez sim, meu rapaz. Mas o orgulho, como dizia meu saudoso pai, \u00e9 o pren\u00fancio do fracasso, pois ele mata seus sonhos.<\/p>\n","protected":false},"excerpt":{"rendered":"<p>Assim que as pessoas entravam naquela resid\u00eancia, a despeito de alguns quadros de artistas famosos pendurados nas paredes, tinham a aten\u00e7\u00e3o voltada para aquela fotografia em preto e branco em uma pequena moldura gasta na mesinha ao lado do amplo sof\u00e1. N\u00e3o que fosse um retrato digno de nota, pois n\u00e3o passava de mais um [&hellip;]<\/p>\n","protected":false},"author":2,"featured_media":308206,"comment_status":"closed","ping_status":"closed","sticky":false,"template":"","format":"standard","meta":{"_acf_changed":false,"footnotes":""},"categories":[161],"tags":[],"class_list":["post-308205","post","type-post","status-publish","format-standard","has-post-thumbnail","hentry","category-quadradinho-em-foco"],"acf":[],"yoast_head":"<!-- This site is optimized with the Yoast SEO plugin v27.2 - https:\/\/yoast.com\/product\/yoast-seo-wordpress\/ -->\n<title>Velha imagem mostra que orgulho mata sonhos - Notibras<\/title>\n<meta name=\"robots\" content=\"index, follow, max-snippet:-1, max-image-preview:large, max-video-preview:-1\" \/>\n<link rel=\"canonical\" href=\"https:\/\/www.notibras.com\/site\/velha-imagem-mostra-que-orgulho-mata-sonhos\/\" \/>\n<meta property=\"og:locale\" content=\"pt_BR\" \/>\n<meta property=\"og:type\" content=\"article\" \/>\n<meta property=\"og:title\" content=\"Velha imagem mostra que orgulho mata sonhos - Notibras\" \/>\n<meta property=\"og:description\" content=\"Assim que as pessoas entravam naquela resid\u00eancia, a despeito de alguns quadros de artistas famosos pendurados nas paredes, tinham a aten\u00e7\u00e3o voltada para aquela fotografia em preto e branco em uma pequena moldura gasta na mesinha ao lado do amplo sof\u00e1. N\u00e3o que fosse um retrato digno de nota, pois n\u00e3o passava de mais um [&hellip;]\" \/>\n<meta property=\"og:url\" content=\"https:\/\/www.notibras.com\/site\/velha-imagem-mostra-que-orgulho-mata-sonhos\/\" \/>\n<meta property=\"og:site_name\" content=\"Notibras\" \/>\n<meta property=\"article:publisher\" content=\"https:\/\/www.facebook.com\/notibras\/\" \/>\n<meta property=\"article:published_time\" content=\"2023-07-04T10:55:08+00:00\" \/>\n<meta property=\"og:image\" content=\"https:\/\/www.notibras.com\/site\/wp-content\/uploads\/2023\/07\/duduopala-1.jpg\" \/>\n\t<meta property=\"og:image:width\" content=\"1024\" \/>\n\t<meta property=\"og:image:height\" content=\"995\" \/>\n\t<meta property=\"og:image:type\" content=\"image\/jpeg\" \/>\n<meta name=\"author\" content=\"Reda\u00e7\u00e3o\" \/>\n<meta name=\"twitter:card\" content=\"summary_large_image\" \/>\n<meta name=\"twitter:creator\" content=\"@Notibras\" \/>\n<meta name=\"twitter:site\" content=\"@Notibras\" \/>\n<meta name=\"twitter:label1\" content=\"Escrito por\" \/>\n\t<meta name=\"twitter:data1\" content=\"Reda\u00e7\u00e3o\" \/>\n\t<meta name=\"twitter:label2\" content=\"Est. tempo de leitura\" \/>\n\t<meta name=\"twitter:data2\" content=\"2 minutos\" \/>\n<script type=\"application\/ld+json\" class=\"yoast-schema-graph\">{\"@context\":\"https:\/\/schema.org\",\"@graph\":[{\"@type\":\"Article\",\"@id\":\"https:\/\/www.notibras.com\/site\/velha-imagem-mostra-que-orgulho-mata-sonhos\/#article\",\"isPartOf\":{\"@id\":\"https:\/\/www.notibras.com\/site\/velha-imagem-mostra-que-orgulho-mata-sonhos\/\"},\"author\":{\"name\":\"Reda\u00e7\u00e3o\",\"@id\":\"https:\/\/www.notibras.com\/site\/#\/schema\/person\/36ab0979449956132d3e5b517ea76ac8\"},\"headline\":\"Velha imagem mostra que orgulho mata sonhos\",\"datePublished\":\"2023-07-04T10:55:08+00:00\",\"mainEntityOfPage\":{\"@id\":\"https:\/\/www.notibras.com\/site\/velha-imagem-mostra-que-orgulho-mata-sonhos\/\"},\"wordCount\":392,\"publisher\":{\"@id\":\"https:\/\/www.notibras.com\/site\/#organization\"},\"image\":{\"@id\":\"https:\/\/www.notibras.com\/site\/velha-imagem-mostra-que-orgulho-mata-sonhos\/#primaryimage\"},\"thumbnailUrl\":\"https:\/\/www.notibras.com\/site\/wp-content\/uploads\/2023\/07\/duduopala-1.jpg\",\"articleSection\":[\"Quadradinho em Foco\"],\"inLanguage\":\"pt-BR\"},{\"@type\":\"WebPage\",\"@id\":\"https:\/\/www.notibras.com\/site\/velha-imagem-mostra-que-orgulho-mata-sonhos\/\",\"url\":\"https:\/\/www.notibras.com\/site\/velha-imagem-mostra-que-orgulho-mata-sonhos\/\",\"name\":\"Velha imagem mostra que orgulho mata sonhos - Notibras\",\"isPartOf\":{\"@id\":\"https:\/\/www.notibras.com\/site\/#website\"},\"primaryImageOfPage\":{\"@id\":\"https:\/\/www.notibras.com\/site\/velha-imagem-mostra-que-orgulho-mata-sonhos\/#primaryimage\"},\"image\":{\"@id\":\"https:\/\/www.notibras.com\/site\/velha-imagem-mostra-que-orgulho-mata-sonhos\/#primaryimage\"},\"thumbnailUrl\":\"https:\/\/www.notibras.com\/site\/wp-content\/uploads\/2023\/07\/duduopala-1.jpg\",\"datePublished\":\"2023-07-04T10:55:08+00:00\",\"breadcrumb\":{\"@id\":\"https:\/\/www.notibras.com\/site\/velha-imagem-mostra-que-orgulho-mata-sonhos\/#breadcrumb\"},\"inLanguage\":\"pt-BR\",\"potentialAction\":[{\"@type\":\"ReadAction\",\"target\":[\"https:\/\/www.notibras.com\/site\/velha-imagem-mostra-que-orgulho-mata-sonhos\/\"]}]},{\"@type\":\"ImageObject\",\"inLanguage\":\"pt-BR\",\"@id\":\"https:\/\/www.notibras.com\/site\/velha-imagem-mostra-que-orgulho-mata-sonhos\/#primaryimage\",\"url\":\"https:\/\/www.notibras.com\/site\/wp-content\/uploads\/2023\/07\/duduopala-1.jpg\",\"contentUrl\":\"https:\/\/www.notibras.com\/site\/wp-content\/uploads\/2023\/07\/duduopala-1.jpg\",\"width\":1024,\"height\":995},{\"@type\":\"BreadcrumbList\",\"@id\":\"https:\/\/www.notibras.com\/site\/velha-imagem-mostra-que-orgulho-mata-sonhos\/#breadcrumb\",\"itemListElement\":[{\"@type\":\"ListItem\",\"position\":1,\"name\":\"In\u00edcio\",\"item\":\"https:\/\/www.notibras.com\/site\/\"},{\"@type\":\"ListItem\",\"position\":2,\"name\":\"Velha imagem mostra que orgulho mata sonhos\"}]},{\"@type\":\"WebSite\",\"@id\":\"https:\/\/www.notibras.com\/site\/#website\",\"url\":\"https:\/\/www.notibras.com\/site\/\",\"name\":\"Notibras\",\"description\":\"Not\u00edcias de Bras\u00edlia, do Brasil e do Mundo\",\"publisher\":{\"@id\":\"https:\/\/www.notibras.com\/site\/#organization\"},\"potentialAction\":[{\"@type\":\"SearchAction\",\"target\":{\"@type\":\"EntryPoint\",\"urlTemplate\":\"https:\/\/www.notibras.com\/site\/?s={search_term_string}\"},\"query-input\":{\"@type\":\"PropertyValueSpecification\",\"valueRequired\":true,\"valueName\":\"search_term_string\"}}],\"inLanguage\":\"pt-BR\"},{\"@type\":\"Organization\",\"@id\":\"https:\/\/www.notibras.com\/site\/#organization\",\"name\":\"Grupo Notibras de Comunica\u00e7\u00e3o\",\"url\":\"https:\/\/www.notibras.com\/site\/\",\"logo\":{\"@type\":\"ImageObject\",\"inLanguage\":\"pt-BR\",\"@id\":\"https:\/\/www.notibras.com\/site\/#\/schema\/logo\/image\/\",\"url\":\"https:\/\/www.notibras.com\/site\/wp-content\/uploads\/2023\/01\/notibras23.png\",\"contentUrl\":\"https:\/\/www.notibras.com\/site\/wp-content\/uploads\/2023\/01\/notibras23.png\",\"width\":350,\"height\":87,\"caption\":\"Grupo Notibras de Comunica\u00e7\u00e3o\"},\"image\":{\"@id\":\"https:\/\/www.notibras.com\/site\/#\/schema\/logo\/image\/\"},\"sameAs\":[\"https:\/\/www.facebook.com\/notibras\/\",\"https:\/\/x.com\/Notibras\",\"https:\/\/www.instagram.com\/notibras\/\"]},{\"@type\":\"Person\",\"@id\":\"https:\/\/www.notibras.com\/site\/#\/schema\/person\/36ab0979449956132d3e5b517ea76ac8\",\"name\":\"Reda\u00e7\u00e3o\",\"image\":{\"@type\":\"ImageObject\",\"inLanguage\":\"pt-BR\",\"@id\":\"https:\/\/secure.gravatar.com\/avatar\/e0a867bdedb85fd243eadf09663511f96fc81e0720a4a42581f334ad4303aa6b?s=96&d=mm&r=g\",\"url\":\"https:\/\/secure.gravatar.com\/avatar\/e0a867bdedb85fd243eadf09663511f96fc81e0720a4a42581f334ad4303aa6b?s=96&d=mm&r=g\",\"contentUrl\":\"https:\/\/secure.gravatar.com\/avatar\/e0a867bdedb85fd243eadf09663511f96fc81e0720a4a42581f334ad4303aa6b?s=96&d=mm&r=g\",\"caption\":\"Reda\u00e7\u00e3o\"}}]}<\/script>\n<!-- \/ Yoast SEO plugin. -->","yoast_head_json":{"title":"Velha imagem mostra que orgulho mata sonhos - Notibras","robots":{"index":"index","follow":"follow","max-snippet":"max-snippet:-1","max-image-preview":"max-image-preview:large","max-video-preview":"max-video-preview:-1"},"canonical":"https:\/\/www.notibras.com\/site\/velha-imagem-mostra-que-orgulho-mata-sonhos\/","og_locale":"pt_BR","og_type":"article","og_title":"Velha imagem mostra que orgulho mata sonhos - Notibras","og_description":"Assim que as pessoas entravam naquela resid\u00eancia, a despeito de alguns quadros de artistas famosos pendurados nas paredes, tinham a aten\u00e7\u00e3o voltada para aquela fotografia em preto e branco em uma pequena moldura gasta na mesinha ao lado do amplo sof\u00e1. N\u00e3o que fosse um retrato digno de nota, pois n\u00e3o passava de mais um [&hellip;]","og_url":"https:\/\/www.notibras.com\/site\/velha-imagem-mostra-que-orgulho-mata-sonhos\/","og_site_name":"Notibras","article_publisher":"https:\/\/www.facebook.com\/notibras\/","article_published_time":"2023-07-04T10:55:08+00:00","og_image":[{"width":1024,"height":995,"url":"https:\/\/www.notibras.com\/site\/wp-content\/uploads\/2023\/07\/duduopala-1.jpg","type":"image\/jpeg"}],"author":"Reda\u00e7\u00e3o","twitter_card":"summary_large_image","twitter_creator":"@Notibras","twitter_site":"@Notibras","twitter_misc":{"Escrito por":"Reda\u00e7\u00e3o","Est. tempo de leitura":"2 minutos"},"schema":{"@context":"https:\/\/schema.org","@graph":[{"@type":"Article","@id":"https:\/\/www.notibras.com\/site\/velha-imagem-mostra-que-orgulho-mata-sonhos\/#article","isPartOf":{"@id":"https:\/\/www.notibras.com\/site\/velha-imagem-mostra-que-orgulho-mata-sonhos\/"},"author":{"name":"Reda\u00e7\u00e3o","@id":"https:\/\/www.notibras.com\/site\/#\/schema\/person\/36ab0979449956132d3e5b517ea76ac8"},"headline":"Velha imagem mostra que orgulho mata sonhos","datePublished":"2023-07-04T10:55:08+00:00","mainEntityOfPage":{"@id":"https:\/\/www.notibras.com\/site\/velha-imagem-mostra-que-orgulho-mata-sonhos\/"},"wordCount":392,"publisher":{"@id":"https:\/\/www.notibras.com\/site\/#organization"},"image":{"@id":"https:\/\/www.notibras.com\/site\/velha-imagem-mostra-que-orgulho-mata-sonhos\/#primaryimage"},"thumbnailUrl":"https:\/\/www.notibras.com\/site\/wp-content\/uploads\/2023\/07\/duduopala-1.jpg","articleSection":["Quadradinho em Foco"],"inLanguage":"pt-BR"},{"@type":"WebPage","@id":"https:\/\/www.notibras.com\/site\/velha-imagem-mostra-que-orgulho-mata-sonhos\/","url":"https:\/\/www.notibras.com\/site\/velha-imagem-mostra-que-orgulho-mata-sonhos\/","name":"Velha imagem mostra que orgulho mata sonhos - Notibras","isPartOf":{"@id":"https:\/\/www.notibras.com\/site\/#website"},"primaryImageOfPage":{"@id":"https:\/\/www.notibras.com\/site\/velha-imagem-mostra-que-orgulho-mata-sonhos\/#primaryimage"},"image":{"@id":"https:\/\/www.notibras.com\/site\/velha-imagem-mostra-que-orgulho-mata-sonhos\/#primaryimage"},"thumbnailUrl":"https:\/\/www.notibras.com\/site\/wp-content\/uploads\/2023\/07\/duduopala-1.jpg","datePublished":"2023-07-04T10:55:08+00:00","breadcrumb":{"@id":"https:\/\/www.notibras.com\/site\/velha-imagem-mostra-que-orgulho-mata-sonhos\/#breadcrumb"},"inLanguage":"pt-BR","potentialAction":[{"@type":"ReadAction","target":["https:\/\/www.notibras.com\/site\/velha-imagem-mostra-que-orgulho-mata-sonhos\/"]}]},{"@type":"ImageObject","inLanguage":"pt-BR","@id":"https:\/\/www.notibras.com\/site\/velha-imagem-mostra-que-orgulho-mata-sonhos\/#primaryimage","url":"https:\/\/www.notibras.com\/site\/wp-content\/uploads\/2023\/07\/duduopala-1.jpg","contentUrl":"https:\/\/www.notibras.com\/site\/wp-content\/uploads\/2023\/07\/duduopala-1.jpg","width":1024,"height":995},{"@type":"BreadcrumbList","@id":"https:\/\/www.notibras.com\/site\/velha-imagem-mostra-que-orgulho-mata-sonhos\/#breadcrumb","itemListElement":[{"@type":"ListItem","position":1,"name":"In\u00edcio","item":"https:\/\/www.notibras.com\/site\/"},{"@type":"ListItem","position":2,"name":"Velha imagem mostra que orgulho mata sonhos"}]},{"@type":"WebSite","@id":"https:\/\/www.notibras.com\/site\/#website","url":"https:\/\/www.notibras.com\/site\/","name":"Notibras","description":"Not\u00edcias de Bras\u00edlia, do Brasil e do Mundo","publisher":{"@id":"https:\/\/www.notibras.com\/site\/#organization"},"potentialAction":[{"@type":"SearchAction","target":{"@type":"EntryPoint","urlTemplate":"https:\/\/www.notibras.com\/site\/?s={search_term_string}"},"query-input":{"@type":"PropertyValueSpecification","valueRequired":true,"valueName":"search_term_string"}}],"inLanguage":"pt-BR"},{"@type":"Organization","@id":"https:\/\/www.notibras.com\/site\/#organization","name":"Grupo Notibras de Comunica\u00e7\u00e3o","url":"https:\/\/www.notibras.com\/site\/","logo":{"@type":"ImageObject","inLanguage":"pt-BR","@id":"https:\/\/www.notibras.com\/site\/#\/schema\/logo\/image\/","url":"https:\/\/www.notibras.com\/site\/wp-content\/uploads\/2023\/01\/notibras23.png","contentUrl":"https:\/\/www.notibras.com\/site\/wp-content\/uploads\/2023\/01\/notibras23.png","width":350,"height":87,"caption":"Grupo Notibras de Comunica\u00e7\u00e3o"},"image":{"@id":"https:\/\/www.notibras.com\/site\/#\/schema\/logo\/image\/"},"sameAs":["https:\/\/www.facebook.com\/notibras\/","https:\/\/x.com\/Notibras","https:\/\/www.instagram.com\/notibras\/"]},{"@type":"Person","@id":"https:\/\/www.notibras.com\/site\/#\/schema\/person\/36ab0979449956132d3e5b517ea76ac8","name":"Reda\u00e7\u00e3o","image":{"@type":"ImageObject","inLanguage":"pt-BR","@id":"https:\/\/secure.gravatar.com\/avatar\/e0a867bdedb85fd243eadf09663511f96fc81e0720a4a42581f334ad4303aa6b?s=96&d=mm&r=g","url":"https:\/\/secure.gravatar.com\/avatar\/e0a867bdedb85fd243eadf09663511f96fc81e0720a4a42581f334ad4303aa6b?s=96&d=mm&r=g","contentUrl":"https:\/\/secure.gravatar.com\/avatar\/e0a867bdedb85fd243eadf09663511f96fc81e0720a4a42581f334ad4303aa6b?s=96&d=mm&r=g","caption":"Reda\u00e7\u00e3o"}}]}},"amp_enabled":true,"_links":{"self":[{"href":"https:\/\/www.notibras.com\/site\/wp-json\/wp\/v2\/posts\/308205","targetHints":{"allow":["GET"]}}],"collection":[{"href":"https:\/\/www.notibras.com\/site\/wp-json\/wp\/v2\/posts"}],"about":[{"href":"https:\/\/www.notibras.com\/site\/wp-json\/wp\/v2\/types\/post"}],"author":[{"embeddable":true,"href":"https:\/\/www.notibras.com\/site\/wp-json\/wp\/v2\/users\/2"}],"replies":[{"embeddable":true,"href":"https:\/\/www.notibras.com\/site\/wp-json\/wp\/v2\/comments?post=308205"}],"version-history":[{"count":1,"href":"https:\/\/www.notibras.com\/site\/wp-json\/wp\/v2\/posts\/308205\/revisions"}],"predecessor-version":[{"id":308207,"href":"https:\/\/www.notibras.com\/site\/wp-json\/wp\/v2\/posts\/308205\/revisions\/308207"}],"wp:featuredmedia":[{"embeddable":true,"href":"https:\/\/www.notibras.com\/site\/wp-json\/wp\/v2\/media\/308206"}],"wp:attachment":[{"href":"https:\/\/www.notibras.com\/site\/wp-json\/wp\/v2\/media?parent=308205"}],"wp:term":[{"taxonomy":"category","embeddable":true,"href":"https:\/\/www.notibras.com\/site\/wp-json\/wp\/v2\/categories?post=308205"},{"taxonomy":"post_tag","embeddable":true,"href":"https:\/\/www.notibras.com\/site\/wp-json\/wp\/v2\/tags?post=308205"}],"curies":[{"name":"wp","href":"https:\/\/api.w.org\/{rel}","templated":true}]}}