{"id":308210,"date":"2023-07-05T07:01:15","date_gmt":"2023-07-05T10:01:15","guid":{"rendered":"https:\/\/www.notibras.com\/site\/?p=308210"},"modified":"2023-07-05T07:01:15","modified_gmt":"2023-07-05T10:01:15","slug":"namorico-e-enjoo-marcam-dias-de-ferias-de-garibaldo","status":"publish","type":"post","link":"https:\/\/www.notibras.com\/site\/namorico-e-enjoo-marcam-dias-de-ferias-de-garibaldo\/","title":{"rendered":"Namorico e enjoo marcam dias de f\u00e9rias de Garibaldo"},"content":{"rendered":"<p>Garibaldo viveu a inf\u00e2ncia nos long\u00ednquos anos 1970 e, como a garotada da \u00e9poca, viajou atrav\u00e9s das p\u00e1ginas do livro &#8220;A ilha perdida&#8221;, de Maria Jos\u00e9 Dupr\u00e9. Da hist\u00f3ria, pouco se lembrava, a n\u00e3o ser que, como o pr\u00f3prio t\u00edtulo indica, ambientava-se numa ilha. Mesmo assim, aquilo ficou no seu subconsciente, at\u00e9 que, por um desses acasos da vida, o agora homem viu-se isolado em uma pequena faixa de terra rodeada de mar.<\/p>\n<p>As circunst\u00e2ncias que o levaram at\u00e9 aquele local n\u00e3o s\u00e3o relevantes. Mesmo assim, vale a pena cont\u00e1-las. Pois bem, l\u00e1 estava o Garibaldo com seus pouco mais de 50 anos, curtindo suas f\u00e9rias mais que merecidas. \u00c9 que o gajo, para quem n\u00e3o sabe, era funcion\u00e1rio de um banco particular e, por conta disso, trabalhava muito al\u00e9m do que lhe pagavam.<\/p>\n<p>Ele havia dividido o pagamento da viagem em n\u00e3o sei quantas parcelas, mas isso n\u00e3o importava. Ele queria porque queria se ver livre, nem que por uma m\u00edsera semana, daquele turbilh\u00e3o de tarefas sem fim. E foi o que fez. Viajou para o litoral baiano, mais precisamente para Belmonte.<\/p>\n<p>Solteiro depois de tr\u00eas casamentos fracassados, Garibaldo acabou se engra\u00e7ando por uma nativa logo nos primeiros dias. Enamoraram-se e, ap\u00f3s juras de amor eterno, resolveram fazer um passeio de barco.<\/p>\n<p>O dia estava prop\u00edcio, nada de nuvens no c\u00e9u. Sorridentes, foram de m\u00e3os dadas at\u00e9 o cais, onde contrataram os servi\u00e7os de um pescador, que resolveu dar folga para os peixes naquela semana. N\u00e3o tardou, l\u00e1 estavam os tr\u00eas naquele mar esplendidamente azul.<\/p>\n<p>Tudo estava lindo, at\u00e9 que Garibaldo, sentindo-se enjoado, n\u00e3o conseguiu conter a vontade de vomitar. Come\u00e7o de namoro, n\u00e3o era de bom tom faz\u00ea-lo na frente da amada. Por isso, pediu licen\u00e7a e foi resolver seu pequeno problema na popa do barco.<\/p>\n<p>Vomitou os bofes e mais um tanto. Aliviado, limpou a gosma com as costas da m\u00e3o. Dobrou o corpo para pegar um pouco da \u00e1gua do mar para terminar o servi\u00e7o quando, de repente, perdeu o equil\u00edbrio e l\u00e1 foi o Garibaldo para dentro daquela imensid\u00e3o azul.<\/p>\n<p>Quando a amada e o pescador se deram conta da falta do Garibaldo, este j\u00e1 havia sido carregado pela correnteza. Por sorte, os tubar\u00f5es deveriam estar de dieta naquele dia, pois o homem foi parar na tal ilha, onde agora ele se encontrava. Sozinho, \u00e9 verdade, mas relativamente bem, gra\u00e7as aos ensinamentos que recebeu nos tempos de escoteiro.<\/p>\n<p>Passou a primeira noite ao p\u00e9 de uma fogueira, que fez as vezes de aquec\u00ea-lo, mesmo que de modo n\u00e3o t\u00e3o agrad\u00e1vel como se estivesse nos bra\u00e7os da amada. Acabou adormecendo sem se dar conta, at\u00e9 que, logo na manh\u00e3 seguinte, foi despertado pelo som das ondas da praia logo ali. Levou alguns m\u00edseros segundos para se dar conta do que lhe havia acontecido.<\/p>\n<p>Pr\u00e1tico como ele s\u00f3, logo tratou de arrumar alguma coisa para encher o bucho. Depois de alguns crust\u00e1ceos, se fez por satisfeito. E foi assim por quase tr\u00eas dias completos, quando, finalmente, foi resgatado pelo corpo de bombeiros, que j\u00e1 o procurava desde seu sumi\u00e7o.<\/p>\n<p>O homem voltou para casa dois dias ap\u00f3s. As f\u00e9rias haviam acabado. Teve que encarar a rotina, a mesma rotina de clientes atr\u00e1s de clientes. Diante de um senhor que lhe enchia com perguntas sobre o melhor tipo de aplica\u00e7\u00e3o da parca aposentadoria, eis que Garibaldo, alheio a tudo aquilo, s\u00f3 pensava naquela ilha perdida.<\/p>\n","protected":false},"excerpt":{"rendered":"<p>Garibaldo viveu a inf\u00e2ncia nos long\u00ednquos anos 1970 e, como a garotada da \u00e9poca, viajou atrav\u00e9s das p\u00e1ginas do livro &#8220;A ilha perdida&#8221;, de Maria Jos\u00e9 Dupr\u00e9. Da hist\u00f3ria, pouco se lembrava, a n\u00e3o ser que, como o pr\u00f3prio t\u00edtulo indica, ambientava-se numa ilha. Mesmo assim, aquilo ficou no seu subconsciente, at\u00e9 que, por um [&hellip;]<\/p>\n","protected":false},"author":2,"featured_media":308211,"comment_status":"closed","ping_status":"closed","sticky":false,"template":"","format":"standard","meta":{"_acf_changed":false,"footnotes":""},"categories":[161],"tags":[],"class_list":["post-308210","post","type-post","status-publish","format-standard","has-post-thumbnail","hentry","category-quadradinho-em-foco"],"acf":[],"yoast_head":"<!-- This site is optimized with the Yoast SEO plugin v27.2 - https:\/\/yoast.com\/product\/yoast-seo-wordpress\/ -->\n<title>Namorico e enjoo marcam dias de f\u00e9rias de Garibaldo - Notibras<\/title>\n<meta name=\"robots\" content=\"index, follow, max-snippet:-1, max-image-preview:large, max-video-preview:-1\" \/>\n<link rel=\"canonical\" href=\"https:\/\/www.notibras.com\/site\/namorico-e-enjoo-marcam-dias-de-ferias-de-garibaldo\/\" \/>\n<meta property=\"og:locale\" content=\"pt_BR\" \/>\n<meta property=\"og:type\" content=\"article\" \/>\n<meta property=\"og:title\" content=\"Namorico e enjoo marcam dias de f\u00e9rias de Garibaldo - Notibras\" \/>\n<meta property=\"og:description\" content=\"Garibaldo viveu a inf\u00e2ncia nos long\u00ednquos anos 1970 e, como a garotada da \u00e9poca, viajou atrav\u00e9s das p\u00e1ginas do livro &#8220;A ilha perdida&#8221;, de Maria Jos\u00e9 Dupr\u00e9. Da hist\u00f3ria, pouco se lembrava, a n\u00e3o ser que, como o pr\u00f3prio t\u00edtulo indica, ambientava-se numa ilha. Mesmo assim, aquilo ficou no seu subconsciente, at\u00e9 que, por um [&hellip;]\" \/>\n<meta property=\"og:url\" content=\"https:\/\/www.notibras.com\/site\/namorico-e-enjoo-marcam-dias-de-ferias-de-garibaldo\/\" \/>\n<meta property=\"og:site_name\" content=\"Notibras\" \/>\n<meta property=\"article:publisher\" content=\"https:\/\/www.facebook.com\/notibras\/\" \/>\n<meta property=\"article:published_time\" content=\"2023-07-05T10:01:15+00:00\" \/>\n<meta property=\"og:image\" content=\"https:\/\/www.notibras.com\/site\/wp-content\/uploads\/2023\/07\/a-ilha-perdida.jpg\" \/>\n\t<meta property=\"og:image:width\" content=\"1024\" \/>\n\t<meta property=\"og:image:height\" content=\"682\" \/>\n\t<meta property=\"og:image:type\" content=\"image\/jpeg\" \/>\n<meta name=\"author\" content=\"Reda\u00e7\u00e3o\" \/>\n<meta name=\"twitter:card\" content=\"summary_large_image\" \/>\n<meta name=\"twitter:creator\" content=\"@Notibras\" \/>\n<meta name=\"twitter:site\" content=\"@Notibras\" \/>\n<meta name=\"twitter:label1\" content=\"Escrito por\" \/>\n\t<meta name=\"twitter:data1\" content=\"Reda\u00e7\u00e3o\" \/>\n\t<meta name=\"twitter:label2\" content=\"Est. tempo de leitura\" \/>\n\t<meta name=\"twitter:data2\" content=\"4 minutos\" \/>\n<script type=\"application\/ld+json\" class=\"yoast-schema-graph\">{\"@context\":\"https:\/\/schema.org\",\"@graph\":[{\"@type\":\"Article\",\"@id\":\"https:\/\/www.notibras.com\/site\/namorico-e-enjoo-marcam-dias-de-ferias-de-garibaldo\/#article\",\"isPartOf\":{\"@id\":\"https:\/\/www.notibras.com\/site\/namorico-e-enjoo-marcam-dias-de-ferias-de-garibaldo\/\"},\"author\":{\"name\":\"Reda\u00e7\u00e3o\",\"@id\":\"https:\/\/www.notibras.com\/site\/#\/schema\/person\/36ab0979449956132d3e5b517ea76ac8\"},\"headline\":\"Namorico e enjoo marcam dias de f\u00e9rias de Garibaldo\",\"datePublished\":\"2023-07-05T10:01:15+00:00\",\"mainEntityOfPage\":{\"@id\":\"https:\/\/www.notibras.com\/site\/namorico-e-enjoo-marcam-dias-de-ferias-de-garibaldo\/\"},\"wordCount\":627,\"publisher\":{\"@id\":\"https:\/\/www.notibras.com\/site\/#organization\"},\"image\":{\"@id\":\"https:\/\/www.notibras.com\/site\/namorico-e-enjoo-marcam-dias-de-ferias-de-garibaldo\/#primaryimage\"},\"thumbnailUrl\":\"https:\/\/www.notibras.com\/site\/wp-content\/uploads\/2023\/07\/a-ilha-perdida.jpg\",\"articleSection\":[\"Quadradinho em Foco\"],\"inLanguage\":\"pt-BR\"},{\"@type\":\"WebPage\",\"@id\":\"https:\/\/www.notibras.com\/site\/namorico-e-enjoo-marcam-dias-de-ferias-de-garibaldo\/\",\"url\":\"https:\/\/www.notibras.com\/site\/namorico-e-enjoo-marcam-dias-de-ferias-de-garibaldo\/\",\"name\":\"Namorico e enjoo marcam dias de f\u00e9rias de Garibaldo - Notibras\",\"isPartOf\":{\"@id\":\"https:\/\/www.notibras.com\/site\/#website\"},\"primaryImageOfPage\":{\"@id\":\"https:\/\/www.notibras.com\/site\/namorico-e-enjoo-marcam-dias-de-ferias-de-garibaldo\/#primaryimage\"},\"image\":{\"@id\":\"https:\/\/www.notibras.com\/site\/namorico-e-enjoo-marcam-dias-de-ferias-de-garibaldo\/#primaryimage\"},\"thumbnailUrl\":\"https:\/\/www.notibras.com\/site\/wp-content\/uploads\/2023\/07\/a-ilha-perdida.jpg\",\"datePublished\":\"2023-07-05T10:01:15+00:00\",\"breadcrumb\":{\"@id\":\"https:\/\/www.notibras.com\/site\/namorico-e-enjoo-marcam-dias-de-ferias-de-garibaldo\/#breadcrumb\"},\"inLanguage\":\"pt-BR\",\"potentialAction\":[{\"@type\":\"ReadAction\",\"target\":[\"https:\/\/www.notibras.com\/site\/namorico-e-enjoo-marcam-dias-de-ferias-de-garibaldo\/\"]}]},{\"@type\":\"ImageObject\",\"inLanguage\":\"pt-BR\",\"@id\":\"https:\/\/www.notibras.com\/site\/namorico-e-enjoo-marcam-dias-de-ferias-de-garibaldo\/#primaryimage\",\"url\":\"https:\/\/www.notibras.com\/site\/wp-content\/uploads\/2023\/07\/a-ilha-perdida.jpg\",\"contentUrl\":\"https:\/\/www.notibras.com\/site\/wp-content\/uploads\/2023\/07\/a-ilha-perdida.jpg\",\"width\":1024,\"height\":682},{\"@type\":\"BreadcrumbList\",\"@id\":\"https:\/\/www.notibras.com\/site\/namorico-e-enjoo-marcam-dias-de-ferias-de-garibaldo\/#breadcrumb\",\"itemListElement\":[{\"@type\":\"ListItem\",\"position\":1,\"name\":\"In\u00edcio\",\"item\":\"https:\/\/www.notibras.com\/site\/\"},{\"@type\":\"ListItem\",\"position\":2,\"name\":\"Namorico e enjoo marcam dias de f\u00e9rias de Garibaldo\"}]},{\"@type\":\"WebSite\",\"@id\":\"https:\/\/www.notibras.com\/site\/#website\",\"url\":\"https:\/\/www.notibras.com\/site\/\",\"name\":\"Notibras\",\"description\":\"Not\u00edcias de Bras\u00edlia, do Brasil e do Mundo\",\"publisher\":{\"@id\":\"https:\/\/www.notibras.com\/site\/#organization\"},\"potentialAction\":[{\"@type\":\"SearchAction\",\"target\":{\"@type\":\"EntryPoint\",\"urlTemplate\":\"https:\/\/www.notibras.com\/site\/?s={search_term_string}\"},\"query-input\":{\"@type\":\"PropertyValueSpecification\",\"valueRequired\":true,\"valueName\":\"search_term_string\"}}],\"inLanguage\":\"pt-BR\"},{\"@type\":\"Organization\",\"@id\":\"https:\/\/www.notibras.com\/site\/#organization\",\"name\":\"Grupo Notibras de Comunica\u00e7\u00e3o\",\"url\":\"https:\/\/www.notibras.com\/site\/\",\"logo\":{\"@type\":\"ImageObject\",\"inLanguage\":\"pt-BR\",\"@id\":\"https:\/\/www.notibras.com\/site\/#\/schema\/logo\/image\/\",\"url\":\"https:\/\/www.notibras.com\/site\/wp-content\/uploads\/2023\/01\/notibras23.png\",\"contentUrl\":\"https:\/\/www.notibras.com\/site\/wp-content\/uploads\/2023\/01\/notibras23.png\",\"width\":350,\"height\":87,\"caption\":\"Grupo Notibras de Comunica\u00e7\u00e3o\"},\"image\":{\"@id\":\"https:\/\/www.notibras.com\/site\/#\/schema\/logo\/image\/\"},\"sameAs\":[\"https:\/\/www.facebook.com\/notibras\/\",\"https:\/\/x.com\/Notibras\",\"https:\/\/www.instagram.com\/notibras\/\"]},{\"@type\":\"Person\",\"@id\":\"https:\/\/www.notibras.com\/site\/#\/schema\/person\/36ab0979449956132d3e5b517ea76ac8\",\"name\":\"Reda\u00e7\u00e3o\",\"image\":{\"@type\":\"ImageObject\",\"inLanguage\":\"pt-BR\",\"@id\":\"https:\/\/secure.gravatar.com\/avatar\/e0a867bdedb85fd243eadf09663511f96fc81e0720a4a42581f334ad4303aa6b?s=96&d=mm&r=g\",\"url\":\"https:\/\/secure.gravatar.com\/avatar\/e0a867bdedb85fd243eadf09663511f96fc81e0720a4a42581f334ad4303aa6b?s=96&d=mm&r=g\",\"contentUrl\":\"https:\/\/secure.gravatar.com\/avatar\/e0a867bdedb85fd243eadf09663511f96fc81e0720a4a42581f334ad4303aa6b?s=96&d=mm&r=g\",\"caption\":\"Reda\u00e7\u00e3o\"}}]}<\/script>\n<!-- \/ Yoast SEO plugin. -->","yoast_head_json":{"title":"Namorico e enjoo marcam dias de f\u00e9rias de Garibaldo - Notibras","robots":{"index":"index","follow":"follow","max-snippet":"max-snippet:-1","max-image-preview":"max-image-preview:large","max-video-preview":"max-video-preview:-1"},"canonical":"https:\/\/www.notibras.com\/site\/namorico-e-enjoo-marcam-dias-de-ferias-de-garibaldo\/","og_locale":"pt_BR","og_type":"article","og_title":"Namorico e enjoo marcam dias de f\u00e9rias de Garibaldo - Notibras","og_description":"Garibaldo viveu a inf\u00e2ncia nos long\u00ednquos anos 1970 e, como a garotada da \u00e9poca, viajou atrav\u00e9s das p\u00e1ginas do livro &#8220;A ilha perdida&#8221;, de Maria Jos\u00e9 Dupr\u00e9. Da hist\u00f3ria, pouco se lembrava, a n\u00e3o ser que, como o pr\u00f3prio t\u00edtulo indica, ambientava-se numa ilha. Mesmo assim, aquilo ficou no seu subconsciente, at\u00e9 que, por um [&hellip;]","og_url":"https:\/\/www.notibras.com\/site\/namorico-e-enjoo-marcam-dias-de-ferias-de-garibaldo\/","og_site_name":"Notibras","article_publisher":"https:\/\/www.facebook.com\/notibras\/","article_published_time":"2023-07-05T10:01:15+00:00","og_image":[{"width":1024,"height":682,"url":"https:\/\/www.notibras.com\/site\/wp-content\/uploads\/2023\/07\/a-ilha-perdida.jpg","type":"image\/jpeg"}],"author":"Reda\u00e7\u00e3o","twitter_card":"summary_large_image","twitter_creator":"@Notibras","twitter_site":"@Notibras","twitter_misc":{"Escrito por":"Reda\u00e7\u00e3o","Est. tempo de leitura":"4 minutos"},"schema":{"@context":"https:\/\/schema.org","@graph":[{"@type":"Article","@id":"https:\/\/www.notibras.com\/site\/namorico-e-enjoo-marcam-dias-de-ferias-de-garibaldo\/#article","isPartOf":{"@id":"https:\/\/www.notibras.com\/site\/namorico-e-enjoo-marcam-dias-de-ferias-de-garibaldo\/"},"author":{"name":"Reda\u00e7\u00e3o","@id":"https:\/\/www.notibras.com\/site\/#\/schema\/person\/36ab0979449956132d3e5b517ea76ac8"},"headline":"Namorico e enjoo marcam dias de f\u00e9rias de Garibaldo","datePublished":"2023-07-05T10:01:15+00:00","mainEntityOfPage":{"@id":"https:\/\/www.notibras.com\/site\/namorico-e-enjoo-marcam-dias-de-ferias-de-garibaldo\/"},"wordCount":627,"publisher":{"@id":"https:\/\/www.notibras.com\/site\/#organization"},"image":{"@id":"https:\/\/www.notibras.com\/site\/namorico-e-enjoo-marcam-dias-de-ferias-de-garibaldo\/#primaryimage"},"thumbnailUrl":"https:\/\/www.notibras.com\/site\/wp-content\/uploads\/2023\/07\/a-ilha-perdida.jpg","articleSection":["Quadradinho em Foco"],"inLanguage":"pt-BR"},{"@type":"WebPage","@id":"https:\/\/www.notibras.com\/site\/namorico-e-enjoo-marcam-dias-de-ferias-de-garibaldo\/","url":"https:\/\/www.notibras.com\/site\/namorico-e-enjoo-marcam-dias-de-ferias-de-garibaldo\/","name":"Namorico e enjoo marcam dias de f\u00e9rias de Garibaldo - Notibras","isPartOf":{"@id":"https:\/\/www.notibras.com\/site\/#website"},"primaryImageOfPage":{"@id":"https:\/\/www.notibras.com\/site\/namorico-e-enjoo-marcam-dias-de-ferias-de-garibaldo\/#primaryimage"},"image":{"@id":"https:\/\/www.notibras.com\/site\/namorico-e-enjoo-marcam-dias-de-ferias-de-garibaldo\/#primaryimage"},"thumbnailUrl":"https:\/\/www.notibras.com\/site\/wp-content\/uploads\/2023\/07\/a-ilha-perdida.jpg","datePublished":"2023-07-05T10:01:15+00:00","breadcrumb":{"@id":"https:\/\/www.notibras.com\/site\/namorico-e-enjoo-marcam-dias-de-ferias-de-garibaldo\/#breadcrumb"},"inLanguage":"pt-BR","potentialAction":[{"@type":"ReadAction","target":["https:\/\/www.notibras.com\/site\/namorico-e-enjoo-marcam-dias-de-ferias-de-garibaldo\/"]}]},{"@type":"ImageObject","inLanguage":"pt-BR","@id":"https:\/\/www.notibras.com\/site\/namorico-e-enjoo-marcam-dias-de-ferias-de-garibaldo\/#primaryimage","url":"https:\/\/www.notibras.com\/site\/wp-content\/uploads\/2023\/07\/a-ilha-perdida.jpg","contentUrl":"https:\/\/www.notibras.com\/site\/wp-content\/uploads\/2023\/07\/a-ilha-perdida.jpg","width":1024,"height":682},{"@type":"BreadcrumbList","@id":"https:\/\/www.notibras.com\/site\/namorico-e-enjoo-marcam-dias-de-ferias-de-garibaldo\/#breadcrumb","itemListElement":[{"@type":"ListItem","position":1,"name":"In\u00edcio","item":"https:\/\/www.notibras.com\/site\/"},{"@type":"ListItem","position":2,"name":"Namorico e enjoo marcam dias de f\u00e9rias de Garibaldo"}]},{"@type":"WebSite","@id":"https:\/\/www.notibras.com\/site\/#website","url":"https:\/\/www.notibras.com\/site\/","name":"Notibras","description":"Not\u00edcias de Bras\u00edlia, do Brasil e do Mundo","publisher":{"@id":"https:\/\/www.notibras.com\/site\/#organization"},"potentialAction":[{"@type":"SearchAction","target":{"@type":"EntryPoint","urlTemplate":"https:\/\/www.notibras.com\/site\/?s={search_term_string}"},"query-input":{"@type":"PropertyValueSpecification","valueRequired":true,"valueName":"search_term_string"}}],"inLanguage":"pt-BR"},{"@type":"Organization","@id":"https:\/\/www.notibras.com\/site\/#organization","name":"Grupo Notibras de Comunica\u00e7\u00e3o","url":"https:\/\/www.notibras.com\/site\/","logo":{"@type":"ImageObject","inLanguage":"pt-BR","@id":"https:\/\/www.notibras.com\/site\/#\/schema\/logo\/image\/","url":"https:\/\/www.notibras.com\/site\/wp-content\/uploads\/2023\/01\/notibras23.png","contentUrl":"https:\/\/www.notibras.com\/site\/wp-content\/uploads\/2023\/01\/notibras23.png","width":350,"height":87,"caption":"Grupo Notibras de Comunica\u00e7\u00e3o"},"image":{"@id":"https:\/\/www.notibras.com\/site\/#\/schema\/logo\/image\/"},"sameAs":["https:\/\/www.facebook.com\/notibras\/","https:\/\/x.com\/Notibras","https:\/\/www.instagram.com\/notibras\/"]},{"@type":"Person","@id":"https:\/\/www.notibras.com\/site\/#\/schema\/person\/36ab0979449956132d3e5b517ea76ac8","name":"Reda\u00e7\u00e3o","image":{"@type":"ImageObject","inLanguage":"pt-BR","@id":"https:\/\/secure.gravatar.com\/avatar\/e0a867bdedb85fd243eadf09663511f96fc81e0720a4a42581f334ad4303aa6b?s=96&d=mm&r=g","url":"https:\/\/secure.gravatar.com\/avatar\/e0a867bdedb85fd243eadf09663511f96fc81e0720a4a42581f334ad4303aa6b?s=96&d=mm&r=g","contentUrl":"https:\/\/secure.gravatar.com\/avatar\/e0a867bdedb85fd243eadf09663511f96fc81e0720a4a42581f334ad4303aa6b?s=96&d=mm&r=g","caption":"Reda\u00e7\u00e3o"}}]}},"amp_enabled":true,"_links":{"self":[{"href":"https:\/\/www.notibras.com\/site\/wp-json\/wp\/v2\/posts\/308210","targetHints":{"allow":["GET"]}}],"collection":[{"href":"https:\/\/www.notibras.com\/site\/wp-json\/wp\/v2\/posts"}],"about":[{"href":"https:\/\/www.notibras.com\/site\/wp-json\/wp\/v2\/types\/post"}],"author":[{"embeddable":true,"href":"https:\/\/www.notibras.com\/site\/wp-json\/wp\/v2\/users\/2"}],"replies":[{"embeddable":true,"href":"https:\/\/www.notibras.com\/site\/wp-json\/wp\/v2\/comments?post=308210"}],"version-history":[{"count":2,"href":"https:\/\/www.notibras.com\/site\/wp-json\/wp\/v2\/posts\/308210\/revisions"}],"predecessor-version":[{"id":308240,"href":"https:\/\/www.notibras.com\/site\/wp-json\/wp\/v2\/posts\/308210\/revisions\/308240"}],"wp:featuredmedia":[{"embeddable":true,"href":"https:\/\/www.notibras.com\/site\/wp-json\/wp\/v2\/media\/308211"}],"wp:attachment":[{"href":"https:\/\/www.notibras.com\/site\/wp-json\/wp\/v2\/media?parent=308210"}],"wp:term":[{"taxonomy":"category","embeddable":true,"href":"https:\/\/www.notibras.com\/site\/wp-json\/wp\/v2\/categories?post=308210"},{"taxonomy":"post_tag","embeddable":true,"href":"https:\/\/www.notibras.com\/site\/wp-json\/wp\/v2\/tags?post=308210"}],"curies":[{"name":"wp","href":"https:\/\/api.w.org\/{rel}","templated":true}]}}