{"id":308213,"date":"2023-07-04T18:45:14","date_gmt":"2023-07-04T21:45:14","guid":{"rendered":"https:\/\/www.notibras.com\/site\/?p=308213"},"modified":"2023-07-04T18:48:19","modified_gmt":"2023-07-04T21:48:19","slug":"tribunal-suspende-compras-na-educacao-ao-sentir-roubalheira","status":"publish","type":"post","link":"https:\/\/www.notibras.com\/site\/tribunal-suspende-compras-na-educacao-ao-sentir-roubalheira\/","title":{"rendered":"Tribunal suspende compras na Educa\u00e7\u00e3o ao sentir roubalheira"},"content":{"rendered":"<p>O Tribunal de Contas do Distrito Federal determinou a suspens\u00e3o, pela Secretaria de Educa\u00e7\u00e3o, de quaisquer pagamentos \u00e0 empresa investigada na Opera\u00e7\u00e3o &#8220;Mob\u00edlia de Ouro&#8221;. Est\u00e3o sendo levantadas supostas irregularidades na compra de mobili\u00e1rios e equipamentos para escolas e unidades administrativas da rede p\u00fablica de ensino da capital da Rep\u00fablica.<\/p>\n<p>O Minist\u00e9rio P\u00fabico de Contas e a Pol\u00edcia Civil querem saber como uma compra inicialmente de 21 milh\u00f5es de reais saltou para absurdos 40 milh\u00f5es de reais na assinatura da ata do contrato.<\/p>\n<p>O processo 00600-00000337\/2023-43-e identificou o que seria um &#8216;direcionamento&#8217; na licita\u00e7\u00e3o que permitiu a assinatura do contrato n\u00ba 3\/2023, entre a Secretaria e a empresa DD7 Assessoria Empresarial e Comercial Ltda.<\/p>\n<p>O extrato da contrata\u00e7\u00e3o com valor total de R$ 21.630.225 foi publicado no Di\u00e1rio Oficial do DF de 24 de janeiro, quando o governador Ibaneis Rocha (MDB), estava afastado por ordem do STF, em meio \u00e0s apura\u00e7\u00f5es dos atos golpistas do dia 8 daquele m\u00eas. Celina Le\u00e3o (PP) era a governadora em exerc\u00edcio.<\/p>\n<p>Segundo o Tribunal de Contas, est\u00e1 sob investiga\u00e7\u00e3o &#8216;um grupo criminoso&#8217; que teria aumentado em 88% os valores previstos na Ata de Registro de Pre\u00e7os n\u00ba 103\/2022, subindo de R$ 21.630.225,00 para R$ 40.739.020,00. E foi exatamente essa ata de registros de pre\u00e7os que deu origem ao Contrato n\u00ba 3\/2023.<\/p>\n","protected":false},"excerpt":{"rendered":"<p>O Tribunal de Contas do Distrito Federal determinou a suspens\u00e3o, pela Secretaria de Educa\u00e7\u00e3o, de quaisquer pagamentos \u00e0 empresa investigada na Opera\u00e7\u00e3o &#8220;Mob\u00edlia de Ouro&#8221;. Est\u00e3o sendo levantadas supostas irregularidades na compra de mobili\u00e1rios e equipamentos para escolas e unidades administrativas da rede p\u00fablica de ensino da capital da Rep\u00fablica. O Minist\u00e9rio P\u00fabico de Contas [&hellip;]<\/p>\n","protected":false},"author":2,"featured_media":114691,"comment_status":"closed","ping_status":"closed","sticky":false,"template":"","format":"standard","meta":{"_acf_changed":false,"footnotes":""},"categories":[161],"tags":[95],"class_list":["post-308213","post","type-post","status-publish","format-standard","has-post-thumbnail","hentry","category-quadradinho-em-foco","tag-capa"],"acf":[],"yoast_head":"<!-- This site is optimized with the Yoast SEO plugin v27.2 - https:\/\/yoast.com\/product\/yoast-seo-wordpress\/ -->\n<title>Tribunal suspende compras na Educa\u00e7\u00e3o ao sentir roubalheira - Notibras<\/title>\n<meta name=\"robots\" content=\"index, follow, max-snippet:-1, max-image-preview:large, max-video-preview:-1\" \/>\n<link rel=\"canonical\" href=\"https:\/\/www.notibras.com\/site\/tribunal-suspende-compras-na-educacao-ao-sentir-roubalheira\/\" \/>\n<meta property=\"og:locale\" content=\"pt_BR\" \/>\n<meta property=\"og:type\" content=\"article\" \/>\n<meta property=\"og:title\" content=\"Tribunal suspende compras na Educa\u00e7\u00e3o ao sentir roubalheira - Notibras\" \/>\n<meta property=\"og:description\" content=\"O Tribunal de Contas do Distrito Federal determinou a suspens\u00e3o, pela Secretaria de Educa\u00e7\u00e3o, de quaisquer pagamentos \u00e0 empresa investigada na Opera\u00e7\u00e3o &#8220;Mob\u00edlia de Ouro&#8221;. Est\u00e3o sendo levantadas supostas irregularidades na compra de mobili\u00e1rios e equipamentos para escolas e unidades administrativas da rede p\u00fablica de ensino da capital da Rep\u00fablica. O Minist\u00e9rio P\u00fabico de Contas [&hellip;]\" \/>\n<meta property=\"og:url\" content=\"https:\/\/www.notibras.com\/site\/tribunal-suspende-compras-na-educacao-ao-sentir-roubalheira\/\" \/>\n<meta property=\"og:site_name\" content=\"Notibras\" \/>\n<meta property=\"article:publisher\" content=\"https:\/\/www.facebook.com\/notibras\/\" \/>\n<meta property=\"article:published_time\" content=\"2023-07-04T21:45:14+00:00\" \/>\n<meta property=\"article:modified_time\" content=\"2023-07-04T21:48:19+00:00\" \/>\n<meta property=\"og:image\" content=\"https:\/\/www.notibras.com\/site\/wp-content\/uploads\/2016\/09\/falacia-combate-corrup\u00e7\u00e3o.jpg\" \/>\n\t<meta property=\"og:image:width\" content=\"1260\" \/>\n\t<meta property=\"og:image:height\" content=\"840\" \/>\n\t<meta property=\"og:image:type\" content=\"image\/jpeg\" \/>\n<meta name=\"author\" content=\"Reda\u00e7\u00e3o\" \/>\n<meta name=\"twitter:card\" content=\"summary_large_image\" \/>\n<meta name=\"twitter:creator\" content=\"@Notibras\" \/>\n<meta name=\"twitter:site\" content=\"@Notibras\" \/>\n<meta name=\"twitter:label1\" content=\"Escrito por\" \/>\n\t<meta name=\"twitter:data1\" content=\"Reda\u00e7\u00e3o\" \/>\n\t<meta name=\"twitter:label2\" content=\"Est. tempo de leitura\" \/>\n\t<meta name=\"twitter:data2\" content=\"2 minutos\" \/>\n<script type=\"application\/ld+json\" class=\"yoast-schema-graph\">{\"@context\":\"https:\/\/schema.org\",\"@graph\":[{\"@type\":\"Article\",\"@id\":\"https:\/\/www.notibras.com\/site\/tribunal-suspende-compras-na-educacao-ao-sentir-roubalheira\/#article\",\"isPartOf\":{\"@id\":\"https:\/\/www.notibras.com\/site\/tribunal-suspende-compras-na-educacao-ao-sentir-roubalheira\/\"},\"author\":{\"name\":\"Reda\u00e7\u00e3o\",\"@id\":\"https:\/\/www.notibras.com\/site\/#\/schema\/person\/36ab0979449956132d3e5b517ea76ac8\"},\"headline\":\"Tribunal suspende compras na Educa\u00e7\u00e3o ao sentir roubalheira\",\"datePublished\":\"2023-07-04T21:45:14+00:00\",\"dateModified\":\"2023-07-04T21:48:19+00:00\",\"mainEntityOfPage\":{\"@id\":\"https:\/\/www.notibras.com\/site\/tribunal-suspende-compras-na-educacao-ao-sentir-roubalheira\/\"},\"wordCount\":239,\"publisher\":{\"@id\":\"https:\/\/www.notibras.com\/site\/#organization\"},\"image\":{\"@id\":\"https:\/\/www.notibras.com\/site\/tribunal-suspende-compras-na-educacao-ao-sentir-roubalheira\/#primaryimage\"},\"thumbnailUrl\":\"https:\/\/www.notibras.com\/site\/wp-content\/uploads\/2016\/09\/falacia-combate-corrup\u00e7\u00e3o.jpg\",\"keywords\":[\"capa\"],\"articleSection\":[\"Quadradinho em Foco\"],\"inLanguage\":\"pt-BR\"},{\"@type\":\"WebPage\",\"@id\":\"https:\/\/www.notibras.com\/site\/tribunal-suspende-compras-na-educacao-ao-sentir-roubalheira\/\",\"url\":\"https:\/\/www.notibras.com\/site\/tribunal-suspende-compras-na-educacao-ao-sentir-roubalheira\/\",\"name\":\"Tribunal suspende compras na Educa\u00e7\u00e3o ao sentir roubalheira - Notibras\",\"isPartOf\":{\"@id\":\"https:\/\/www.notibras.com\/site\/#website\"},\"primaryImageOfPage\":{\"@id\":\"https:\/\/www.notibras.com\/site\/tribunal-suspende-compras-na-educacao-ao-sentir-roubalheira\/#primaryimage\"},\"image\":{\"@id\":\"https:\/\/www.notibras.com\/site\/tribunal-suspende-compras-na-educacao-ao-sentir-roubalheira\/#primaryimage\"},\"thumbnailUrl\":\"https:\/\/www.notibras.com\/site\/wp-content\/uploads\/2016\/09\/falacia-combate-corrup\u00e7\u00e3o.jpg\",\"datePublished\":\"2023-07-04T21:45:14+00:00\",\"dateModified\":\"2023-07-04T21:48:19+00:00\",\"breadcrumb\":{\"@id\":\"https:\/\/www.notibras.com\/site\/tribunal-suspende-compras-na-educacao-ao-sentir-roubalheira\/#breadcrumb\"},\"inLanguage\":\"pt-BR\",\"potentialAction\":[{\"@type\":\"ReadAction\",\"target\":[\"https:\/\/www.notibras.com\/site\/tribunal-suspende-compras-na-educacao-ao-sentir-roubalheira\/\"]}]},{\"@type\":\"ImageObject\",\"inLanguage\":\"pt-BR\",\"@id\":\"https:\/\/www.notibras.com\/site\/tribunal-suspende-compras-na-educacao-ao-sentir-roubalheira\/#primaryimage\",\"url\":\"https:\/\/www.notibras.com\/site\/wp-content\/uploads\/2016\/09\/falacia-combate-corrup\u00e7\u00e3o.jpg\",\"contentUrl\":\"https:\/\/www.notibras.com\/site\/wp-content\/uploads\/2016\/09\/falacia-combate-corrup\u00e7\u00e3o.jpg\",\"width\":1260,\"height\":840},{\"@type\":\"BreadcrumbList\",\"@id\":\"https:\/\/www.notibras.com\/site\/tribunal-suspende-compras-na-educacao-ao-sentir-roubalheira\/#breadcrumb\",\"itemListElement\":[{\"@type\":\"ListItem\",\"position\":1,\"name\":\"In\u00edcio\",\"item\":\"https:\/\/www.notibras.com\/site\/\"},{\"@type\":\"ListItem\",\"position\":2,\"name\":\"Tribunal suspende compras na Educa\u00e7\u00e3o ao sentir roubalheira\"}]},{\"@type\":\"WebSite\",\"@id\":\"https:\/\/www.notibras.com\/site\/#website\",\"url\":\"https:\/\/www.notibras.com\/site\/\",\"name\":\"Notibras\",\"description\":\"Not\u00edcias de Bras\u00edlia, do Brasil e do Mundo\",\"publisher\":{\"@id\":\"https:\/\/www.notibras.com\/site\/#organization\"},\"potentialAction\":[{\"@type\":\"SearchAction\",\"target\":{\"@type\":\"EntryPoint\",\"urlTemplate\":\"https:\/\/www.notibras.com\/site\/?s={search_term_string}\"},\"query-input\":{\"@type\":\"PropertyValueSpecification\",\"valueRequired\":true,\"valueName\":\"search_term_string\"}}],\"inLanguage\":\"pt-BR\"},{\"@type\":\"Organization\",\"@id\":\"https:\/\/www.notibras.com\/site\/#organization\",\"name\":\"Grupo Notibras de Comunica\u00e7\u00e3o\",\"url\":\"https:\/\/www.notibras.com\/site\/\",\"logo\":{\"@type\":\"ImageObject\",\"inLanguage\":\"pt-BR\",\"@id\":\"https:\/\/www.notibras.com\/site\/#\/schema\/logo\/image\/\",\"url\":\"https:\/\/www.notibras.com\/site\/wp-content\/uploads\/2023\/01\/notibras23.png\",\"contentUrl\":\"https:\/\/www.notibras.com\/site\/wp-content\/uploads\/2023\/01\/notibras23.png\",\"width\":350,\"height\":87,\"caption\":\"Grupo Notibras de Comunica\u00e7\u00e3o\"},\"image\":{\"@id\":\"https:\/\/www.notibras.com\/site\/#\/schema\/logo\/image\/\"},\"sameAs\":[\"https:\/\/www.facebook.com\/notibras\/\",\"https:\/\/x.com\/Notibras\",\"https:\/\/www.instagram.com\/notibras\/\"]},{\"@type\":\"Person\",\"@id\":\"https:\/\/www.notibras.com\/site\/#\/schema\/person\/36ab0979449956132d3e5b517ea76ac8\",\"name\":\"Reda\u00e7\u00e3o\",\"image\":{\"@type\":\"ImageObject\",\"inLanguage\":\"pt-BR\",\"@id\":\"https:\/\/secure.gravatar.com\/avatar\/e0a867bdedb85fd243eadf09663511f96fc81e0720a4a42581f334ad4303aa6b?s=96&d=mm&r=g\",\"url\":\"https:\/\/secure.gravatar.com\/avatar\/e0a867bdedb85fd243eadf09663511f96fc81e0720a4a42581f334ad4303aa6b?s=96&d=mm&r=g\",\"contentUrl\":\"https:\/\/secure.gravatar.com\/avatar\/e0a867bdedb85fd243eadf09663511f96fc81e0720a4a42581f334ad4303aa6b?s=96&d=mm&r=g\",\"caption\":\"Reda\u00e7\u00e3o\"}}]}<\/script>\n<!-- \/ Yoast SEO plugin. -->","yoast_head_json":{"title":"Tribunal suspende compras na Educa\u00e7\u00e3o ao sentir roubalheira - Notibras","robots":{"index":"index","follow":"follow","max-snippet":"max-snippet:-1","max-image-preview":"max-image-preview:large","max-video-preview":"max-video-preview:-1"},"canonical":"https:\/\/www.notibras.com\/site\/tribunal-suspende-compras-na-educacao-ao-sentir-roubalheira\/","og_locale":"pt_BR","og_type":"article","og_title":"Tribunal suspende compras na Educa\u00e7\u00e3o ao sentir roubalheira - Notibras","og_description":"O Tribunal de Contas do Distrito Federal determinou a suspens\u00e3o, pela Secretaria de Educa\u00e7\u00e3o, de quaisquer pagamentos \u00e0 empresa investigada na Opera\u00e7\u00e3o &#8220;Mob\u00edlia de Ouro&#8221;. Est\u00e3o sendo levantadas supostas irregularidades na compra de mobili\u00e1rios e equipamentos para escolas e unidades administrativas da rede p\u00fablica de ensino da capital da Rep\u00fablica. O Minist\u00e9rio P\u00fabico de Contas [&hellip;]","og_url":"https:\/\/www.notibras.com\/site\/tribunal-suspende-compras-na-educacao-ao-sentir-roubalheira\/","og_site_name":"Notibras","article_publisher":"https:\/\/www.facebook.com\/notibras\/","article_published_time":"2023-07-04T21:45:14+00:00","article_modified_time":"2023-07-04T21:48:19+00:00","og_image":[{"width":1260,"height":840,"url":"https:\/\/www.notibras.com\/site\/wp-content\/uploads\/2016\/09\/falacia-combate-corrup\u00e7\u00e3o.jpg","type":"image\/jpeg"}],"author":"Reda\u00e7\u00e3o","twitter_card":"summary_large_image","twitter_creator":"@Notibras","twitter_site":"@Notibras","twitter_misc":{"Escrito por":"Reda\u00e7\u00e3o","Est. tempo de leitura":"2 minutos"},"schema":{"@context":"https:\/\/schema.org","@graph":[{"@type":"Article","@id":"https:\/\/www.notibras.com\/site\/tribunal-suspende-compras-na-educacao-ao-sentir-roubalheira\/#article","isPartOf":{"@id":"https:\/\/www.notibras.com\/site\/tribunal-suspende-compras-na-educacao-ao-sentir-roubalheira\/"},"author":{"name":"Reda\u00e7\u00e3o","@id":"https:\/\/www.notibras.com\/site\/#\/schema\/person\/36ab0979449956132d3e5b517ea76ac8"},"headline":"Tribunal suspende compras na Educa\u00e7\u00e3o ao sentir roubalheira","datePublished":"2023-07-04T21:45:14+00:00","dateModified":"2023-07-04T21:48:19+00:00","mainEntityOfPage":{"@id":"https:\/\/www.notibras.com\/site\/tribunal-suspende-compras-na-educacao-ao-sentir-roubalheira\/"},"wordCount":239,"publisher":{"@id":"https:\/\/www.notibras.com\/site\/#organization"},"image":{"@id":"https:\/\/www.notibras.com\/site\/tribunal-suspende-compras-na-educacao-ao-sentir-roubalheira\/#primaryimage"},"thumbnailUrl":"https:\/\/www.notibras.com\/site\/wp-content\/uploads\/2016\/09\/falacia-combate-corrup\u00e7\u00e3o.jpg","keywords":["capa"],"articleSection":["Quadradinho em Foco"],"inLanguage":"pt-BR"},{"@type":"WebPage","@id":"https:\/\/www.notibras.com\/site\/tribunal-suspende-compras-na-educacao-ao-sentir-roubalheira\/","url":"https:\/\/www.notibras.com\/site\/tribunal-suspende-compras-na-educacao-ao-sentir-roubalheira\/","name":"Tribunal suspende compras na Educa\u00e7\u00e3o ao sentir roubalheira - Notibras","isPartOf":{"@id":"https:\/\/www.notibras.com\/site\/#website"},"primaryImageOfPage":{"@id":"https:\/\/www.notibras.com\/site\/tribunal-suspende-compras-na-educacao-ao-sentir-roubalheira\/#primaryimage"},"image":{"@id":"https:\/\/www.notibras.com\/site\/tribunal-suspende-compras-na-educacao-ao-sentir-roubalheira\/#primaryimage"},"thumbnailUrl":"https:\/\/www.notibras.com\/site\/wp-content\/uploads\/2016\/09\/falacia-combate-corrup\u00e7\u00e3o.jpg","datePublished":"2023-07-04T21:45:14+00:00","dateModified":"2023-07-04T21:48:19+00:00","breadcrumb":{"@id":"https:\/\/www.notibras.com\/site\/tribunal-suspende-compras-na-educacao-ao-sentir-roubalheira\/#breadcrumb"},"inLanguage":"pt-BR","potentialAction":[{"@type":"ReadAction","target":["https:\/\/www.notibras.com\/site\/tribunal-suspende-compras-na-educacao-ao-sentir-roubalheira\/"]}]},{"@type":"ImageObject","inLanguage":"pt-BR","@id":"https:\/\/www.notibras.com\/site\/tribunal-suspende-compras-na-educacao-ao-sentir-roubalheira\/#primaryimage","url":"https:\/\/www.notibras.com\/site\/wp-content\/uploads\/2016\/09\/falacia-combate-corrup\u00e7\u00e3o.jpg","contentUrl":"https:\/\/www.notibras.com\/site\/wp-content\/uploads\/2016\/09\/falacia-combate-corrup\u00e7\u00e3o.jpg","width":1260,"height":840},{"@type":"BreadcrumbList","@id":"https:\/\/www.notibras.com\/site\/tribunal-suspende-compras-na-educacao-ao-sentir-roubalheira\/#breadcrumb","itemListElement":[{"@type":"ListItem","position":1,"name":"In\u00edcio","item":"https:\/\/www.notibras.com\/site\/"},{"@type":"ListItem","position":2,"name":"Tribunal suspende compras na Educa\u00e7\u00e3o ao sentir roubalheira"}]},{"@type":"WebSite","@id":"https:\/\/www.notibras.com\/site\/#website","url":"https:\/\/www.notibras.com\/site\/","name":"Notibras","description":"Not\u00edcias de Bras\u00edlia, do Brasil e do Mundo","publisher":{"@id":"https:\/\/www.notibras.com\/site\/#organization"},"potentialAction":[{"@type":"SearchAction","target":{"@type":"EntryPoint","urlTemplate":"https:\/\/www.notibras.com\/site\/?s={search_term_string}"},"query-input":{"@type":"PropertyValueSpecification","valueRequired":true,"valueName":"search_term_string"}}],"inLanguage":"pt-BR"},{"@type":"Organization","@id":"https:\/\/www.notibras.com\/site\/#organization","name":"Grupo Notibras de Comunica\u00e7\u00e3o","url":"https:\/\/www.notibras.com\/site\/","logo":{"@type":"ImageObject","inLanguage":"pt-BR","@id":"https:\/\/www.notibras.com\/site\/#\/schema\/logo\/image\/","url":"https:\/\/www.notibras.com\/site\/wp-content\/uploads\/2023\/01\/notibras23.png","contentUrl":"https:\/\/www.notibras.com\/site\/wp-content\/uploads\/2023\/01\/notibras23.png","width":350,"height":87,"caption":"Grupo Notibras de Comunica\u00e7\u00e3o"},"image":{"@id":"https:\/\/www.notibras.com\/site\/#\/schema\/logo\/image\/"},"sameAs":["https:\/\/www.facebook.com\/notibras\/","https:\/\/x.com\/Notibras","https:\/\/www.instagram.com\/notibras\/"]},{"@type":"Person","@id":"https:\/\/www.notibras.com\/site\/#\/schema\/person\/36ab0979449956132d3e5b517ea76ac8","name":"Reda\u00e7\u00e3o","image":{"@type":"ImageObject","inLanguage":"pt-BR","@id":"https:\/\/secure.gravatar.com\/avatar\/e0a867bdedb85fd243eadf09663511f96fc81e0720a4a42581f334ad4303aa6b?s=96&d=mm&r=g","url":"https:\/\/secure.gravatar.com\/avatar\/e0a867bdedb85fd243eadf09663511f96fc81e0720a4a42581f334ad4303aa6b?s=96&d=mm&r=g","contentUrl":"https:\/\/secure.gravatar.com\/avatar\/e0a867bdedb85fd243eadf09663511f96fc81e0720a4a42581f334ad4303aa6b?s=96&d=mm&r=g","caption":"Reda\u00e7\u00e3o"}}]}},"amp_enabled":true,"_links":{"self":[{"href":"https:\/\/www.notibras.com\/site\/wp-json\/wp\/v2\/posts\/308213","targetHints":{"allow":["GET"]}}],"collection":[{"href":"https:\/\/www.notibras.com\/site\/wp-json\/wp\/v2\/posts"}],"about":[{"href":"https:\/\/www.notibras.com\/site\/wp-json\/wp\/v2\/types\/post"}],"author":[{"embeddable":true,"href":"https:\/\/www.notibras.com\/site\/wp-json\/wp\/v2\/users\/2"}],"replies":[{"embeddable":true,"href":"https:\/\/www.notibras.com\/site\/wp-json\/wp\/v2\/comments?post=308213"}],"version-history":[{"count":4,"href":"https:\/\/www.notibras.com\/site\/wp-json\/wp\/v2\/posts\/308213\/revisions"}],"predecessor-version":[{"id":308217,"href":"https:\/\/www.notibras.com\/site\/wp-json\/wp\/v2\/posts\/308213\/revisions\/308217"}],"wp:featuredmedia":[{"embeddable":true,"href":"https:\/\/www.notibras.com\/site\/wp-json\/wp\/v2\/media\/114691"}],"wp:attachment":[{"href":"https:\/\/www.notibras.com\/site\/wp-json\/wp\/v2\/media?parent=308213"}],"wp:term":[{"taxonomy":"category","embeddable":true,"href":"https:\/\/www.notibras.com\/site\/wp-json\/wp\/v2\/categories?post=308213"},{"taxonomy":"post_tag","embeddable":true,"href":"https:\/\/www.notibras.com\/site\/wp-json\/wp\/v2\/tags?post=308213"}],"curies":[{"name":"wp","href":"https:\/\/api.w.org\/{rel}","templated":true}]}}