{"id":308250,"date":"2023-07-05T00:00:19","date_gmt":"2023-07-05T03:00:19","guid":{"rendered":"https:\/\/www.notibras.com\/site\/?p=308250"},"modified":"2023-07-05T08:20:15","modified_gmt":"2023-07-05T11:20:15","slug":"profissionais-de-saude-defendem-sus-vida-e-democracia","status":"publish","type":"post","link":"https:\/\/www.notibras.com\/site\/profissionais-de-saude-defendem-sus-vida-e-democracia\/","title":{"rendered":"Profissionais de sa\u00fade defendem SUS, vida e democracia"},"content":{"rendered":"<p>Um ato em defesa do Sistema \u00danico de Sa\u00fade (SUS), da vida e da democracia reuniu centenas de pessoas em frente ao Museu Nacional da Rep\u00fablica, em Bras\u00edlia. Com faixas, cartazes e bandeiras, a ideia era conscientizar a sociedade sobre a import\u00e2ncia do SUS.<\/p>\n<p>No ato estavam participantes da 17\u00aa Confer\u00eancia Nacional de Sa\u00fade, evento que re\u00fane em Bras\u00edlia cerca de seis mil pessoas e representa a retomada do di\u00e1logo e da participa\u00e7\u00e3o popular na constru\u00e7\u00e3o das pol\u00edticas para o SUS.<\/p>\n<p>A representante das Mulheres das \u00c1guas de Balne\u00e1rio Pinhal, no Rio Grande do Sul, Carm\u00e9n L\u00e9a, destacou a import\u00e2ncia dos servi\u00e7os de sa\u00fade. &#8220;A defesa do SUS e da qualifica\u00e7\u00e3o cada vez mais do servi\u00e7o, que est\u00e1 muito prec\u00e1rio. Ainda temos muita coisa para fazer, o controle social, porque a maioria aqui faz parte de conselhos municipais e estaduais de sa\u00fade&#8221;.<\/p>\n<p>Os participantes da confer\u00eancia v\u00e3o decidir sobre duas mil propostas e diretrizes apresentadas em confer\u00eancias municipais, estaduais e livres, em que mais de dois milh\u00f5es de pessoas estiveram envolvidas. O resultado vai servir como base para a elabora\u00e7\u00e3o do Plano Nacional de Sa\u00fade e Plano Plurianual de 2024-2027.<\/p>\n<p>Aderildes Kaixana, membro do Conselho Distrital de Sa\u00fade Ind\u00edgena do Alto Rio Solim\u00f5es, no Amazonas, trouxe para Bras\u00edlia as propostas dos ind\u00edgenas da regi\u00e3o. &#8220;A sa\u00fade indigena faz aten\u00e7\u00e3o \u00e0 sa\u00fade, preven\u00e7\u00e3o, \u00e9 cuidado do indio que est\u00e1 bom. Mas a\u00ed quando o \u00edndio adoece, ele vai para a m\u00e9dia complexidade que \u00e9 o munic\u00edpio, ai est\u00e1 o nosso problema, e o problema maior \u00e9 a alta complexidade que \u00e9 o estado, onde n\u00f3s n\u00e3o temos a consulta com m\u00e9dico especializado para os nossos ind\u00edgenas&#8221;<\/p>\n","protected":false},"excerpt":{"rendered":"<p>Um ato em defesa do Sistema \u00danico de Sa\u00fade (SUS), da vida e da democracia reuniu centenas de pessoas em frente ao Museu Nacional da Rep\u00fablica, em Bras\u00edlia. Com faixas, cartazes e bandeiras, a ideia era conscientizar a sociedade sobre a import\u00e2ncia do SUS. No ato estavam participantes da 17\u00aa Confer\u00eancia Nacional de Sa\u00fade, evento [&hellip;]<\/p>\n","protected":false},"author":2,"featured_media":308251,"comment_status":"closed","ping_status":"closed","sticky":false,"template":"","format":"standard","meta":{"_acf_changed":false,"footnotes":""},"categories":[161],"tags":[],"class_list":["post-308250","post","type-post","status-publish","format-standard","has-post-thumbnail","hentry","category-quadradinho-em-foco"],"acf":[],"yoast_head":"<!-- This site is optimized with the Yoast SEO plugin v27.2 - https:\/\/yoast.com\/product\/yoast-seo-wordpress\/ -->\n<title>Profissionais de sa\u00fade defendem SUS, vida e democracia - Notibras<\/title>\n<meta name=\"robots\" content=\"index, follow, max-snippet:-1, max-image-preview:large, max-video-preview:-1\" \/>\n<link rel=\"canonical\" href=\"https:\/\/www.notibras.com\/site\/profissionais-de-saude-defendem-sus-vida-e-democracia\/\" \/>\n<meta property=\"og:locale\" content=\"pt_BR\" \/>\n<meta property=\"og:type\" content=\"article\" \/>\n<meta property=\"og:title\" content=\"Profissionais de sa\u00fade defendem SUS, vida e democracia - Notibras\" \/>\n<meta property=\"og:description\" content=\"Um ato em defesa do Sistema \u00danico de Sa\u00fade (SUS), da vida e da democracia reuniu centenas de pessoas em frente ao Museu Nacional da Rep\u00fablica, em Bras\u00edlia. Com faixas, cartazes e bandeiras, a ideia era conscientizar a sociedade sobre a import\u00e2ncia do SUS. No ato estavam participantes da 17\u00aa Confer\u00eancia Nacional de Sa\u00fade, evento [&hellip;]\" \/>\n<meta property=\"og:url\" content=\"https:\/\/www.notibras.com\/site\/profissionais-de-saude-defendem-sus-vida-e-democracia\/\" \/>\n<meta property=\"og:site_name\" content=\"Notibras\" \/>\n<meta property=\"article:publisher\" content=\"https:\/\/www.facebook.com\/notibras\/\" \/>\n<meta property=\"article:published_time\" content=\"2023-07-05T03:00:19+00:00\" \/>\n<meta property=\"article:modified_time\" content=\"2023-07-05T11:20:15+00:00\" \/>\n<meta property=\"og:image\" content=\"https:\/\/www.notibras.com\/site\/wp-content\/uploads\/2023\/07\/04072023-img_9887.jpg\" \/>\n\t<meta property=\"og:image:width\" content=\"1170\" \/>\n\t<meta property=\"og:image:height\" content=\"700\" \/>\n\t<meta property=\"og:image:type\" content=\"image\/jpeg\" \/>\n<meta name=\"author\" content=\"Reda\u00e7\u00e3o\" \/>\n<meta name=\"twitter:card\" content=\"summary_large_image\" \/>\n<meta name=\"twitter:creator\" content=\"@Notibras\" \/>\n<meta name=\"twitter:site\" content=\"@Notibras\" \/>\n<meta name=\"twitter:label1\" content=\"Escrito por\" \/>\n\t<meta name=\"twitter:data1\" content=\"Reda\u00e7\u00e3o\" \/>\n\t<meta name=\"twitter:label2\" content=\"Est. tempo de leitura\" \/>\n\t<meta name=\"twitter:data2\" content=\"2 minutos\" \/>\n<script type=\"application\/ld+json\" class=\"yoast-schema-graph\">{\"@context\":\"https:\/\/schema.org\",\"@graph\":[{\"@type\":\"Article\",\"@id\":\"https:\/\/www.notibras.com\/site\/profissionais-de-saude-defendem-sus-vida-e-democracia\/#article\",\"isPartOf\":{\"@id\":\"https:\/\/www.notibras.com\/site\/profissionais-de-saude-defendem-sus-vida-e-democracia\/\"},\"author\":{\"name\":\"Reda\u00e7\u00e3o\",\"@id\":\"https:\/\/www.notibras.com\/site\/#\/schema\/person\/36ab0979449956132d3e5b517ea76ac8\"},\"headline\":\"Profissionais de sa\u00fade defendem SUS, vida e democracia\",\"datePublished\":\"2023-07-05T03:00:19+00:00\",\"dateModified\":\"2023-07-05T11:20:15+00:00\",\"mainEntityOfPage\":{\"@id\":\"https:\/\/www.notibras.com\/site\/profissionais-de-saude-defendem-sus-vida-e-democracia\/\"},\"wordCount\":322,\"publisher\":{\"@id\":\"https:\/\/www.notibras.com\/site\/#organization\"},\"image\":{\"@id\":\"https:\/\/www.notibras.com\/site\/profissionais-de-saude-defendem-sus-vida-e-democracia\/#primaryimage\"},\"thumbnailUrl\":\"https:\/\/www.notibras.com\/site\/wp-content\/uploads\/2023\/07\/04072023-img_9887.jpg\",\"articleSection\":[\"Quadradinho em Foco\"],\"inLanguage\":\"pt-BR\"},{\"@type\":\"WebPage\",\"@id\":\"https:\/\/www.notibras.com\/site\/profissionais-de-saude-defendem-sus-vida-e-democracia\/\",\"url\":\"https:\/\/www.notibras.com\/site\/profissionais-de-saude-defendem-sus-vida-e-democracia\/\",\"name\":\"Profissionais de sa\u00fade defendem SUS, vida e democracia - Notibras\",\"isPartOf\":{\"@id\":\"https:\/\/www.notibras.com\/site\/#website\"},\"primaryImageOfPage\":{\"@id\":\"https:\/\/www.notibras.com\/site\/profissionais-de-saude-defendem-sus-vida-e-democracia\/#primaryimage\"},\"image\":{\"@id\":\"https:\/\/www.notibras.com\/site\/profissionais-de-saude-defendem-sus-vida-e-democracia\/#primaryimage\"},\"thumbnailUrl\":\"https:\/\/www.notibras.com\/site\/wp-content\/uploads\/2023\/07\/04072023-img_9887.jpg\",\"datePublished\":\"2023-07-05T03:00:19+00:00\",\"dateModified\":\"2023-07-05T11:20:15+00:00\",\"breadcrumb\":{\"@id\":\"https:\/\/www.notibras.com\/site\/profissionais-de-saude-defendem-sus-vida-e-democracia\/#breadcrumb\"},\"inLanguage\":\"pt-BR\",\"potentialAction\":[{\"@type\":\"ReadAction\",\"target\":[\"https:\/\/www.notibras.com\/site\/profissionais-de-saude-defendem-sus-vida-e-democracia\/\"]}]},{\"@type\":\"ImageObject\",\"inLanguage\":\"pt-BR\",\"@id\":\"https:\/\/www.notibras.com\/site\/profissionais-de-saude-defendem-sus-vida-e-democracia\/#primaryimage\",\"url\":\"https:\/\/www.notibras.com\/site\/wp-content\/uploads\/2023\/07\/04072023-img_9887.jpg\",\"contentUrl\":\"https:\/\/www.notibras.com\/site\/wp-content\/uploads\/2023\/07\/04072023-img_9887.jpg\",\"width\":1170,\"height\":700,\"caption\":\"Bras\u00edlia, 04\/07\/2023 Ato p\u00fablico em defesa do SUS, da Vida e da Democracia como parte das atividades de mobiliza\u00e7\u00e3o da 17\u00aa Confer\u00eancia Nacional de Sa\u00fade. Foto: Fabio Rodrigues-Pozzebom\/ Ag\u00eancia Brasil\"},{\"@type\":\"BreadcrumbList\",\"@id\":\"https:\/\/www.notibras.com\/site\/profissionais-de-saude-defendem-sus-vida-e-democracia\/#breadcrumb\",\"itemListElement\":[{\"@type\":\"ListItem\",\"position\":1,\"name\":\"In\u00edcio\",\"item\":\"https:\/\/www.notibras.com\/site\/\"},{\"@type\":\"ListItem\",\"position\":2,\"name\":\"Profissionais de sa\u00fade defendem SUS, vida e democracia\"}]},{\"@type\":\"WebSite\",\"@id\":\"https:\/\/www.notibras.com\/site\/#website\",\"url\":\"https:\/\/www.notibras.com\/site\/\",\"name\":\"Notibras\",\"description\":\"Not\u00edcias de Bras\u00edlia, do Brasil e do Mundo\",\"publisher\":{\"@id\":\"https:\/\/www.notibras.com\/site\/#organization\"},\"potentialAction\":[{\"@type\":\"SearchAction\",\"target\":{\"@type\":\"EntryPoint\",\"urlTemplate\":\"https:\/\/www.notibras.com\/site\/?s={search_term_string}\"},\"query-input\":{\"@type\":\"PropertyValueSpecification\",\"valueRequired\":true,\"valueName\":\"search_term_string\"}}],\"inLanguage\":\"pt-BR\"},{\"@type\":\"Organization\",\"@id\":\"https:\/\/www.notibras.com\/site\/#organization\",\"name\":\"Grupo Notibras de Comunica\u00e7\u00e3o\",\"url\":\"https:\/\/www.notibras.com\/site\/\",\"logo\":{\"@type\":\"ImageObject\",\"inLanguage\":\"pt-BR\",\"@id\":\"https:\/\/www.notibras.com\/site\/#\/schema\/logo\/image\/\",\"url\":\"https:\/\/www.notibras.com\/site\/wp-content\/uploads\/2023\/01\/notibras23.png\",\"contentUrl\":\"https:\/\/www.notibras.com\/site\/wp-content\/uploads\/2023\/01\/notibras23.png\",\"width\":350,\"height\":87,\"caption\":\"Grupo Notibras de Comunica\u00e7\u00e3o\"},\"image\":{\"@id\":\"https:\/\/www.notibras.com\/site\/#\/schema\/logo\/image\/\"},\"sameAs\":[\"https:\/\/www.facebook.com\/notibras\/\",\"https:\/\/x.com\/Notibras\",\"https:\/\/www.instagram.com\/notibras\/\"]},{\"@type\":\"Person\",\"@id\":\"https:\/\/www.notibras.com\/site\/#\/schema\/person\/36ab0979449956132d3e5b517ea76ac8\",\"name\":\"Reda\u00e7\u00e3o\",\"image\":{\"@type\":\"ImageObject\",\"inLanguage\":\"pt-BR\",\"@id\":\"https:\/\/secure.gravatar.com\/avatar\/e0a867bdedb85fd243eadf09663511f96fc81e0720a4a42581f334ad4303aa6b?s=96&d=mm&r=g\",\"url\":\"https:\/\/secure.gravatar.com\/avatar\/e0a867bdedb85fd243eadf09663511f96fc81e0720a4a42581f334ad4303aa6b?s=96&d=mm&r=g\",\"contentUrl\":\"https:\/\/secure.gravatar.com\/avatar\/e0a867bdedb85fd243eadf09663511f96fc81e0720a4a42581f334ad4303aa6b?s=96&d=mm&r=g\",\"caption\":\"Reda\u00e7\u00e3o\"}}]}<\/script>\n<!-- \/ Yoast SEO plugin. -->","yoast_head_json":{"title":"Profissionais de sa\u00fade defendem SUS, vida e democracia - Notibras","robots":{"index":"index","follow":"follow","max-snippet":"max-snippet:-1","max-image-preview":"max-image-preview:large","max-video-preview":"max-video-preview:-1"},"canonical":"https:\/\/www.notibras.com\/site\/profissionais-de-saude-defendem-sus-vida-e-democracia\/","og_locale":"pt_BR","og_type":"article","og_title":"Profissionais de sa\u00fade defendem SUS, vida e democracia - Notibras","og_description":"Um ato em defesa do Sistema \u00danico de Sa\u00fade (SUS), da vida e da democracia reuniu centenas de pessoas em frente ao Museu Nacional da Rep\u00fablica, em Bras\u00edlia. Com faixas, cartazes e bandeiras, a ideia era conscientizar a sociedade sobre a import\u00e2ncia do SUS. No ato estavam participantes da 17\u00aa Confer\u00eancia Nacional de Sa\u00fade, evento [&hellip;]","og_url":"https:\/\/www.notibras.com\/site\/profissionais-de-saude-defendem-sus-vida-e-democracia\/","og_site_name":"Notibras","article_publisher":"https:\/\/www.facebook.com\/notibras\/","article_published_time":"2023-07-05T03:00:19+00:00","article_modified_time":"2023-07-05T11:20:15+00:00","og_image":[{"width":1170,"height":700,"url":"https:\/\/www.notibras.com\/site\/wp-content\/uploads\/2023\/07\/04072023-img_9887.jpg","type":"image\/jpeg"}],"author":"Reda\u00e7\u00e3o","twitter_card":"summary_large_image","twitter_creator":"@Notibras","twitter_site":"@Notibras","twitter_misc":{"Escrito por":"Reda\u00e7\u00e3o","Est. tempo de leitura":"2 minutos"},"schema":{"@context":"https:\/\/schema.org","@graph":[{"@type":"Article","@id":"https:\/\/www.notibras.com\/site\/profissionais-de-saude-defendem-sus-vida-e-democracia\/#article","isPartOf":{"@id":"https:\/\/www.notibras.com\/site\/profissionais-de-saude-defendem-sus-vida-e-democracia\/"},"author":{"name":"Reda\u00e7\u00e3o","@id":"https:\/\/www.notibras.com\/site\/#\/schema\/person\/36ab0979449956132d3e5b517ea76ac8"},"headline":"Profissionais de sa\u00fade defendem SUS, vida e democracia","datePublished":"2023-07-05T03:00:19+00:00","dateModified":"2023-07-05T11:20:15+00:00","mainEntityOfPage":{"@id":"https:\/\/www.notibras.com\/site\/profissionais-de-saude-defendem-sus-vida-e-democracia\/"},"wordCount":322,"publisher":{"@id":"https:\/\/www.notibras.com\/site\/#organization"},"image":{"@id":"https:\/\/www.notibras.com\/site\/profissionais-de-saude-defendem-sus-vida-e-democracia\/#primaryimage"},"thumbnailUrl":"https:\/\/www.notibras.com\/site\/wp-content\/uploads\/2023\/07\/04072023-img_9887.jpg","articleSection":["Quadradinho em Foco"],"inLanguage":"pt-BR"},{"@type":"WebPage","@id":"https:\/\/www.notibras.com\/site\/profissionais-de-saude-defendem-sus-vida-e-democracia\/","url":"https:\/\/www.notibras.com\/site\/profissionais-de-saude-defendem-sus-vida-e-democracia\/","name":"Profissionais de sa\u00fade defendem SUS, vida e democracia - Notibras","isPartOf":{"@id":"https:\/\/www.notibras.com\/site\/#website"},"primaryImageOfPage":{"@id":"https:\/\/www.notibras.com\/site\/profissionais-de-saude-defendem-sus-vida-e-democracia\/#primaryimage"},"image":{"@id":"https:\/\/www.notibras.com\/site\/profissionais-de-saude-defendem-sus-vida-e-democracia\/#primaryimage"},"thumbnailUrl":"https:\/\/www.notibras.com\/site\/wp-content\/uploads\/2023\/07\/04072023-img_9887.jpg","datePublished":"2023-07-05T03:00:19+00:00","dateModified":"2023-07-05T11:20:15+00:00","breadcrumb":{"@id":"https:\/\/www.notibras.com\/site\/profissionais-de-saude-defendem-sus-vida-e-democracia\/#breadcrumb"},"inLanguage":"pt-BR","potentialAction":[{"@type":"ReadAction","target":["https:\/\/www.notibras.com\/site\/profissionais-de-saude-defendem-sus-vida-e-democracia\/"]}]},{"@type":"ImageObject","inLanguage":"pt-BR","@id":"https:\/\/www.notibras.com\/site\/profissionais-de-saude-defendem-sus-vida-e-democracia\/#primaryimage","url":"https:\/\/www.notibras.com\/site\/wp-content\/uploads\/2023\/07\/04072023-img_9887.jpg","contentUrl":"https:\/\/www.notibras.com\/site\/wp-content\/uploads\/2023\/07\/04072023-img_9887.jpg","width":1170,"height":700,"caption":"Bras\u00edlia, 04\/07\/2023 Ato p\u00fablico em defesa do SUS, da Vida e da Democracia como parte das atividades de mobiliza\u00e7\u00e3o da 17\u00aa Confer\u00eancia Nacional de Sa\u00fade. Foto: Fabio Rodrigues-Pozzebom\/ Ag\u00eancia Brasil"},{"@type":"BreadcrumbList","@id":"https:\/\/www.notibras.com\/site\/profissionais-de-saude-defendem-sus-vida-e-democracia\/#breadcrumb","itemListElement":[{"@type":"ListItem","position":1,"name":"In\u00edcio","item":"https:\/\/www.notibras.com\/site\/"},{"@type":"ListItem","position":2,"name":"Profissionais de sa\u00fade defendem SUS, vida e democracia"}]},{"@type":"WebSite","@id":"https:\/\/www.notibras.com\/site\/#website","url":"https:\/\/www.notibras.com\/site\/","name":"Notibras","description":"Not\u00edcias de Bras\u00edlia, do Brasil e do Mundo","publisher":{"@id":"https:\/\/www.notibras.com\/site\/#organization"},"potentialAction":[{"@type":"SearchAction","target":{"@type":"EntryPoint","urlTemplate":"https:\/\/www.notibras.com\/site\/?s={search_term_string}"},"query-input":{"@type":"PropertyValueSpecification","valueRequired":true,"valueName":"search_term_string"}}],"inLanguage":"pt-BR"},{"@type":"Organization","@id":"https:\/\/www.notibras.com\/site\/#organization","name":"Grupo Notibras de Comunica\u00e7\u00e3o","url":"https:\/\/www.notibras.com\/site\/","logo":{"@type":"ImageObject","inLanguage":"pt-BR","@id":"https:\/\/www.notibras.com\/site\/#\/schema\/logo\/image\/","url":"https:\/\/www.notibras.com\/site\/wp-content\/uploads\/2023\/01\/notibras23.png","contentUrl":"https:\/\/www.notibras.com\/site\/wp-content\/uploads\/2023\/01\/notibras23.png","width":350,"height":87,"caption":"Grupo Notibras de Comunica\u00e7\u00e3o"},"image":{"@id":"https:\/\/www.notibras.com\/site\/#\/schema\/logo\/image\/"},"sameAs":["https:\/\/www.facebook.com\/notibras\/","https:\/\/x.com\/Notibras","https:\/\/www.instagram.com\/notibras\/"]},{"@type":"Person","@id":"https:\/\/www.notibras.com\/site\/#\/schema\/person\/36ab0979449956132d3e5b517ea76ac8","name":"Reda\u00e7\u00e3o","image":{"@type":"ImageObject","inLanguage":"pt-BR","@id":"https:\/\/secure.gravatar.com\/avatar\/e0a867bdedb85fd243eadf09663511f96fc81e0720a4a42581f334ad4303aa6b?s=96&d=mm&r=g","url":"https:\/\/secure.gravatar.com\/avatar\/e0a867bdedb85fd243eadf09663511f96fc81e0720a4a42581f334ad4303aa6b?s=96&d=mm&r=g","contentUrl":"https:\/\/secure.gravatar.com\/avatar\/e0a867bdedb85fd243eadf09663511f96fc81e0720a4a42581f334ad4303aa6b?s=96&d=mm&r=g","caption":"Reda\u00e7\u00e3o"}}]}},"amp_enabled":true,"_links":{"self":[{"href":"https:\/\/www.notibras.com\/site\/wp-json\/wp\/v2\/posts\/308250","targetHints":{"allow":["GET"]}}],"collection":[{"href":"https:\/\/www.notibras.com\/site\/wp-json\/wp\/v2\/posts"}],"about":[{"href":"https:\/\/www.notibras.com\/site\/wp-json\/wp\/v2\/types\/post"}],"author":[{"embeddable":true,"href":"https:\/\/www.notibras.com\/site\/wp-json\/wp\/v2\/users\/2"}],"replies":[{"embeddable":true,"href":"https:\/\/www.notibras.com\/site\/wp-json\/wp\/v2\/comments?post=308250"}],"version-history":[{"count":1,"href":"https:\/\/www.notibras.com\/site\/wp-json\/wp\/v2\/posts\/308250\/revisions"}],"predecessor-version":[{"id":308252,"href":"https:\/\/www.notibras.com\/site\/wp-json\/wp\/v2\/posts\/308250\/revisions\/308252"}],"wp:featuredmedia":[{"embeddable":true,"href":"https:\/\/www.notibras.com\/site\/wp-json\/wp\/v2\/media\/308251"}],"wp:attachment":[{"href":"https:\/\/www.notibras.com\/site\/wp-json\/wp\/v2\/media?parent=308250"}],"wp:term":[{"taxonomy":"category","embeddable":true,"href":"https:\/\/www.notibras.com\/site\/wp-json\/wp\/v2\/categories?post=308250"},{"taxonomy":"post_tag","embeddable":true,"href":"https:\/\/www.notibras.com\/site\/wp-json\/wp\/v2\/tags?post=308250"}],"curies":[{"name":"wp","href":"https:\/\/api.w.org\/{rel}","templated":true}]}}