{"id":308287,"date":"2023-07-05T13:44:28","date_gmt":"2023-07-05T16:44:28","guid":{"rendered":"https:\/\/www.notibras.com\/site\/?p=308287"},"modified":"2023-07-05T15:48:30","modified_gmt":"2023-07-05T18:48:30","slug":"lula-manda-pagar-o-piso-retroativo-a-maio","status":"publish","type":"post","link":"https:\/\/www.notibras.com\/site\/lula-manda-pagar-o-piso-retroativo-a-maio\/","title":{"rendered":"Lula manda pagar o piso retroativo a maio"},"content":{"rendered":"<p>A ministra da Sa\u00fade, N\u00edsia Trindade, disse nesta quarta-feira (5) que o governo vai pagar o piso nacional da enfermagem, com retroativo desde maio. O an\u00fancio foi feito durante a 17\u00aa Confer\u00eancia Nacional de Sa\u00fade, em Bras\u00edlia.<\/p>\n<p>\u201cO governo federal trabalha para a implementa\u00e7\u00e3o do piso da enfermagem. Vamos implement\u00e1-lo no setor p\u00fablico tal como a decis\u00e3o do Supremo Tribunal Federal [STF], garantindo as nove parcelas previstas para 2023.\u201d<\/p>\n<p>Durante discurso no evento, o presidente Luiz In\u00e1cio Lula da Silva confirmou o pagamento retroativo a maio, m\u00eas em que o ministro do STF Lu\u00eds Roberto Barroso estabeleceu regras para o pagamento do piso aos profissionais que trabalham no sistema de sa\u00fade de estados e munic\u00edpios nos limites dos valores recebidos pelo governo federal.<\/p>\n<p>Lula argumentou que o trabalho da enfermagem n\u00e3o pode ser considerado menor. \u201cTem gente que acha que o sal\u00e1rio de uma enfermeira de R$ 4 mil e pouco \u00e9 caro\u201d, disse. \u201cMas \u00e9 preciso que a gente avalie efetivamente o valor do trabalho por aquilo que ele representa na nossa vida. Quem leva as pessoas para tomar banho, quem vai limpar as pessoas, quem d\u00e1 comida, quem aplica inje\u00e7\u00e3o, quem mede a press\u00e3o, quem leva ao banheiro \u00e9 exatamente o pessoal de baixo, que trabalha. E, por isso, esse pessoal tem que ser valorizado\u201d, acrescentou.<\/p>\n","protected":false},"excerpt":{"rendered":"<p>A ministra da Sa\u00fade, N\u00edsia Trindade, disse nesta quarta-feira (5) que o governo vai pagar o piso nacional da enfermagem, com retroativo desde maio. O an\u00fancio foi feito durante a 17\u00aa Confer\u00eancia Nacional de Sa\u00fade, em Bras\u00edlia. \u201cO governo federal trabalha para a implementa\u00e7\u00e3o do piso da enfermagem. Vamos implement\u00e1-lo no setor p\u00fablico tal como [&hellip;]<\/p>\n","protected":false},"author":2,"featured_media":308288,"comment_status":"closed","ping_status":"closed","sticky":false,"template":"","format":"standard","meta":{"_acf_changed":false,"footnotes":""},"categories":[161],"tags":[95],"class_list":["post-308287","post","type-post","status-publish","format-standard","has-post-thumbnail","hentry","category-quadradinho-em-foco","tag-capa"],"acf":[],"yoast_head":"<!-- This site is optimized with the Yoast SEO plugin v27.2 - https:\/\/yoast.com\/product\/yoast-seo-wordpress\/ -->\n<title>Lula manda pagar o piso retroativo a maio - Notibras<\/title>\n<meta name=\"robots\" content=\"index, follow, max-snippet:-1, max-image-preview:large, max-video-preview:-1\" \/>\n<link rel=\"canonical\" href=\"https:\/\/www.notibras.com\/site\/lula-manda-pagar-o-piso-retroativo-a-maio\/\" \/>\n<meta property=\"og:locale\" content=\"pt_BR\" \/>\n<meta property=\"og:type\" content=\"article\" \/>\n<meta property=\"og:title\" content=\"Lula manda pagar o piso retroativo a maio - Notibras\" \/>\n<meta property=\"og:description\" content=\"A ministra da Sa\u00fade, N\u00edsia Trindade, disse nesta quarta-feira (5) que o governo vai pagar o piso nacional da enfermagem, com retroativo desde maio. O an\u00fancio foi feito durante a 17\u00aa Confer\u00eancia Nacional de Sa\u00fade, em Bras\u00edlia. \u201cO governo federal trabalha para a implementa\u00e7\u00e3o do piso da enfermagem. Vamos implement\u00e1-lo no setor p\u00fablico tal como [&hellip;]\" \/>\n<meta property=\"og:url\" content=\"https:\/\/www.notibras.com\/site\/lula-manda-pagar-o-piso-retroativo-a-maio\/\" \/>\n<meta property=\"og:site_name\" content=\"Notibras\" \/>\n<meta property=\"article:publisher\" content=\"https:\/\/www.facebook.com\/notibras\/\" \/>\n<meta property=\"article:published_time\" content=\"2023-07-05T16:44:28+00:00\" \/>\n<meta property=\"article:modified_time\" content=\"2023-07-05T18:48:30+00:00\" \/>\n<meta property=\"og:image\" content=\"https:\/\/www.notibras.com\/site\/wp-content\/uploads\/2023\/07\/05072023-pzzb5084.jpg\" \/>\n\t<meta property=\"og:image:width\" content=\"1170\" \/>\n\t<meta property=\"og:image:height\" content=\"700\" \/>\n\t<meta property=\"og:image:type\" content=\"image\/jpeg\" \/>\n<meta name=\"author\" content=\"Reda\u00e7\u00e3o\" \/>\n<meta name=\"twitter:card\" content=\"summary_large_image\" \/>\n<meta name=\"twitter:creator\" content=\"@Notibras\" \/>\n<meta name=\"twitter:site\" content=\"@Notibras\" \/>\n<meta name=\"twitter:label1\" content=\"Escrito por\" \/>\n\t<meta name=\"twitter:data1\" content=\"Reda\u00e7\u00e3o\" \/>\n\t<meta name=\"twitter:label2\" content=\"Est. tempo de leitura\" \/>\n\t<meta name=\"twitter:data2\" content=\"2 minutos\" \/>\n<script type=\"application\/ld+json\" class=\"yoast-schema-graph\">{\"@context\":\"https:\/\/schema.org\",\"@graph\":[{\"@type\":\"Article\",\"@id\":\"https:\/\/www.notibras.com\/site\/lula-manda-pagar-o-piso-retroativo-a-maio\/#article\",\"isPartOf\":{\"@id\":\"https:\/\/www.notibras.com\/site\/lula-manda-pagar-o-piso-retroativo-a-maio\/\"},\"author\":{\"name\":\"Reda\u00e7\u00e3o\",\"@id\":\"https:\/\/www.notibras.com\/site\/#\/schema\/person\/36ab0979449956132d3e5b517ea76ac8\"},\"headline\":\"Lula manda pagar o piso retroativo a maio\",\"datePublished\":\"2023-07-05T16:44:28+00:00\",\"dateModified\":\"2023-07-05T18:48:30+00:00\",\"mainEntityOfPage\":{\"@id\":\"https:\/\/www.notibras.com\/site\/lula-manda-pagar-o-piso-retroativo-a-maio\/\"},\"wordCount\":238,\"publisher\":{\"@id\":\"https:\/\/www.notibras.com\/site\/#organization\"},\"image\":{\"@id\":\"https:\/\/www.notibras.com\/site\/lula-manda-pagar-o-piso-retroativo-a-maio\/#primaryimage\"},\"thumbnailUrl\":\"https:\/\/www.notibras.com\/site\/wp-content\/uploads\/2023\/07\/05072023-pzzb5084.jpg\",\"keywords\":[\"capa\"],\"articleSection\":[\"Quadradinho em Foco\"],\"inLanguage\":\"pt-BR\"},{\"@type\":\"WebPage\",\"@id\":\"https:\/\/www.notibras.com\/site\/lula-manda-pagar-o-piso-retroativo-a-maio\/\",\"url\":\"https:\/\/www.notibras.com\/site\/lula-manda-pagar-o-piso-retroativo-a-maio\/\",\"name\":\"Lula manda pagar o piso retroativo a maio - Notibras\",\"isPartOf\":{\"@id\":\"https:\/\/www.notibras.com\/site\/#website\"},\"primaryImageOfPage\":{\"@id\":\"https:\/\/www.notibras.com\/site\/lula-manda-pagar-o-piso-retroativo-a-maio\/#primaryimage\"},\"image\":{\"@id\":\"https:\/\/www.notibras.com\/site\/lula-manda-pagar-o-piso-retroativo-a-maio\/#primaryimage\"},\"thumbnailUrl\":\"https:\/\/www.notibras.com\/site\/wp-content\/uploads\/2023\/07\/05072023-pzzb5084.jpg\",\"datePublished\":\"2023-07-05T16:44:28+00:00\",\"dateModified\":\"2023-07-05T18:48:30+00:00\",\"breadcrumb\":{\"@id\":\"https:\/\/www.notibras.com\/site\/lula-manda-pagar-o-piso-retroativo-a-maio\/#breadcrumb\"},\"inLanguage\":\"pt-BR\",\"potentialAction\":[{\"@type\":\"ReadAction\",\"target\":[\"https:\/\/www.notibras.com\/site\/lula-manda-pagar-o-piso-retroativo-a-maio\/\"]}]},{\"@type\":\"ImageObject\",\"inLanguage\":\"pt-BR\",\"@id\":\"https:\/\/www.notibras.com\/site\/lula-manda-pagar-o-piso-retroativo-a-maio\/#primaryimage\",\"url\":\"https:\/\/www.notibras.com\/site\/wp-content\/uploads\/2023\/07\/05072023-pzzb5084.jpg\",\"contentUrl\":\"https:\/\/www.notibras.com\/site\/wp-content\/uploads\/2023\/07\/05072023-pzzb5084.jpg\",\"width\":1170,\"height\":700,\"caption\":\"Bras\u00edlia, 05\/07\/2023 O presidente Luiz In\u00e1cio Lula da Silva, acompanhado da primeira-dama, janja Lula da Silva, da ministra da Sa\u00fade, N\u00edsia Trindade e de outras autoridades, participa da 17\u00aa Confer\u00eancia Nacional de Sa\u00fade. Foto: Fabio Rodrigues-Pozzebom\/ Ag\u00eancia Brasil\"},{\"@type\":\"BreadcrumbList\",\"@id\":\"https:\/\/www.notibras.com\/site\/lula-manda-pagar-o-piso-retroativo-a-maio\/#breadcrumb\",\"itemListElement\":[{\"@type\":\"ListItem\",\"position\":1,\"name\":\"In\u00edcio\",\"item\":\"https:\/\/www.notibras.com\/site\/\"},{\"@type\":\"ListItem\",\"position\":2,\"name\":\"Lula manda pagar o piso retroativo a maio\"}]},{\"@type\":\"WebSite\",\"@id\":\"https:\/\/www.notibras.com\/site\/#website\",\"url\":\"https:\/\/www.notibras.com\/site\/\",\"name\":\"Notibras\",\"description\":\"Not\u00edcias de Bras\u00edlia, do Brasil e do Mundo\",\"publisher\":{\"@id\":\"https:\/\/www.notibras.com\/site\/#organization\"},\"potentialAction\":[{\"@type\":\"SearchAction\",\"target\":{\"@type\":\"EntryPoint\",\"urlTemplate\":\"https:\/\/www.notibras.com\/site\/?s={search_term_string}\"},\"query-input\":{\"@type\":\"PropertyValueSpecification\",\"valueRequired\":true,\"valueName\":\"search_term_string\"}}],\"inLanguage\":\"pt-BR\"},{\"@type\":\"Organization\",\"@id\":\"https:\/\/www.notibras.com\/site\/#organization\",\"name\":\"Grupo Notibras de Comunica\u00e7\u00e3o\",\"url\":\"https:\/\/www.notibras.com\/site\/\",\"logo\":{\"@type\":\"ImageObject\",\"inLanguage\":\"pt-BR\",\"@id\":\"https:\/\/www.notibras.com\/site\/#\/schema\/logo\/image\/\",\"url\":\"https:\/\/www.notibras.com\/site\/wp-content\/uploads\/2023\/01\/notibras23.png\",\"contentUrl\":\"https:\/\/www.notibras.com\/site\/wp-content\/uploads\/2023\/01\/notibras23.png\",\"width\":350,\"height\":87,\"caption\":\"Grupo Notibras de Comunica\u00e7\u00e3o\"},\"image\":{\"@id\":\"https:\/\/www.notibras.com\/site\/#\/schema\/logo\/image\/\"},\"sameAs\":[\"https:\/\/www.facebook.com\/notibras\/\",\"https:\/\/x.com\/Notibras\",\"https:\/\/www.instagram.com\/notibras\/\"]},{\"@type\":\"Person\",\"@id\":\"https:\/\/www.notibras.com\/site\/#\/schema\/person\/36ab0979449956132d3e5b517ea76ac8\",\"name\":\"Reda\u00e7\u00e3o\",\"image\":{\"@type\":\"ImageObject\",\"inLanguage\":\"pt-BR\",\"@id\":\"https:\/\/secure.gravatar.com\/avatar\/e0a867bdedb85fd243eadf09663511f96fc81e0720a4a42581f334ad4303aa6b?s=96&d=mm&r=g\",\"url\":\"https:\/\/secure.gravatar.com\/avatar\/e0a867bdedb85fd243eadf09663511f96fc81e0720a4a42581f334ad4303aa6b?s=96&d=mm&r=g\",\"contentUrl\":\"https:\/\/secure.gravatar.com\/avatar\/e0a867bdedb85fd243eadf09663511f96fc81e0720a4a42581f334ad4303aa6b?s=96&d=mm&r=g\",\"caption\":\"Reda\u00e7\u00e3o\"}}]}<\/script>\n<!-- \/ Yoast SEO plugin. -->","yoast_head_json":{"title":"Lula manda pagar o piso retroativo a maio - Notibras","robots":{"index":"index","follow":"follow","max-snippet":"max-snippet:-1","max-image-preview":"max-image-preview:large","max-video-preview":"max-video-preview:-1"},"canonical":"https:\/\/www.notibras.com\/site\/lula-manda-pagar-o-piso-retroativo-a-maio\/","og_locale":"pt_BR","og_type":"article","og_title":"Lula manda pagar o piso retroativo a maio - Notibras","og_description":"A ministra da Sa\u00fade, N\u00edsia Trindade, disse nesta quarta-feira (5) que o governo vai pagar o piso nacional da enfermagem, com retroativo desde maio. O an\u00fancio foi feito durante a 17\u00aa Confer\u00eancia Nacional de Sa\u00fade, em Bras\u00edlia. \u201cO governo federal trabalha para a implementa\u00e7\u00e3o do piso da enfermagem. Vamos implement\u00e1-lo no setor p\u00fablico tal como [&hellip;]","og_url":"https:\/\/www.notibras.com\/site\/lula-manda-pagar-o-piso-retroativo-a-maio\/","og_site_name":"Notibras","article_publisher":"https:\/\/www.facebook.com\/notibras\/","article_published_time":"2023-07-05T16:44:28+00:00","article_modified_time":"2023-07-05T18:48:30+00:00","og_image":[{"width":1170,"height":700,"url":"https:\/\/www.notibras.com\/site\/wp-content\/uploads\/2023\/07\/05072023-pzzb5084.jpg","type":"image\/jpeg"}],"author":"Reda\u00e7\u00e3o","twitter_card":"summary_large_image","twitter_creator":"@Notibras","twitter_site":"@Notibras","twitter_misc":{"Escrito por":"Reda\u00e7\u00e3o","Est. tempo de leitura":"2 minutos"},"schema":{"@context":"https:\/\/schema.org","@graph":[{"@type":"Article","@id":"https:\/\/www.notibras.com\/site\/lula-manda-pagar-o-piso-retroativo-a-maio\/#article","isPartOf":{"@id":"https:\/\/www.notibras.com\/site\/lula-manda-pagar-o-piso-retroativo-a-maio\/"},"author":{"name":"Reda\u00e7\u00e3o","@id":"https:\/\/www.notibras.com\/site\/#\/schema\/person\/36ab0979449956132d3e5b517ea76ac8"},"headline":"Lula manda pagar o piso retroativo a maio","datePublished":"2023-07-05T16:44:28+00:00","dateModified":"2023-07-05T18:48:30+00:00","mainEntityOfPage":{"@id":"https:\/\/www.notibras.com\/site\/lula-manda-pagar-o-piso-retroativo-a-maio\/"},"wordCount":238,"publisher":{"@id":"https:\/\/www.notibras.com\/site\/#organization"},"image":{"@id":"https:\/\/www.notibras.com\/site\/lula-manda-pagar-o-piso-retroativo-a-maio\/#primaryimage"},"thumbnailUrl":"https:\/\/www.notibras.com\/site\/wp-content\/uploads\/2023\/07\/05072023-pzzb5084.jpg","keywords":["capa"],"articleSection":["Quadradinho em Foco"],"inLanguage":"pt-BR"},{"@type":"WebPage","@id":"https:\/\/www.notibras.com\/site\/lula-manda-pagar-o-piso-retroativo-a-maio\/","url":"https:\/\/www.notibras.com\/site\/lula-manda-pagar-o-piso-retroativo-a-maio\/","name":"Lula manda pagar o piso retroativo a maio - Notibras","isPartOf":{"@id":"https:\/\/www.notibras.com\/site\/#website"},"primaryImageOfPage":{"@id":"https:\/\/www.notibras.com\/site\/lula-manda-pagar-o-piso-retroativo-a-maio\/#primaryimage"},"image":{"@id":"https:\/\/www.notibras.com\/site\/lula-manda-pagar-o-piso-retroativo-a-maio\/#primaryimage"},"thumbnailUrl":"https:\/\/www.notibras.com\/site\/wp-content\/uploads\/2023\/07\/05072023-pzzb5084.jpg","datePublished":"2023-07-05T16:44:28+00:00","dateModified":"2023-07-05T18:48:30+00:00","breadcrumb":{"@id":"https:\/\/www.notibras.com\/site\/lula-manda-pagar-o-piso-retroativo-a-maio\/#breadcrumb"},"inLanguage":"pt-BR","potentialAction":[{"@type":"ReadAction","target":["https:\/\/www.notibras.com\/site\/lula-manda-pagar-o-piso-retroativo-a-maio\/"]}]},{"@type":"ImageObject","inLanguage":"pt-BR","@id":"https:\/\/www.notibras.com\/site\/lula-manda-pagar-o-piso-retroativo-a-maio\/#primaryimage","url":"https:\/\/www.notibras.com\/site\/wp-content\/uploads\/2023\/07\/05072023-pzzb5084.jpg","contentUrl":"https:\/\/www.notibras.com\/site\/wp-content\/uploads\/2023\/07\/05072023-pzzb5084.jpg","width":1170,"height":700,"caption":"Bras\u00edlia, 05\/07\/2023 O presidente Luiz In\u00e1cio Lula da Silva, acompanhado da primeira-dama, janja Lula da Silva, da ministra da Sa\u00fade, N\u00edsia Trindade e de outras autoridades, participa da 17\u00aa Confer\u00eancia Nacional de Sa\u00fade. Foto: Fabio Rodrigues-Pozzebom\/ Ag\u00eancia Brasil"},{"@type":"BreadcrumbList","@id":"https:\/\/www.notibras.com\/site\/lula-manda-pagar-o-piso-retroativo-a-maio\/#breadcrumb","itemListElement":[{"@type":"ListItem","position":1,"name":"In\u00edcio","item":"https:\/\/www.notibras.com\/site\/"},{"@type":"ListItem","position":2,"name":"Lula manda pagar o piso retroativo a maio"}]},{"@type":"WebSite","@id":"https:\/\/www.notibras.com\/site\/#website","url":"https:\/\/www.notibras.com\/site\/","name":"Notibras","description":"Not\u00edcias de Bras\u00edlia, do Brasil e do Mundo","publisher":{"@id":"https:\/\/www.notibras.com\/site\/#organization"},"potentialAction":[{"@type":"SearchAction","target":{"@type":"EntryPoint","urlTemplate":"https:\/\/www.notibras.com\/site\/?s={search_term_string}"},"query-input":{"@type":"PropertyValueSpecification","valueRequired":true,"valueName":"search_term_string"}}],"inLanguage":"pt-BR"},{"@type":"Organization","@id":"https:\/\/www.notibras.com\/site\/#organization","name":"Grupo Notibras de Comunica\u00e7\u00e3o","url":"https:\/\/www.notibras.com\/site\/","logo":{"@type":"ImageObject","inLanguage":"pt-BR","@id":"https:\/\/www.notibras.com\/site\/#\/schema\/logo\/image\/","url":"https:\/\/www.notibras.com\/site\/wp-content\/uploads\/2023\/01\/notibras23.png","contentUrl":"https:\/\/www.notibras.com\/site\/wp-content\/uploads\/2023\/01\/notibras23.png","width":350,"height":87,"caption":"Grupo Notibras de Comunica\u00e7\u00e3o"},"image":{"@id":"https:\/\/www.notibras.com\/site\/#\/schema\/logo\/image\/"},"sameAs":["https:\/\/www.facebook.com\/notibras\/","https:\/\/x.com\/Notibras","https:\/\/www.instagram.com\/notibras\/"]},{"@type":"Person","@id":"https:\/\/www.notibras.com\/site\/#\/schema\/person\/36ab0979449956132d3e5b517ea76ac8","name":"Reda\u00e7\u00e3o","image":{"@type":"ImageObject","inLanguage":"pt-BR","@id":"https:\/\/secure.gravatar.com\/avatar\/e0a867bdedb85fd243eadf09663511f96fc81e0720a4a42581f334ad4303aa6b?s=96&d=mm&r=g","url":"https:\/\/secure.gravatar.com\/avatar\/e0a867bdedb85fd243eadf09663511f96fc81e0720a4a42581f334ad4303aa6b?s=96&d=mm&r=g","contentUrl":"https:\/\/secure.gravatar.com\/avatar\/e0a867bdedb85fd243eadf09663511f96fc81e0720a4a42581f334ad4303aa6b?s=96&d=mm&r=g","caption":"Reda\u00e7\u00e3o"}}]}},"amp_enabled":true,"_links":{"self":[{"href":"https:\/\/www.notibras.com\/site\/wp-json\/wp\/v2\/posts\/308287","targetHints":{"allow":["GET"]}}],"collection":[{"href":"https:\/\/www.notibras.com\/site\/wp-json\/wp\/v2\/posts"}],"about":[{"href":"https:\/\/www.notibras.com\/site\/wp-json\/wp\/v2\/types\/post"}],"author":[{"embeddable":true,"href":"https:\/\/www.notibras.com\/site\/wp-json\/wp\/v2\/users\/2"}],"replies":[{"embeddable":true,"href":"https:\/\/www.notibras.com\/site\/wp-json\/wp\/v2\/comments?post=308287"}],"version-history":[{"count":1,"href":"https:\/\/www.notibras.com\/site\/wp-json\/wp\/v2\/posts\/308287\/revisions"}],"predecessor-version":[{"id":308289,"href":"https:\/\/www.notibras.com\/site\/wp-json\/wp\/v2\/posts\/308287\/revisions\/308289"}],"wp:featuredmedia":[{"embeddable":true,"href":"https:\/\/www.notibras.com\/site\/wp-json\/wp\/v2\/media\/308288"}],"wp:attachment":[{"href":"https:\/\/www.notibras.com\/site\/wp-json\/wp\/v2\/media?parent=308287"}],"wp:term":[{"taxonomy":"category","embeddable":true,"href":"https:\/\/www.notibras.com\/site\/wp-json\/wp\/v2\/categories?post=308287"},{"taxonomy":"post_tag","embeddable":true,"href":"https:\/\/www.notibras.com\/site\/wp-json\/wp\/v2\/tags?post=308287"}],"curies":[{"name":"wp","href":"https:\/\/api.w.org\/{rel}","templated":true}]}}