{"id":308296,"date":"2023-07-06T06:10:21","date_gmt":"2023-07-06T09:10:21","guid":{"rendered":"https:\/\/www.notibras.com\/site\/?p=308296"},"modified":"2023-07-06T01:28:47","modified_gmt":"2023-07-06T04:28:47","slug":"brasilienses-lancam-livro-infanto-juvenil-em-bonito","status":"publish","type":"post","link":"https:\/\/www.notibras.com\/site\/brasilienses-lancam-livro-infanto-juvenil-em-bonito\/","title":{"rendered":"Brasilienses lan\u00e7am livro infanto-juvenil em Bonito"},"content":{"rendered":"<p>A 7\u00aa FLIB &#8211; Feira Liter\u00e1ria de Bonito, em Mato Grosso do Sul, que acontece at\u00e9 o domingo, 9, ser\u00e1 espa\u00e7o para o lan\u00e7amento de um livro infanto-juvenil de tr\u00eas autores de Bras\u00edlia. <em>Uira\u00e7u: em busca das lendas perdidas<\/em>, da Editora Ninho da Palavra, \u00e9 assinado por Beto Seabra, Cac\u00e1 Soares e Zelito Passos. Beto, jornalista e escritor, e Zelito, m\u00fasico e publicit\u00e1rio, escreveram a hist\u00f3ria e Cac\u00e1 fez as ilustra\u00e7\u00f5es.<\/p>\n<p>O livro conta a saga do curumim Cau\u00ea para tentar salvar o cesto de lendas da sua aldeia, que guarda as hist\u00f3rias de sua gente e corre o risco de desaparecer em raz\u00e3o da voracidade do monstro Vo\u00e7oroca, que destr\u00f3i as florestas e os rios e amea\u00e7a destruir tamb\u00e9m a mitologia do povo de Cau\u00ea.<\/p>\n<p>O curumim vai contar com a ajuda de Ceci, uma menina da cidade e filha de antrop\u00f3logos, e de Ti\u00e3o, o filho do pescador, que possui uma defici\u00eancia f\u00edsica e se transforma em um verdadeiro superatleta com o uso de sua muleta.<\/p>\n<p>Os personagens humanos ter\u00e3o a ajuda de dois personagens da floresta: o gavi\u00e3o gigante Uira\u00e7u e o papagaio Juru. As tr\u00eas crian\u00e7as e os dois p\u00e1ssaros precisar\u00e3o atuar juntos para vencer Vo\u00e7oroca, palavra inventada pelos ind\u00edgenas brasileiros e que quer dizer &#8220;terra que abre&#8221;.<\/p>\n<p>Quando filhote, Uira\u00e7u recebeu uma po\u00e7\u00e3o m\u00e1gica do paj\u00e9 da aldeia de Cau\u00ea, que temia que o p\u00e1ssaro com ronco de trov\u00e3o, na verdade um avi\u00e3o, atacasse o povo da floresta. Uira\u00e7u tornou-se uma esp\u00e9cie de drag\u00e3o dos tr\u00f3picos e com sua for\u00e7a e sabedoria ir\u00e1 ajudar as crian\u00e7as e seu amigo Juru a enfrentarem Vo\u00e7oroca. E Juru \u00e9 um papagaio especial, que sabe a l\u00edngua dos p\u00e1ssaros e fala a dos humanos. Ele ser\u00e1 o elo entre Uira\u00e7u e as crian\u00e7as.<\/p>\n<p><strong>Fic\u00e7\u00e3o e realidade<\/strong><br \/>\nVo\u00e7oroca, na verdade, nada mais \u00e9 do que a eros\u00e3o causada pelo desmatamento das florestas. E essa \u00e9 a grande sacada de Uira\u00e7u: \u00e9 um livro infanto-juvenil, de aventura, mas pensado a partir dos problemas e da realidade dos povos ind\u00edgenas e do pr\u00f3prio Pa\u00eds.<\/p>\n<p>&#8220;Vo\u00e7oroca existe. Ele \u00e9 real. Quanto menos \u00e1rvores &#8211; na Amaz\u00f4nia, no Cerrado ou na Mata Atl\u00e2ntica &#8211; mais forte ficar\u00e1 Vo\u00e7oroca&#8221;, disse Beto Seabra. O escritor lembra que a imprensa noticiou, recentemente, que uma cidade no Maranh\u00e3o corre o risco de desaparecer em raz\u00e3o de uma vo\u00e7oroca gigantesca que avan\u00e7a sobre as casas do lugar.<\/p>\n<p>&#8220;Uira\u00e7u \u00e9 hist\u00f3ria, mas tamb\u00e9m \u00e9 realidade. Queremos mostrar aos nossos leitores, crian\u00e7as e adolescentes em especial, que a destrui\u00e7\u00e3o do meio ambiente n\u00e3o \u00e9 algo distante deles. E que, ao acabar com a natureza, Vo\u00e7oroca estar\u00e1 acabando tamb\u00e9m com a nossa mem\u00f3ria e a nossa cultura&#8221;, completa o artista pl\u00e1stico Cac\u00e1 Soares.<\/p>\n<p>Beto, Cac\u00e1 e Zelito cresceram juntos em uma superquadra da Asa Norte, a 312, e decidiram se juntar para produzir uma s\u00e9rie de anima\u00e7\u00e3o para a TV, baseada na ideia de Uira\u00e7u e seus amigos.<\/p>\n<p>Entraram em um edital p\u00fablico de produ\u00e7\u00e3o audiovisual e conseguiram vencer todas as etapas do certame, mas os recursos financeiros nunca foram liberados. Tipo ee coisa que s\u00f3 acontece na Secretaria de Cultura de Bras\u00edlia.<\/p>\n<p>&#8220;Trabalhamos por tr\u00eas anos nesse projeto, cumprindo todas as exig\u00eancias que a legisla\u00e7\u00e3o pede, mas o dinheiro nunca saiu. Eu brinco dizendo que Vo\u00e7oroca \u00e9 muito maior do que imaginamos&#8221;, disse Zelito Passos.<\/p>\n<p>Os tr\u00eas amigos decidiram ent\u00e3o n\u00e3o deixar a ideia morrer e transformaram o roteiro da s\u00e9rie para audiovisual, escrito por Beto e Zelito, juntamente com o storyboard feito pelo Cac\u00e1, em um livro infanto-juvenil.<\/p>\n<p>&#8220;E o interessante \u00e9 que, sete anos depois de come\u00e7armos a trabalhar nessa ideia, a hist\u00f3ria hoje ficou ainda mais atual e mais verdadeira, em raz\u00e3o dos acontecimentos mais recentes&#8221;, disse Beto Seabra, em refer\u00eancia aos ataques que os povos ind\u00edgenas sofreram durante o governo passado.<\/p>\n<p>O livro Uira\u00e7u: em busca das lendas perdidas tem a supervis\u00e3o editorial de Andr\u00e9 Cerino, a consultoria t\u00e9cnica de Ma\u00edra Elluk\u00e9, pesquisa e edi\u00e7\u00e3o de Ana L\u00facia de Medeiros Batista e revis\u00e3o de Maria Am\u00e9lia El\u00f3i.<\/p>\n<p>A 7\u00aa Feira Liter\u00e1ria de Bonito deste ano ter\u00e1 como tema &#8220;Literatura &amp; Natureza: uma hist\u00f3ria para contar&#8221;, e acontecer\u00e1 na Pra\u00e7a da Liberdade, com a presen\u00e7a de grandes nomes da literatura e da m\u00fasica brasileiras. Uira\u00e7u ser\u00e1 lan\u00e7ado no dia 8 (s\u00e1bado), \u00e0s 17 horas, no espa\u00e7o Lounge Fala Natureza.<\/p>\n<p><strong>Servi\u00e7o:<\/strong><br \/>\nUira\u00e7u: em busca das lendas perdidas<br \/>\n(Bras\u00edlia, 2023, editora Ninho da Palavra)<br \/>\nLivro de literatura infanto-juvenil<br \/>\n84 p\u00e1ginas, colorido.<br \/>\nAutores; Beto Seabra e Zelito Passos<br \/>\nCac\u00e1 Soares (ilustra\u00e7\u00f5es)<br \/>\n\u200bPre\u00e7o: 50 reais<br \/>\nLan\u00e7amento:<br \/>\ndia 8 de julho (s\u00e1bado)<br \/>\n7\u00aa FLIB, \u00e0s 17 horas.<\/p>\n<p>Haver\u00e1 lan\u00e7amentos do livro no Distrito Federal, nos meses de julho e agosto, em datas e locais a serem informados em breve.<\/p>\n<div class=\"nLG8d5\" data-hook=\"post-description\">\n<article class=\"blog-post-page-font\">\n<div class=\"post-content__body\">\n<div class=\"moHCnT\">\n<div class=\"moHCnT\">\n<div class=\"fTEXDR A2sIZ4 QEEfz0\" data-rce-version=\"9.11.0\">\n<div class=\"itVXy dojW8l s6hjqn _8a1b4\" dir=\"ltr\" data-id=\"rich-content-viewer\">\n<div class=\"mhGZq BAGeNT\">\n<p id=\"viewer-5qgub\" class=\"xVISr Y9Dpf bCMSCT OZy-3 lnyWN yMZv8w bCMSCT public-DraftStyleDefault-block-depth0 fixed-tab-size public-DraftStyleDefault-text-ltr\"><span class=\"B2EFF public-DraftStyleDefault-ltr\">Contatos com os autores<em>: <\/em><a class=\"TWoY9 itht3\" href=\"mailto:betoseabra2010@gmail.com\" target=\"_blank\" rel=\"noopener noreferrer\" data-hook=\"linkViewer\"><em>betoseabra2010@gmail.com<\/em><\/a><em> \u2013 61 99970-8574; <\/em><a class=\"TWoY9 itht3\" href=\"mailto:zelitopassos@gmail.com\" target=\"_blank\" rel=\"noopener noreferrer\" data-hook=\"linkViewer\"><em>zelitopassos@gmail.com<\/em><\/a><em> \u2013 61 99682-2159; <\/em><a class=\"TWoY9 itht3\" href=\"mailto:cacadraw@gmail.com\" target=\"_blank\" rel=\"noopener noreferrer\" data-hook=\"linkViewer\"><em>cacadraw@gmail.com<\/em><\/a><em> \u2013 61 98124-1964.<\/em><\/span><\/p>\n<\/div>\n<\/div>\n<\/div>\n<\/div>\n<\/div>\n<\/div>\n<\/article>\n<\/div>\n","protected":false},"excerpt":{"rendered":"<p>A 7\u00aa FLIB &#8211; Feira Liter\u00e1ria de Bonito, em Mato Grosso do Sul, que acontece at\u00e9 o domingo, 9, ser\u00e1 espa\u00e7o para o lan\u00e7amento de um livro infanto-juvenil de tr\u00eas autores de Bras\u00edlia. Uira\u00e7u: em busca das lendas perdidas, da Editora Ninho da Palavra, \u00e9 assinado por Beto Seabra, Cac\u00e1 Soares e Zelito Passos. Beto, [&hellip;]<\/p>\n","protected":false},"author":2,"featured_media":308297,"comment_status":"closed","ping_status":"closed","sticky":false,"template":"","format":"standard","meta":{"_acf_changed":false,"footnotes":""},"categories":[161],"tags":[],"class_list":["post-308296","post","type-post","status-publish","format-standard","has-post-thumbnail","hentry","category-quadradinho-em-foco"],"acf":[],"yoast_head":"<!-- This site is optimized with the Yoast SEO plugin v27.2 - https:\/\/yoast.com\/product\/yoast-seo-wordpress\/ -->\n<title>Brasilienses lan\u00e7am livro infanto-juvenil em Bonito - Notibras<\/title>\n<meta name=\"robots\" content=\"index, follow, max-snippet:-1, max-image-preview:large, max-video-preview:-1\" \/>\n<link rel=\"canonical\" href=\"https:\/\/www.notibras.com\/site\/brasilienses-lancam-livro-infanto-juvenil-em-bonito\/\" \/>\n<meta property=\"og:locale\" content=\"pt_BR\" \/>\n<meta property=\"og:type\" content=\"article\" \/>\n<meta property=\"og:title\" content=\"Brasilienses lan\u00e7am livro infanto-juvenil em Bonito - Notibras\" \/>\n<meta property=\"og:description\" content=\"A 7\u00aa FLIB &#8211; Feira Liter\u00e1ria de Bonito, em Mato Grosso do Sul, que acontece at\u00e9 o domingo, 9, ser\u00e1 espa\u00e7o para o lan\u00e7amento de um livro infanto-juvenil de tr\u00eas autores de Bras\u00edlia. Uira\u00e7u: em busca das lendas perdidas, da Editora Ninho da Palavra, \u00e9 assinado por Beto Seabra, Cac\u00e1 Soares e Zelito Passos. Beto, [&hellip;]\" \/>\n<meta property=\"og:url\" content=\"https:\/\/www.notibras.com\/site\/brasilienses-lancam-livro-infanto-juvenil-em-bonito\/\" \/>\n<meta property=\"og:site_name\" content=\"Notibras\" \/>\n<meta property=\"article:publisher\" content=\"https:\/\/www.facebook.com\/notibras\/\" \/>\n<meta property=\"article:published_time\" content=\"2023-07-06T09:10:21+00:00\" \/>\n<meta property=\"og:image\" content=\"https:\/\/www.notibras.com\/site\/wp-content\/uploads\/2023\/07\/uiracu.webp\" \/>\n\t<meta property=\"og:image:width\" content=\"832\" \/>\n\t<meta property=\"og:image:height\" content=\"852\" \/>\n\t<meta property=\"og:image:type\" content=\"image\/webp\" \/>\n<meta name=\"author\" content=\"Reda\u00e7\u00e3o\" \/>\n<meta name=\"twitter:card\" content=\"summary_large_image\" \/>\n<meta name=\"twitter:creator\" content=\"@Notibras\" \/>\n<meta name=\"twitter:site\" content=\"@Notibras\" \/>\n<meta name=\"twitter:label1\" content=\"Escrito por\" \/>\n\t<meta name=\"twitter:data1\" content=\"Reda\u00e7\u00e3o\" \/>\n\t<meta name=\"twitter:label2\" content=\"Est. tempo de leitura\" \/>\n\t<meta name=\"twitter:data2\" content=\"5 minutos\" \/>\n<script type=\"application\/ld+json\" class=\"yoast-schema-graph\">{\"@context\":\"https:\/\/schema.org\",\"@graph\":[{\"@type\":\"Article\",\"@id\":\"https:\/\/www.notibras.com\/site\/brasilienses-lancam-livro-infanto-juvenil-em-bonito\/#article\",\"isPartOf\":{\"@id\":\"https:\/\/www.notibras.com\/site\/brasilienses-lancam-livro-infanto-juvenil-em-bonito\/\"},\"author\":{\"name\":\"Reda\u00e7\u00e3o\",\"@id\":\"https:\/\/www.notibras.com\/site\/#\/schema\/person\/36ab0979449956132d3e5b517ea76ac8\"},\"headline\":\"Brasilienses lan\u00e7am livro infanto-juvenil em Bonito\",\"datePublished\":\"2023-07-06T09:10:21+00:00\",\"mainEntityOfPage\":{\"@id\":\"https:\/\/www.notibras.com\/site\/brasilienses-lancam-livro-infanto-juvenil-em-bonito\/\"},\"wordCount\":903,\"publisher\":{\"@id\":\"https:\/\/www.notibras.com\/site\/#organization\"},\"image\":{\"@id\":\"https:\/\/www.notibras.com\/site\/brasilienses-lancam-livro-infanto-juvenil-em-bonito\/#primaryimage\"},\"thumbnailUrl\":\"https:\/\/www.notibras.com\/site\/wp-content\/uploads\/2023\/07\/uiracu.webp\",\"articleSection\":[\"Quadradinho em Foco\"],\"inLanguage\":\"pt-BR\"},{\"@type\":\"WebPage\",\"@id\":\"https:\/\/www.notibras.com\/site\/brasilienses-lancam-livro-infanto-juvenil-em-bonito\/\",\"url\":\"https:\/\/www.notibras.com\/site\/brasilienses-lancam-livro-infanto-juvenil-em-bonito\/\",\"name\":\"Brasilienses lan\u00e7am livro infanto-juvenil em Bonito - Notibras\",\"isPartOf\":{\"@id\":\"https:\/\/www.notibras.com\/site\/#website\"},\"primaryImageOfPage\":{\"@id\":\"https:\/\/www.notibras.com\/site\/brasilienses-lancam-livro-infanto-juvenil-em-bonito\/#primaryimage\"},\"image\":{\"@id\":\"https:\/\/www.notibras.com\/site\/brasilienses-lancam-livro-infanto-juvenil-em-bonito\/#primaryimage\"},\"thumbnailUrl\":\"https:\/\/www.notibras.com\/site\/wp-content\/uploads\/2023\/07\/uiracu.webp\",\"datePublished\":\"2023-07-06T09:10:21+00:00\",\"breadcrumb\":{\"@id\":\"https:\/\/www.notibras.com\/site\/brasilienses-lancam-livro-infanto-juvenil-em-bonito\/#breadcrumb\"},\"inLanguage\":\"pt-BR\",\"potentialAction\":[{\"@type\":\"ReadAction\",\"target\":[\"https:\/\/www.notibras.com\/site\/brasilienses-lancam-livro-infanto-juvenil-em-bonito\/\"]}]},{\"@type\":\"ImageObject\",\"inLanguage\":\"pt-BR\",\"@id\":\"https:\/\/www.notibras.com\/site\/brasilienses-lancam-livro-infanto-juvenil-em-bonito\/#primaryimage\",\"url\":\"https:\/\/www.notibras.com\/site\/wp-content\/uploads\/2023\/07\/uiracu.webp\",\"contentUrl\":\"https:\/\/www.notibras.com\/site\/wp-content\/uploads\/2023\/07\/uiracu.webp\",\"width\":832,\"height\":852},{\"@type\":\"BreadcrumbList\",\"@id\":\"https:\/\/www.notibras.com\/site\/brasilienses-lancam-livro-infanto-juvenil-em-bonito\/#breadcrumb\",\"itemListElement\":[{\"@type\":\"ListItem\",\"position\":1,\"name\":\"In\u00edcio\",\"item\":\"https:\/\/www.notibras.com\/site\/\"},{\"@type\":\"ListItem\",\"position\":2,\"name\":\"Brasilienses lan\u00e7am livro infanto-juvenil em Bonito\"}]},{\"@type\":\"WebSite\",\"@id\":\"https:\/\/www.notibras.com\/site\/#website\",\"url\":\"https:\/\/www.notibras.com\/site\/\",\"name\":\"Notibras\",\"description\":\"Not\u00edcias de Bras\u00edlia, do Brasil e do Mundo\",\"publisher\":{\"@id\":\"https:\/\/www.notibras.com\/site\/#organization\"},\"potentialAction\":[{\"@type\":\"SearchAction\",\"target\":{\"@type\":\"EntryPoint\",\"urlTemplate\":\"https:\/\/www.notibras.com\/site\/?s={search_term_string}\"},\"query-input\":{\"@type\":\"PropertyValueSpecification\",\"valueRequired\":true,\"valueName\":\"search_term_string\"}}],\"inLanguage\":\"pt-BR\"},{\"@type\":\"Organization\",\"@id\":\"https:\/\/www.notibras.com\/site\/#organization\",\"name\":\"Grupo Notibras de Comunica\u00e7\u00e3o\",\"url\":\"https:\/\/www.notibras.com\/site\/\",\"logo\":{\"@type\":\"ImageObject\",\"inLanguage\":\"pt-BR\",\"@id\":\"https:\/\/www.notibras.com\/site\/#\/schema\/logo\/image\/\",\"url\":\"https:\/\/www.notibras.com\/site\/wp-content\/uploads\/2023\/01\/notibras23.png\",\"contentUrl\":\"https:\/\/www.notibras.com\/site\/wp-content\/uploads\/2023\/01\/notibras23.png\",\"width\":350,\"height\":87,\"caption\":\"Grupo Notibras de Comunica\u00e7\u00e3o\"},\"image\":{\"@id\":\"https:\/\/www.notibras.com\/site\/#\/schema\/logo\/image\/\"},\"sameAs\":[\"https:\/\/www.facebook.com\/notibras\/\",\"https:\/\/x.com\/Notibras\",\"https:\/\/www.instagram.com\/notibras\/\"]},{\"@type\":\"Person\",\"@id\":\"https:\/\/www.notibras.com\/site\/#\/schema\/person\/36ab0979449956132d3e5b517ea76ac8\",\"name\":\"Reda\u00e7\u00e3o\",\"image\":{\"@type\":\"ImageObject\",\"inLanguage\":\"pt-BR\",\"@id\":\"https:\/\/secure.gravatar.com\/avatar\/e0a867bdedb85fd243eadf09663511f96fc81e0720a4a42581f334ad4303aa6b?s=96&d=mm&r=g\",\"url\":\"https:\/\/secure.gravatar.com\/avatar\/e0a867bdedb85fd243eadf09663511f96fc81e0720a4a42581f334ad4303aa6b?s=96&d=mm&r=g\",\"contentUrl\":\"https:\/\/secure.gravatar.com\/avatar\/e0a867bdedb85fd243eadf09663511f96fc81e0720a4a42581f334ad4303aa6b?s=96&d=mm&r=g\",\"caption\":\"Reda\u00e7\u00e3o\"}}]}<\/script>\n<!-- \/ Yoast SEO plugin. -->","yoast_head_json":{"title":"Brasilienses lan\u00e7am livro infanto-juvenil em Bonito - Notibras","robots":{"index":"index","follow":"follow","max-snippet":"max-snippet:-1","max-image-preview":"max-image-preview:large","max-video-preview":"max-video-preview:-1"},"canonical":"https:\/\/www.notibras.com\/site\/brasilienses-lancam-livro-infanto-juvenil-em-bonito\/","og_locale":"pt_BR","og_type":"article","og_title":"Brasilienses lan\u00e7am livro infanto-juvenil em Bonito - Notibras","og_description":"A 7\u00aa FLIB &#8211; Feira Liter\u00e1ria de Bonito, em Mato Grosso do Sul, que acontece at\u00e9 o domingo, 9, ser\u00e1 espa\u00e7o para o lan\u00e7amento de um livro infanto-juvenil de tr\u00eas autores de Bras\u00edlia. Uira\u00e7u: em busca das lendas perdidas, da Editora Ninho da Palavra, \u00e9 assinado por Beto Seabra, Cac\u00e1 Soares e Zelito Passos. Beto, [&hellip;]","og_url":"https:\/\/www.notibras.com\/site\/brasilienses-lancam-livro-infanto-juvenil-em-bonito\/","og_site_name":"Notibras","article_publisher":"https:\/\/www.facebook.com\/notibras\/","article_published_time":"2023-07-06T09:10:21+00:00","og_image":[{"width":832,"height":852,"url":"https:\/\/www.notibras.com\/site\/wp-content\/uploads\/2023\/07\/uiracu.webp","type":"image\/webp"}],"author":"Reda\u00e7\u00e3o","twitter_card":"summary_large_image","twitter_creator":"@Notibras","twitter_site":"@Notibras","twitter_misc":{"Escrito por":"Reda\u00e7\u00e3o","Est. tempo de leitura":"5 minutos"},"schema":{"@context":"https:\/\/schema.org","@graph":[{"@type":"Article","@id":"https:\/\/www.notibras.com\/site\/brasilienses-lancam-livro-infanto-juvenil-em-bonito\/#article","isPartOf":{"@id":"https:\/\/www.notibras.com\/site\/brasilienses-lancam-livro-infanto-juvenil-em-bonito\/"},"author":{"name":"Reda\u00e7\u00e3o","@id":"https:\/\/www.notibras.com\/site\/#\/schema\/person\/36ab0979449956132d3e5b517ea76ac8"},"headline":"Brasilienses lan\u00e7am livro infanto-juvenil em Bonito","datePublished":"2023-07-06T09:10:21+00:00","mainEntityOfPage":{"@id":"https:\/\/www.notibras.com\/site\/brasilienses-lancam-livro-infanto-juvenil-em-bonito\/"},"wordCount":903,"publisher":{"@id":"https:\/\/www.notibras.com\/site\/#organization"},"image":{"@id":"https:\/\/www.notibras.com\/site\/brasilienses-lancam-livro-infanto-juvenil-em-bonito\/#primaryimage"},"thumbnailUrl":"https:\/\/www.notibras.com\/site\/wp-content\/uploads\/2023\/07\/uiracu.webp","articleSection":["Quadradinho em Foco"],"inLanguage":"pt-BR"},{"@type":"WebPage","@id":"https:\/\/www.notibras.com\/site\/brasilienses-lancam-livro-infanto-juvenil-em-bonito\/","url":"https:\/\/www.notibras.com\/site\/brasilienses-lancam-livro-infanto-juvenil-em-bonito\/","name":"Brasilienses lan\u00e7am livro infanto-juvenil em Bonito - Notibras","isPartOf":{"@id":"https:\/\/www.notibras.com\/site\/#website"},"primaryImageOfPage":{"@id":"https:\/\/www.notibras.com\/site\/brasilienses-lancam-livro-infanto-juvenil-em-bonito\/#primaryimage"},"image":{"@id":"https:\/\/www.notibras.com\/site\/brasilienses-lancam-livro-infanto-juvenil-em-bonito\/#primaryimage"},"thumbnailUrl":"https:\/\/www.notibras.com\/site\/wp-content\/uploads\/2023\/07\/uiracu.webp","datePublished":"2023-07-06T09:10:21+00:00","breadcrumb":{"@id":"https:\/\/www.notibras.com\/site\/brasilienses-lancam-livro-infanto-juvenil-em-bonito\/#breadcrumb"},"inLanguage":"pt-BR","potentialAction":[{"@type":"ReadAction","target":["https:\/\/www.notibras.com\/site\/brasilienses-lancam-livro-infanto-juvenil-em-bonito\/"]}]},{"@type":"ImageObject","inLanguage":"pt-BR","@id":"https:\/\/www.notibras.com\/site\/brasilienses-lancam-livro-infanto-juvenil-em-bonito\/#primaryimage","url":"https:\/\/www.notibras.com\/site\/wp-content\/uploads\/2023\/07\/uiracu.webp","contentUrl":"https:\/\/www.notibras.com\/site\/wp-content\/uploads\/2023\/07\/uiracu.webp","width":832,"height":852},{"@type":"BreadcrumbList","@id":"https:\/\/www.notibras.com\/site\/brasilienses-lancam-livro-infanto-juvenil-em-bonito\/#breadcrumb","itemListElement":[{"@type":"ListItem","position":1,"name":"In\u00edcio","item":"https:\/\/www.notibras.com\/site\/"},{"@type":"ListItem","position":2,"name":"Brasilienses lan\u00e7am livro infanto-juvenil em Bonito"}]},{"@type":"WebSite","@id":"https:\/\/www.notibras.com\/site\/#website","url":"https:\/\/www.notibras.com\/site\/","name":"Notibras","description":"Not\u00edcias de Bras\u00edlia, do Brasil e do Mundo","publisher":{"@id":"https:\/\/www.notibras.com\/site\/#organization"},"potentialAction":[{"@type":"SearchAction","target":{"@type":"EntryPoint","urlTemplate":"https:\/\/www.notibras.com\/site\/?s={search_term_string}"},"query-input":{"@type":"PropertyValueSpecification","valueRequired":true,"valueName":"search_term_string"}}],"inLanguage":"pt-BR"},{"@type":"Organization","@id":"https:\/\/www.notibras.com\/site\/#organization","name":"Grupo Notibras de Comunica\u00e7\u00e3o","url":"https:\/\/www.notibras.com\/site\/","logo":{"@type":"ImageObject","inLanguage":"pt-BR","@id":"https:\/\/www.notibras.com\/site\/#\/schema\/logo\/image\/","url":"https:\/\/www.notibras.com\/site\/wp-content\/uploads\/2023\/01\/notibras23.png","contentUrl":"https:\/\/www.notibras.com\/site\/wp-content\/uploads\/2023\/01\/notibras23.png","width":350,"height":87,"caption":"Grupo Notibras de Comunica\u00e7\u00e3o"},"image":{"@id":"https:\/\/www.notibras.com\/site\/#\/schema\/logo\/image\/"},"sameAs":["https:\/\/www.facebook.com\/notibras\/","https:\/\/x.com\/Notibras","https:\/\/www.instagram.com\/notibras\/"]},{"@type":"Person","@id":"https:\/\/www.notibras.com\/site\/#\/schema\/person\/36ab0979449956132d3e5b517ea76ac8","name":"Reda\u00e7\u00e3o","image":{"@type":"ImageObject","inLanguage":"pt-BR","@id":"https:\/\/secure.gravatar.com\/avatar\/e0a867bdedb85fd243eadf09663511f96fc81e0720a4a42581f334ad4303aa6b?s=96&d=mm&r=g","url":"https:\/\/secure.gravatar.com\/avatar\/e0a867bdedb85fd243eadf09663511f96fc81e0720a4a42581f334ad4303aa6b?s=96&d=mm&r=g","contentUrl":"https:\/\/secure.gravatar.com\/avatar\/e0a867bdedb85fd243eadf09663511f96fc81e0720a4a42581f334ad4303aa6b?s=96&d=mm&r=g","caption":"Reda\u00e7\u00e3o"}}]}},"amp_enabled":true,"_links":{"self":[{"href":"https:\/\/www.notibras.com\/site\/wp-json\/wp\/v2\/posts\/308296","targetHints":{"allow":["GET"]}}],"collection":[{"href":"https:\/\/www.notibras.com\/site\/wp-json\/wp\/v2\/posts"}],"about":[{"href":"https:\/\/www.notibras.com\/site\/wp-json\/wp\/v2\/types\/post"}],"author":[{"embeddable":true,"href":"https:\/\/www.notibras.com\/site\/wp-json\/wp\/v2\/users\/2"}],"replies":[{"embeddable":true,"href":"https:\/\/www.notibras.com\/site\/wp-json\/wp\/v2\/comments?post=308296"}],"version-history":[{"count":2,"href":"https:\/\/www.notibras.com\/site\/wp-json\/wp\/v2\/posts\/308296\/revisions"}],"predecessor-version":[{"id":308299,"href":"https:\/\/www.notibras.com\/site\/wp-json\/wp\/v2\/posts\/308296\/revisions\/308299"}],"wp:featuredmedia":[{"embeddable":true,"href":"https:\/\/www.notibras.com\/site\/wp-json\/wp\/v2\/media\/308297"}],"wp:attachment":[{"href":"https:\/\/www.notibras.com\/site\/wp-json\/wp\/v2\/media?parent=308296"}],"wp:term":[{"taxonomy":"category","embeddable":true,"href":"https:\/\/www.notibras.com\/site\/wp-json\/wp\/v2\/categories?post=308296"},{"taxonomy":"post_tag","embeddable":true,"href":"https:\/\/www.notibras.com\/site\/wp-json\/wp\/v2\/tags?post=308296"}],"curies":[{"name":"wp","href":"https:\/\/api.w.org\/{rel}","templated":true}]}}