{"id":308327,"date":"2023-07-06T06:05:55","date_gmt":"2023-07-06T09:05:55","guid":{"rendered":"https:\/\/www.notibras.com\/site\/?p=308327"},"modified":"2023-07-06T02:42:47","modified_gmt":"2023-07-06T05:42:47","slug":"frederico-hans-corpos-e-charque-com-chimarrao","status":"publish","type":"post","link":"https:\/\/www.notibras.com\/site\/frederico-hans-corpos-e-charque-com-chimarrao\/","title":{"rendered":"Frederico, Hans, corpos e charque com chimarr\u00e3o"},"content":{"rendered":"<p>A hist\u00f3ria, contada numa noite de Lula Cheia na varanda de um apartamento da Asa Norte, neste inverno friorento de Bras\u00edlia, veio de longe, onde frio, ali\u00e1s, faz parte da rotina e da agenda tur\u00edstica. Quem ouviu, diz ter adormecido na mesma noite em meio a pesadelos. Vamos a ela:<\/p>\n<p>Sempre acordava com calafrios, que poderiam ser facilmente confundidos com um dos sintomas mais caracter\u00edsticos da mal\u00e1ria. Todavia, era t\u00e3o ga\u00facho, que nem havia sa\u00eddo do Rio Grande do Sul. Se bem que, por uma ou duas ocasi\u00f5es, botara as galochas na fronteira com o Uruguai.<\/p>\n<p>Frederico Fischer era casado, mas a esposa e os filhos haviam se mudado h\u00e1 tempos para Porto Alegre, de onde nunca mais tiveram disposi\u00e7\u00e3o para sequer uma visita ao long\u00ednquo rinc\u00e3o. Ele, por sua vez, preferia a solid\u00e3o e, por isso, n\u00e3o se lembrava da \u00faltima vez que tentou pegar o \u00f4nibus para a capital. Nunca foi. Preferia o ambiente rural da sua pequena est\u00e2ncia.<\/p>\n<p>Aqueles poucos mais de 50 anos pareciam come\u00e7ar a pesar nos largos ombros de Frederico. Com a enxada nas m\u00e3os calejadas, ele cambaleou para o lado e deixou o enorme corpo avermelhado pelo sol tombar. Caiu de bunda, quase ao mesmo tempo em que apertou seus olhos azuis. T\u00e3o azuis, que algu\u00e9m poderia duvidar que eram reais.<\/p>\n<p>Um redemoinho levantou poeira bem na fu\u00e7a de Frederico, que n\u00e3o se espantou. Ele j\u00e1 havia passado por isso algumas vezes. No entanto, todas elas aconteceram quando ele ainda era um menino gorducho que ficava assombrado com as hist\u00f3rias contadas pelo av\u00f4. Hist\u00f3rias sobre as trincheiras da Grande Guerra. Corpos mutilados em meio a tanta lama. A fome fazia os homens lutarem contra os ratos por um naco de carne, mesmo que essa carne fosse a de um companheiro abatido pelo fogo inimigo.<\/p>\n<p>Despertado do seu devaneio, Frederico se levantou. Estapeou a cal\u00e7a para expulsar a poeira. Rumou para a varanda da casa. Despejou \u00e1gua fervente sobre a cuia, sentou-se na cadeira de balan\u00e7o, degustou o chimarr\u00e3o. Pensou no que faria no resto daquela tarde. Nada lhe veio \u00e0 cabe\u00e7a, a n\u00e3o ser a saudade da fam\u00edlia.<\/p>\n<p>O pensamento de Frederico, no entanto, foi interrompido pelo cavalgar suave do cavalo que se aproximava, carregando no lombo um vizinho, o Hans. T\u00e3o alem\u00e3o quanto Frederico, Hans era pouca coisa mais alto.<\/p>\n<p>Cumprimentaram-se quase em sil\u00eancio, dividiram a bebida ga\u00facha. O sol j\u00e1 havia se posto, quando Frederico principiou a conversa.<\/p>\n<p>&#8211; Sinto falta da Frida e dos guris.<\/p>\n<p>&#8211; Acontece. Fez o charque?<\/p>\n<p>&#8211; T\u00e1 ali.<\/p>\n<p>Hans se levantou, cortou um bom peda\u00e7o da carne, fatiou-a na travessa de madeira sobre a mesa da cozinha. Voltou para a varanda e a ofereceu ao anfitri\u00e3o. Mastigaram, devoraram tudo com tanto gosto, que pareciam animais famintos. Adormeceram ali mesmo, apesar da previs\u00e3o de geada.<\/p>\n<p>Frederico foi o primeiro a acordar. Encolhido de frio, passou pela cozinha sem notar as v\u00e1rias pe\u00e7as de carnes penduradas em ganchos. Foi at\u00e9 o quarto, pegou dois cobertores, um para ele e outro para o amigo. Entretanto, passando novamente pela cozinha, ficou estarrecido. Diante dos seus olhos estavam pendurados os corpos desmembrados da sua mulher e dos seus filhos.<\/p>\n","protected":false},"excerpt":{"rendered":"<p>A hist\u00f3ria, contada numa noite de Lula Cheia na varanda de um apartamento da Asa Norte, neste inverno friorento de Bras\u00edlia, veio de longe, onde frio, ali\u00e1s, faz parte da rotina e da agenda tur\u00edstica. Quem ouviu, diz ter adormecido na mesma noite em meio a pesadelos. Vamos a ela: Sempre acordava com calafrios, que [&hellip;]<\/p>\n","protected":false},"author":2,"featured_media":308328,"comment_status":"closed","ping_status":"closed","sticky":false,"template":"","format":"standard","meta":{"_acf_changed":false,"footnotes":""},"categories":[161],"tags":[],"class_list":["post-308327","post","type-post","status-publish","format-standard","has-post-thumbnail","hentry","category-quadradinho-em-foco"],"acf":[],"yoast_head":"<!-- This site is optimized with the Yoast SEO plugin v27.2 - https:\/\/yoast.com\/product\/yoast-seo-wordpress\/ -->\n<title>Frederico, Hans, corpos e charque com chimarr\u00e3o - Notibras<\/title>\n<meta name=\"robots\" content=\"index, follow, max-snippet:-1, max-image-preview:large, max-video-preview:-1\" \/>\n<link rel=\"canonical\" href=\"https:\/\/www.notibras.com\/site\/frederico-hans-corpos-e-charque-com-chimarrao\/\" \/>\n<meta property=\"og:locale\" content=\"pt_BR\" \/>\n<meta property=\"og:type\" content=\"article\" \/>\n<meta property=\"og:title\" content=\"Frederico, Hans, corpos e charque com chimarr\u00e3o - Notibras\" \/>\n<meta property=\"og:description\" content=\"A hist\u00f3ria, contada numa noite de Lula Cheia na varanda de um apartamento da Asa Norte, neste inverno friorento de Bras\u00edlia, veio de longe, onde frio, ali\u00e1s, faz parte da rotina e da agenda tur\u00edstica. Quem ouviu, diz ter adormecido na mesma noite em meio a pesadelos. Vamos a ela: Sempre acordava com calafrios, que [&hellip;]\" \/>\n<meta property=\"og:url\" content=\"https:\/\/www.notibras.com\/site\/frederico-hans-corpos-e-charque-com-chimarrao\/\" \/>\n<meta property=\"og:site_name\" content=\"Notibras\" \/>\n<meta property=\"article:publisher\" content=\"https:\/\/www.facebook.com\/notibras\/\" \/>\n<meta property=\"article:published_time\" content=\"2023-07-06T09:05:55+00:00\" \/>\n<meta property=\"og:image\" content=\"https:\/\/www.notibras.com\/site\/wp-content\/uploads\/2023\/07\/chima.sacis_.webp\" \/>\n\t<meta property=\"og:image:width\" content=\"1024\" \/>\n\t<meta property=\"og:image:height\" content=\"682\" \/>\n\t<meta property=\"og:image:type\" content=\"image\/webp\" \/>\n<meta name=\"author\" content=\"Reda\u00e7\u00e3o\" \/>\n<meta name=\"twitter:card\" content=\"summary_large_image\" \/>\n<meta name=\"twitter:creator\" content=\"@Notibras\" \/>\n<meta name=\"twitter:site\" content=\"@Notibras\" \/>\n<meta name=\"twitter:label1\" content=\"Escrito por\" \/>\n\t<meta name=\"twitter:data1\" content=\"Reda\u00e7\u00e3o\" \/>\n\t<meta name=\"twitter:label2\" content=\"Est. tempo de leitura\" \/>\n\t<meta name=\"twitter:data2\" content=\"3 minutos\" \/>\n<script type=\"application\/ld+json\" class=\"yoast-schema-graph\">{\"@context\":\"https:\/\/schema.org\",\"@graph\":[{\"@type\":\"Article\",\"@id\":\"https:\/\/www.notibras.com\/site\/frederico-hans-corpos-e-charque-com-chimarrao\/#article\",\"isPartOf\":{\"@id\":\"https:\/\/www.notibras.com\/site\/frederico-hans-corpos-e-charque-com-chimarrao\/\"},\"author\":{\"name\":\"Reda\u00e7\u00e3o\",\"@id\":\"https:\/\/www.notibras.com\/site\/#\/schema\/person\/36ab0979449956132d3e5b517ea76ac8\"},\"headline\":\"Frederico, Hans, corpos e charque com chimarr\u00e3o\",\"datePublished\":\"2023-07-06T09:05:55+00:00\",\"mainEntityOfPage\":{\"@id\":\"https:\/\/www.notibras.com\/site\/frederico-hans-corpos-e-charque-com-chimarrao\/\"},\"wordCount\":574,\"publisher\":{\"@id\":\"https:\/\/www.notibras.com\/site\/#organization\"},\"image\":{\"@id\":\"https:\/\/www.notibras.com\/site\/frederico-hans-corpos-e-charque-com-chimarrao\/#primaryimage\"},\"thumbnailUrl\":\"https:\/\/www.notibras.com\/site\/wp-content\/uploads\/2023\/07\/chima.sacis_.webp\",\"articleSection\":[\"Quadradinho em Foco\"],\"inLanguage\":\"pt-BR\"},{\"@type\":\"WebPage\",\"@id\":\"https:\/\/www.notibras.com\/site\/frederico-hans-corpos-e-charque-com-chimarrao\/\",\"url\":\"https:\/\/www.notibras.com\/site\/frederico-hans-corpos-e-charque-com-chimarrao\/\",\"name\":\"Frederico, Hans, corpos e charque com chimarr\u00e3o - Notibras\",\"isPartOf\":{\"@id\":\"https:\/\/www.notibras.com\/site\/#website\"},\"primaryImageOfPage\":{\"@id\":\"https:\/\/www.notibras.com\/site\/frederico-hans-corpos-e-charque-com-chimarrao\/#primaryimage\"},\"image\":{\"@id\":\"https:\/\/www.notibras.com\/site\/frederico-hans-corpos-e-charque-com-chimarrao\/#primaryimage\"},\"thumbnailUrl\":\"https:\/\/www.notibras.com\/site\/wp-content\/uploads\/2023\/07\/chima.sacis_.webp\",\"datePublished\":\"2023-07-06T09:05:55+00:00\",\"breadcrumb\":{\"@id\":\"https:\/\/www.notibras.com\/site\/frederico-hans-corpos-e-charque-com-chimarrao\/#breadcrumb\"},\"inLanguage\":\"pt-BR\",\"potentialAction\":[{\"@type\":\"ReadAction\",\"target\":[\"https:\/\/www.notibras.com\/site\/frederico-hans-corpos-e-charque-com-chimarrao\/\"]}]},{\"@type\":\"ImageObject\",\"inLanguage\":\"pt-BR\",\"@id\":\"https:\/\/www.notibras.com\/site\/frederico-hans-corpos-e-charque-com-chimarrao\/#primaryimage\",\"url\":\"https:\/\/www.notibras.com\/site\/wp-content\/uploads\/2023\/07\/chima.sacis_.webp\",\"contentUrl\":\"https:\/\/www.notibras.com\/site\/wp-content\/uploads\/2023\/07\/chima.sacis_.webp\",\"width\":1024,\"height\":682},{\"@type\":\"BreadcrumbList\",\"@id\":\"https:\/\/www.notibras.com\/site\/frederico-hans-corpos-e-charque-com-chimarrao\/#breadcrumb\",\"itemListElement\":[{\"@type\":\"ListItem\",\"position\":1,\"name\":\"In\u00edcio\",\"item\":\"https:\/\/www.notibras.com\/site\/\"},{\"@type\":\"ListItem\",\"position\":2,\"name\":\"Frederico, Hans, corpos e charque com chimarr\u00e3o\"}]},{\"@type\":\"WebSite\",\"@id\":\"https:\/\/www.notibras.com\/site\/#website\",\"url\":\"https:\/\/www.notibras.com\/site\/\",\"name\":\"Notibras\",\"description\":\"Not\u00edcias de Bras\u00edlia, do Brasil e do Mundo\",\"publisher\":{\"@id\":\"https:\/\/www.notibras.com\/site\/#organization\"},\"potentialAction\":[{\"@type\":\"SearchAction\",\"target\":{\"@type\":\"EntryPoint\",\"urlTemplate\":\"https:\/\/www.notibras.com\/site\/?s={search_term_string}\"},\"query-input\":{\"@type\":\"PropertyValueSpecification\",\"valueRequired\":true,\"valueName\":\"search_term_string\"}}],\"inLanguage\":\"pt-BR\"},{\"@type\":\"Organization\",\"@id\":\"https:\/\/www.notibras.com\/site\/#organization\",\"name\":\"Grupo Notibras de Comunica\u00e7\u00e3o\",\"url\":\"https:\/\/www.notibras.com\/site\/\",\"logo\":{\"@type\":\"ImageObject\",\"inLanguage\":\"pt-BR\",\"@id\":\"https:\/\/www.notibras.com\/site\/#\/schema\/logo\/image\/\",\"url\":\"https:\/\/www.notibras.com\/site\/wp-content\/uploads\/2023\/01\/notibras23.png\",\"contentUrl\":\"https:\/\/www.notibras.com\/site\/wp-content\/uploads\/2023\/01\/notibras23.png\",\"width\":350,\"height\":87,\"caption\":\"Grupo Notibras de Comunica\u00e7\u00e3o\"},\"image\":{\"@id\":\"https:\/\/www.notibras.com\/site\/#\/schema\/logo\/image\/\"},\"sameAs\":[\"https:\/\/www.facebook.com\/notibras\/\",\"https:\/\/x.com\/Notibras\",\"https:\/\/www.instagram.com\/notibras\/\"]},{\"@type\":\"Person\",\"@id\":\"https:\/\/www.notibras.com\/site\/#\/schema\/person\/36ab0979449956132d3e5b517ea76ac8\",\"name\":\"Reda\u00e7\u00e3o\",\"image\":{\"@type\":\"ImageObject\",\"inLanguage\":\"pt-BR\",\"@id\":\"https:\/\/secure.gravatar.com\/avatar\/e0a867bdedb85fd243eadf09663511f96fc81e0720a4a42581f334ad4303aa6b?s=96&d=mm&r=g\",\"url\":\"https:\/\/secure.gravatar.com\/avatar\/e0a867bdedb85fd243eadf09663511f96fc81e0720a4a42581f334ad4303aa6b?s=96&d=mm&r=g\",\"contentUrl\":\"https:\/\/secure.gravatar.com\/avatar\/e0a867bdedb85fd243eadf09663511f96fc81e0720a4a42581f334ad4303aa6b?s=96&d=mm&r=g\",\"caption\":\"Reda\u00e7\u00e3o\"}}]}<\/script>\n<!-- \/ Yoast SEO plugin. -->","yoast_head_json":{"title":"Frederico, Hans, corpos e charque com chimarr\u00e3o - Notibras","robots":{"index":"index","follow":"follow","max-snippet":"max-snippet:-1","max-image-preview":"max-image-preview:large","max-video-preview":"max-video-preview:-1"},"canonical":"https:\/\/www.notibras.com\/site\/frederico-hans-corpos-e-charque-com-chimarrao\/","og_locale":"pt_BR","og_type":"article","og_title":"Frederico, Hans, corpos e charque com chimarr\u00e3o - Notibras","og_description":"A hist\u00f3ria, contada numa noite de Lula Cheia na varanda de um apartamento da Asa Norte, neste inverno friorento de Bras\u00edlia, veio de longe, onde frio, ali\u00e1s, faz parte da rotina e da agenda tur\u00edstica. Quem ouviu, diz ter adormecido na mesma noite em meio a pesadelos. Vamos a ela: Sempre acordava com calafrios, que [&hellip;]","og_url":"https:\/\/www.notibras.com\/site\/frederico-hans-corpos-e-charque-com-chimarrao\/","og_site_name":"Notibras","article_publisher":"https:\/\/www.facebook.com\/notibras\/","article_published_time":"2023-07-06T09:05:55+00:00","og_image":[{"width":1024,"height":682,"url":"https:\/\/www.notibras.com\/site\/wp-content\/uploads\/2023\/07\/chima.sacis_.webp","type":"image\/webp"}],"author":"Reda\u00e7\u00e3o","twitter_card":"summary_large_image","twitter_creator":"@Notibras","twitter_site":"@Notibras","twitter_misc":{"Escrito por":"Reda\u00e7\u00e3o","Est. tempo de leitura":"3 minutos"},"schema":{"@context":"https:\/\/schema.org","@graph":[{"@type":"Article","@id":"https:\/\/www.notibras.com\/site\/frederico-hans-corpos-e-charque-com-chimarrao\/#article","isPartOf":{"@id":"https:\/\/www.notibras.com\/site\/frederico-hans-corpos-e-charque-com-chimarrao\/"},"author":{"name":"Reda\u00e7\u00e3o","@id":"https:\/\/www.notibras.com\/site\/#\/schema\/person\/36ab0979449956132d3e5b517ea76ac8"},"headline":"Frederico, Hans, corpos e charque com chimarr\u00e3o","datePublished":"2023-07-06T09:05:55+00:00","mainEntityOfPage":{"@id":"https:\/\/www.notibras.com\/site\/frederico-hans-corpos-e-charque-com-chimarrao\/"},"wordCount":574,"publisher":{"@id":"https:\/\/www.notibras.com\/site\/#organization"},"image":{"@id":"https:\/\/www.notibras.com\/site\/frederico-hans-corpos-e-charque-com-chimarrao\/#primaryimage"},"thumbnailUrl":"https:\/\/www.notibras.com\/site\/wp-content\/uploads\/2023\/07\/chima.sacis_.webp","articleSection":["Quadradinho em Foco"],"inLanguage":"pt-BR"},{"@type":"WebPage","@id":"https:\/\/www.notibras.com\/site\/frederico-hans-corpos-e-charque-com-chimarrao\/","url":"https:\/\/www.notibras.com\/site\/frederico-hans-corpos-e-charque-com-chimarrao\/","name":"Frederico, Hans, corpos e charque com chimarr\u00e3o - Notibras","isPartOf":{"@id":"https:\/\/www.notibras.com\/site\/#website"},"primaryImageOfPage":{"@id":"https:\/\/www.notibras.com\/site\/frederico-hans-corpos-e-charque-com-chimarrao\/#primaryimage"},"image":{"@id":"https:\/\/www.notibras.com\/site\/frederico-hans-corpos-e-charque-com-chimarrao\/#primaryimage"},"thumbnailUrl":"https:\/\/www.notibras.com\/site\/wp-content\/uploads\/2023\/07\/chima.sacis_.webp","datePublished":"2023-07-06T09:05:55+00:00","breadcrumb":{"@id":"https:\/\/www.notibras.com\/site\/frederico-hans-corpos-e-charque-com-chimarrao\/#breadcrumb"},"inLanguage":"pt-BR","potentialAction":[{"@type":"ReadAction","target":["https:\/\/www.notibras.com\/site\/frederico-hans-corpos-e-charque-com-chimarrao\/"]}]},{"@type":"ImageObject","inLanguage":"pt-BR","@id":"https:\/\/www.notibras.com\/site\/frederico-hans-corpos-e-charque-com-chimarrao\/#primaryimage","url":"https:\/\/www.notibras.com\/site\/wp-content\/uploads\/2023\/07\/chima.sacis_.webp","contentUrl":"https:\/\/www.notibras.com\/site\/wp-content\/uploads\/2023\/07\/chima.sacis_.webp","width":1024,"height":682},{"@type":"BreadcrumbList","@id":"https:\/\/www.notibras.com\/site\/frederico-hans-corpos-e-charque-com-chimarrao\/#breadcrumb","itemListElement":[{"@type":"ListItem","position":1,"name":"In\u00edcio","item":"https:\/\/www.notibras.com\/site\/"},{"@type":"ListItem","position":2,"name":"Frederico, Hans, corpos e charque com chimarr\u00e3o"}]},{"@type":"WebSite","@id":"https:\/\/www.notibras.com\/site\/#website","url":"https:\/\/www.notibras.com\/site\/","name":"Notibras","description":"Not\u00edcias de Bras\u00edlia, do Brasil e do Mundo","publisher":{"@id":"https:\/\/www.notibras.com\/site\/#organization"},"potentialAction":[{"@type":"SearchAction","target":{"@type":"EntryPoint","urlTemplate":"https:\/\/www.notibras.com\/site\/?s={search_term_string}"},"query-input":{"@type":"PropertyValueSpecification","valueRequired":true,"valueName":"search_term_string"}}],"inLanguage":"pt-BR"},{"@type":"Organization","@id":"https:\/\/www.notibras.com\/site\/#organization","name":"Grupo Notibras de Comunica\u00e7\u00e3o","url":"https:\/\/www.notibras.com\/site\/","logo":{"@type":"ImageObject","inLanguage":"pt-BR","@id":"https:\/\/www.notibras.com\/site\/#\/schema\/logo\/image\/","url":"https:\/\/www.notibras.com\/site\/wp-content\/uploads\/2023\/01\/notibras23.png","contentUrl":"https:\/\/www.notibras.com\/site\/wp-content\/uploads\/2023\/01\/notibras23.png","width":350,"height":87,"caption":"Grupo Notibras de Comunica\u00e7\u00e3o"},"image":{"@id":"https:\/\/www.notibras.com\/site\/#\/schema\/logo\/image\/"},"sameAs":["https:\/\/www.facebook.com\/notibras\/","https:\/\/x.com\/Notibras","https:\/\/www.instagram.com\/notibras\/"]},{"@type":"Person","@id":"https:\/\/www.notibras.com\/site\/#\/schema\/person\/36ab0979449956132d3e5b517ea76ac8","name":"Reda\u00e7\u00e3o","image":{"@type":"ImageObject","inLanguage":"pt-BR","@id":"https:\/\/secure.gravatar.com\/avatar\/e0a867bdedb85fd243eadf09663511f96fc81e0720a4a42581f334ad4303aa6b?s=96&d=mm&r=g","url":"https:\/\/secure.gravatar.com\/avatar\/e0a867bdedb85fd243eadf09663511f96fc81e0720a4a42581f334ad4303aa6b?s=96&d=mm&r=g","contentUrl":"https:\/\/secure.gravatar.com\/avatar\/e0a867bdedb85fd243eadf09663511f96fc81e0720a4a42581f334ad4303aa6b?s=96&d=mm&r=g","caption":"Reda\u00e7\u00e3o"}}]}},"amp_enabled":true,"_links":{"self":[{"href":"https:\/\/www.notibras.com\/site\/wp-json\/wp\/v2\/posts\/308327","targetHints":{"allow":["GET"]}}],"collection":[{"href":"https:\/\/www.notibras.com\/site\/wp-json\/wp\/v2\/posts"}],"about":[{"href":"https:\/\/www.notibras.com\/site\/wp-json\/wp\/v2\/types\/post"}],"author":[{"embeddable":true,"href":"https:\/\/www.notibras.com\/site\/wp-json\/wp\/v2\/users\/2"}],"replies":[{"embeddable":true,"href":"https:\/\/www.notibras.com\/site\/wp-json\/wp\/v2\/comments?post=308327"}],"version-history":[{"count":1,"href":"https:\/\/www.notibras.com\/site\/wp-json\/wp\/v2\/posts\/308327\/revisions"}],"predecessor-version":[{"id":308329,"href":"https:\/\/www.notibras.com\/site\/wp-json\/wp\/v2\/posts\/308327\/revisions\/308329"}],"wp:featuredmedia":[{"embeddable":true,"href":"https:\/\/www.notibras.com\/site\/wp-json\/wp\/v2\/media\/308328"}],"wp:attachment":[{"href":"https:\/\/www.notibras.com\/site\/wp-json\/wp\/v2\/media?parent=308327"}],"wp:term":[{"taxonomy":"category","embeddable":true,"href":"https:\/\/www.notibras.com\/site\/wp-json\/wp\/v2\/categories?post=308327"},{"taxonomy":"post_tag","embeddable":true,"href":"https:\/\/www.notibras.com\/site\/wp-json\/wp\/v2\/tags?post=308327"}],"curies":[{"name":"wp","href":"https:\/\/api.w.org\/{rel}","templated":true}]}}