{"id":308332,"date":"2023-07-06T06:02:41","date_gmt":"2023-07-06T09:02:41","guid":{"rendered":"https:\/\/www.notibras.com\/site\/?p=308332"},"modified":"2023-07-06T08:29:07","modified_gmt":"2023-07-06T11:29:07","slug":"pf-caca-quem-patrocinou-bomba-perto-do-aeroporto","status":"publish","type":"post","link":"https:\/\/www.notibras.com\/site\/pf-caca-quem-patrocinou-bomba-perto-do-aeroporto\/","title":{"rendered":"PF ca\u00e7a quem patrocinou bomba perto do aeroporto"},"content":{"rendered":"<p>A Pol\u00edcia Federal (PF) deflagrou nesta quinta-feira (6) a Opera\u00e7\u00e3o Embarque Negado. O objetivo \u00e9 apurar poss\u00edveis financiadores do atentado a bomba nas proximidades do Aeroporto Internacional Juscelino Kubitschek, em dezembro de 2022.<\/p>\n<p>A corpora\u00e7\u00e3o cumpre seis mandados de busca e apreens\u00e3o, sendo um em Marab\u00e1 (PA), um em \u00c1gua Boa (MT) e quatro no Distrito Federal.<\/p>\n<p>\u201cA investiga\u00e7\u00e3o se refere ao ocorrido nos dias 02\/12\/2022 e 08\/12\/2022, quando v\u00e1rias pessoas invadiram a \u00e1rea de acesso restrito e adjac\u00eancias do Aeroporto Internacional JK, causando uma s\u00e9rie de transtornos \u00e0 seguran\u00e7a a\u00e9rea e ao servi\u00e7o aeroportu\u00e1rio\u201d, informou a PF.<\/p>\n<p>Em nota, a corpora\u00e7\u00e3o destacou que os envolvidos est\u00e3o sendo investigados pelos crimes de atentado contra a seguran\u00e7a de transporte mar\u00edtimo, fluvial ou a\u00e9reo, atentado contra a seguran\u00e7a de servi\u00e7o de utilidade p\u00fablica e associa\u00e7\u00e3o criminosa.<\/p>\n","protected":false},"excerpt":{"rendered":"<p>A Pol\u00edcia Federal (PF) deflagrou nesta quinta-feira (6) a Opera\u00e7\u00e3o Embarque Negado. O objetivo \u00e9 apurar poss\u00edveis financiadores do atentado a bomba nas proximidades do Aeroporto Internacional Juscelino Kubitschek, em dezembro de 2022. A corpora\u00e7\u00e3o cumpre seis mandados de busca e apreens\u00e3o, sendo um em Marab\u00e1 (PA), um em \u00c1gua Boa (MT) e quatro no [&hellip;]<\/p>\n","protected":false},"author":2,"featured_media":282854,"comment_status":"closed","ping_status":"closed","sticky":false,"template":"","format":"standard","meta":{"_acf_changed":false,"footnotes":""},"categories":[161],"tags":[],"class_list":["post-308332","post","type-post","status-publish","format-standard","has-post-thumbnail","hentry","category-quadradinho-em-foco"],"acf":[],"yoast_head":"<!-- This site is optimized with the Yoast SEO plugin v27.2 - https:\/\/yoast.com\/product\/yoast-seo-wordpress\/ -->\n<title>PF ca\u00e7a quem patrocinou bomba perto do aeroporto - Notibras<\/title>\n<meta name=\"robots\" content=\"index, follow, max-snippet:-1, max-image-preview:large, max-video-preview:-1\" \/>\n<link rel=\"canonical\" href=\"https:\/\/www.notibras.com\/site\/pf-caca-quem-patrocinou-bomba-perto-do-aeroporto\/\" \/>\n<meta property=\"og:locale\" content=\"pt_BR\" \/>\n<meta property=\"og:type\" content=\"article\" \/>\n<meta property=\"og:title\" content=\"PF ca\u00e7a quem patrocinou bomba perto do aeroporto - Notibras\" \/>\n<meta property=\"og:description\" content=\"A Pol\u00edcia Federal (PF) deflagrou nesta quinta-feira (6) a Opera\u00e7\u00e3o Embarque Negado. O objetivo \u00e9 apurar poss\u00edveis financiadores do atentado a bomba nas proximidades do Aeroporto Internacional Juscelino Kubitschek, em dezembro de 2022. A corpora\u00e7\u00e3o cumpre seis mandados de busca e apreens\u00e3o, sendo um em Marab\u00e1 (PA), um em \u00c1gua Boa (MT) e quatro no [&hellip;]\" \/>\n<meta property=\"og:url\" content=\"https:\/\/www.notibras.com\/site\/pf-caca-quem-patrocinou-bomba-perto-do-aeroporto\/\" \/>\n<meta property=\"og:site_name\" content=\"Notibras\" \/>\n<meta property=\"article:publisher\" content=\"https:\/\/www.facebook.com\/notibras\/\" \/>\n<meta property=\"article:published_time\" content=\"2023-07-06T09:02:41+00:00\" \/>\n<meta property=\"article:modified_time\" content=\"2023-07-06T11:29:07+00:00\" \/>\n<meta property=\"og:image\" content=\"https:\/\/www.notibras.com\/site\/wp-content\/uploads\/2022\/03\/pf-marcelo-camargo.jpg\" \/>\n\t<meta property=\"og:image:width\" content=\"1170\" \/>\n\t<meta property=\"og:image:height\" content=\"700\" \/>\n\t<meta property=\"og:image:type\" content=\"image\/jpeg\" \/>\n<meta name=\"author\" content=\"Reda\u00e7\u00e3o\" \/>\n<meta name=\"twitter:card\" content=\"summary_large_image\" \/>\n<meta name=\"twitter:creator\" content=\"@Notibras\" \/>\n<meta name=\"twitter:site\" content=\"@Notibras\" \/>\n<meta name=\"twitter:label1\" content=\"Escrito por\" \/>\n\t<meta name=\"twitter:data1\" content=\"Reda\u00e7\u00e3o\" \/>\n\t<meta name=\"twitter:label2\" content=\"Est. tempo de leitura\" \/>\n\t<meta name=\"twitter:data2\" content=\"1 minuto\" \/>\n<script type=\"application\/ld+json\" class=\"yoast-schema-graph\">{\"@context\":\"https:\/\/schema.org\",\"@graph\":[{\"@type\":\"Article\",\"@id\":\"https:\/\/www.notibras.com\/site\/pf-caca-quem-patrocinou-bomba-perto-do-aeroporto\/#article\",\"isPartOf\":{\"@id\":\"https:\/\/www.notibras.com\/site\/pf-caca-quem-patrocinou-bomba-perto-do-aeroporto\/\"},\"author\":{\"name\":\"Reda\u00e7\u00e3o\",\"@id\":\"https:\/\/www.notibras.com\/site\/#\/schema\/person\/36ab0979449956132d3e5b517ea76ac8\"},\"headline\":\"PF ca\u00e7a quem patrocinou bomba perto do aeroporto\",\"datePublished\":\"2023-07-06T09:02:41+00:00\",\"dateModified\":\"2023-07-06T11:29:07+00:00\",\"mainEntityOfPage\":{\"@id\":\"https:\/\/www.notibras.com\/site\/pf-caca-quem-patrocinou-bomba-perto-do-aeroporto\/\"},\"wordCount\":159,\"publisher\":{\"@id\":\"https:\/\/www.notibras.com\/site\/#organization\"},\"image\":{\"@id\":\"https:\/\/www.notibras.com\/site\/pf-caca-quem-patrocinou-bomba-perto-do-aeroporto\/#primaryimage\"},\"thumbnailUrl\":\"https:\/\/www.notibras.com\/site\/wp-content\/uploads\/2022\/03\/pf-marcelo-camargo.jpg\",\"articleSection\":[\"Quadradinho em Foco\"],\"inLanguage\":\"pt-BR\"},{\"@type\":\"WebPage\",\"@id\":\"https:\/\/www.notibras.com\/site\/pf-caca-quem-patrocinou-bomba-perto-do-aeroporto\/\",\"url\":\"https:\/\/www.notibras.com\/site\/pf-caca-quem-patrocinou-bomba-perto-do-aeroporto\/\",\"name\":\"PF ca\u00e7a quem patrocinou bomba perto do aeroporto - Notibras\",\"isPartOf\":{\"@id\":\"https:\/\/www.notibras.com\/site\/#website\"},\"primaryImageOfPage\":{\"@id\":\"https:\/\/www.notibras.com\/site\/pf-caca-quem-patrocinou-bomba-perto-do-aeroporto\/#primaryimage\"},\"image\":{\"@id\":\"https:\/\/www.notibras.com\/site\/pf-caca-quem-patrocinou-bomba-perto-do-aeroporto\/#primaryimage\"},\"thumbnailUrl\":\"https:\/\/www.notibras.com\/site\/wp-content\/uploads\/2022\/03\/pf-marcelo-camargo.jpg\",\"datePublished\":\"2023-07-06T09:02:41+00:00\",\"dateModified\":\"2023-07-06T11:29:07+00:00\",\"breadcrumb\":{\"@id\":\"https:\/\/www.notibras.com\/site\/pf-caca-quem-patrocinou-bomba-perto-do-aeroporto\/#breadcrumb\"},\"inLanguage\":\"pt-BR\",\"potentialAction\":[{\"@type\":\"ReadAction\",\"target\":[\"https:\/\/www.notibras.com\/site\/pf-caca-quem-patrocinou-bomba-perto-do-aeroporto\/\"]}]},{\"@type\":\"ImageObject\",\"inLanguage\":\"pt-BR\",\"@id\":\"https:\/\/www.notibras.com\/site\/pf-caca-quem-patrocinou-bomba-perto-do-aeroporto\/#primaryimage\",\"url\":\"https:\/\/www.notibras.com\/site\/wp-content\/uploads\/2022\/03\/pf-marcelo-camargo.jpg\",\"contentUrl\":\"https:\/\/www.notibras.com\/site\/wp-content\/uploads\/2022\/03\/pf-marcelo-camargo.jpg\",\"width\":1170,\"height\":700,\"caption\":\"Cerim\u00f4nia de inaugura\u00e7\u00e3o da nova sede da Pol\u00edcia Federal, em Bras\u00edlia.\"},{\"@type\":\"BreadcrumbList\",\"@id\":\"https:\/\/www.notibras.com\/site\/pf-caca-quem-patrocinou-bomba-perto-do-aeroporto\/#breadcrumb\",\"itemListElement\":[{\"@type\":\"ListItem\",\"position\":1,\"name\":\"In\u00edcio\",\"item\":\"https:\/\/www.notibras.com\/site\/\"},{\"@type\":\"ListItem\",\"position\":2,\"name\":\"PF ca\u00e7a quem patrocinou bomba perto do aeroporto\"}]},{\"@type\":\"WebSite\",\"@id\":\"https:\/\/www.notibras.com\/site\/#website\",\"url\":\"https:\/\/www.notibras.com\/site\/\",\"name\":\"Notibras\",\"description\":\"Not\u00edcias de Bras\u00edlia, do Brasil e do Mundo\",\"publisher\":{\"@id\":\"https:\/\/www.notibras.com\/site\/#organization\"},\"potentialAction\":[{\"@type\":\"SearchAction\",\"target\":{\"@type\":\"EntryPoint\",\"urlTemplate\":\"https:\/\/www.notibras.com\/site\/?s={search_term_string}\"},\"query-input\":{\"@type\":\"PropertyValueSpecification\",\"valueRequired\":true,\"valueName\":\"search_term_string\"}}],\"inLanguage\":\"pt-BR\"},{\"@type\":\"Organization\",\"@id\":\"https:\/\/www.notibras.com\/site\/#organization\",\"name\":\"Grupo Notibras de Comunica\u00e7\u00e3o\",\"url\":\"https:\/\/www.notibras.com\/site\/\",\"logo\":{\"@type\":\"ImageObject\",\"inLanguage\":\"pt-BR\",\"@id\":\"https:\/\/www.notibras.com\/site\/#\/schema\/logo\/image\/\",\"url\":\"https:\/\/www.notibras.com\/site\/wp-content\/uploads\/2023\/01\/notibras23.png\",\"contentUrl\":\"https:\/\/www.notibras.com\/site\/wp-content\/uploads\/2023\/01\/notibras23.png\",\"width\":350,\"height\":87,\"caption\":\"Grupo Notibras de Comunica\u00e7\u00e3o\"},\"image\":{\"@id\":\"https:\/\/www.notibras.com\/site\/#\/schema\/logo\/image\/\"},\"sameAs\":[\"https:\/\/www.facebook.com\/notibras\/\",\"https:\/\/x.com\/Notibras\",\"https:\/\/www.instagram.com\/notibras\/\"]},{\"@type\":\"Person\",\"@id\":\"https:\/\/www.notibras.com\/site\/#\/schema\/person\/36ab0979449956132d3e5b517ea76ac8\",\"name\":\"Reda\u00e7\u00e3o\",\"image\":{\"@type\":\"ImageObject\",\"inLanguage\":\"pt-BR\",\"@id\":\"https:\/\/secure.gravatar.com\/avatar\/e0a867bdedb85fd243eadf09663511f96fc81e0720a4a42581f334ad4303aa6b?s=96&d=mm&r=g\",\"url\":\"https:\/\/secure.gravatar.com\/avatar\/e0a867bdedb85fd243eadf09663511f96fc81e0720a4a42581f334ad4303aa6b?s=96&d=mm&r=g\",\"contentUrl\":\"https:\/\/secure.gravatar.com\/avatar\/e0a867bdedb85fd243eadf09663511f96fc81e0720a4a42581f334ad4303aa6b?s=96&d=mm&r=g\",\"caption\":\"Reda\u00e7\u00e3o\"}}]}<\/script>\n<!-- \/ Yoast SEO plugin. -->","yoast_head_json":{"title":"PF ca\u00e7a quem patrocinou bomba perto do aeroporto - Notibras","robots":{"index":"index","follow":"follow","max-snippet":"max-snippet:-1","max-image-preview":"max-image-preview:large","max-video-preview":"max-video-preview:-1"},"canonical":"https:\/\/www.notibras.com\/site\/pf-caca-quem-patrocinou-bomba-perto-do-aeroporto\/","og_locale":"pt_BR","og_type":"article","og_title":"PF ca\u00e7a quem patrocinou bomba perto do aeroporto - Notibras","og_description":"A Pol\u00edcia Federal (PF) deflagrou nesta quinta-feira (6) a Opera\u00e7\u00e3o Embarque Negado. O objetivo \u00e9 apurar poss\u00edveis financiadores do atentado a bomba nas proximidades do Aeroporto Internacional Juscelino Kubitschek, em dezembro de 2022. A corpora\u00e7\u00e3o cumpre seis mandados de busca e apreens\u00e3o, sendo um em Marab\u00e1 (PA), um em \u00c1gua Boa (MT) e quatro no [&hellip;]","og_url":"https:\/\/www.notibras.com\/site\/pf-caca-quem-patrocinou-bomba-perto-do-aeroporto\/","og_site_name":"Notibras","article_publisher":"https:\/\/www.facebook.com\/notibras\/","article_published_time":"2023-07-06T09:02:41+00:00","article_modified_time":"2023-07-06T11:29:07+00:00","og_image":[{"width":1170,"height":700,"url":"https:\/\/www.notibras.com\/site\/wp-content\/uploads\/2022\/03\/pf-marcelo-camargo.jpg","type":"image\/jpeg"}],"author":"Reda\u00e7\u00e3o","twitter_card":"summary_large_image","twitter_creator":"@Notibras","twitter_site":"@Notibras","twitter_misc":{"Escrito por":"Reda\u00e7\u00e3o","Est. tempo de leitura":"1 minuto"},"schema":{"@context":"https:\/\/schema.org","@graph":[{"@type":"Article","@id":"https:\/\/www.notibras.com\/site\/pf-caca-quem-patrocinou-bomba-perto-do-aeroporto\/#article","isPartOf":{"@id":"https:\/\/www.notibras.com\/site\/pf-caca-quem-patrocinou-bomba-perto-do-aeroporto\/"},"author":{"name":"Reda\u00e7\u00e3o","@id":"https:\/\/www.notibras.com\/site\/#\/schema\/person\/36ab0979449956132d3e5b517ea76ac8"},"headline":"PF ca\u00e7a quem patrocinou bomba perto do aeroporto","datePublished":"2023-07-06T09:02:41+00:00","dateModified":"2023-07-06T11:29:07+00:00","mainEntityOfPage":{"@id":"https:\/\/www.notibras.com\/site\/pf-caca-quem-patrocinou-bomba-perto-do-aeroporto\/"},"wordCount":159,"publisher":{"@id":"https:\/\/www.notibras.com\/site\/#organization"},"image":{"@id":"https:\/\/www.notibras.com\/site\/pf-caca-quem-patrocinou-bomba-perto-do-aeroporto\/#primaryimage"},"thumbnailUrl":"https:\/\/www.notibras.com\/site\/wp-content\/uploads\/2022\/03\/pf-marcelo-camargo.jpg","articleSection":["Quadradinho em Foco"],"inLanguage":"pt-BR"},{"@type":"WebPage","@id":"https:\/\/www.notibras.com\/site\/pf-caca-quem-patrocinou-bomba-perto-do-aeroporto\/","url":"https:\/\/www.notibras.com\/site\/pf-caca-quem-patrocinou-bomba-perto-do-aeroporto\/","name":"PF ca\u00e7a quem patrocinou bomba perto do aeroporto - Notibras","isPartOf":{"@id":"https:\/\/www.notibras.com\/site\/#website"},"primaryImageOfPage":{"@id":"https:\/\/www.notibras.com\/site\/pf-caca-quem-patrocinou-bomba-perto-do-aeroporto\/#primaryimage"},"image":{"@id":"https:\/\/www.notibras.com\/site\/pf-caca-quem-patrocinou-bomba-perto-do-aeroporto\/#primaryimage"},"thumbnailUrl":"https:\/\/www.notibras.com\/site\/wp-content\/uploads\/2022\/03\/pf-marcelo-camargo.jpg","datePublished":"2023-07-06T09:02:41+00:00","dateModified":"2023-07-06T11:29:07+00:00","breadcrumb":{"@id":"https:\/\/www.notibras.com\/site\/pf-caca-quem-patrocinou-bomba-perto-do-aeroporto\/#breadcrumb"},"inLanguage":"pt-BR","potentialAction":[{"@type":"ReadAction","target":["https:\/\/www.notibras.com\/site\/pf-caca-quem-patrocinou-bomba-perto-do-aeroporto\/"]}]},{"@type":"ImageObject","inLanguage":"pt-BR","@id":"https:\/\/www.notibras.com\/site\/pf-caca-quem-patrocinou-bomba-perto-do-aeroporto\/#primaryimage","url":"https:\/\/www.notibras.com\/site\/wp-content\/uploads\/2022\/03\/pf-marcelo-camargo.jpg","contentUrl":"https:\/\/www.notibras.com\/site\/wp-content\/uploads\/2022\/03\/pf-marcelo-camargo.jpg","width":1170,"height":700,"caption":"Cerim\u00f4nia de inaugura\u00e7\u00e3o da nova sede da Pol\u00edcia Federal, em Bras\u00edlia."},{"@type":"BreadcrumbList","@id":"https:\/\/www.notibras.com\/site\/pf-caca-quem-patrocinou-bomba-perto-do-aeroporto\/#breadcrumb","itemListElement":[{"@type":"ListItem","position":1,"name":"In\u00edcio","item":"https:\/\/www.notibras.com\/site\/"},{"@type":"ListItem","position":2,"name":"PF ca\u00e7a quem patrocinou bomba perto do aeroporto"}]},{"@type":"WebSite","@id":"https:\/\/www.notibras.com\/site\/#website","url":"https:\/\/www.notibras.com\/site\/","name":"Notibras","description":"Not\u00edcias de Bras\u00edlia, do Brasil e do Mundo","publisher":{"@id":"https:\/\/www.notibras.com\/site\/#organization"},"potentialAction":[{"@type":"SearchAction","target":{"@type":"EntryPoint","urlTemplate":"https:\/\/www.notibras.com\/site\/?s={search_term_string}"},"query-input":{"@type":"PropertyValueSpecification","valueRequired":true,"valueName":"search_term_string"}}],"inLanguage":"pt-BR"},{"@type":"Organization","@id":"https:\/\/www.notibras.com\/site\/#organization","name":"Grupo Notibras de Comunica\u00e7\u00e3o","url":"https:\/\/www.notibras.com\/site\/","logo":{"@type":"ImageObject","inLanguage":"pt-BR","@id":"https:\/\/www.notibras.com\/site\/#\/schema\/logo\/image\/","url":"https:\/\/www.notibras.com\/site\/wp-content\/uploads\/2023\/01\/notibras23.png","contentUrl":"https:\/\/www.notibras.com\/site\/wp-content\/uploads\/2023\/01\/notibras23.png","width":350,"height":87,"caption":"Grupo Notibras de Comunica\u00e7\u00e3o"},"image":{"@id":"https:\/\/www.notibras.com\/site\/#\/schema\/logo\/image\/"},"sameAs":["https:\/\/www.facebook.com\/notibras\/","https:\/\/x.com\/Notibras","https:\/\/www.instagram.com\/notibras\/"]},{"@type":"Person","@id":"https:\/\/www.notibras.com\/site\/#\/schema\/person\/36ab0979449956132d3e5b517ea76ac8","name":"Reda\u00e7\u00e3o","image":{"@type":"ImageObject","inLanguage":"pt-BR","@id":"https:\/\/secure.gravatar.com\/avatar\/e0a867bdedb85fd243eadf09663511f96fc81e0720a4a42581f334ad4303aa6b?s=96&d=mm&r=g","url":"https:\/\/secure.gravatar.com\/avatar\/e0a867bdedb85fd243eadf09663511f96fc81e0720a4a42581f334ad4303aa6b?s=96&d=mm&r=g","contentUrl":"https:\/\/secure.gravatar.com\/avatar\/e0a867bdedb85fd243eadf09663511f96fc81e0720a4a42581f334ad4303aa6b?s=96&d=mm&r=g","caption":"Reda\u00e7\u00e3o"}}]}},"amp_enabled":true,"_links":{"self":[{"href":"https:\/\/www.notibras.com\/site\/wp-json\/wp\/v2\/posts\/308332","targetHints":{"allow":["GET"]}}],"collection":[{"href":"https:\/\/www.notibras.com\/site\/wp-json\/wp\/v2\/posts"}],"about":[{"href":"https:\/\/www.notibras.com\/site\/wp-json\/wp\/v2\/types\/post"}],"author":[{"embeddable":true,"href":"https:\/\/www.notibras.com\/site\/wp-json\/wp\/v2\/users\/2"}],"replies":[{"embeddable":true,"href":"https:\/\/www.notibras.com\/site\/wp-json\/wp\/v2\/comments?post=308332"}],"version-history":[{"count":1,"href":"https:\/\/www.notibras.com\/site\/wp-json\/wp\/v2\/posts\/308332\/revisions"}],"predecessor-version":[{"id":308333,"href":"https:\/\/www.notibras.com\/site\/wp-json\/wp\/v2\/posts\/308332\/revisions\/308333"}],"wp:featuredmedia":[{"embeddable":true,"href":"https:\/\/www.notibras.com\/site\/wp-json\/wp\/v2\/media\/282854"}],"wp:attachment":[{"href":"https:\/\/www.notibras.com\/site\/wp-json\/wp\/v2\/media?parent=308332"}],"wp:term":[{"taxonomy":"category","embeddable":true,"href":"https:\/\/www.notibras.com\/site\/wp-json\/wp\/v2\/categories?post=308332"},{"taxonomy":"post_tag","embeddable":true,"href":"https:\/\/www.notibras.com\/site\/wp-json\/wp\/v2\/tags?post=308332"}],"curies":[{"name":"wp","href":"https:\/\/api.w.org\/{rel}","templated":true}]}}