{"id":308393,"date":"2023-07-07T00:11:16","date_gmt":"2023-07-07T03:11:16","guid":{"rendered":"https:\/\/www.notibras.com\/site\/?p=308393"},"modified":"2023-07-07T04:47:54","modified_gmt":"2023-07-07T07:47:54","slug":"douglas-pega-15-anos-por-matar-o-desafeto-thiago","status":"publish","type":"post","link":"https:\/\/www.notibras.com\/site\/douglas-pega-15-anos-por-matar-o-desafeto-thiago\/","title":{"rendered":"Douglas pega 15 anos por matar o desafeto Thiago"},"content":{"rendered":"<p>O Tribunal do J\u00fari do Parano\u00e1 condenou Douglas de Jesus Alves a 15 anos de pris\u00e3o, em regime inicial fechado, por homic\u00eddio duplamente qualificado e destrui\u00e7\u00e3o e oculta\u00e7\u00e3o de cad\u00e1ver, crimes tipificados nos artigos 121 e 211 do C\u00f3digo Penal.<\/p>\n<p>Segundo a den\u00fancia do Minist\u00e9rio P\u00fablico no dia 24 de janeiro de 2021, no Condom\u00ednio Fazendinha, em Itapo\u00e3, Douglas matou Thiago Pedro Monteiro de Brito com golpes de faca por acreditar que a v\u00edtima teria cometido um roubo contra seu pai. No mesmo dia e local dos fatos, o r\u00e9u, com a ajuda de sua namorada, colocou o corpo dentro de um sof\u00e1, carregou at\u00e9 a rua e ateou fogo.<\/p>\n<p>Para o MP, o homic\u00eddio aconteceu por motivo torpe, em raz\u00e3o de suposto envolvimento da v\u00edtima em um roubo sofrido pelo pai do acusado Douglas, e ainda praticado mediante meio cruel, uma vez que o r\u00e9u agrediu brutalmente a v\u00edtima com diversos golpes de faca, provocando nela sofrimento intenso e desnecess\u00e1rio.<\/p>\n<p>Em plen\u00e1rio, o Juiz Presidente do J\u00fari destacou o fato de haver dois registros de maus antecedentes na folha penal do r\u00e9u e ainda ressaltou que o comportamento da v\u00edtima n\u00e3o contribuiu para o acontecimento do delito, \u201cpois n\u00e3o h\u00e1 not\u00edcia de que tenha incitado, facilitado ou induzido o r\u00e9u a cometer os crimes\u201d, disse o magistrado.<\/p>\n<p>Sendo assim, o Juiz n\u00e3o permitiu que Douglas recorra da senten\u00e7a em liberdade. \u201cDeixo de conceder ao r\u00e9u Douglas o direito de apelar em liberdade. Da an\u00e1lise de sua folha penal tem-se que a manuten\u00e7\u00e3o da pris\u00e3o cautelar justifica-se pela necessidade do resguardo da ordem p\u00fablica. Com efeito, h\u00e1 registro de condena\u00e7\u00f5es definitivas pela pr\u00e1tica de dois delitos de roubo. Demais disso, a gravidade do crime imp\u00f5e a segrega\u00e7\u00e3o como forma de acautelar o meio social e a pr\u00f3pria credibilidade da Justi\u00e7a, inviabilizando a possibilidade de substitui\u00e7\u00e3o da pris\u00e3o preventiva por cautelar\u201d, afirmou o Juiz.<\/p>\n","protected":false},"excerpt":{"rendered":"<p>O Tribunal do J\u00fari do Parano\u00e1 condenou Douglas de Jesus Alves a 15 anos de pris\u00e3o, em regime inicial fechado, por homic\u00eddio duplamente qualificado e destrui\u00e7\u00e3o e oculta\u00e7\u00e3o de cad\u00e1ver, crimes tipificados nos artigos 121 e 211 do C\u00f3digo Penal. Segundo a den\u00fancia do Minist\u00e9rio P\u00fablico no dia 24 de janeiro de 2021, no Condom\u00ednio [&hellip;]<\/p>\n","protected":false},"author":2,"featured_media":264129,"comment_status":"closed","ping_status":"closed","sticky":false,"template":"","format":"standard","meta":{"_acf_changed":false,"footnotes":""},"categories":[161],"tags":[],"class_list":["post-308393","post","type-post","status-publish","format-standard","has-post-thumbnail","hentry","category-quadradinho-em-foco"],"acf":[],"yoast_head":"<!-- This site is optimized with the Yoast SEO plugin v27.2 - https:\/\/yoast.com\/product\/yoast-seo-wordpress\/ -->\n<title>Douglas pega 15 anos por matar o desafeto Thiago - Notibras<\/title>\n<meta name=\"robots\" content=\"index, follow, max-snippet:-1, max-image-preview:large, max-video-preview:-1\" \/>\n<link rel=\"canonical\" href=\"https:\/\/www.notibras.com\/site\/douglas-pega-15-anos-por-matar-o-desafeto-thiago\/\" \/>\n<meta property=\"og:locale\" content=\"pt_BR\" \/>\n<meta property=\"og:type\" content=\"article\" \/>\n<meta property=\"og:title\" content=\"Douglas pega 15 anos por matar o desafeto Thiago - Notibras\" \/>\n<meta property=\"og:description\" content=\"O Tribunal do J\u00fari do Parano\u00e1 condenou Douglas de Jesus Alves a 15 anos de pris\u00e3o, em regime inicial fechado, por homic\u00eddio duplamente qualificado e destrui\u00e7\u00e3o e oculta\u00e7\u00e3o de cad\u00e1ver, crimes tipificados nos artigos 121 e 211 do C\u00f3digo Penal. Segundo a den\u00fancia do Minist\u00e9rio P\u00fablico no dia 24 de janeiro de 2021, no Condom\u00ednio [&hellip;]\" \/>\n<meta property=\"og:url\" content=\"https:\/\/www.notibras.com\/site\/douglas-pega-15-anos-por-matar-o-desafeto-thiago\/\" \/>\n<meta property=\"og:site_name\" content=\"Notibras\" \/>\n<meta property=\"article:publisher\" content=\"https:\/\/www.facebook.com\/notibras\/\" \/>\n<meta property=\"article:published_time\" content=\"2023-07-07T03:11:16+00:00\" \/>\n<meta property=\"article:modified_time\" content=\"2023-07-07T07:47:54+00:00\" \/>\n<meta property=\"og:image\" content=\"https:\/\/www.notibras.com\/site\/wp-content\/uploads\/2021\/07\/evd-cela-prisao-mental-eliana.jpg\" \/>\n\t<meta property=\"og:image:width\" content=\"1024\" \/>\n\t<meta property=\"og:image:height\" content=\"768\" \/>\n\t<meta property=\"og:image:type\" content=\"image\/jpeg\" \/>\n<meta name=\"author\" content=\"Reda\u00e7\u00e3o\" \/>\n<meta name=\"twitter:card\" content=\"summary_large_image\" \/>\n<meta name=\"twitter:creator\" content=\"@Notibras\" \/>\n<meta name=\"twitter:site\" content=\"@Notibras\" \/>\n<meta name=\"twitter:label1\" content=\"Escrito por\" \/>\n\t<meta name=\"twitter:data1\" content=\"Reda\u00e7\u00e3o\" \/>\n\t<meta name=\"twitter:label2\" content=\"Est. tempo de leitura\" \/>\n\t<meta name=\"twitter:data2\" content=\"2 minutos\" \/>\n<script type=\"application\/ld+json\" class=\"yoast-schema-graph\">{\"@context\":\"https:\/\/schema.org\",\"@graph\":[{\"@type\":\"Article\",\"@id\":\"https:\/\/www.notibras.com\/site\/douglas-pega-15-anos-por-matar-o-desafeto-thiago\/#article\",\"isPartOf\":{\"@id\":\"https:\/\/www.notibras.com\/site\/douglas-pega-15-anos-por-matar-o-desafeto-thiago\/\"},\"author\":{\"name\":\"Reda\u00e7\u00e3o\",\"@id\":\"https:\/\/www.notibras.com\/site\/#\/schema\/person\/36ab0979449956132d3e5b517ea76ac8\"},\"headline\":\"Douglas pega 15 anos por matar o desafeto Thiago\",\"datePublished\":\"2023-07-07T03:11:16+00:00\",\"dateModified\":\"2023-07-07T07:47:54+00:00\",\"mainEntityOfPage\":{\"@id\":\"https:\/\/www.notibras.com\/site\/douglas-pega-15-anos-por-matar-o-desafeto-thiago\/\"},\"wordCount\":358,\"publisher\":{\"@id\":\"https:\/\/www.notibras.com\/site\/#organization\"},\"image\":{\"@id\":\"https:\/\/www.notibras.com\/site\/douglas-pega-15-anos-por-matar-o-desafeto-thiago\/#primaryimage\"},\"thumbnailUrl\":\"https:\/\/www.notibras.com\/site\/wp-content\/uploads\/2021\/07\/evd-cela-prisao-mental-eliana.jpg\",\"articleSection\":[\"Quadradinho em Foco\"],\"inLanguage\":\"pt-BR\"},{\"@type\":\"WebPage\",\"@id\":\"https:\/\/www.notibras.com\/site\/douglas-pega-15-anos-por-matar-o-desafeto-thiago\/\",\"url\":\"https:\/\/www.notibras.com\/site\/douglas-pega-15-anos-por-matar-o-desafeto-thiago\/\",\"name\":\"Douglas pega 15 anos por matar o desafeto Thiago - Notibras\",\"isPartOf\":{\"@id\":\"https:\/\/www.notibras.com\/site\/#website\"},\"primaryImageOfPage\":{\"@id\":\"https:\/\/www.notibras.com\/site\/douglas-pega-15-anos-por-matar-o-desafeto-thiago\/#primaryimage\"},\"image\":{\"@id\":\"https:\/\/www.notibras.com\/site\/douglas-pega-15-anos-por-matar-o-desafeto-thiago\/#primaryimage\"},\"thumbnailUrl\":\"https:\/\/www.notibras.com\/site\/wp-content\/uploads\/2021\/07\/evd-cela-prisao-mental-eliana.jpg\",\"datePublished\":\"2023-07-07T03:11:16+00:00\",\"dateModified\":\"2023-07-07T07:47:54+00:00\",\"breadcrumb\":{\"@id\":\"https:\/\/www.notibras.com\/site\/douglas-pega-15-anos-por-matar-o-desafeto-thiago\/#breadcrumb\"},\"inLanguage\":\"pt-BR\",\"potentialAction\":[{\"@type\":\"ReadAction\",\"target\":[\"https:\/\/www.notibras.com\/site\/douglas-pega-15-anos-por-matar-o-desafeto-thiago\/\"]}]},{\"@type\":\"ImageObject\",\"inLanguage\":\"pt-BR\",\"@id\":\"https:\/\/www.notibras.com\/site\/douglas-pega-15-anos-por-matar-o-desafeto-thiago\/#primaryimage\",\"url\":\"https:\/\/www.notibras.com\/site\/wp-content\/uploads\/2021\/07\/evd-cela-prisao-mental-eliana.jpg\",\"contentUrl\":\"https:\/\/www.notibras.com\/site\/wp-content\/uploads\/2021\/07\/evd-cela-prisao-mental-eliana.jpg\",\"width\":1024,\"height\":768},{\"@type\":\"BreadcrumbList\",\"@id\":\"https:\/\/www.notibras.com\/site\/douglas-pega-15-anos-por-matar-o-desafeto-thiago\/#breadcrumb\",\"itemListElement\":[{\"@type\":\"ListItem\",\"position\":1,\"name\":\"In\u00edcio\",\"item\":\"https:\/\/www.notibras.com\/site\/\"},{\"@type\":\"ListItem\",\"position\":2,\"name\":\"Douglas pega 15 anos por matar o desafeto Thiago\"}]},{\"@type\":\"WebSite\",\"@id\":\"https:\/\/www.notibras.com\/site\/#website\",\"url\":\"https:\/\/www.notibras.com\/site\/\",\"name\":\"Notibras\",\"description\":\"Not\u00edcias de Bras\u00edlia, do Brasil e do Mundo\",\"publisher\":{\"@id\":\"https:\/\/www.notibras.com\/site\/#organization\"},\"potentialAction\":[{\"@type\":\"SearchAction\",\"target\":{\"@type\":\"EntryPoint\",\"urlTemplate\":\"https:\/\/www.notibras.com\/site\/?s={search_term_string}\"},\"query-input\":{\"@type\":\"PropertyValueSpecification\",\"valueRequired\":true,\"valueName\":\"search_term_string\"}}],\"inLanguage\":\"pt-BR\"},{\"@type\":\"Organization\",\"@id\":\"https:\/\/www.notibras.com\/site\/#organization\",\"name\":\"Grupo Notibras de Comunica\u00e7\u00e3o\",\"url\":\"https:\/\/www.notibras.com\/site\/\",\"logo\":{\"@type\":\"ImageObject\",\"inLanguage\":\"pt-BR\",\"@id\":\"https:\/\/www.notibras.com\/site\/#\/schema\/logo\/image\/\",\"url\":\"https:\/\/www.notibras.com\/site\/wp-content\/uploads\/2023\/01\/notibras23.png\",\"contentUrl\":\"https:\/\/www.notibras.com\/site\/wp-content\/uploads\/2023\/01\/notibras23.png\",\"width\":350,\"height\":87,\"caption\":\"Grupo Notibras de Comunica\u00e7\u00e3o\"},\"image\":{\"@id\":\"https:\/\/www.notibras.com\/site\/#\/schema\/logo\/image\/\"},\"sameAs\":[\"https:\/\/www.facebook.com\/notibras\/\",\"https:\/\/x.com\/Notibras\",\"https:\/\/www.instagram.com\/notibras\/\"]},{\"@type\":\"Person\",\"@id\":\"https:\/\/www.notibras.com\/site\/#\/schema\/person\/36ab0979449956132d3e5b517ea76ac8\",\"name\":\"Reda\u00e7\u00e3o\",\"image\":{\"@type\":\"ImageObject\",\"inLanguage\":\"pt-BR\",\"@id\":\"https:\/\/secure.gravatar.com\/avatar\/e0a867bdedb85fd243eadf09663511f96fc81e0720a4a42581f334ad4303aa6b?s=96&d=mm&r=g\",\"url\":\"https:\/\/secure.gravatar.com\/avatar\/e0a867bdedb85fd243eadf09663511f96fc81e0720a4a42581f334ad4303aa6b?s=96&d=mm&r=g\",\"contentUrl\":\"https:\/\/secure.gravatar.com\/avatar\/e0a867bdedb85fd243eadf09663511f96fc81e0720a4a42581f334ad4303aa6b?s=96&d=mm&r=g\",\"caption\":\"Reda\u00e7\u00e3o\"}}]}<\/script>\n<!-- \/ Yoast SEO plugin. -->","yoast_head_json":{"title":"Douglas pega 15 anos por matar o desafeto Thiago - Notibras","robots":{"index":"index","follow":"follow","max-snippet":"max-snippet:-1","max-image-preview":"max-image-preview:large","max-video-preview":"max-video-preview:-1"},"canonical":"https:\/\/www.notibras.com\/site\/douglas-pega-15-anos-por-matar-o-desafeto-thiago\/","og_locale":"pt_BR","og_type":"article","og_title":"Douglas pega 15 anos por matar o desafeto Thiago - Notibras","og_description":"O Tribunal do J\u00fari do Parano\u00e1 condenou Douglas de Jesus Alves a 15 anos de pris\u00e3o, em regime inicial fechado, por homic\u00eddio duplamente qualificado e destrui\u00e7\u00e3o e oculta\u00e7\u00e3o de cad\u00e1ver, crimes tipificados nos artigos 121 e 211 do C\u00f3digo Penal. Segundo a den\u00fancia do Minist\u00e9rio P\u00fablico no dia 24 de janeiro de 2021, no Condom\u00ednio [&hellip;]","og_url":"https:\/\/www.notibras.com\/site\/douglas-pega-15-anos-por-matar-o-desafeto-thiago\/","og_site_name":"Notibras","article_publisher":"https:\/\/www.facebook.com\/notibras\/","article_published_time":"2023-07-07T03:11:16+00:00","article_modified_time":"2023-07-07T07:47:54+00:00","og_image":[{"width":1024,"height":768,"url":"https:\/\/www.notibras.com\/site\/wp-content\/uploads\/2021\/07\/evd-cela-prisao-mental-eliana.jpg","type":"image\/jpeg"}],"author":"Reda\u00e7\u00e3o","twitter_card":"summary_large_image","twitter_creator":"@Notibras","twitter_site":"@Notibras","twitter_misc":{"Escrito por":"Reda\u00e7\u00e3o","Est. tempo de leitura":"2 minutos"},"schema":{"@context":"https:\/\/schema.org","@graph":[{"@type":"Article","@id":"https:\/\/www.notibras.com\/site\/douglas-pega-15-anos-por-matar-o-desafeto-thiago\/#article","isPartOf":{"@id":"https:\/\/www.notibras.com\/site\/douglas-pega-15-anos-por-matar-o-desafeto-thiago\/"},"author":{"name":"Reda\u00e7\u00e3o","@id":"https:\/\/www.notibras.com\/site\/#\/schema\/person\/36ab0979449956132d3e5b517ea76ac8"},"headline":"Douglas pega 15 anos por matar o desafeto Thiago","datePublished":"2023-07-07T03:11:16+00:00","dateModified":"2023-07-07T07:47:54+00:00","mainEntityOfPage":{"@id":"https:\/\/www.notibras.com\/site\/douglas-pega-15-anos-por-matar-o-desafeto-thiago\/"},"wordCount":358,"publisher":{"@id":"https:\/\/www.notibras.com\/site\/#organization"},"image":{"@id":"https:\/\/www.notibras.com\/site\/douglas-pega-15-anos-por-matar-o-desafeto-thiago\/#primaryimage"},"thumbnailUrl":"https:\/\/www.notibras.com\/site\/wp-content\/uploads\/2021\/07\/evd-cela-prisao-mental-eliana.jpg","articleSection":["Quadradinho em Foco"],"inLanguage":"pt-BR"},{"@type":"WebPage","@id":"https:\/\/www.notibras.com\/site\/douglas-pega-15-anos-por-matar-o-desafeto-thiago\/","url":"https:\/\/www.notibras.com\/site\/douglas-pega-15-anos-por-matar-o-desafeto-thiago\/","name":"Douglas pega 15 anos por matar o desafeto Thiago - Notibras","isPartOf":{"@id":"https:\/\/www.notibras.com\/site\/#website"},"primaryImageOfPage":{"@id":"https:\/\/www.notibras.com\/site\/douglas-pega-15-anos-por-matar-o-desafeto-thiago\/#primaryimage"},"image":{"@id":"https:\/\/www.notibras.com\/site\/douglas-pega-15-anos-por-matar-o-desafeto-thiago\/#primaryimage"},"thumbnailUrl":"https:\/\/www.notibras.com\/site\/wp-content\/uploads\/2021\/07\/evd-cela-prisao-mental-eliana.jpg","datePublished":"2023-07-07T03:11:16+00:00","dateModified":"2023-07-07T07:47:54+00:00","breadcrumb":{"@id":"https:\/\/www.notibras.com\/site\/douglas-pega-15-anos-por-matar-o-desafeto-thiago\/#breadcrumb"},"inLanguage":"pt-BR","potentialAction":[{"@type":"ReadAction","target":["https:\/\/www.notibras.com\/site\/douglas-pega-15-anos-por-matar-o-desafeto-thiago\/"]}]},{"@type":"ImageObject","inLanguage":"pt-BR","@id":"https:\/\/www.notibras.com\/site\/douglas-pega-15-anos-por-matar-o-desafeto-thiago\/#primaryimage","url":"https:\/\/www.notibras.com\/site\/wp-content\/uploads\/2021\/07\/evd-cela-prisao-mental-eliana.jpg","contentUrl":"https:\/\/www.notibras.com\/site\/wp-content\/uploads\/2021\/07\/evd-cela-prisao-mental-eliana.jpg","width":1024,"height":768},{"@type":"BreadcrumbList","@id":"https:\/\/www.notibras.com\/site\/douglas-pega-15-anos-por-matar-o-desafeto-thiago\/#breadcrumb","itemListElement":[{"@type":"ListItem","position":1,"name":"In\u00edcio","item":"https:\/\/www.notibras.com\/site\/"},{"@type":"ListItem","position":2,"name":"Douglas pega 15 anos por matar o desafeto Thiago"}]},{"@type":"WebSite","@id":"https:\/\/www.notibras.com\/site\/#website","url":"https:\/\/www.notibras.com\/site\/","name":"Notibras","description":"Not\u00edcias de Bras\u00edlia, do Brasil e do Mundo","publisher":{"@id":"https:\/\/www.notibras.com\/site\/#organization"},"potentialAction":[{"@type":"SearchAction","target":{"@type":"EntryPoint","urlTemplate":"https:\/\/www.notibras.com\/site\/?s={search_term_string}"},"query-input":{"@type":"PropertyValueSpecification","valueRequired":true,"valueName":"search_term_string"}}],"inLanguage":"pt-BR"},{"@type":"Organization","@id":"https:\/\/www.notibras.com\/site\/#organization","name":"Grupo Notibras de Comunica\u00e7\u00e3o","url":"https:\/\/www.notibras.com\/site\/","logo":{"@type":"ImageObject","inLanguage":"pt-BR","@id":"https:\/\/www.notibras.com\/site\/#\/schema\/logo\/image\/","url":"https:\/\/www.notibras.com\/site\/wp-content\/uploads\/2023\/01\/notibras23.png","contentUrl":"https:\/\/www.notibras.com\/site\/wp-content\/uploads\/2023\/01\/notibras23.png","width":350,"height":87,"caption":"Grupo Notibras de Comunica\u00e7\u00e3o"},"image":{"@id":"https:\/\/www.notibras.com\/site\/#\/schema\/logo\/image\/"},"sameAs":["https:\/\/www.facebook.com\/notibras\/","https:\/\/x.com\/Notibras","https:\/\/www.instagram.com\/notibras\/"]},{"@type":"Person","@id":"https:\/\/www.notibras.com\/site\/#\/schema\/person\/36ab0979449956132d3e5b517ea76ac8","name":"Reda\u00e7\u00e3o","image":{"@type":"ImageObject","inLanguage":"pt-BR","@id":"https:\/\/secure.gravatar.com\/avatar\/e0a867bdedb85fd243eadf09663511f96fc81e0720a4a42581f334ad4303aa6b?s=96&d=mm&r=g","url":"https:\/\/secure.gravatar.com\/avatar\/e0a867bdedb85fd243eadf09663511f96fc81e0720a4a42581f334ad4303aa6b?s=96&d=mm&r=g","contentUrl":"https:\/\/secure.gravatar.com\/avatar\/e0a867bdedb85fd243eadf09663511f96fc81e0720a4a42581f334ad4303aa6b?s=96&d=mm&r=g","caption":"Reda\u00e7\u00e3o"}}]}},"amp_enabled":true,"_links":{"self":[{"href":"https:\/\/www.notibras.com\/site\/wp-json\/wp\/v2\/posts\/308393","targetHints":{"allow":["GET"]}}],"collection":[{"href":"https:\/\/www.notibras.com\/site\/wp-json\/wp\/v2\/posts"}],"about":[{"href":"https:\/\/www.notibras.com\/site\/wp-json\/wp\/v2\/types\/post"}],"author":[{"embeddable":true,"href":"https:\/\/www.notibras.com\/site\/wp-json\/wp\/v2\/users\/2"}],"replies":[{"embeddable":true,"href":"https:\/\/www.notibras.com\/site\/wp-json\/wp\/v2\/comments?post=308393"}],"version-history":[{"count":1,"href":"https:\/\/www.notibras.com\/site\/wp-json\/wp\/v2\/posts\/308393\/revisions"}],"predecessor-version":[{"id":308394,"href":"https:\/\/www.notibras.com\/site\/wp-json\/wp\/v2\/posts\/308393\/revisions\/308394"}],"wp:featuredmedia":[{"embeddable":true,"href":"https:\/\/www.notibras.com\/site\/wp-json\/wp\/v2\/media\/264129"}],"wp:attachment":[{"href":"https:\/\/www.notibras.com\/site\/wp-json\/wp\/v2\/media?parent=308393"}],"wp:term":[{"taxonomy":"category","embeddable":true,"href":"https:\/\/www.notibras.com\/site\/wp-json\/wp\/v2\/categories?post=308393"},{"taxonomy":"post_tag","embeddable":true,"href":"https:\/\/www.notibras.com\/site\/wp-json\/wp\/v2\/tags?post=308393"}],"curies":[{"name":"wp","href":"https:\/\/api.w.org\/{rel}","templated":true}]}}