{"id":308396,"date":"2023-07-07T00:00:57","date_gmt":"2023-07-07T03:00:57","guid":{"rendered":"https:\/\/www.notibras.com\/site\/?p=308396"},"modified":"2023-07-07T04:57:03","modified_gmt":"2023-07-07T07:57:03","slug":"morador-de-condominio-obrigado-a-retirar-banheira","status":"publish","type":"post","link":"https:\/\/www.notibras.com\/site\/morador-de-condominio-obrigado-a-retirar-banheira\/","title":{"rendered":"Morador de condom\u00ednio obrigado a retirar banheira"},"content":{"rendered":"<p>A 5\u00aa Turma C\u00edvel do Tribunal de Justi\u00e7a determinou que um morador de apart-hotel em Taguatinga remova banheira instalada em seu apartamento. De acordo com o condom\u00ednio, o equipamento coloca em risco a edifica\u00e7\u00e3o.<\/p>\n<p>No processo, o condom\u00ednio informou que haveria risco grave de desabamento e poss\u00edveis danos a todo o residencial ou demais moradores que ali vivem. Assim, solicitou a restaura\u00e7\u00e3o do im\u00f3vel ao seu status anterior, com a remo\u00e7\u00e3o da benfeitoria, sob pena de multa di\u00e1ria.<\/p>\n<p>O s\u00edndico argumenta que a conven\u00e7\u00e3o condominial veda, expressamente, quaisquer reformas dessa magnitude e que o morador foi notificado diversas vezes para apresentar documentos que afastassem os riscos da instala\u00e7\u00e3o, mas n\u00e3o o fez.<\/p>\n<p>Ao analisar o caso, o relator registrou que o autor juntou, entre outros documentos, parecer de arquiteto sobre instala\u00e7\u00e3o de banheira e ofur\u00f4, que informa que a \u201cinstala\u00e7\u00e3o de banheiras\/spas\/jacuzzis\/ofur\u00f4s e afins nas unidades habitacionais individuais de qualquer apartamento do Condom\u00ednio Tagu\u00e1 Life Center \u00e9 proibida, pois a estrutura dos edif\u00edcios n\u00e3o foi dimensionada para suportar tal carga extra, proporcionada n\u00e3o s\u00f3 pelos materiais e equipamentos dos itens supracitados, quanto pelo peso da \u00e1gua que \u00e9 inerente \u00e0 sua utiliza\u00e7\u00e3o\u201d.<\/p>\n<p>O laudo aponta, ainda, que a proibi\u00e7\u00e3o vale para instala\u00e7\u00e3o na \u00e1rea interna e nas varandas das unidades habitacionais, pois a carga extra pode comprometer a seguran\u00e7a estrutural do edif\u00edcio. A veda\u00e7\u00e3o tamb\u00e9m consta na conven\u00e7\u00e3o condominial e no Regimento Interno do Condom\u00ednio.<\/p>\n<p>\u201cN\u00e3o foram juntadas provas por parte do agravado [morador] no sentido de que a instala\u00e7\u00e3o seria capaz de garantir a seguran\u00e7a desejada ao coletivo e nem que tal obra tivesse sido autorizada pelo condom\u00ednio. Assim, se n\u00e3o h\u00e1 prova em sentido contr\u00e1rio, prevalecem as normas condominiais restritivas para que haja compatibiliza\u00e7\u00e3o dos direitos individuais e coletivos dos cond\u00f4minos, sobretudo quando h\u00e1 parecer t\u00e9cnico indicando riscos concretos nos casos de descumprimento de tais normas, como \u00e9 o caso dos autos, onde parecer de arquiteto apontou expressamente que eventual carga extra poderia comprometer a seguran\u00e7a estrutural dos edif\u00edcios\u201d, avaliou o magistrado.<\/p>\n<p>Segundo o julgador, a conven\u00e7\u00e3o de condom\u00ednio e o regimento interno s\u00e3o documentos que buscam justamente compatibilizar o exerc\u00edcio dos direitos individuais dos cond\u00f4minos e, ao mesmo tempo, a seguran\u00e7a coletiva. Dessa forma, n\u00e3o s\u00e3o consideradas abusivas as cl\u00e1usulas que limitam os exerc\u00edcios dos direitos individuais a fim de que seja resguardada a estrutura do empreendimento, especialmente porque acidentes envolvendo desabamento (parcial ou total) de edifica\u00e7\u00f5es tendem a ser graves, envolvendo inclusive perda de vidas humanas.<\/p>\n<p>Assim, o colegiado confirmou a liminar, para determinar a imediata remo\u00e7\u00e3o do equipamento, no prazo de cinco dias, sob pena de multa de R$ 500 por dia de atraso.<\/p>\n","protected":false},"excerpt":{"rendered":"<p>A 5\u00aa Turma C\u00edvel do Tribunal de Justi\u00e7a determinou que um morador de apart-hotel em Taguatinga remova banheira instalada em seu apartamento. De acordo com o condom\u00ednio, o equipamento coloca em risco a edifica\u00e7\u00e3o. No processo, o condom\u00ednio informou que haveria risco grave de desabamento e poss\u00edveis danos a todo o residencial ou demais moradores [&hellip;]<\/p>\n","protected":false},"author":2,"featured_media":111139,"comment_status":"closed","ping_status":"closed","sticky":false,"template":"","format":"standard","meta":{"_acf_changed":false,"footnotes":""},"categories":[161],"tags":[],"class_list":["post-308396","post","type-post","status-publish","format-standard","has-post-thumbnail","hentry","category-quadradinho-em-foco"],"acf":[],"yoast_head":"<!-- This site is optimized with the Yoast SEO plugin v27.2 - https:\/\/yoast.com\/product\/yoast-seo-wordpress\/ -->\n<title>Morador de condom\u00ednio obrigado a retirar banheira - Notibras<\/title>\n<meta name=\"robots\" content=\"index, follow, max-snippet:-1, max-image-preview:large, max-video-preview:-1\" \/>\n<link rel=\"canonical\" href=\"https:\/\/www.notibras.com\/site\/morador-de-condominio-obrigado-a-retirar-banheira\/\" \/>\n<meta property=\"og:locale\" content=\"pt_BR\" \/>\n<meta property=\"og:type\" content=\"article\" \/>\n<meta property=\"og:title\" content=\"Morador de condom\u00ednio obrigado a retirar banheira - Notibras\" \/>\n<meta property=\"og:description\" content=\"A 5\u00aa Turma C\u00edvel do Tribunal de Justi\u00e7a determinou que um morador de apart-hotel em Taguatinga remova banheira instalada em seu apartamento. De acordo com o condom\u00ednio, o equipamento coloca em risco a edifica\u00e7\u00e3o. No processo, o condom\u00ednio informou que haveria risco grave de desabamento e poss\u00edveis danos a todo o residencial ou demais moradores [&hellip;]\" \/>\n<meta property=\"og:url\" content=\"https:\/\/www.notibras.com\/site\/morador-de-condominio-obrigado-a-retirar-banheira\/\" \/>\n<meta property=\"og:site_name\" content=\"Notibras\" \/>\n<meta property=\"article:publisher\" content=\"https:\/\/www.facebook.com\/notibras\/\" \/>\n<meta property=\"article:published_time\" content=\"2023-07-07T03:00:57+00:00\" \/>\n<meta property=\"article:modified_time\" content=\"2023-07-07T07:57:03+00:00\" \/>\n<meta property=\"og:image\" content=\"https:\/\/www.notibras.com\/site\/wp-content\/uploads\/2016\/08\/foto-blog-banheira.jpg\" \/>\n\t<meta property=\"og:image:width\" content=\"1296\" \/>\n\t<meta property=\"og:image:height\" content=\"968\" \/>\n\t<meta property=\"og:image:type\" content=\"image\/jpeg\" \/>\n<meta name=\"author\" content=\"Reda\u00e7\u00e3o\" \/>\n<meta name=\"twitter:card\" content=\"summary_large_image\" \/>\n<meta name=\"twitter:creator\" content=\"@Notibras\" \/>\n<meta name=\"twitter:site\" content=\"@Notibras\" \/>\n<meta name=\"twitter:label1\" content=\"Escrito por\" \/>\n\t<meta name=\"twitter:data1\" content=\"Reda\u00e7\u00e3o\" \/>\n\t<meta name=\"twitter:label2\" content=\"Est. tempo de leitura\" \/>\n\t<meta name=\"twitter:data2\" content=\"3 minutos\" \/>\n<script type=\"application\/ld+json\" class=\"yoast-schema-graph\">{\"@context\":\"https:\/\/schema.org\",\"@graph\":[{\"@type\":\"Article\",\"@id\":\"https:\/\/www.notibras.com\/site\/morador-de-condominio-obrigado-a-retirar-banheira\/#article\",\"isPartOf\":{\"@id\":\"https:\/\/www.notibras.com\/site\/morador-de-condominio-obrigado-a-retirar-banheira\/\"},\"author\":{\"name\":\"Reda\u00e7\u00e3o\",\"@id\":\"https:\/\/www.notibras.com\/site\/#\/schema\/person\/36ab0979449956132d3e5b517ea76ac8\"},\"headline\":\"Morador de condom\u00ednio obrigado a retirar banheira\",\"datePublished\":\"2023-07-07T03:00:57+00:00\",\"dateModified\":\"2023-07-07T07:57:03+00:00\",\"mainEntityOfPage\":{\"@id\":\"https:\/\/www.notibras.com\/site\/morador-de-condominio-obrigado-a-retirar-banheira\/\"},\"wordCount\":497,\"publisher\":{\"@id\":\"https:\/\/www.notibras.com\/site\/#organization\"},\"image\":{\"@id\":\"https:\/\/www.notibras.com\/site\/morador-de-condominio-obrigado-a-retirar-banheira\/#primaryimage\"},\"thumbnailUrl\":\"https:\/\/www.notibras.com\/site\/wp-content\/uploads\/2016\/08\/foto-blog-banheira.jpg\",\"articleSection\":[\"Quadradinho em Foco\"],\"inLanguage\":\"pt-BR\"},{\"@type\":\"WebPage\",\"@id\":\"https:\/\/www.notibras.com\/site\/morador-de-condominio-obrigado-a-retirar-banheira\/\",\"url\":\"https:\/\/www.notibras.com\/site\/morador-de-condominio-obrigado-a-retirar-banheira\/\",\"name\":\"Morador de condom\u00ednio obrigado a retirar banheira - Notibras\",\"isPartOf\":{\"@id\":\"https:\/\/www.notibras.com\/site\/#website\"},\"primaryImageOfPage\":{\"@id\":\"https:\/\/www.notibras.com\/site\/morador-de-condominio-obrigado-a-retirar-banheira\/#primaryimage\"},\"image\":{\"@id\":\"https:\/\/www.notibras.com\/site\/morador-de-condominio-obrigado-a-retirar-banheira\/#primaryimage\"},\"thumbnailUrl\":\"https:\/\/www.notibras.com\/site\/wp-content\/uploads\/2016\/08\/foto-blog-banheira.jpg\",\"datePublished\":\"2023-07-07T03:00:57+00:00\",\"dateModified\":\"2023-07-07T07:57:03+00:00\",\"breadcrumb\":{\"@id\":\"https:\/\/www.notibras.com\/site\/morador-de-condominio-obrigado-a-retirar-banheira\/#breadcrumb\"},\"inLanguage\":\"pt-BR\",\"potentialAction\":[{\"@type\":\"ReadAction\",\"target\":[\"https:\/\/www.notibras.com\/site\/morador-de-condominio-obrigado-a-retirar-banheira\/\"]}]},{\"@type\":\"ImageObject\",\"inLanguage\":\"pt-BR\",\"@id\":\"https:\/\/www.notibras.com\/site\/morador-de-condominio-obrigado-a-retirar-banheira\/#primaryimage\",\"url\":\"https:\/\/www.notibras.com\/site\/wp-content\/uploads\/2016\/08\/foto-blog-banheira.jpg\",\"contentUrl\":\"https:\/\/www.notibras.com\/site\/wp-content\/uploads\/2016\/08\/foto-blog-banheira.jpg\",\"width\":1296,\"height\":968},{\"@type\":\"BreadcrumbList\",\"@id\":\"https:\/\/www.notibras.com\/site\/morador-de-condominio-obrigado-a-retirar-banheira\/#breadcrumb\",\"itemListElement\":[{\"@type\":\"ListItem\",\"position\":1,\"name\":\"In\u00edcio\",\"item\":\"https:\/\/www.notibras.com\/site\/\"},{\"@type\":\"ListItem\",\"position\":2,\"name\":\"Morador de condom\u00ednio obrigado a retirar banheira\"}]},{\"@type\":\"WebSite\",\"@id\":\"https:\/\/www.notibras.com\/site\/#website\",\"url\":\"https:\/\/www.notibras.com\/site\/\",\"name\":\"Notibras\",\"description\":\"Not\u00edcias de Bras\u00edlia, do Brasil e do Mundo\",\"publisher\":{\"@id\":\"https:\/\/www.notibras.com\/site\/#organization\"},\"potentialAction\":[{\"@type\":\"SearchAction\",\"target\":{\"@type\":\"EntryPoint\",\"urlTemplate\":\"https:\/\/www.notibras.com\/site\/?s={search_term_string}\"},\"query-input\":{\"@type\":\"PropertyValueSpecification\",\"valueRequired\":true,\"valueName\":\"search_term_string\"}}],\"inLanguage\":\"pt-BR\"},{\"@type\":\"Organization\",\"@id\":\"https:\/\/www.notibras.com\/site\/#organization\",\"name\":\"Grupo Notibras de Comunica\u00e7\u00e3o\",\"url\":\"https:\/\/www.notibras.com\/site\/\",\"logo\":{\"@type\":\"ImageObject\",\"inLanguage\":\"pt-BR\",\"@id\":\"https:\/\/www.notibras.com\/site\/#\/schema\/logo\/image\/\",\"url\":\"https:\/\/www.notibras.com\/site\/wp-content\/uploads\/2023\/01\/notibras23.png\",\"contentUrl\":\"https:\/\/www.notibras.com\/site\/wp-content\/uploads\/2023\/01\/notibras23.png\",\"width\":350,\"height\":87,\"caption\":\"Grupo Notibras de Comunica\u00e7\u00e3o\"},\"image\":{\"@id\":\"https:\/\/www.notibras.com\/site\/#\/schema\/logo\/image\/\"},\"sameAs\":[\"https:\/\/www.facebook.com\/notibras\/\",\"https:\/\/x.com\/Notibras\",\"https:\/\/www.instagram.com\/notibras\/\"]},{\"@type\":\"Person\",\"@id\":\"https:\/\/www.notibras.com\/site\/#\/schema\/person\/36ab0979449956132d3e5b517ea76ac8\",\"name\":\"Reda\u00e7\u00e3o\",\"image\":{\"@type\":\"ImageObject\",\"inLanguage\":\"pt-BR\",\"@id\":\"https:\/\/secure.gravatar.com\/avatar\/e0a867bdedb85fd243eadf09663511f96fc81e0720a4a42581f334ad4303aa6b?s=96&d=mm&r=g\",\"url\":\"https:\/\/secure.gravatar.com\/avatar\/e0a867bdedb85fd243eadf09663511f96fc81e0720a4a42581f334ad4303aa6b?s=96&d=mm&r=g\",\"contentUrl\":\"https:\/\/secure.gravatar.com\/avatar\/e0a867bdedb85fd243eadf09663511f96fc81e0720a4a42581f334ad4303aa6b?s=96&d=mm&r=g\",\"caption\":\"Reda\u00e7\u00e3o\"}}]}<\/script>\n<!-- \/ Yoast SEO plugin. -->","yoast_head_json":{"title":"Morador de condom\u00ednio obrigado a retirar banheira - Notibras","robots":{"index":"index","follow":"follow","max-snippet":"max-snippet:-1","max-image-preview":"max-image-preview:large","max-video-preview":"max-video-preview:-1"},"canonical":"https:\/\/www.notibras.com\/site\/morador-de-condominio-obrigado-a-retirar-banheira\/","og_locale":"pt_BR","og_type":"article","og_title":"Morador de condom\u00ednio obrigado a retirar banheira - Notibras","og_description":"A 5\u00aa Turma C\u00edvel do Tribunal de Justi\u00e7a determinou que um morador de apart-hotel em Taguatinga remova banheira instalada em seu apartamento. De acordo com o condom\u00ednio, o equipamento coloca em risco a edifica\u00e7\u00e3o. No processo, o condom\u00ednio informou que haveria risco grave de desabamento e poss\u00edveis danos a todo o residencial ou demais moradores [&hellip;]","og_url":"https:\/\/www.notibras.com\/site\/morador-de-condominio-obrigado-a-retirar-banheira\/","og_site_name":"Notibras","article_publisher":"https:\/\/www.facebook.com\/notibras\/","article_published_time":"2023-07-07T03:00:57+00:00","article_modified_time":"2023-07-07T07:57:03+00:00","og_image":[{"width":1296,"height":968,"url":"https:\/\/www.notibras.com\/site\/wp-content\/uploads\/2016\/08\/foto-blog-banheira.jpg","type":"image\/jpeg"}],"author":"Reda\u00e7\u00e3o","twitter_card":"summary_large_image","twitter_creator":"@Notibras","twitter_site":"@Notibras","twitter_misc":{"Escrito por":"Reda\u00e7\u00e3o","Est. tempo de leitura":"3 minutos"},"schema":{"@context":"https:\/\/schema.org","@graph":[{"@type":"Article","@id":"https:\/\/www.notibras.com\/site\/morador-de-condominio-obrigado-a-retirar-banheira\/#article","isPartOf":{"@id":"https:\/\/www.notibras.com\/site\/morador-de-condominio-obrigado-a-retirar-banheira\/"},"author":{"name":"Reda\u00e7\u00e3o","@id":"https:\/\/www.notibras.com\/site\/#\/schema\/person\/36ab0979449956132d3e5b517ea76ac8"},"headline":"Morador de condom\u00ednio obrigado a retirar banheira","datePublished":"2023-07-07T03:00:57+00:00","dateModified":"2023-07-07T07:57:03+00:00","mainEntityOfPage":{"@id":"https:\/\/www.notibras.com\/site\/morador-de-condominio-obrigado-a-retirar-banheira\/"},"wordCount":497,"publisher":{"@id":"https:\/\/www.notibras.com\/site\/#organization"},"image":{"@id":"https:\/\/www.notibras.com\/site\/morador-de-condominio-obrigado-a-retirar-banheira\/#primaryimage"},"thumbnailUrl":"https:\/\/www.notibras.com\/site\/wp-content\/uploads\/2016\/08\/foto-blog-banheira.jpg","articleSection":["Quadradinho em Foco"],"inLanguage":"pt-BR"},{"@type":"WebPage","@id":"https:\/\/www.notibras.com\/site\/morador-de-condominio-obrigado-a-retirar-banheira\/","url":"https:\/\/www.notibras.com\/site\/morador-de-condominio-obrigado-a-retirar-banheira\/","name":"Morador de condom\u00ednio obrigado a retirar banheira - Notibras","isPartOf":{"@id":"https:\/\/www.notibras.com\/site\/#website"},"primaryImageOfPage":{"@id":"https:\/\/www.notibras.com\/site\/morador-de-condominio-obrigado-a-retirar-banheira\/#primaryimage"},"image":{"@id":"https:\/\/www.notibras.com\/site\/morador-de-condominio-obrigado-a-retirar-banheira\/#primaryimage"},"thumbnailUrl":"https:\/\/www.notibras.com\/site\/wp-content\/uploads\/2016\/08\/foto-blog-banheira.jpg","datePublished":"2023-07-07T03:00:57+00:00","dateModified":"2023-07-07T07:57:03+00:00","breadcrumb":{"@id":"https:\/\/www.notibras.com\/site\/morador-de-condominio-obrigado-a-retirar-banheira\/#breadcrumb"},"inLanguage":"pt-BR","potentialAction":[{"@type":"ReadAction","target":["https:\/\/www.notibras.com\/site\/morador-de-condominio-obrigado-a-retirar-banheira\/"]}]},{"@type":"ImageObject","inLanguage":"pt-BR","@id":"https:\/\/www.notibras.com\/site\/morador-de-condominio-obrigado-a-retirar-banheira\/#primaryimage","url":"https:\/\/www.notibras.com\/site\/wp-content\/uploads\/2016\/08\/foto-blog-banheira.jpg","contentUrl":"https:\/\/www.notibras.com\/site\/wp-content\/uploads\/2016\/08\/foto-blog-banheira.jpg","width":1296,"height":968},{"@type":"BreadcrumbList","@id":"https:\/\/www.notibras.com\/site\/morador-de-condominio-obrigado-a-retirar-banheira\/#breadcrumb","itemListElement":[{"@type":"ListItem","position":1,"name":"In\u00edcio","item":"https:\/\/www.notibras.com\/site\/"},{"@type":"ListItem","position":2,"name":"Morador de condom\u00ednio obrigado a retirar banheira"}]},{"@type":"WebSite","@id":"https:\/\/www.notibras.com\/site\/#website","url":"https:\/\/www.notibras.com\/site\/","name":"Notibras","description":"Not\u00edcias de Bras\u00edlia, do Brasil e do Mundo","publisher":{"@id":"https:\/\/www.notibras.com\/site\/#organization"},"potentialAction":[{"@type":"SearchAction","target":{"@type":"EntryPoint","urlTemplate":"https:\/\/www.notibras.com\/site\/?s={search_term_string}"},"query-input":{"@type":"PropertyValueSpecification","valueRequired":true,"valueName":"search_term_string"}}],"inLanguage":"pt-BR"},{"@type":"Organization","@id":"https:\/\/www.notibras.com\/site\/#organization","name":"Grupo Notibras de Comunica\u00e7\u00e3o","url":"https:\/\/www.notibras.com\/site\/","logo":{"@type":"ImageObject","inLanguage":"pt-BR","@id":"https:\/\/www.notibras.com\/site\/#\/schema\/logo\/image\/","url":"https:\/\/www.notibras.com\/site\/wp-content\/uploads\/2023\/01\/notibras23.png","contentUrl":"https:\/\/www.notibras.com\/site\/wp-content\/uploads\/2023\/01\/notibras23.png","width":350,"height":87,"caption":"Grupo Notibras de Comunica\u00e7\u00e3o"},"image":{"@id":"https:\/\/www.notibras.com\/site\/#\/schema\/logo\/image\/"},"sameAs":["https:\/\/www.facebook.com\/notibras\/","https:\/\/x.com\/Notibras","https:\/\/www.instagram.com\/notibras\/"]},{"@type":"Person","@id":"https:\/\/www.notibras.com\/site\/#\/schema\/person\/36ab0979449956132d3e5b517ea76ac8","name":"Reda\u00e7\u00e3o","image":{"@type":"ImageObject","inLanguage":"pt-BR","@id":"https:\/\/secure.gravatar.com\/avatar\/e0a867bdedb85fd243eadf09663511f96fc81e0720a4a42581f334ad4303aa6b?s=96&d=mm&r=g","url":"https:\/\/secure.gravatar.com\/avatar\/e0a867bdedb85fd243eadf09663511f96fc81e0720a4a42581f334ad4303aa6b?s=96&d=mm&r=g","contentUrl":"https:\/\/secure.gravatar.com\/avatar\/e0a867bdedb85fd243eadf09663511f96fc81e0720a4a42581f334ad4303aa6b?s=96&d=mm&r=g","caption":"Reda\u00e7\u00e3o"}}]}},"amp_enabled":true,"_links":{"self":[{"href":"https:\/\/www.notibras.com\/site\/wp-json\/wp\/v2\/posts\/308396","targetHints":{"allow":["GET"]}}],"collection":[{"href":"https:\/\/www.notibras.com\/site\/wp-json\/wp\/v2\/posts"}],"about":[{"href":"https:\/\/www.notibras.com\/site\/wp-json\/wp\/v2\/types\/post"}],"author":[{"embeddable":true,"href":"https:\/\/www.notibras.com\/site\/wp-json\/wp\/v2\/users\/2"}],"replies":[{"embeddable":true,"href":"https:\/\/www.notibras.com\/site\/wp-json\/wp\/v2\/comments?post=308396"}],"version-history":[{"count":2,"href":"https:\/\/www.notibras.com\/site\/wp-json\/wp\/v2\/posts\/308396\/revisions"}],"predecessor-version":[{"id":308398,"href":"https:\/\/www.notibras.com\/site\/wp-json\/wp\/v2\/posts\/308396\/revisions\/308398"}],"wp:featuredmedia":[{"embeddable":true,"href":"https:\/\/www.notibras.com\/site\/wp-json\/wp\/v2\/media\/111139"}],"wp:attachment":[{"href":"https:\/\/www.notibras.com\/site\/wp-json\/wp\/v2\/media?parent=308396"}],"wp:term":[{"taxonomy":"category","embeddable":true,"href":"https:\/\/www.notibras.com\/site\/wp-json\/wp\/v2\/categories?post=308396"},{"taxonomy":"post_tag","embeddable":true,"href":"https:\/\/www.notibras.com\/site\/wp-json\/wp\/v2\/tags?post=308396"}],"curies":[{"name":"wp","href":"https:\/\/api.w.org\/{rel}","templated":true}]}}