{"id":308421,"date":"2023-07-07T10:03:08","date_gmt":"2023-07-07T13:03:08","guid":{"rendered":"https:\/\/www.notibras.com\/site\/?p=308421"},"modified":"2023-07-07T10:03:08","modified_gmt":"2023-07-07T13:03:08","slug":"assalto-a-banco-deixa-desempregado-milionario","status":"publish","type":"post","link":"https:\/\/www.notibras.com\/site\/assalto-a-banco-deixa-desempregado-milionario\/","title":{"rendered":"Assalto a banco deixa desempregado milion\u00e1rio"},"content":{"rendered":"<p>N\u00e3o se sabe ao certo se aquele homem havia encontrado aquela cachorra ou, ent\u00e3o, se foi justamente o contr\u00e1rio. Isso, ali\u00e1s, nem importa, j\u00e1 que, desde que um colocou os olhos sobre os olhos do outro, algo parece os ter atra\u00eddo de tal forma, que era dif\u00edcil imaginar que um dia haviam vivido separados, ainda mais depois de anos viajando pelas estradas em busca de trabalhos tempor\u00e1rios.<\/p>\n<p>Joca, l\u00e1 com seus quase 50, nem mais ligava se a enorme Angelique babasse todo o banco de seu carro. N\u00e3o que no in\u00edcio tal caracter\u00edstica da cadela n\u00e3o o incomodara, mas acabou percebendo que uma forte base de amizade \u00e9 formada justamente assim. Pois \u00e9, amigos toleram as falhas dos amigos simplesmente porque s\u00e3o amigos. Ele, com certeza, tamb\u00e9m possu\u00eda l\u00e1 as suas, mas estas jamais foram postas \u00e0 mesa pela companheira babona.<\/p>\n<p>Beberr\u00e3o sem muitas prefer\u00eancias, Joca n\u00e3o fazia cerim\u00f4nia e, n\u00e3o raro, metia o p\u00e9 na jaca. Angelique, mais s\u00e1bia que o amigo, escondia as chaves da camionete. O homem nem questionava a companheira, mesmo porque n\u00e3o queria se encrencar, mais uma vez, com a lei. Acabava adormecendo no banco do carro, enquanto Angelique fazia a guarda.<\/p>\n<p>Ao amanhecer, o homem era despertado pelos raios solares e, antes que pudesse abrir os olhos, recebia v\u00e1rias lambidas no rosto. Joca soltava um arre, mas logo trocado por afagos. Era hora de tomar um belo caf\u00e9 da manh\u00e3. E l\u00e1 ia ele, acompanhado daquela ressaca, buscar algo para comer na vendinha mais pr\u00f3xima.<\/p>\n<p>Apesar das in\u00fameras hist\u00f3rias vividas por aquela dupla, uma, talvez, seja a mais interessante. Pois bem, l\u00e1 estava aquele homem entorpecido por mais uma bebedeira. Os vidros da camionete estavam fechados e, provavelmente por conta disso, a enorme cachorra deve ter se embriagado pelo h\u00e1lito et\u00edlico do amigo. Ela adormeceu, enquanto a prote\u00e7\u00e3o daquela dupla ficou a cargo de algum anjo da guarda de plant\u00e3o, caso houvesse um naquela cidadezinha do interior da Bahia.<\/p>\n<p>A velha camionete, estacionada sobre a prote\u00e7\u00e3o de uma linda mangueira, que ficava em frente \u00e0 \u00fanica ag\u00eancia banc\u00e1ria da cidade, fez com que Joca e Angelique prolongassem a soneca at\u00e9 mais tarde. Enquanto isso, quatro homens chegaram em outra camionete e estacionaram justamente ao lado. Tr\u00eas deles entraram no banco e, logo em seguida, sa\u00edram levando alguns malotes abarrotados de dinheiro. Jogaram tudo na ca\u00e7amba do ve\u00edculo e fugiram, muito antes da pol\u00edcia chegar.<\/p>\n<p>Joca e a sua amiga acabaram despertando por conta da balb\u00fardia que se formou justamente ali. O homem soltou aquele arre costumeiro e, ent\u00e3o, ligou a camionete e foi buscar outro local para continuar no mundo de Morfeu. Acabou pegando a estrada e s\u00f3 parou a mais de 200 quil\u00f4metros da pequena cidade.<\/p>\n<p>Meteu a camionete numa estradinha de ch\u00e3o e, debaixo de uma \u00e1rvore, dormiu at\u00e9 que a barriga come\u00e7ou a roncar mais alto que a Angelique. Era hora de comer. No entanto, a bexiga cheia lhe mostrou que havia uma necessidade mais urgente.<\/p>\n<p>Saiu do carro e foi se aliviar atr\u00e1s da ca\u00e7amba quando, ent\u00e3o, percebeu que haviam alguns malotes ali. Abriu um, abriu outro, abriu todos. O homem se viu rico. T\u00e3o rico, que nunca mais se ouviu falar dele nem da Angelique. Todavia, dizem por a\u00ed que continuam juntos, pois a velha camionete, vez ou outra, fica com todos os bancos cheios de baba.<\/p>\n","protected":false},"excerpt":{"rendered":"<p>N\u00e3o se sabe ao certo se aquele homem havia encontrado aquela cachorra ou, ent\u00e3o, se foi justamente o contr\u00e1rio. Isso, ali\u00e1s, nem importa, j\u00e1 que, desde que um colocou os olhos sobre os olhos do outro, algo parece os ter atra\u00eddo de tal forma, que era dif\u00edcil imaginar que um dia haviam vivido separados, ainda [&hellip;]<\/p>\n","protected":false},"author":2,"featured_media":308422,"comment_status":"closed","ping_status":"closed","sticky":false,"template":"","format":"standard","meta":{"_acf_changed":false,"footnotes":""},"categories":[161],"tags":[],"class_list":["post-308421","post","type-post","status-publish","format-standard","has-post-thumbnail","hentry","category-quadradinho-em-foco"],"acf":[],"yoast_head":"<!-- This site is optimized with the Yoast SEO plugin v27.2 - https:\/\/yoast.com\/product\/yoast-seo-wordpress\/ -->\n<title>Assalto a banco deixa desempregado milion\u00e1rio - Notibras<\/title>\n<meta name=\"robots\" content=\"index, follow, max-snippet:-1, max-image-preview:large, max-video-preview:-1\" \/>\n<link rel=\"canonical\" href=\"https:\/\/www.notibras.com\/site\/assalto-a-banco-deixa-desempregado-milionario\/\" \/>\n<meta property=\"og:locale\" content=\"pt_BR\" \/>\n<meta property=\"og:type\" content=\"article\" \/>\n<meta property=\"og:title\" content=\"Assalto a banco deixa desempregado milion\u00e1rio - Notibras\" \/>\n<meta property=\"og:description\" content=\"N\u00e3o se sabe ao certo se aquele homem havia encontrado aquela cachorra ou, ent\u00e3o, se foi justamente o contr\u00e1rio. Isso, ali\u00e1s, nem importa, j\u00e1 que, desde que um colocou os olhos sobre os olhos do outro, algo parece os ter atra\u00eddo de tal forma, que era dif\u00edcil imaginar que um dia haviam vivido separados, ainda [&hellip;]\" \/>\n<meta property=\"og:url\" content=\"https:\/\/www.notibras.com\/site\/assalto-a-banco-deixa-desempregado-milionario\/\" \/>\n<meta property=\"og:site_name\" content=\"Notibras\" \/>\n<meta property=\"article:publisher\" content=\"https:\/\/www.facebook.com\/notibras\/\" \/>\n<meta property=\"article:published_time\" content=\"2023-07-07T13:03:08+00:00\" \/>\n<meta property=\"og:image\" content=\"https:\/\/www.notibras.com\/site\/wp-content\/uploads\/2023\/07\/dc786601-a61f-4eb6-851f-827f73948789.jpg\" \/>\n\t<meta property=\"og:image:width\" content=\"1024\" \/>\n\t<meta property=\"og:image:height\" content=\"770\" \/>\n\t<meta property=\"og:image:type\" content=\"image\/jpeg\" \/>\n<meta name=\"author\" content=\"Reda\u00e7\u00e3o\" \/>\n<meta name=\"twitter:card\" content=\"summary_large_image\" \/>\n<meta name=\"twitter:creator\" content=\"@Notibras\" \/>\n<meta name=\"twitter:site\" content=\"@Notibras\" \/>\n<meta name=\"twitter:label1\" content=\"Escrito por\" \/>\n\t<meta name=\"twitter:data1\" content=\"Reda\u00e7\u00e3o\" \/>\n\t<meta name=\"twitter:label2\" content=\"Est. tempo de leitura\" \/>\n\t<meta name=\"twitter:data2\" content=\"4 minutos\" \/>\n<script type=\"application\/ld+json\" class=\"yoast-schema-graph\">{\"@context\":\"https:\/\/schema.org\",\"@graph\":[{\"@type\":\"Article\",\"@id\":\"https:\/\/www.notibras.com\/site\/assalto-a-banco-deixa-desempregado-milionario\/#article\",\"isPartOf\":{\"@id\":\"https:\/\/www.notibras.com\/site\/assalto-a-banco-deixa-desempregado-milionario\/\"},\"author\":{\"name\":\"Reda\u00e7\u00e3o\",\"@id\":\"https:\/\/www.notibras.com\/site\/#\/schema\/person\/36ab0979449956132d3e5b517ea76ac8\"},\"headline\":\"Assalto a banco deixa desempregado milion\u00e1rio\",\"datePublished\":\"2023-07-07T13:03:08+00:00\",\"mainEntityOfPage\":{\"@id\":\"https:\/\/www.notibras.com\/site\/assalto-a-banco-deixa-desempregado-milionario\/\"},\"wordCount\":605,\"publisher\":{\"@id\":\"https:\/\/www.notibras.com\/site\/#organization\"},\"image\":{\"@id\":\"https:\/\/www.notibras.com\/site\/assalto-a-banco-deixa-desempregado-milionario\/#primaryimage\"},\"thumbnailUrl\":\"https:\/\/www.notibras.com\/site\/wp-content\/uploads\/2023\/07\/dc786601-a61f-4eb6-851f-827f73948789.jpg\",\"articleSection\":[\"Quadradinho em Foco\"],\"inLanguage\":\"pt-BR\"},{\"@type\":\"WebPage\",\"@id\":\"https:\/\/www.notibras.com\/site\/assalto-a-banco-deixa-desempregado-milionario\/\",\"url\":\"https:\/\/www.notibras.com\/site\/assalto-a-banco-deixa-desempregado-milionario\/\",\"name\":\"Assalto a banco deixa desempregado milion\u00e1rio - Notibras\",\"isPartOf\":{\"@id\":\"https:\/\/www.notibras.com\/site\/#website\"},\"primaryImageOfPage\":{\"@id\":\"https:\/\/www.notibras.com\/site\/assalto-a-banco-deixa-desempregado-milionario\/#primaryimage\"},\"image\":{\"@id\":\"https:\/\/www.notibras.com\/site\/assalto-a-banco-deixa-desempregado-milionario\/#primaryimage\"},\"thumbnailUrl\":\"https:\/\/www.notibras.com\/site\/wp-content\/uploads\/2023\/07\/dc786601-a61f-4eb6-851f-827f73948789.jpg\",\"datePublished\":\"2023-07-07T13:03:08+00:00\",\"breadcrumb\":{\"@id\":\"https:\/\/www.notibras.com\/site\/assalto-a-banco-deixa-desempregado-milionario\/#breadcrumb\"},\"inLanguage\":\"pt-BR\",\"potentialAction\":[{\"@type\":\"ReadAction\",\"target\":[\"https:\/\/www.notibras.com\/site\/assalto-a-banco-deixa-desempregado-milionario\/\"]}]},{\"@type\":\"ImageObject\",\"inLanguage\":\"pt-BR\",\"@id\":\"https:\/\/www.notibras.com\/site\/assalto-a-banco-deixa-desempregado-milionario\/#primaryimage\",\"url\":\"https:\/\/www.notibras.com\/site\/wp-content\/uploads\/2023\/07\/dc786601-a61f-4eb6-851f-827f73948789.jpg\",\"contentUrl\":\"https:\/\/www.notibras.com\/site\/wp-content\/uploads\/2023\/07\/dc786601-a61f-4eb6-851f-827f73948789.jpg\",\"width\":1024,\"height\":770},{\"@type\":\"BreadcrumbList\",\"@id\":\"https:\/\/www.notibras.com\/site\/assalto-a-banco-deixa-desempregado-milionario\/#breadcrumb\",\"itemListElement\":[{\"@type\":\"ListItem\",\"position\":1,\"name\":\"In\u00edcio\",\"item\":\"https:\/\/www.notibras.com\/site\/\"},{\"@type\":\"ListItem\",\"position\":2,\"name\":\"Assalto a banco deixa desempregado milion\u00e1rio\"}]},{\"@type\":\"WebSite\",\"@id\":\"https:\/\/www.notibras.com\/site\/#website\",\"url\":\"https:\/\/www.notibras.com\/site\/\",\"name\":\"Notibras\",\"description\":\"Not\u00edcias de Bras\u00edlia, do Brasil e do Mundo\",\"publisher\":{\"@id\":\"https:\/\/www.notibras.com\/site\/#organization\"},\"potentialAction\":[{\"@type\":\"SearchAction\",\"target\":{\"@type\":\"EntryPoint\",\"urlTemplate\":\"https:\/\/www.notibras.com\/site\/?s={search_term_string}\"},\"query-input\":{\"@type\":\"PropertyValueSpecification\",\"valueRequired\":true,\"valueName\":\"search_term_string\"}}],\"inLanguage\":\"pt-BR\"},{\"@type\":\"Organization\",\"@id\":\"https:\/\/www.notibras.com\/site\/#organization\",\"name\":\"Grupo Notibras de Comunica\u00e7\u00e3o\",\"url\":\"https:\/\/www.notibras.com\/site\/\",\"logo\":{\"@type\":\"ImageObject\",\"inLanguage\":\"pt-BR\",\"@id\":\"https:\/\/www.notibras.com\/site\/#\/schema\/logo\/image\/\",\"url\":\"https:\/\/www.notibras.com\/site\/wp-content\/uploads\/2023\/01\/notibras23.png\",\"contentUrl\":\"https:\/\/www.notibras.com\/site\/wp-content\/uploads\/2023\/01\/notibras23.png\",\"width\":350,\"height\":87,\"caption\":\"Grupo Notibras de Comunica\u00e7\u00e3o\"},\"image\":{\"@id\":\"https:\/\/www.notibras.com\/site\/#\/schema\/logo\/image\/\"},\"sameAs\":[\"https:\/\/www.facebook.com\/notibras\/\",\"https:\/\/x.com\/Notibras\",\"https:\/\/www.instagram.com\/notibras\/\"]},{\"@type\":\"Person\",\"@id\":\"https:\/\/www.notibras.com\/site\/#\/schema\/person\/36ab0979449956132d3e5b517ea76ac8\",\"name\":\"Reda\u00e7\u00e3o\",\"image\":{\"@type\":\"ImageObject\",\"inLanguage\":\"pt-BR\",\"@id\":\"https:\/\/secure.gravatar.com\/avatar\/e0a867bdedb85fd243eadf09663511f96fc81e0720a4a42581f334ad4303aa6b?s=96&d=mm&r=g\",\"url\":\"https:\/\/secure.gravatar.com\/avatar\/e0a867bdedb85fd243eadf09663511f96fc81e0720a4a42581f334ad4303aa6b?s=96&d=mm&r=g\",\"contentUrl\":\"https:\/\/secure.gravatar.com\/avatar\/e0a867bdedb85fd243eadf09663511f96fc81e0720a4a42581f334ad4303aa6b?s=96&d=mm&r=g\",\"caption\":\"Reda\u00e7\u00e3o\"}}]}<\/script>\n<!-- \/ Yoast SEO plugin. -->","yoast_head_json":{"title":"Assalto a banco deixa desempregado milion\u00e1rio - Notibras","robots":{"index":"index","follow":"follow","max-snippet":"max-snippet:-1","max-image-preview":"max-image-preview:large","max-video-preview":"max-video-preview:-1"},"canonical":"https:\/\/www.notibras.com\/site\/assalto-a-banco-deixa-desempregado-milionario\/","og_locale":"pt_BR","og_type":"article","og_title":"Assalto a banco deixa desempregado milion\u00e1rio - Notibras","og_description":"N\u00e3o se sabe ao certo se aquele homem havia encontrado aquela cachorra ou, ent\u00e3o, se foi justamente o contr\u00e1rio. Isso, ali\u00e1s, nem importa, j\u00e1 que, desde que um colocou os olhos sobre os olhos do outro, algo parece os ter atra\u00eddo de tal forma, que era dif\u00edcil imaginar que um dia haviam vivido separados, ainda [&hellip;]","og_url":"https:\/\/www.notibras.com\/site\/assalto-a-banco-deixa-desempregado-milionario\/","og_site_name":"Notibras","article_publisher":"https:\/\/www.facebook.com\/notibras\/","article_published_time":"2023-07-07T13:03:08+00:00","og_image":[{"width":1024,"height":770,"url":"https:\/\/www.notibras.com\/site\/wp-content\/uploads\/2023\/07\/dc786601-a61f-4eb6-851f-827f73948789.jpg","type":"image\/jpeg"}],"author":"Reda\u00e7\u00e3o","twitter_card":"summary_large_image","twitter_creator":"@Notibras","twitter_site":"@Notibras","twitter_misc":{"Escrito por":"Reda\u00e7\u00e3o","Est. tempo de leitura":"4 minutos"},"schema":{"@context":"https:\/\/schema.org","@graph":[{"@type":"Article","@id":"https:\/\/www.notibras.com\/site\/assalto-a-banco-deixa-desempregado-milionario\/#article","isPartOf":{"@id":"https:\/\/www.notibras.com\/site\/assalto-a-banco-deixa-desempregado-milionario\/"},"author":{"name":"Reda\u00e7\u00e3o","@id":"https:\/\/www.notibras.com\/site\/#\/schema\/person\/36ab0979449956132d3e5b517ea76ac8"},"headline":"Assalto a banco deixa desempregado milion\u00e1rio","datePublished":"2023-07-07T13:03:08+00:00","mainEntityOfPage":{"@id":"https:\/\/www.notibras.com\/site\/assalto-a-banco-deixa-desempregado-milionario\/"},"wordCount":605,"publisher":{"@id":"https:\/\/www.notibras.com\/site\/#organization"},"image":{"@id":"https:\/\/www.notibras.com\/site\/assalto-a-banco-deixa-desempregado-milionario\/#primaryimage"},"thumbnailUrl":"https:\/\/www.notibras.com\/site\/wp-content\/uploads\/2023\/07\/dc786601-a61f-4eb6-851f-827f73948789.jpg","articleSection":["Quadradinho em Foco"],"inLanguage":"pt-BR"},{"@type":"WebPage","@id":"https:\/\/www.notibras.com\/site\/assalto-a-banco-deixa-desempregado-milionario\/","url":"https:\/\/www.notibras.com\/site\/assalto-a-banco-deixa-desempregado-milionario\/","name":"Assalto a banco deixa desempregado milion\u00e1rio - Notibras","isPartOf":{"@id":"https:\/\/www.notibras.com\/site\/#website"},"primaryImageOfPage":{"@id":"https:\/\/www.notibras.com\/site\/assalto-a-banco-deixa-desempregado-milionario\/#primaryimage"},"image":{"@id":"https:\/\/www.notibras.com\/site\/assalto-a-banco-deixa-desempregado-milionario\/#primaryimage"},"thumbnailUrl":"https:\/\/www.notibras.com\/site\/wp-content\/uploads\/2023\/07\/dc786601-a61f-4eb6-851f-827f73948789.jpg","datePublished":"2023-07-07T13:03:08+00:00","breadcrumb":{"@id":"https:\/\/www.notibras.com\/site\/assalto-a-banco-deixa-desempregado-milionario\/#breadcrumb"},"inLanguage":"pt-BR","potentialAction":[{"@type":"ReadAction","target":["https:\/\/www.notibras.com\/site\/assalto-a-banco-deixa-desempregado-milionario\/"]}]},{"@type":"ImageObject","inLanguage":"pt-BR","@id":"https:\/\/www.notibras.com\/site\/assalto-a-banco-deixa-desempregado-milionario\/#primaryimage","url":"https:\/\/www.notibras.com\/site\/wp-content\/uploads\/2023\/07\/dc786601-a61f-4eb6-851f-827f73948789.jpg","contentUrl":"https:\/\/www.notibras.com\/site\/wp-content\/uploads\/2023\/07\/dc786601-a61f-4eb6-851f-827f73948789.jpg","width":1024,"height":770},{"@type":"BreadcrumbList","@id":"https:\/\/www.notibras.com\/site\/assalto-a-banco-deixa-desempregado-milionario\/#breadcrumb","itemListElement":[{"@type":"ListItem","position":1,"name":"In\u00edcio","item":"https:\/\/www.notibras.com\/site\/"},{"@type":"ListItem","position":2,"name":"Assalto a banco deixa desempregado milion\u00e1rio"}]},{"@type":"WebSite","@id":"https:\/\/www.notibras.com\/site\/#website","url":"https:\/\/www.notibras.com\/site\/","name":"Notibras","description":"Not\u00edcias de Bras\u00edlia, do Brasil e do Mundo","publisher":{"@id":"https:\/\/www.notibras.com\/site\/#organization"},"potentialAction":[{"@type":"SearchAction","target":{"@type":"EntryPoint","urlTemplate":"https:\/\/www.notibras.com\/site\/?s={search_term_string}"},"query-input":{"@type":"PropertyValueSpecification","valueRequired":true,"valueName":"search_term_string"}}],"inLanguage":"pt-BR"},{"@type":"Organization","@id":"https:\/\/www.notibras.com\/site\/#organization","name":"Grupo Notibras de Comunica\u00e7\u00e3o","url":"https:\/\/www.notibras.com\/site\/","logo":{"@type":"ImageObject","inLanguage":"pt-BR","@id":"https:\/\/www.notibras.com\/site\/#\/schema\/logo\/image\/","url":"https:\/\/www.notibras.com\/site\/wp-content\/uploads\/2023\/01\/notibras23.png","contentUrl":"https:\/\/www.notibras.com\/site\/wp-content\/uploads\/2023\/01\/notibras23.png","width":350,"height":87,"caption":"Grupo Notibras de Comunica\u00e7\u00e3o"},"image":{"@id":"https:\/\/www.notibras.com\/site\/#\/schema\/logo\/image\/"},"sameAs":["https:\/\/www.facebook.com\/notibras\/","https:\/\/x.com\/Notibras","https:\/\/www.instagram.com\/notibras\/"]},{"@type":"Person","@id":"https:\/\/www.notibras.com\/site\/#\/schema\/person\/36ab0979449956132d3e5b517ea76ac8","name":"Reda\u00e7\u00e3o","image":{"@type":"ImageObject","inLanguage":"pt-BR","@id":"https:\/\/secure.gravatar.com\/avatar\/e0a867bdedb85fd243eadf09663511f96fc81e0720a4a42581f334ad4303aa6b?s=96&d=mm&r=g","url":"https:\/\/secure.gravatar.com\/avatar\/e0a867bdedb85fd243eadf09663511f96fc81e0720a4a42581f334ad4303aa6b?s=96&d=mm&r=g","contentUrl":"https:\/\/secure.gravatar.com\/avatar\/e0a867bdedb85fd243eadf09663511f96fc81e0720a4a42581f334ad4303aa6b?s=96&d=mm&r=g","caption":"Reda\u00e7\u00e3o"}}]}},"amp_enabled":true,"_links":{"self":[{"href":"https:\/\/www.notibras.com\/site\/wp-json\/wp\/v2\/posts\/308421","targetHints":{"allow":["GET"]}}],"collection":[{"href":"https:\/\/www.notibras.com\/site\/wp-json\/wp\/v2\/posts"}],"about":[{"href":"https:\/\/www.notibras.com\/site\/wp-json\/wp\/v2\/types\/post"}],"author":[{"embeddable":true,"href":"https:\/\/www.notibras.com\/site\/wp-json\/wp\/v2\/users\/2"}],"replies":[{"embeddable":true,"href":"https:\/\/www.notibras.com\/site\/wp-json\/wp\/v2\/comments?post=308421"}],"version-history":[{"count":1,"href":"https:\/\/www.notibras.com\/site\/wp-json\/wp\/v2\/posts\/308421\/revisions"}],"predecessor-version":[{"id":308423,"href":"https:\/\/www.notibras.com\/site\/wp-json\/wp\/v2\/posts\/308421\/revisions\/308423"}],"wp:featuredmedia":[{"embeddable":true,"href":"https:\/\/www.notibras.com\/site\/wp-json\/wp\/v2\/media\/308422"}],"wp:attachment":[{"href":"https:\/\/www.notibras.com\/site\/wp-json\/wp\/v2\/media?parent=308421"}],"wp:term":[{"taxonomy":"category","embeddable":true,"href":"https:\/\/www.notibras.com\/site\/wp-json\/wp\/v2\/categories?post=308421"},{"taxonomy":"post_tag","embeddable":true,"href":"https:\/\/www.notibras.com\/site\/wp-json\/wp\/v2\/tags?post=308421"}],"curies":[{"name":"wp","href":"https:\/\/api.w.org\/{rel}","templated":true}]}}