{"id":308507,"date":"2023-07-11T00:44:11","date_gmt":"2023-07-11T03:44:11","guid":{"rendered":"https:\/\/www.notibras.com\/site\/?p=308507"},"modified":"2023-07-11T04:46:03","modified_gmt":"2023-07-11T07:46:03","slug":"ifood-assina-acordo-apos-briga-sindical-com-entregadores","status":"publish","type":"post","link":"https:\/\/www.notibras.com\/site\/ifood-assina-acordo-apos-briga-sindical-com-entregadores\/","title":{"rendered":"Ifood assina acordo ap\u00f3s briga sindical com entregadores"},"content":{"rendered":"<p>A empresa de entrega de comida Ifood assinou um compromisso com o Minist\u00e9rio P\u00fablico Federal (MPF) e o Minist\u00e9rio P\u00fablico do Trabalho (MPT) em que se compromete a promover a\u00e7\u00f5es em favor dos direitos trabalhistas e do respeito ao direito de informa\u00e7\u00e3o da popula\u00e7\u00e3o.<\/p>\n<p>O Termo de Ajustamento de Conduta (TAC) ocorre em decorr\u00eancia de reportagem da Ag\u00eancia P\u00fablica que revelou que o Ifood contratou as ag\u00eancias de publicidade Benjamim Comunica\u00e7\u00e3o e a Promove Servi\u00e7os de Propaganda e Comunica\u00e7\u00e3o (Social QI) para desmobilizar movimento dos entregadores. Os profissionais reivindicavam melhores condi\u00e7\u00f5es de trabalho. As ag\u00eancias tamb\u00e9m assinaram o TAC.<\/p>\n<p>De acordo com a reportagem, as ag\u00eancias contratadas criaram perfis falsos e se passavam por entregadores do Ifood para questionar nas redes sociais as reivindica\u00e7\u00f5es dos trabalhadores. A mat\u00e9ria foi base para uma investiga\u00e7\u00e3o do MPF.<\/p>\n<p><strong>Obriga\u00e7\u00f5es<\/strong><br \/>\nO TAC prev\u00ea obriga\u00e7\u00f5es do iFood para assegurar a liberdade sindical e os direitos de greve e de negocia\u00e7\u00e3o coletiva dos entregadores.<\/p>\n<p>\u201cEsses direitos s\u00e3o fundamentais, sendo par\u00e2metros m\u00ednimos, previstos na Constitui\u00e7\u00e3o Federal e em tratados internacionais de direitos humanos, para que os trabalhadores tenham meios de promover a sua organiza\u00e7\u00e3o, fomentar a solidariedade entre os membros do grupo e expressar adequadamente a voz coletiva de seus integrantes\u201d, destaca o procurador do Trabalho Renan Kalil.<\/p>\n<p>O iFood dever\u00e1 ainda financiar pesquisas e projetos, no valor de R$ 6 milh\u00f5es, que analisem as rela\u00e7\u00f5es de trabalho com entregadores, o mercado publicit\u00e1rio e de marketing digital, e a responsabilidade social dos controladores de plataformas.<\/p>\n<p>\u201cPara que tenham seu direito \u00e0 informa\u00e7\u00e3o respeitado, os cidad\u00e3os precisam saber se \u00e9 uma empresa que est\u00e1 postando determinado conte\u00fado na Internet, em qual contexto e para qual finalidade. Isso \u00e9 especialmente importante para que eles possam formar livremente sua opini\u00e3o sobre assuntos de relev\u00e2ncia p\u00fablica e, a partir disso, exercer outro direito fundamental: a liberdade de express\u00e3o, que deve ser isenta de interfer\u00eancias indevidas ou ocultas\u201d, destacou o procurador da Rep\u00fablica Yuri Corr\u00eaa da Luz.<\/p>\n<p>Segundo o TAC, o iFood ficar\u00e1 proibido de divulgar, pelos pr\u00f3ximos seis meses, an\u00fancios, propagandas e campanhas publicit\u00e1rias sobre supostas medidas adotadas pela empresa para promo\u00e7\u00e3o de direitos fundamentais e trabalhistas. \u201cO objetivo \u00e9 impedir a publica\u00e7\u00e3o, no curto prazo, de informa\u00e7\u00f5es que possam se mostrar inver\u00eddicas ou imprecisas sobre a postura da empresa em rela\u00e7\u00e3o \u00e0s demandas de interesse social como as que foram alvo de investiga\u00e7\u00e3o\u201d, disse o MPF em nota.<\/p>\n<p>O Ifood informou que cumprir\u00e1 os termos do TAC. \u201cCelebramos o acordo porque as obriga\u00e7\u00f5es assumidas pelo iFood no TAC est\u00e3o alinhadas com nossos valores e princ\u00edpios, em especial a promo\u00e7\u00e3o de um ambiente de maior transpar\u00eancia nas redes sociais, o respeito ao direito de manifesta\u00e7\u00e3o e de associa\u00e7\u00e3o dos entregadores e o investimento em pesquisas que colaborem com o desenvolvimento sustent\u00e1vel do pa\u00eds\u201d, disse, em nota, o diretor jur\u00eddico da empresa, Lucas Pittioni.<\/p>\n","protected":false},"excerpt":{"rendered":"<p>A empresa de entrega de comida Ifood assinou um compromisso com o Minist\u00e9rio P\u00fablico Federal (MPF) e o Minist\u00e9rio P\u00fablico do Trabalho (MPT) em que se compromete a promover a\u00e7\u00f5es em favor dos direitos trabalhistas e do respeito ao direito de informa\u00e7\u00e3o da popula\u00e7\u00e3o. O Termo de Ajustamento de Conduta (TAC) ocorre em decorr\u00eancia de [&hellip;]<\/p>\n","protected":false},"author":2,"featured_media":308508,"comment_status":"closed","ping_status":"closed","sticky":false,"template":"","format":"standard","meta":{"_acf_changed":false,"footnotes":""},"categories":[161],"tags":[],"class_list":["post-308507","post","type-post","status-publish","format-standard","has-post-thumbnail","hentry","category-quadradinho-em-foco"],"acf":[],"yoast_head":"<!-- This site is optimized with the Yoast SEO plugin v27.2 - https:\/\/yoast.com\/product\/yoast-seo-wordpress\/ -->\n<title>Ifood assina acordo ap\u00f3s briga sindical com entregadores - Notibras<\/title>\n<meta name=\"robots\" content=\"index, follow, max-snippet:-1, max-image-preview:large, max-video-preview:-1\" \/>\n<link rel=\"canonical\" href=\"https:\/\/www.notibras.com\/site\/ifood-assina-acordo-apos-briga-sindical-com-entregadores\/\" \/>\n<meta property=\"og:locale\" content=\"pt_BR\" \/>\n<meta property=\"og:type\" content=\"article\" \/>\n<meta property=\"og:title\" content=\"Ifood assina acordo ap\u00f3s briga sindical com entregadores - Notibras\" \/>\n<meta property=\"og:description\" content=\"A empresa de entrega de comida Ifood assinou um compromisso com o Minist\u00e9rio P\u00fablico Federal (MPF) e o Minist\u00e9rio P\u00fablico do Trabalho (MPT) em que se compromete a promover a\u00e7\u00f5es em favor dos direitos trabalhistas e do respeito ao direito de informa\u00e7\u00e3o da popula\u00e7\u00e3o. O Termo de Ajustamento de Conduta (TAC) ocorre em decorr\u00eancia de [&hellip;]\" \/>\n<meta property=\"og:url\" content=\"https:\/\/www.notibras.com\/site\/ifood-assina-acordo-apos-briga-sindical-com-entregadores\/\" \/>\n<meta property=\"og:site_name\" content=\"Notibras\" \/>\n<meta property=\"article:publisher\" content=\"https:\/\/www.facebook.com\/notibras\/\" \/>\n<meta property=\"article:published_time\" content=\"2023-07-11T03:44:11+00:00\" \/>\n<meta property=\"article:modified_time\" content=\"2023-07-11T07:46:03+00:00\" \/>\n<meta property=\"og:image\" content=\"https:\/\/www.notibras.com\/site\/wp-content\/uploads\/2023\/07\/avenida_paulista_durante_a_pandemia_de_covid-192904200172-2.jpg\" \/>\n\t<meta property=\"og:image:width\" content=\"1170\" \/>\n\t<meta property=\"og:image:height\" content=\"700\" \/>\n\t<meta property=\"og:image:type\" content=\"image\/jpeg\" \/>\n<meta name=\"author\" content=\"Reda\u00e7\u00e3o\" \/>\n<meta name=\"twitter:card\" content=\"summary_large_image\" \/>\n<meta name=\"twitter:creator\" content=\"@Notibras\" \/>\n<meta name=\"twitter:site\" content=\"@Notibras\" \/>\n<meta name=\"twitter:label1\" content=\"Escrito por\" \/>\n\t<meta name=\"twitter:data1\" content=\"Reda\u00e7\u00e3o\" \/>\n\t<meta name=\"twitter:label2\" content=\"Est. tempo de leitura\" \/>\n\t<meta name=\"twitter:data2\" content=\"3 minutos\" \/>\n<script type=\"application\/ld+json\" class=\"yoast-schema-graph\">{\"@context\":\"https:\/\/schema.org\",\"@graph\":[{\"@type\":\"Article\",\"@id\":\"https:\/\/www.notibras.com\/site\/ifood-assina-acordo-apos-briga-sindical-com-entregadores\/#article\",\"isPartOf\":{\"@id\":\"https:\/\/www.notibras.com\/site\/ifood-assina-acordo-apos-briga-sindical-com-entregadores\/\"},\"author\":{\"name\":\"Reda\u00e7\u00e3o\",\"@id\":\"https:\/\/www.notibras.com\/site\/#\/schema\/person\/36ab0979449956132d3e5b517ea76ac8\"},\"headline\":\"Ifood assina acordo ap\u00f3s briga sindical com entregadores\",\"datePublished\":\"2023-07-11T03:44:11+00:00\",\"dateModified\":\"2023-07-11T07:46:03+00:00\",\"mainEntityOfPage\":{\"@id\":\"https:\/\/www.notibras.com\/site\/ifood-assina-acordo-apos-briga-sindical-com-entregadores\/\"},\"wordCount\":537,\"publisher\":{\"@id\":\"https:\/\/www.notibras.com\/site\/#organization\"},\"image\":{\"@id\":\"https:\/\/www.notibras.com\/site\/ifood-assina-acordo-apos-briga-sindical-com-entregadores\/#primaryimage\"},\"thumbnailUrl\":\"https:\/\/www.notibras.com\/site\/wp-content\/uploads\/2023\/07\/avenida_paulista_durante_a_pandemia_de_covid-192904200172-2.jpg\",\"articleSection\":[\"Quadradinho em Foco\"],\"inLanguage\":\"pt-BR\"},{\"@type\":\"WebPage\",\"@id\":\"https:\/\/www.notibras.com\/site\/ifood-assina-acordo-apos-briga-sindical-com-entregadores\/\",\"url\":\"https:\/\/www.notibras.com\/site\/ifood-assina-acordo-apos-briga-sindical-com-entregadores\/\",\"name\":\"Ifood assina acordo ap\u00f3s briga sindical com entregadores - Notibras\",\"isPartOf\":{\"@id\":\"https:\/\/www.notibras.com\/site\/#website\"},\"primaryImageOfPage\":{\"@id\":\"https:\/\/www.notibras.com\/site\/ifood-assina-acordo-apos-briga-sindical-com-entregadores\/#primaryimage\"},\"image\":{\"@id\":\"https:\/\/www.notibras.com\/site\/ifood-assina-acordo-apos-briga-sindical-com-entregadores\/#primaryimage\"},\"thumbnailUrl\":\"https:\/\/www.notibras.com\/site\/wp-content\/uploads\/2023\/07\/avenida_paulista_durante_a_pandemia_de_covid-192904200172-2.jpg\",\"datePublished\":\"2023-07-11T03:44:11+00:00\",\"dateModified\":\"2023-07-11T07:46:03+00:00\",\"breadcrumb\":{\"@id\":\"https:\/\/www.notibras.com\/site\/ifood-assina-acordo-apos-briga-sindical-com-entregadores\/#breadcrumb\"},\"inLanguage\":\"pt-BR\",\"potentialAction\":[{\"@type\":\"ReadAction\",\"target\":[\"https:\/\/www.notibras.com\/site\/ifood-assina-acordo-apos-briga-sindical-com-entregadores\/\"]}]},{\"@type\":\"ImageObject\",\"inLanguage\":\"pt-BR\",\"@id\":\"https:\/\/www.notibras.com\/site\/ifood-assina-acordo-apos-briga-sindical-com-entregadores\/#primaryimage\",\"url\":\"https:\/\/www.notibras.com\/site\/wp-content\/uploads\/2023\/07\/avenida_paulista_durante_a_pandemia_de_covid-192904200172-2.jpg\",\"contentUrl\":\"https:\/\/www.notibras.com\/site\/wp-content\/uploads\/2023\/07\/avenida_paulista_durante_a_pandemia_de_covid-192904200172-2.jpg\",\"width\":1170,\"height\":700,\"caption\":\"Pedestre usa m\u00e1scara de prote\u00e7\u00e3o contra covid-19 na rua da Consola\u00e7ao\"},{\"@type\":\"BreadcrumbList\",\"@id\":\"https:\/\/www.notibras.com\/site\/ifood-assina-acordo-apos-briga-sindical-com-entregadores\/#breadcrumb\",\"itemListElement\":[{\"@type\":\"ListItem\",\"position\":1,\"name\":\"In\u00edcio\",\"item\":\"https:\/\/www.notibras.com\/site\/\"},{\"@type\":\"ListItem\",\"position\":2,\"name\":\"Ifood assina acordo ap\u00f3s briga sindical com entregadores\"}]},{\"@type\":\"WebSite\",\"@id\":\"https:\/\/www.notibras.com\/site\/#website\",\"url\":\"https:\/\/www.notibras.com\/site\/\",\"name\":\"Notibras\",\"description\":\"Not\u00edcias de Bras\u00edlia, do Brasil e do Mundo\",\"publisher\":{\"@id\":\"https:\/\/www.notibras.com\/site\/#organization\"},\"potentialAction\":[{\"@type\":\"SearchAction\",\"target\":{\"@type\":\"EntryPoint\",\"urlTemplate\":\"https:\/\/www.notibras.com\/site\/?s={search_term_string}\"},\"query-input\":{\"@type\":\"PropertyValueSpecification\",\"valueRequired\":true,\"valueName\":\"search_term_string\"}}],\"inLanguage\":\"pt-BR\"},{\"@type\":\"Organization\",\"@id\":\"https:\/\/www.notibras.com\/site\/#organization\",\"name\":\"Grupo Notibras de Comunica\u00e7\u00e3o\",\"url\":\"https:\/\/www.notibras.com\/site\/\",\"logo\":{\"@type\":\"ImageObject\",\"inLanguage\":\"pt-BR\",\"@id\":\"https:\/\/www.notibras.com\/site\/#\/schema\/logo\/image\/\",\"url\":\"https:\/\/www.notibras.com\/site\/wp-content\/uploads\/2023\/01\/notibras23.png\",\"contentUrl\":\"https:\/\/www.notibras.com\/site\/wp-content\/uploads\/2023\/01\/notibras23.png\",\"width\":350,\"height\":87,\"caption\":\"Grupo Notibras de Comunica\u00e7\u00e3o\"},\"image\":{\"@id\":\"https:\/\/www.notibras.com\/site\/#\/schema\/logo\/image\/\"},\"sameAs\":[\"https:\/\/www.facebook.com\/notibras\/\",\"https:\/\/x.com\/Notibras\",\"https:\/\/www.instagram.com\/notibras\/\"]},{\"@type\":\"Person\",\"@id\":\"https:\/\/www.notibras.com\/site\/#\/schema\/person\/36ab0979449956132d3e5b517ea76ac8\",\"name\":\"Reda\u00e7\u00e3o\",\"image\":{\"@type\":\"ImageObject\",\"inLanguage\":\"pt-BR\",\"@id\":\"https:\/\/secure.gravatar.com\/avatar\/e0a867bdedb85fd243eadf09663511f96fc81e0720a4a42581f334ad4303aa6b?s=96&d=mm&r=g\",\"url\":\"https:\/\/secure.gravatar.com\/avatar\/e0a867bdedb85fd243eadf09663511f96fc81e0720a4a42581f334ad4303aa6b?s=96&d=mm&r=g\",\"contentUrl\":\"https:\/\/secure.gravatar.com\/avatar\/e0a867bdedb85fd243eadf09663511f96fc81e0720a4a42581f334ad4303aa6b?s=96&d=mm&r=g\",\"caption\":\"Reda\u00e7\u00e3o\"}}]}<\/script>\n<!-- \/ Yoast SEO plugin. -->","yoast_head_json":{"title":"Ifood assina acordo ap\u00f3s briga sindical com entregadores - Notibras","robots":{"index":"index","follow":"follow","max-snippet":"max-snippet:-1","max-image-preview":"max-image-preview:large","max-video-preview":"max-video-preview:-1"},"canonical":"https:\/\/www.notibras.com\/site\/ifood-assina-acordo-apos-briga-sindical-com-entregadores\/","og_locale":"pt_BR","og_type":"article","og_title":"Ifood assina acordo ap\u00f3s briga sindical com entregadores - Notibras","og_description":"A empresa de entrega de comida Ifood assinou um compromisso com o Minist\u00e9rio P\u00fablico Federal (MPF) e o Minist\u00e9rio P\u00fablico do Trabalho (MPT) em que se compromete a promover a\u00e7\u00f5es em favor dos direitos trabalhistas e do respeito ao direito de informa\u00e7\u00e3o da popula\u00e7\u00e3o. O Termo de Ajustamento de Conduta (TAC) ocorre em decorr\u00eancia de [&hellip;]","og_url":"https:\/\/www.notibras.com\/site\/ifood-assina-acordo-apos-briga-sindical-com-entregadores\/","og_site_name":"Notibras","article_publisher":"https:\/\/www.facebook.com\/notibras\/","article_published_time":"2023-07-11T03:44:11+00:00","article_modified_time":"2023-07-11T07:46:03+00:00","og_image":[{"width":1170,"height":700,"url":"https:\/\/www.notibras.com\/site\/wp-content\/uploads\/2023\/07\/avenida_paulista_durante_a_pandemia_de_covid-192904200172-2.jpg","type":"image\/jpeg"}],"author":"Reda\u00e7\u00e3o","twitter_card":"summary_large_image","twitter_creator":"@Notibras","twitter_site":"@Notibras","twitter_misc":{"Escrito por":"Reda\u00e7\u00e3o","Est. tempo de leitura":"3 minutos"},"schema":{"@context":"https:\/\/schema.org","@graph":[{"@type":"Article","@id":"https:\/\/www.notibras.com\/site\/ifood-assina-acordo-apos-briga-sindical-com-entregadores\/#article","isPartOf":{"@id":"https:\/\/www.notibras.com\/site\/ifood-assina-acordo-apos-briga-sindical-com-entregadores\/"},"author":{"name":"Reda\u00e7\u00e3o","@id":"https:\/\/www.notibras.com\/site\/#\/schema\/person\/36ab0979449956132d3e5b517ea76ac8"},"headline":"Ifood assina acordo ap\u00f3s briga sindical com entregadores","datePublished":"2023-07-11T03:44:11+00:00","dateModified":"2023-07-11T07:46:03+00:00","mainEntityOfPage":{"@id":"https:\/\/www.notibras.com\/site\/ifood-assina-acordo-apos-briga-sindical-com-entregadores\/"},"wordCount":537,"publisher":{"@id":"https:\/\/www.notibras.com\/site\/#organization"},"image":{"@id":"https:\/\/www.notibras.com\/site\/ifood-assina-acordo-apos-briga-sindical-com-entregadores\/#primaryimage"},"thumbnailUrl":"https:\/\/www.notibras.com\/site\/wp-content\/uploads\/2023\/07\/avenida_paulista_durante_a_pandemia_de_covid-192904200172-2.jpg","articleSection":["Quadradinho em Foco"],"inLanguage":"pt-BR"},{"@type":"WebPage","@id":"https:\/\/www.notibras.com\/site\/ifood-assina-acordo-apos-briga-sindical-com-entregadores\/","url":"https:\/\/www.notibras.com\/site\/ifood-assina-acordo-apos-briga-sindical-com-entregadores\/","name":"Ifood assina acordo ap\u00f3s briga sindical com entregadores - Notibras","isPartOf":{"@id":"https:\/\/www.notibras.com\/site\/#website"},"primaryImageOfPage":{"@id":"https:\/\/www.notibras.com\/site\/ifood-assina-acordo-apos-briga-sindical-com-entregadores\/#primaryimage"},"image":{"@id":"https:\/\/www.notibras.com\/site\/ifood-assina-acordo-apos-briga-sindical-com-entregadores\/#primaryimage"},"thumbnailUrl":"https:\/\/www.notibras.com\/site\/wp-content\/uploads\/2023\/07\/avenida_paulista_durante_a_pandemia_de_covid-192904200172-2.jpg","datePublished":"2023-07-11T03:44:11+00:00","dateModified":"2023-07-11T07:46:03+00:00","breadcrumb":{"@id":"https:\/\/www.notibras.com\/site\/ifood-assina-acordo-apos-briga-sindical-com-entregadores\/#breadcrumb"},"inLanguage":"pt-BR","potentialAction":[{"@type":"ReadAction","target":["https:\/\/www.notibras.com\/site\/ifood-assina-acordo-apos-briga-sindical-com-entregadores\/"]}]},{"@type":"ImageObject","inLanguage":"pt-BR","@id":"https:\/\/www.notibras.com\/site\/ifood-assina-acordo-apos-briga-sindical-com-entregadores\/#primaryimage","url":"https:\/\/www.notibras.com\/site\/wp-content\/uploads\/2023\/07\/avenida_paulista_durante_a_pandemia_de_covid-192904200172-2.jpg","contentUrl":"https:\/\/www.notibras.com\/site\/wp-content\/uploads\/2023\/07\/avenida_paulista_durante_a_pandemia_de_covid-192904200172-2.jpg","width":1170,"height":700,"caption":"Pedestre usa m\u00e1scara de prote\u00e7\u00e3o contra covid-19 na rua da Consola\u00e7ao"},{"@type":"BreadcrumbList","@id":"https:\/\/www.notibras.com\/site\/ifood-assina-acordo-apos-briga-sindical-com-entregadores\/#breadcrumb","itemListElement":[{"@type":"ListItem","position":1,"name":"In\u00edcio","item":"https:\/\/www.notibras.com\/site\/"},{"@type":"ListItem","position":2,"name":"Ifood assina acordo ap\u00f3s briga sindical com entregadores"}]},{"@type":"WebSite","@id":"https:\/\/www.notibras.com\/site\/#website","url":"https:\/\/www.notibras.com\/site\/","name":"Notibras","description":"Not\u00edcias de Bras\u00edlia, do Brasil e do Mundo","publisher":{"@id":"https:\/\/www.notibras.com\/site\/#organization"},"potentialAction":[{"@type":"SearchAction","target":{"@type":"EntryPoint","urlTemplate":"https:\/\/www.notibras.com\/site\/?s={search_term_string}"},"query-input":{"@type":"PropertyValueSpecification","valueRequired":true,"valueName":"search_term_string"}}],"inLanguage":"pt-BR"},{"@type":"Organization","@id":"https:\/\/www.notibras.com\/site\/#organization","name":"Grupo Notibras de Comunica\u00e7\u00e3o","url":"https:\/\/www.notibras.com\/site\/","logo":{"@type":"ImageObject","inLanguage":"pt-BR","@id":"https:\/\/www.notibras.com\/site\/#\/schema\/logo\/image\/","url":"https:\/\/www.notibras.com\/site\/wp-content\/uploads\/2023\/01\/notibras23.png","contentUrl":"https:\/\/www.notibras.com\/site\/wp-content\/uploads\/2023\/01\/notibras23.png","width":350,"height":87,"caption":"Grupo Notibras de Comunica\u00e7\u00e3o"},"image":{"@id":"https:\/\/www.notibras.com\/site\/#\/schema\/logo\/image\/"},"sameAs":["https:\/\/www.facebook.com\/notibras\/","https:\/\/x.com\/Notibras","https:\/\/www.instagram.com\/notibras\/"]},{"@type":"Person","@id":"https:\/\/www.notibras.com\/site\/#\/schema\/person\/36ab0979449956132d3e5b517ea76ac8","name":"Reda\u00e7\u00e3o","image":{"@type":"ImageObject","inLanguage":"pt-BR","@id":"https:\/\/secure.gravatar.com\/avatar\/e0a867bdedb85fd243eadf09663511f96fc81e0720a4a42581f334ad4303aa6b?s=96&d=mm&r=g","url":"https:\/\/secure.gravatar.com\/avatar\/e0a867bdedb85fd243eadf09663511f96fc81e0720a4a42581f334ad4303aa6b?s=96&d=mm&r=g","contentUrl":"https:\/\/secure.gravatar.com\/avatar\/e0a867bdedb85fd243eadf09663511f96fc81e0720a4a42581f334ad4303aa6b?s=96&d=mm&r=g","caption":"Reda\u00e7\u00e3o"}}]}},"amp_enabled":true,"_links":{"self":[{"href":"https:\/\/www.notibras.com\/site\/wp-json\/wp\/v2\/posts\/308507","targetHints":{"allow":["GET"]}}],"collection":[{"href":"https:\/\/www.notibras.com\/site\/wp-json\/wp\/v2\/posts"}],"about":[{"href":"https:\/\/www.notibras.com\/site\/wp-json\/wp\/v2\/types\/post"}],"author":[{"embeddable":true,"href":"https:\/\/www.notibras.com\/site\/wp-json\/wp\/v2\/users\/2"}],"replies":[{"embeddable":true,"href":"https:\/\/www.notibras.com\/site\/wp-json\/wp\/v2\/comments?post=308507"}],"version-history":[{"count":1,"href":"https:\/\/www.notibras.com\/site\/wp-json\/wp\/v2\/posts\/308507\/revisions"}],"predecessor-version":[{"id":308509,"href":"https:\/\/www.notibras.com\/site\/wp-json\/wp\/v2\/posts\/308507\/revisions\/308509"}],"wp:featuredmedia":[{"embeddable":true,"href":"https:\/\/www.notibras.com\/site\/wp-json\/wp\/v2\/media\/308508"}],"wp:attachment":[{"href":"https:\/\/www.notibras.com\/site\/wp-json\/wp\/v2\/media?parent=308507"}],"wp:term":[{"taxonomy":"category","embeddable":true,"href":"https:\/\/www.notibras.com\/site\/wp-json\/wp\/v2\/categories?post=308507"},{"taxonomy":"post_tag","embeddable":true,"href":"https:\/\/www.notibras.com\/site\/wp-json\/wp\/v2\/tags?post=308507"}],"curies":[{"name":"wp","href":"https:\/\/api.w.org\/{rel}","templated":true}]}}