{"id":308510,"date":"2023-07-11T00:09:01","date_gmt":"2023-07-11T03:09:01","guid":{"rendered":"https:\/\/www.notibras.com\/site\/?p=308510"},"modified":"2023-07-11T04:51:10","modified_gmt":"2023-07-11T07:51:10","slug":"joao-de-deus-condenado-a-mais-99-anos-de-prisao","status":"publish","type":"post","link":"https:\/\/www.notibras.com\/site\/joao-de-deus-condenado-a-mais-99-anos-de-prisao\/","title":{"rendered":"Jo\u00e3o de Deus condenado a mais 99 anos de pris\u00e3o"},"content":{"rendered":"<p>A Justi\u00e7a de Goi\u00e1s condenou, nesta segunda-feira (10), o m\u00e9dium Jo\u00e3o Teixeira de Faria, conhecido como Jo\u00e3o de Deus, a 99 anos de pris\u00e3o pelos crimes de estupro de vulner\u00e1vel e de viola\u00e7\u00e3o sexual mediante fraude.<\/p>\n<p>As senten\u00e7as foram proferidas pelo juiz Marcos Boechat Lopes Filho e envolvem oito v\u00edtimas que relataram abusos sofridos entre 2010 e 2018, durante atendimentos espirituais na Casa Dom In\u00e1cio de Loyola, em Abadi\u00e2nia, Goi\u00e1s. Pela decis\u00e3o, Jo\u00e3o de Deus ainda ter\u00e1 que pagar \u00e0s v\u00edtimas R$ 100 mil por danos morais.<\/p>\n<p>De acordo com o Tribunal de Justi\u00e7a de Goi\u00e1s, Jo\u00e3o Teixeira de Faria j\u00e1 foi condenado a 370 anos de pris\u00e3o. Quatro processos que ainda est\u00e3o em andamento podem aumentar a pena. Em um dos processos, que est\u00e1 relacionado a den\u00fancias que vieram \u00e0 tona entre 2009 e 2011, as acusa\u00e7\u00f5es foram arquivadas porque os crimes prescreveram. Cabe recurso em todos os casos.<\/p>\n<p>Em 2019, o Minist\u00e9rio P\u00fablico de Goi\u00e1s (MP-GO) apresentou nove den\u00fancias contra Jo\u00e3o de Deus, nas quais ele \u00e9 acusado de crimes como estupro de vulner\u00e1vel e viola\u00e7\u00e3o sexual. Segundo o MP, os crimes ocorreram pelo menos desde 1990, sendo interrompidos em 2018, quando as primeiras den\u00fancias foram divulgadas pela imprensa.<\/p>\n","protected":false},"excerpt":{"rendered":"<p>A Justi\u00e7a de Goi\u00e1s condenou, nesta segunda-feira (10), o m\u00e9dium Jo\u00e3o Teixeira de Faria, conhecido como Jo\u00e3o de Deus, a 99 anos de pris\u00e3o pelos crimes de estupro de vulner\u00e1vel e de viola\u00e7\u00e3o sexual mediante fraude. As senten\u00e7as foram proferidas pelo juiz Marcos Boechat Lopes Filho e envolvem oito v\u00edtimas que relataram abusos sofridos entre [&hellip;]<\/p>\n","protected":false},"author":2,"featured_media":308511,"comment_status":"closed","ping_status":"closed","sticky":false,"template":"","format":"standard","meta":{"_acf_changed":false,"footnotes":""},"categories":[161],"tags":[],"class_list":["post-308510","post","type-post","status-publish","format-standard","has-post-thumbnail","hentry","category-quadradinho-em-foco"],"acf":[],"yoast_head":"<!-- This site is optimized with the Yoast SEO plugin v27.2 - https:\/\/yoast.com\/product\/yoast-seo-wordpress\/ -->\n<title>Jo\u00e3o de Deus condenado a mais 99 anos de pris\u00e3o - Notibras<\/title>\n<meta name=\"robots\" content=\"index, follow, max-snippet:-1, max-image-preview:large, max-video-preview:-1\" \/>\n<link rel=\"canonical\" href=\"https:\/\/www.notibras.com\/site\/joao-de-deus-condenado-a-mais-99-anos-de-prisao\/\" \/>\n<meta property=\"og:locale\" content=\"pt_BR\" \/>\n<meta property=\"og:type\" content=\"article\" \/>\n<meta property=\"og:title\" content=\"Jo\u00e3o de Deus condenado a mais 99 anos de pris\u00e3o - Notibras\" \/>\n<meta property=\"og:description\" content=\"A Justi\u00e7a de Goi\u00e1s condenou, nesta segunda-feira (10), o m\u00e9dium Jo\u00e3o Teixeira de Faria, conhecido como Jo\u00e3o de Deus, a 99 anos de pris\u00e3o pelos crimes de estupro de vulner\u00e1vel e de viola\u00e7\u00e3o sexual mediante fraude. As senten\u00e7as foram proferidas pelo juiz Marcos Boechat Lopes Filho e envolvem oito v\u00edtimas que relataram abusos sofridos entre [&hellip;]\" \/>\n<meta property=\"og:url\" content=\"https:\/\/www.notibras.com\/site\/joao-de-deus-condenado-a-mais-99-anos-de-prisao\/\" \/>\n<meta property=\"og:site_name\" content=\"Notibras\" \/>\n<meta property=\"article:publisher\" content=\"https:\/\/www.facebook.com\/notibras\/\" \/>\n<meta property=\"article:published_time\" content=\"2023-07-11T03:09:01+00:00\" \/>\n<meta property=\"article:modified_time\" content=\"2023-07-11T07:51:10+00:00\" \/>\n<meta property=\"og:image\" content=\"https:\/\/www.notibras.com\/site\/wp-content\/uploads\/2023\/07\/mcmgo_abr_121220182199.jpg\" \/>\n\t<meta property=\"og:image:width\" content=\"1170\" \/>\n\t<meta property=\"og:image:height\" content=\"700\" \/>\n\t<meta property=\"og:image:type\" content=\"image\/jpeg\" \/>\n<meta name=\"author\" content=\"Reda\u00e7\u00e3o\" \/>\n<meta name=\"twitter:card\" content=\"summary_large_image\" \/>\n<meta name=\"twitter:creator\" content=\"@Notibras\" \/>\n<meta name=\"twitter:site\" content=\"@Notibras\" \/>\n<meta name=\"twitter:label1\" content=\"Escrito por\" \/>\n\t<meta name=\"twitter:data1\" content=\"Reda\u00e7\u00e3o\" \/>\n\t<meta name=\"twitter:label2\" content=\"Est. tempo de leitura\" \/>\n\t<meta name=\"twitter:data2\" content=\"2 minutos\" \/>\n<script type=\"application\/ld+json\" class=\"yoast-schema-graph\">{\"@context\":\"https:\/\/schema.org\",\"@graph\":[{\"@type\":\"Article\",\"@id\":\"https:\/\/www.notibras.com\/site\/joao-de-deus-condenado-a-mais-99-anos-de-prisao\/#article\",\"isPartOf\":{\"@id\":\"https:\/\/www.notibras.com\/site\/joao-de-deus-condenado-a-mais-99-anos-de-prisao\/\"},\"author\":{\"name\":\"Reda\u00e7\u00e3o\",\"@id\":\"https:\/\/www.notibras.com\/site\/#\/schema\/person\/36ab0979449956132d3e5b517ea76ac8\"},\"headline\":\"Jo\u00e3o de Deus condenado a mais 99 anos de pris\u00e3o\",\"datePublished\":\"2023-07-11T03:09:01+00:00\",\"dateModified\":\"2023-07-11T07:51:10+00:00\",\"mainEntityOfPage\":{\"@id\":\"https:\/\/www.notibras.com\/site\/joao-de-deus-condenado-a-mais-99-anos-de-prisao\/\"},\"wordCount\":230,\"publisher\":{\"@id\":\"https:\/\/www.notibras.com\/site\/#organization\"},\"image\":{\"@id\":\"https:\/\/www.notibras.com\/site\/joao-de-deus-condenado-a-mais-99-anos-de-prisao\/#primaryimage\"},\"thumbnailUrl\":\"https:\/\/www.notibras.com\/site\/wp-content\/uploads\/2023\/07\/mcmgo_abr_121220182199.jpg\",\"articleSection\":[\"Quadradinho em Foco\"],\"inLanguage\":\"pt-BR\"},{\"@type\":\"WebPage\",\"@id\":\"https:\/\/www.notibras.com\/site\/joao-de-deus-condenado-a-mais-99-anos-de-prisao\/\",\"url\":\"https:\/\/www.notibras.com\/site\/joao-de-deus-condenado-a-mais-99-anos-de-prisao\/\",\"name\":\"Jo\u00e3o de Deus condenado a mais 99 anos de pris\u00e3o - Notibras\",\"isPartOf\":{\"@id\":\"https:\/\/www.notibras.com\/site\/#website\"},\"primaryImageOfPage\":{\"@id\":\"https:\/\/www.notibras.com\/site\/joao-de-deus-condenado-a-mais-99-anos-de-prisao\/#primaryimage\"},\"image\":{\"@id\":\"https:\/\/www.notibras.com\/site\/joao-de-deus-condenado-a-mais-99-anos-de-prisao\/#primaryimage\"},\"thumbnailUrl\":\"https:\/\/www.notibras.com\/site\/wp-content\/uploads\/2023\/07\/mcmgo_abr_121220182199.jpg\",\"datePublished\":\"2023-07-11T03:09:01+00:00\",\"dateModified\":\"2023-07-11T07:51:10+00:00\",\"breadcrumb\":{\"@id\":\"https:\/\/www.notibras.com\/site\/joao-de-deus-condenado-a-mais-99-anos-de-prisao\/#breadcrumb\"},\"inLanguage\":\"pt-BR\",\"potentialAction\":[{\"@type\":\"ReadAction\",\"target\":[\"https:\/\/www.notibras.com\/site\/joao-de-deus-condenado-a-mais-99-anos-de-prisao\/\"]}]},{\"@type\":\"ImageObject\",\"inLanguage\":\"pt-BR\",\"@id\":\"https:\/\/www.notibras.com\/site\/joao-de-deus-condenado-a-mais-99-anos-de-prisao\/#primaryimage\",\"url\":\"https:\/\/www.notibras.com\/site\/wp-content\/uploads\/2023\/07\/mcmgo_abr_121220182199.jpg\",\"contentUrl\":\"https:\/\/www.notibras.com\/site\/wp-content\/uploads\/2023\/07\/mcmgo_abr_121220182199.jpg\",\"width\":1170,\"height\":700,\"caption\":\"O m\u00e9dium Jo\u00e3o de Deus chega \u00e0 Casa Dom Inpacio Loyola, em Abadi\u00e2nia.\"},{\"@type\":\"BreadcrumbList\",\"@id\":\"https:\/\/www.notibras.com\/site\/joao-de-deus-condenado-a-mais-99-anos-de-prisao\/#breadcrumb\",\"itemListElement\":[{\"@type\":\"ListItem\",\"position\":1,\"name\":\"In\u00edcio\",\"item\":\"https:\/\/www.notibras.com\/site\/\"},{\"@type\":\"ListItem\",\"position\":2,\"name\":\"Jo\u00e3o de Deus condenado a mais 99 anos de pris\u00e3o\"}]},{\"@type\":\"WebSite\",\"@id\":\"https:\/\/www.notibras.com\/site\/#website\",\"url\":\"https:\/\/www.notibras.com\/site\/\",\"name\":\"Notibras\",\"description\":\"Not\u00edcias de Bras\u00edlia, do Brasil e do Mundo\",\"publisher\":{\"@id\":\"https:\/\/www.notibras.com\/site\/#organization\"},\"potentialAction\":[{\"@type\":\"SearchAction\",\"target\":{\"@type\":\"EntryPoint\",\"urlTemplate\":\"https:\/\/www.notibras.com\/site\/?s={search_term_string}\"},\"query-input\":{\"@type\":\"PropertyValueSpecification\",\"valueRequired\":true,\"valueName\":\"search_term_string\"}}],\"inLanguage\":\"pt-BR\"},{\"@type\":\"Organization\",\"@id\":\"https:\/\/www.notibras.com\/site\/#organization\",\"name\":\"Grupo Notibras de Comunica\u00e7\u00e3o\",\"url\":\"https:\/\/www.notibras.com\/site\/\",\"logo\":{\"@type\":\"ImageObject\",\"inLanguage\":\"pt-BR\",\"@id\":\"https:\/\/www.notibras.com\/site\/#\/schema\/logo\/image\/\",\"url\":\"https:\/\/www.notibras.com\/site\/wp-content\/uploads\/2023\/01\/notibras23.png\",\"contentUrl\":\"https:\/\/www.notibras.com\/site\/wp-content\/uploads\/2023\/01\/notibras23.png\",\"width\":350,\"height\":87,\"caption\":\"Grupo Notibras de Comunica\u00e7\u00e3o\"},\"image\":{\"@id\":\"https:\/\/www.notibras.com\/site\/#\/schema\/logo\/image\/\"},\"sameAs\":[\"https:\/\/www.facebook.com\/notibras\/\",\"https:\/\/x.com\/Notibras\",\"https:\/\/www.instagram.com\/notibras\/\"]},{\"@type\":\"Person\",\"@id\":\"https:\/\/www.notibras.com\/site\/#\/schema\/person\/36ab0979449956132d3e5b517ea76ac8\",\"name\":\"Reda\u00e7\u00e3o\",\"image\":{\"@type\":\"ImageObject\",\"inLanguage\":\"pt-BR\",\"@id\":\"https:\/\/secure.gravatar.com\/avatar\/e0a867bdedb85fd243eadf09663511f96fc81e0720a4a42581f334ad4303aa6b?s=96&d=mm&r=g\",\"url\":\"https:\/\/secure.gravatar.com\/avatar\/e0a867bdedb85fd243eadf09663511f96fc81e0720a4a42581f334ad4303aa6b?s=96&d=mm&r=g\",\"contentUrl\":\"https:\/\/secure.gravatar.com\/avatar\/e0a867bdedb85fd243eadf09663511f96fc81e0720a4a42581f334ad4303aa6b?s=96&d=mm&r=g\",\"caption\":\"Reda\u00e7\u00e3o\"}}]}<\/script>\n<!-- \/ Yoast SEO plugin. -->","yoast_head_json":{"title":"Jo\u00e3o de Deus condenado a mais 99 anos de pris\u00e3o - Notibras","robots":{"index":"index","follow":"follow","max-snippet":"max-snippet:-1","max-image-preview":"max-image-preview:large","max-video-preview":"max-video-preview:-1"},"canonical":"https:\/\/www.notibras.com\/site\/joao-de-deus-condenado-a-mais-99-anos-de-prisao\/","og_locale":"pt_BR","og_type":"article","og_title":"Jo\u00e3o de Deus condenado a mais 99 anos de pris\u00e3o - Notibras","og_description":"A Justi\u00e7a de Goi\u00e1s condenou, nesta segunda-feira (10), o m\u00e9dium Jo\u00e3o Teixeira de Faria, conhecido como Jo\u00e3o de Deus, a 99 anos de pris\u00e3o pelos crimes de estupro de vulner\u00e1vel e de viola\u00e7\u00e3o sexual mediante fraude. As senten\u00e7as foram proferidas pelo juiz Marcos Boechat Lopes Filho e envolvem oito v\u00edtimas que relataram abusos sofridos entre [&hellip;]","og_url":"https:\/\/www.notibras.com\/site\/joao-de-deus-condenado-a-mais-99-anos-de-prisao\/","og_site_name":"Notibras","article_publisher":"https:\/\/www.facebook.com\/notibras\/","article_published_time":"2023-07-11T03:09:01+00:00","article_modified_time":"2023-07-11T07:51:10+00:00","og_image":[{"width":1170,"height":700,"url":"https:\/\/www.notibras.com\/site\/wp-content\/uploads\/2023\/07\/mcmgo_abr_121220182199.jpg","type":"image\/jpeg"}],"author":"Reda\u00e7\u00e3o","twitter_card":"summary_large_image","twitter_creator":"@Notibras","twitter_site":"@Notibras","twitter_misc":{"Escrito por":"Reda\u00e7\u00e3o","Est. tempo de leitura":"2 minutos"},"schema":{"@context":"https:\/\/schema.org","@graph":[{"@type":"Article","@id":"https:\/\/www.notibras.com\/site\/joao-de-deus-condenado-a-mais-99-anos-de-prisao\/#article","isPartOf":{"@id":"https:\/\/www.notibras.com\/site\/joao-de-deus-condenado-a-mais-99-anos-de-prisao\/"},"author":{"name":"Reda\u00e7\u00e3o","@id":"https:\/\/www.notibras.com\/site\/#\/schema\/person\/36ab0979449956132d3e5b517ea76ac8"},"headline":"Jo\u00e3o de Deus condenado a mais 99 anos de pris\u00e3o","datePublished":"2023-07-11T03:09:01+00:00","dateModified":"2023-07-11T07:51:10+00:00","mainEntityOfPage":{"@id":"https:\/\/www.notibras.com\/site\/joao-de-deus-condenado-a-mais-99-anos-de-prisao\/"},"wordCount":230,"publisher":{"@id":"https:\/\/www.notibras.com\/site\/#organization"},"image":{"@id":"https:\/\/www.notibras.com\/site\/joao-de-deus-condenado-a-mais-99-anos-de-prisao\/#primaryimage"},"thumbnailUrl":"https:\/\/www.notibras.com\/site\/wp-content\/uploads\/2023\/07\/mcmgo_abr_121220182199.jpg","articleSection":["Quadradinho em Foco"],"inLanguage":"pt-BR"},{"@type":"WebPage","@id":"https:\/\/www.notibras.com\/site\/joao-de-deus-condenado-a-mais-99-anos-de-prisao\/","url":"https:\/\/www.notibras.com\/site\/joao-de-deus-condenado-a-mais-99-anos-de-prisao\/","name":"Jo\u00e3o de Deus condenado a mais 99 anos de pris\u00e3o - Notibras","isPartOf":{"@id":"https:\/\/www.notibras.com\/site\/#website"},"primaryImageOfPage":{"@id":"https:\/\/www.notibras.com\/site\/joao-de-deus-condenado-a-mais-99-anos-de-prisao\/#primaryimage"},"image":{"@id":"https:\/\/www.notibras.com\/site\/joao-de-deus-condenado-a-mais-99-anos-de-prisao\/#primaryimage"},"thumbnailUrl":"https:\/\/www.notibras.com\/site\/wp-content\/uploads\/2023\/07\/mcmgo_abr_121220182199.jpg","datePublished":"2023-07-11T03:09:01+00:00","dateModified":"2023-07-11T07:51:10+00:00","breadcrumb":{"@id":"https:\/\/www.notibras.com\/site\/joao-de-deus-condenado-a-mais-99-anos-de-prisao\/#breadcrumb"},"inLanguage":"pt-BR","potentialAction":[{"@type":"ReadAction","target":["https:\/\/www.notibras.com\/site\/joao-de-deus-condenado-a-mais-99-anos-de-prisao\/"]}]},{"@type":"ImageObject","inLanguage":"pt-BR","@id":"https:\/\/www.notibras.com\/site\/joao-de-deus-condenado-a-mais-99-anos-de-prisao\/#primaryimage","url":"https:\/\/www.notibras.com\/site\/wp-content\/uploads\/2023\/07\/mcmgo_abr_121220182199.jpg","contentUrl":"https:\/\/www.notibras.com\/site\/wp-content\/uploads\/2023\/07\/mcmgo_abr_121220182199.jpg","width":1170,"height":700,"caption":"O m\u00e9dium Jo\u00e3o de Deus chega \u00e0 Casa Dom Inpacio Loyola, em Abadi\u00e2nia."},{"@type":"BreadcrumbList","@id":"https:\/\/www.notibras.com\/site\/joao-de-deus-condenado-a-mais-99-anos-de-prisao\/#breadcrumb","itemListElement":[{"@type":"ListItem","position":1,"name":"In\u00edcio","item":"https:\/\/www.notibras.com\/site\/"},{"@type":"ListItem","position":2,"name":"Jo\u00e3o de Deus condenado a mais 99 anos de pris\u00e3o"}]},{"@type":"WebSite","@id":"https:\/\/www.notibras.com\/site\/#website","url":"https:\/\/www.notibras.com\/site\/","name":"Notibras","description":"Not\u00edcias de Bras\u00edlia, do Brasil e do Mundo","publisher":{"@id":"https:\/\/www.notibras.com\/site\/#organization"},"potentialAction":[{"@type":"SearchAction","target":{"@type":"EntryPoint","urlTemplate":"https:\/\/www.notibras.com\/site\/?s={search_term_string}"},"query-input":{"@type":"PropertyValueSpecification","valueRequired":true,"valueName":"search_term_string"}}],"inLanguage":"pt-BR"},{"@type":"Organization","@id":"https:\/\/www.notibras.com\/site\/#organization","name":"Grupo Notibras de Comunica\u00e7\u00e3o","url":"https:\/\/www.notibras.com\/site\/","logo":{"@type":"ImageObject","inLanguage":"pt-BR","@id":"https:\/\/www.notibras.com\/site\/#\/schema\/logo\/image\/","url":"https:\/\/www.notibras.com\/site\/wp-content\/uploads\/2023\/01\/notibras23.png","contentUrl":"https:\/\/www.notibras.com\/site\/wp-content\/uploads\/2023\/01\/notibras23.png","width":350,"height":87,"caption":"Grupo Notibras de Comunica\u00e7\u00e3o"},"image":{"@id":"https:\/\/www.notibras.com\/site\/#\/schema\/logo\/image\/"},"sameAs":["https:\/\/www.facebook.com\/notibras\/","https:\/\/x.com\/Notibras","https:\/\/www.instagram.com\/notibras\/"]},{"@type":"Person","@id":"https:\/\/www.notibras.com\/site\/#\/schema\/person\/36ab0979449956132d3e5b517ea76ac8","name":"Reda\u00e7\u00e3o","image":{"@type":"ImageObject","inLanguage":"pt-BR","@id":"https:\/\/secure.gravatar.com\/avatar\/e0a867bdedb85fd243eadf09663511f96fc81e0720a4a42581f334ad4303aa6b?s=96&d=mm&r=g","url":"https:\/\/secure.gravatar.com\/avatar\/e0a867bdedb85fd243eadf09663511f96fc81e0720a4a42581f334ad4303aa6b?s=96&d=mm&r=g","contentUrl":"https:\/\/secure.gravatar.com\/avatar\/e0a867bdedb85fd243eadf09663511f96fc81e0720a4a42581f334ad4303aa6b?s=96&d=mm&r=g","caption":"Reda\u00e7\u00e3o"}}]}},"amp_enabled":true,"_links":{"self":[{"href":"https:\/\/www.notibras.com\/site\/wp-json\/wp\/v2\/posts\/308510","targetHints":{"allow":["GET"]}}],"collection":[{"href":"https:\/\/www.notibras.com\/site\/wp-json\/wp\/v2\/posts"}],"about":[{"href":"https:\/\/www.notibras.com\/site\/wp-json\/wp\/v2\/types\/post"}],"author":[{"embeddable":true,"href":"https:\/\/www.notibras.com\/site\/wp-json\/wp\/v2\/users\/2"}],"replies":[{"embeddable":true,"href":"https:\/\/www.notibras.com\/site\/wp-json\/wp\/v2\/comments?post=308510"}],"version-history":[{"count":1,"href":"https:\/\/www.notibras.com\/site\/wp-json\/wp\/v2\/posts\/308510\/revisions"}],"predecessor-version":[{"id":308512,"href":"https:\/\/www.notibras.com\/site\/wp-json\/wp\/v2\/posts\/308510\/revisions\/308512"}],"wp:featuredmedia":[{"embeddable":true,"href":"https:\/\/www.notibras.com\/site\/wp-json\/wp\/v2\/media\/308511"}],"wp:attachment":[{"href":"https:\/\/www.notibras.com\/site\/wp-json\/wp\/v2\/media?parent=308510"}],"wp:term":[{"taxonomy":"category","embeddable":true,"href":"https:\/\/www.notibras.com\/site\/wp-json\/wp\/v2\/categories?post=308510"},{"taxonomy":"post_tag","embeddable":true,"href":"https:\/\/www.notibras.com\/site\/wp-json\/wp\/v2\/tags?post=308510"}],"curies":[{"name":"wp","href":"https:\/\/api.w.org\/{rel}","templated":true}]}}