{"id":308513,"date":"2023-07-11T00:00:47","date_gmt":"2023-07-11T03:00:47","guid":{"rendered":"https:\/\/www.notibras.com\/site\/?p=308513"},"modified":"2023-07-11T04:56:42","modified_gmt":"2023-07-11T07:56:42","slug":"iphan-cria-programa-de-bolsas-para-pesquisa-do-folclore","status":"publish","type":"post","link":"https:\/\/www.notibras.com\/site\/iphan-cria-programa-de-bolsas-para-pesquisa-do-folclore\/","title":{"rendered":"Iphan cria programa de bolsas para pesquisa do folclore"},"content":{"rendered":"<p>A portaria que cria o Programa de Incentivo \u00e0 Produ\u00e7\u00e3o do Conhecimento T\u00e9cnico e Cient\u00edfico do Centro Nacional de Folclore e Cultura Popular (CNFCP), do Instituto do Patrim\u00f4nio Hist\u00f3rico e Art\u00edstico Nacional (Iphan), foi publicada nesta segunda-feira (10), no Di\u00e1rio Oficial da Uni\u00e3o. O documento define as regras para a concess\u00e3o de bolsas para a realiza\u00e7\u00e3o de projetos que tenham como foco o acervo do CNFCP.<\/p>\n<p>As bolsas ter\u00e3o dura\u00e7\u00e3o de dez meses e dever\u00e3o ser concedidas todos os anos, em uma quantidade m\u00ednima de dois projetos, conforme disponibilidade or\u00e7ament\u00e1ria prevista pelo CNFCP.<\/p>\n<p>Os valores a serem pagos aos bolsistas ser\u00e3o definidos pelos projetos, mas dever\u00e3o ter como par\u00e2metro as tabelas estabelecidas por institui\u00e7\u00f5es como Coordena\u00e7\u00e3o de Aperfei\u00e7oamento de Pessoal de N\u00edvel Superior (Capes) e Conselho Nacional de Desenvolvimento Cient\u00edfico e Tecnol\u00f3gico (CNPq).<\/p>\n<p>Para submeter um projeto, os candidatos precisam ser maiores de 18 anos, e desenvolver o projeto em L\u00edngua Portuguesa, caso seja estrangeiro. Os concorrentes n\u00e3o podem ser bolsistas em outra pesquisa durante a vig\u00eancia do projeto e n\u00e3o ser agentes p\u00fablicos em atividade.<\/p>\n<p>Anualmente, cada concurso ter\u00e1 um edital que definir\u00e1 a titula\u00e7\u00e3o dos candidatos para o perfil de bolsa, conforme programas, projetos e a\u00e7\u00f5es institucionais do CNFCP. Os projetos ser\u00e3o submetidos por e-mail junto com a documenta\u00e7\u00e3o necess\u00e1ria para inscri\u00e7\u00e3o: c\u00f3pias de documentos pessoas, formul\u00e1rio de inscri\u00e7\u00e3o e carta com justificativa de interesse em participar do concurso.<\/p>\n<p>A sele\u00e7\u00e3o acontecer\u00e1 em cinco fases eliminat\u00f3rias e uma classificat\u00f3ria, sedo eliminat\u00f3rias a homologa\u00e7\u00e3o das inscri\u00e7\u00f5es, a an\u00e1lise da carta, a an\u00e1lise do projeto, a an\u00e1lise curricular e a entrevista. A soma de pontos obtidas nessas etapas classificar\u00e1 as propostas.<\/p>\n<p>A portaria define tamb\u00e9m as regras para a comiss\u00e3o julgadora dos projetos, a revoga\u00e7\u00e3o ou anula\u00e7\u00e3o do edital e a obriga\u00e7\u00e3o dos bolsistas ao longo do per\u00edodo de contrato.<\/p>\n<p>De acordo com o Minist\u00e9rio da Cultura, o objetivo do programa \u00e9 formar, treinar e capacitar profissionais e pesquisadores para atuar de forma t\u00e9cnica e cient\u00edfica no campo cultural, em especial das culturas populares e do patrim\u00f4nio cultural.<\/p>\n","protected":false},"excerpt":{"rendered":"<p>A portaria que cria o Programa de Incentivo \u00e0 Produ\u00e7\u00e3o do Conhecimento T\u00e9cnico e Cient\u00edfico do Centro Nacional de Folclore e Cultura Popular (CNFCP), do Instituto do Patrim\u00f4nio Hist\u00f3rico e Art\u00edstico Nacional (Iphan), foi publicada nesta segunda-feira (10), no Di\u00e1rio Oficial da Uni\u00e3o. O documento define as regras para a concess\u00e3o de bolsas para a [&hellip;]<\/p>\n","protected":false},"author":2,"featured_media":308514,"comment_status":"closed","ping_status":"closed","sticky":false,"template":"","format":"standard","meta":{"_acf_changed":false,"footnotes":""},"categories":[161],"tags":[],"class_list":["post-308513","post","type-post","status-publish","format-standard","has-post-thumbnail","hentry","category-quadradinho-em-foco"],"acf":[],"yoast_head":"<!-- This site is optimized with the Yoast SEO plugin v27.2 - https:\/\/yoast.com\/product\/yoast-seo-wordpress\/ -->\n<title>Iphan cria programa de bolsas para pesquisa do folclore - Notibras<\/title>\n<meta name=\"robots\" content=\"index, follow, max-snippet:-1, max-image-preview:large, max-video-preview:-1\" \/>\n<link rel=\"canonical\" href=\"https:\/\/www.notibras.com\/site\/iphan-cria-programa-de-bolsas-para-pesquisa-do-folclore\/\" \/>\n<meta property=\"og:locale\" content=\"pt_BR\" \/>\n<meta property=\"og:type\" content=\"article\" \/>\n<meta property=\"og:title\" content=\"Iphan cria programa de bolsas para pesquisa do folclore - Notibras\" \/>\n<meta property=\"og:description\" content=\"A portaria que cria o Programa de Incentivo \u00e0 Produ\u00e7\u00e3o do Conhecimento T\u00e9cnico e Cient\u00edfico do Centro Nacional de Folclore e Cultura Popular (CNFCP), do Instituto do Patrim\u00f4nio Hist\u00f3rico e Art\u00edstico Nacional (Iphan), foi publicada nesta segunda-feira (10), no Di\u00e1rio Oficial da Uni\u00e3o. O documento define as regras para a concess\u00e3o de bolsas para a [&hellip;]\" \/>\n<meta property=\"og:url\" content=\"https:\/\/www.notibras.com\/site\/iphan-cria-programa-de-bolsas-para-pesquisa-do-folclore\/\" \/>\n<meta property=\"og:site_name\" content=\"Notibras\" \/>\n<meta property=\"article:publisher\" content=\"https:\/\/www.facebook.com\/notibras\/\" \/>\n<meta property=\"article:published_time\" content=\"2023-07-11T03:00:47+00:00\" \/>\n<meta property=\"article:modified_time\" content=\"2023-07-11T07:56:42+00:00\" \/>\n<meta property=\"og:image\" content=\"https:\/\/www.notibras.com\/site\/wp-content\/uploads\/2023\/07\/2006_ma_boi_de_guimaraes_edgar_rocha_8_0.jpg\" \/>\n\t<meta property=\"og:image:width\" content=\"1170\" \/>\n\t<meta property=\"og:image:height\" content=\"700\" \/>\n\t<meta property=\"og:image:type\" content=\"image\/jpeg\" \/>\n<meta name=\"author\" content=\"Reda\u00e7\u00e3o\" \/>\n<meta name=\"twitter:card\" content=\"summary_large_image\" \/>\n<meta name=\"twitter:creator\" content=\"@Notibras\" \/>\n<meta name=\"twitter:site\" content=\"@Notibras\" \/>\n<meta name=\"twitter:label1\" content=\"Escrito por\" \/>\n\t<meta name=\"twitter:data1\" content=\"Reda\u00e7\u00e3o\" \/>\n\t<meta name=\"twitter:label2\" content=\"Est. tempo de leitura\" \/>\n\t<meta name=\"twitter:data2\" content=\"2 minutos\" \/>\n<script type=\"application\/ld+json\" class=\"yoast-schema-graph\">{\"@context\":\"https:\/\/schema.org\",\"@graph\":[{\"@type\":\"Article\",\"@id\":\"https:\/\/www.notibras.com\/site\/iphan-cria-programa-de-bolsas-para-pesquisa-do-folclore\/#article\",\"isPartOf\":{\"@id\":\"https:\/\/www.notibras.com\/site\/iphan-cria-programa-de-bolsas-para-pesquisa-do-folclore\/\"},\"author\":{\"name\":\"Reda\u00e7\u00e3o\",\"@id\":\"https:\/\/www.notibras.com\/site\/#\/schema\/person\/36ab0979449956132d3e5b517ea76ac8\"},\"headline\":\"Iphan cria programa de bolsas para pesquisa do folclore\",\"datePublished\":\"2023-07-11T03:00:47+00:00\",\"dateModified\":\"2023-07-11T07:56:42+00:00\",\"mainEntityOfPage\":{\"@id\":\"https:\/\/www.notibras.com\/site\/iphan-cria-programa-de-bolsas-para-pesquisa-do-folclore\/\"},\"wordCount\":401,\"publisher\":{\"@id\":\"https:\/\/www.notibras.com\/site\/#organization\"},\"image\":{\"@id\":\"https:\/\/www.notibras.com\/site\/iphan-cria-programa-de-bolsas-para-pesquisa-do-folclore\/#primaryimage\"},\"thumbnailUrl\":\"https:\/\/www.notibras.com\/site\/wp-content\/uploads\/2023\/07\/2006_ma_boi_de_guimaraes_edgar_rocha_8_0.jpg\",\"articleSection\":[\"Quadradinho em Foco\"],\"inLanguage\":\"pt-BR\"},{\"@type\":\"WebPage\",\"@id\":\"https:\/\/www.notibras.com\/site\/iphan-cria-programa-de-bolsas-para-pesquisa-do-folclore\/\",\"url\":\"https:\/\/www.notibras.com\/site\/iphan-cria-programa-de-bolsas-para-pesquisa-do-folclore\/\",\"name\":\"Iphan cria programa de bolsas para pesquisa do folclore - Notibras\",\"isPartOf\":{\"@id\":\"https:\/\/www.notibras.com\/site\/#website\"},\"primaryImageOfPage\":{\"@id\":\"https:\/\/www.notibras.com\/site\/iphan-cria-programa-de-bolsas-para-pesquisa-do-folclore\/#primaryimage\"},\"image\":{\"@id\":\"https:\/\/www.notibras.com\/site\/iphan-cria-programa-de-bolsas-para-pesquisa-do-folclore\/#primaryimage\"},\"thumbnailUrl\":\"https:\/\/www.notibras.com\/site\/wp-content\/uploads\/2023\/07\/2006_ma_boi_de_guimaraes_edgar_rocha_8_0.jpg\",\"datePublished\":\"2023-07-11T03:00:47+00:00\",\"dateModified\":\"2023-07-11T07:56:42+00:00\",\"breadcrumb\":{\"@id\":\"https:\/\/www.notibras.com\/site\/iphan-cria-programa-de-bolsas-para-pesquisa-do-folclore\/#breadcrumb\"},\"inLanguage\":\"pt-BR\",\"potentialAction\":[{\"@type\":\"ReadAction\",\"target\":[\"https:\/\/www.notibras.com\/site\/iphan-cria-programa-de-bolsas-para-pesquisa-do-folclore\/\"]}]},{\"@type\":\"ImageObject\",\"inLanguage\":\"pt-BR\",\"@id\":\"https:\/\/www.notibras.com\/site\/iphan-cria-programa-de-bolsas-para-pesquisa-do-folclore\/#primaryimage\",\"url\":\"https:\/\/www.notibras.com\/site\/wp-content\/uploads\/2023\/07\/2006_ma_boi_de_guimaraes_edgar_rocha_8_0.jpg\",\"contentUrl\":\"https:\/\/www.notibras.com\/site\/wp-content\/uploads\/2023\/07\/2006_ma_boi_de_guimaraes_edgar_rocha_8_0.jpg\",\"width\":1170,\"height\":700,\"caption\":\"Bumba Meu Boi\"},{\"@type\":\"BreadcrumbList\",\"@id\":\"https:\/\/www.notibras.com\/site\/iphan-cria-programa-de-bolsas-para-pesquisa-do-folclore\/#breadcrumb\",\"itemListElement\":[{\"@type\":\"ListItem\",\"position\":1,\"name\":\"In\u00edcio\",\"item\":\"https:\/\/www.notibras.com\/site\/\"},{\"@type\":\"ListItem\",\"position\":2,\"name\":\"Iphan cria programa de bolsas para pesquisa do folclore\"}]},{\"@type\":\"WebSite\",\"@id\":\"https:\/\/www.notibras.com\/site\/#website\",\"url\":\"https:\/\/www.notibras.com\/site\/\",\"name\":\"Notibras\",\"description\":\"Not\u00edcias de Bras\u00edlia, do Brasil e do Mundo\",\"publisher\":{\"@id\":\"https:\/\/www.notibras.com\/site\/#organization\"},\"potentialAction\":[{\"@type\":\"SearchAction\",\"target\":{\"@type\":\"EntryPoint\",\"urlTemplate\":\"https:\/\/www.notibras.com\/site\/?s={search_term_string}\"},\"query-input\":{\"@type\":\"PropertyValueSpecification\",\"valueRequired\":true,\"valueName\":\"search_term_string\"}}],\"inLanguage\":\"pt-BR\"},{\"@type\":\"Organization\",\"@id\":\"https:\/\/www.notibras.com\/site\/#organization\",\"name\":\"Grupo Notibras de Comunica\u00e7\u00e3o\",\"url\":\"https:\/\/www.notibras.com\/site\/\",\"logo\":{\"@type\":\"ImageObject\",\"inLanguage\":\"pt-BR\",\"@id\":\"https:\/\/www.notibras.com\/site\/#\/schema\/logo\/image\/\",\"url\":\"https:\/\/www.notibras.com\/site\/wp-content\/uploads\/2023\/01\/notibras23.png\",\"contentUrl\":\"https:\/\/www.notibras.com\/site\/wp-content\/uploads\/2023\/01\/notibras23.png\",\"width\":350,\"height\":87,\"caption\":\"Grupo Notibras de Comunica\u00e7\u00e3o\"},\"image\":{\"@id\":\"https:\/\/www.notibras.com\/site\/#\/schema\/logo\/image\/\"},\"sameAs\":[\"https:\/\/www.facebook.com\/notibras\/\",\"https:\/\/x.com\/Notibras\",\"https:\/\/www.instagram.com\/notibras\/\"]},{\"@type\":\"Person\",\"@id\":\"https:\/\/www.notibras.com\/site\/#\/schema\/person\/36ab0979449956132d3e5b517ea76ac8\",\"name\":\"Reda\u00e7\u00e3o\",\"image\":{\"@type\":\"ImageObject\",\"inLanguage\":\"pt-BR\",\"@id\":\"https:\/\/secure.gravatar.com\/avatar\/e0a867bdedb85fd243eadf09663511f96fc81e0720a4a42581f334ad4303aa6b?s=96&d=mm&r=g\",\"url\":\"https:\/\/secure.gravatar.com\/avatar\/e0a867bdedb85fd243eadf09663511f96fc81e0720a4a42581f334ad4303aa6b?s=96&d=mm&r=g\",\"contentUrl\":\"https:\/\/secure.gravatar.com\/avatar\/e0a867bdedb85fd243eadf09663511f96fc81e0720a4a42581f334ad4303aa6b?s=96&d=mm&r=g\",\"caption\":\"Reda\u00e7\u00e3o\"}}]}<\/script>\n<!-- \/ Yoast SEO plugin. -->","yoast_head_json":{"title":"Iphan cria programa de bolsas para pesquisa do folclore - Notibras","robots":{"index":"index","follow":"follow","max-snippet":"max-snippet:-1","max-image-preview":"max-image-preview:large","max-video-preview":"max-video-preview:-1"},"canonical":"https:\/\/www.notibras.com\/site\/iphan-cria-programa-de-bolsas-para-pesquisa-do-folclore\/","og_locale":"pt_BR","og_type":"article","og_title":"Iphan cria programa de bolsas para pesquisa do folclore - Notibras","og_description":"A portaria que cria o Programa de Incentivo \u00e0 Produ\u00e7\u00e3o do Conhecimento T\u00e9cnico e Cient\u00edfico do Centro Nacional de Folclore e Cultura Popular (CNFCP), do Instituto do Patrim\u00f4nio Hist\u00f3rico e Art\u00edstico Nacional (Iphan), foi publicada nesta segunda-feira (10), no Di\u00e1rio Oficial da Uni\u00e3o. O documento define as regras para a concess\u00e3o de bolsas para a [&hellip;]","og_url":"https:\/\/www.notibras.com\/site\/iphan-cria-programa-de-bolsas-para-pesquisa-do-folclore\/","og_site_name":"Notibras","article_publisher":"https:\/\/www.facebook.com\/notibras\/","article_published_time":"2023-07-11T03:00:47+00:00","article_modified_time":"2023-07-11T07:56:42+00:00","og_image":[{"width":1170,"height":700,"url":"https:\/\/www.notibras.com\/site\/wp-content\/uploads\/2023\/07\/2006_ma_boi_de_guimaraes_edgar_rocha_8_0.jpg","type":"image\/jpeg"}],"author":"Reda\u00e7\u00e3o","twitter_card":"summary_large_image","twitter_creator":"@Notibras","twitter_site":"@Notibras","twitter_misc":{"Escrito por":"Reda\u00e7\u00e3o","Est. tempo de leitura":"2 minutos"},"schema":{"@context":"https:\/\/schema.org","@graph":[{"@type":"Article","@id":"https:\/\/www.notibras.com\/site\/iphan-cria-programa-de-bolsas-para-pesquisa-do-folclore\/#article","isPartOf":{"@id":"https:\/\/www.notibras.com\/site\/iphan-cria-programa-de-bolsas-para-pesquisa-do-folclore\/"},"author":{"name":"Reda\u00e7\u00e3o","@id":"https:\/\/www.notibras.com\/site\/#\/schema\/person\/36ab0979449956132d3e5b517ea76ac8"},"headline":"Iphan cria programa de bolsas para pesquisa do folclore","datePublished":"2023-07-11T03:00:47+00:00","dateModified":"2023-07-11T07:56:42+00:00","mainEntityOfPage":{"@id":"https:\/\/www.notibras.com\/site\/iphan-cria-programa-de-bolsas-para-pesquisa-do-folclore\/"},"wordCount":401,"publisher":{"@id":"https:\/\/www.notibras.com\/site\/#organization"},"image":{"@id":"https:\/\/www.notibras.com\/site\/iphan-cria-programa-de-bolsas-para-pesquisa-do-folclore\/#primaryimage"},"thumbnailUrl":"https:\/\/www.notibras.com\/site\/wp-content\/uploads\/2023\/07\/2006_ma_boi_de_guimaraes_edgar_rocha_8_0.jpg","articleSection":["Quadradinho em Foco"],"inLanguage":"pt-BR"},{"@type":"WebPage","@id":"https:\/\/www.notibras.com\/site\/iphan-cria-programa-de-bolsas-para-pesquisa-do-folclore\/","url":"https:\/\/www.notibras.com\/site\/iphan-cria-programa-de-bolsas-para-pesquisa-do-folclore\/","name":"Iphan cria programa de bolsas para pesquisa do folclore - Notibras","isPartOf":{"@id":"https:\/\/www.notibras.com\/site\/#website"},"primaryImageOfPage":{"@id":"https:\/\/www.notibras.com\/site\/iphan-cria-programa-de-bolsas-para-pesquisa-do-folclore\/#primaryimage"},"image":{"@id":"https:\/\/www.notibras.com\/site\/iphan-cria-programa-de-bolsas-para-pesquisa-do-folclore\/#primaryimage"},"thumbnailUrl":"https:\/\/www.notibras.com\/site\/wp-content\/uploads\/2023\/07\/2006_ma_boi_de_guimaraes_edgar_rocha_8_0.jpg","datePublished":"2023-07-11T03:00:47+00:00","dateModified":"2023-07-11T07:56:42+00:00","breadcrumb":{"@id":"https:\/\/www.notibras.com\/site\/iphan-cria-programa-de-bolsas-para-pesquisa-do-folclore\/#breadcrumb"},"inLanguage":"pt-BR","potentialAction":[{"@type":"ReadAction","target":["https:\/\/www.notibras.com\/site\/iphan-cria-programa-de-bolsas-para-pesquisa-do-folclore\/"]}]},{"@type":"ImageObject","inLanguage":"pt-BR","@id":"https:\/\/www.notibras.com\/site\/iphan-cria-programa-de-bolsas-para-pesquisa-do-folclore\/#primaryimage","url":"https:\/\/www.notibras.com\/site\/wp-content\/uploads\/2023\/07\/2006_ma_boi_de_guimaraes_edgar_rocha_8_0.jpg","contentUrl":"https:\/\/www.notibras.com\/site\/wp-content\/uploads\/2023\/07\/2006_ma_boi_de_guimaraes_edgar_rocha_8_0.jpg","width":1170,"height":700,"caption":"Bumba Meu Boi"},{"@type":"BreadcrumbList","@id":"https:\/\/www.notibras.com\/site\/iphan-cria-programa-de-bolsas-para-pesquisa-do-folclore\/#breadcrumb","itemListElement":[{"@type":"ListItem","position":1,"name":"In\u00edcio","item":"https:\/\/www.notibras.com\/site\/"},{"@type":"ListItem","position":2,"name":"Iphan cria programa de bolsas para pesquisa do folclore"}]},{"@type":"WebSite","@id":"https:\/\/www.notibras.com\/site\/#website","url":"https:\/\/www.notibras.com\/site\/","name":"Notibras","description":"Not\u00edcias de Bras\u00edlia, do Brasil e do Mundo","publisher":{"@id":"https:\/\/www.notibras.com\/site\/#organization"},"potentialAction":[{"@type":"SearchAction","target":{"@type":"EntryPoint","urlTemplate":"https:\/\/www.notibras.com\/site\/?s={search_term_string}"},"query-input":{"@type":"PropertyValueSpecification","valueRequired":true,"valueName":"search_term_string"}}],"inLanguage":"pt-BR"},{"@type":"Organization","@id":"https:\/\/www.notibras.com\/site\/#organization","name":"Grupo Notibras de Comunica\u00e7\u00e3o","url":"https:\/\/www.notibras.com\/site\/","logo":{"@type":"ImageObject","inLanguage":"pt-BR","@id":"https:\/\/www.notibras.com\/site\/#\/schema\/logo\/image\/","url":"https:\/\/www.notibras.com\/site\/wp-content\/uploads\/2023\/01\/notibras23.png","contentUrl":"https:\/\/www.notibras.com\/site\/wp-content\/uploads\/2023\/01\/notibras23.png","width":350,"height":87,"caption":"Grupo Notibras de Comunica\u00e7\u00e3o"},"image":{"@id":"https:\/\/www.notibras.com\/site\/#\/schema\/logo\/image\/"},"sameAs":["https:\/\/www.facebook.com\/notibras\/","https:\/\/x.com\/Notibras","https:\/\/www.instagram.com\/notibras\/"]},{"@type":"Person","@id":"https:\/\/www.notibras.com\/site\/#\/schema\/person\/36ab0979449956132d3e5b517ea76ac8","name":"Reda\u00e7\u00e3o","image":{"@type":"ImageObject","inLanguage":"pt-BR","@id":"https:\/\/secure.gravatar.com\/avatar\/e0a867bdedb85fd243eadf09663511f96fc81e0720a4a42581f334ad4303aa6b?s=96&d=mm&r=g","url":"https:\/\/secure.gravatar.com\/avatar\/e0a867bdedb85fd243eadf09663511f96fc81e0720a4a42581f334ad4303aa6b?s=96&d=mm&r=g","contentUrl":"https:\/\/secure.gravatar.com\/avatar\/e0a867bdedb85fd243eadf09663511f96fc81e0720a4a42581f334ad4303aa6b?s=96&d=mm&r=g","caption":"Reda\u00e7\u00e3o"}}]}},"amp_enabled":true,"_links":{"self":[{"href":"https:\/\/www.notibras.com\/site\/wp-json\/wp\/v2\/posts\/308513","targetHints":{"allow":["GET"]}}],"collection":[{"href":"https:\/\/www.notibras.com\/site\/wp-json\/wp\/v2\/posts"}],"about":[{"href":"https:\/\/www.notibras.com\/site\/wp-json\/wp\/v2\/types\/post"}],"author":[{"embeddable":true,"href":"https:\/\/www.notibras.com\/site\/wp-json\/wp\/v2\/users\/2"}],"replies":[{"embeddable":true,"href":"https:\/\/www.notibras.com\/site\/wp-json\/wp\/v2\/comments?post=308513"}],"version-history":[{"count":1,"href":"https:\/\/www.notibras.com\/site\/wp-json\/wp\/v2\/posts\/308513\/revisions"}],"predecessor-version":[{"id":308515,"href":"https:\/\/www.notibras.com\/site\/wp-json\/wp\/v2\/posts\/308513\/revisions\/308515"}],"wp:featuredmedia":[{"embeddable":true,"href":"https:\/\/www.notibras.com\/site\/wp-json\/wp\/v2\/media\/308514"}],"wp:attachment":[{"href":"https:\/\/www.notibras.com\/site\/wp-json\/wp\/v2\/media?parent=308513"}],"wp:term":[{"taxonomy":"category","embeddable":true,"href":"https:\/\/www.notibras.com\/site\/wp-json\/wp\/v2\/categories?post=308513"},{"taxonomy":"post_tag","embeddable":true,"href":"https:\/\/www.notibras.com\/site\/wp-json\/wp\/v2\/tags?post=308513"}],"curies":[{"name":"wp","href":"https:\/\/api.w.org\/{rel}","templated":true}]}}