{"id":308518,"date":"2023-07-11T00:01:16","date_gmt":"2023-07-11T03:01:16","guid":{"rendered":"https:\/\/www.notibras.com\/site\/?p=308518"},"modified":"2023-07-11T05:13:17","modified_gmt":"2023-07-11T08:13:17","slug":"regulamentacao-protege-mae-e-bebe-na-hora-da-adocao","status":"publish","type":"post","link":"https:\/\/www.notibras.com\/site\/regulamentacao-protege-mae-e-bebe-na-hora-da-adocao\/","title":{"rendered":"Regulamenta\u00e7\u00e3o protege m\u00e3e e beb\u00ea na hora da ado\u00e7\u00e3o"},"content":{"rendered":"<p>A entrega volunt\u00e1ria de beb\u00eas rec\u00e9m-nascidos para ado\u00e7\u00e3o \u00e9 garantida legalmente e regulamentada pela Lei da Ado\u00e7\u00e3o (13.509\/2017), que alterou o Estatuto da Crian\u00e7a e do Adolescente (ECA). A mudan\u00e7a incluiu a chamada \u201centrega volunt\u00e1ria\u201d, possibilidade de uma gestante ou m\u00e3e entregar seu filho para ado\u00e7\u00e3o, em um procedimento assistido pela Justi\u00e7a da Inf\u00e2ncia e Juventude.<\/p>\n<p>No Brasil, em 2021 foram registradas 1.312 entregas volunt\u00e1rias no pa\u00eds, n\u00famero que subiu para 1.667 em 2022, o que representa de quatro a cinco casos por dia.<\/p>\n<p>A defensora p\u00fablica Simone Moreira de Souza, explica que as m\u00e3es colocam seus filhos para ado\u00e7\u00e3o para que tenham uma vida e um futuro seguros, e que a entrega clandestina ocorre por medo de julgamento e cr\u00edticas.<\/p>\n<p>\u201cNa maioria das vezes, s\u00e3o mulheres s\u00f3s, pretas, sem nenhum amparo, que n\u00e3o conseguem exercer a maternidade. A entrega protegida permite \u00e0 m\u00e3e biol\u00f3gica abdicar do filho legalmente, sem se expor num momento t\u00e3o delicado e que, quase sempre, \u00e9 de absoluta solid\u00e3o, s\u00e3o crian\u00e7as que estariam hipervulner\u00e1veis se as m\u00e3es n\u00e3o tivessem tal atitude. Muitas dessas mulheres relatam que a entrega para ado\u00e7\u00e3o \u00e9 um &#8216;ato de amor&#8217;\u201d , salienta a defensora.<\/p>\n<p><strong>Abordagem humanizada<\/strong><br \/>\nO artigo 19-A do ECA determina que gestantes ou m\u00e3es que demonstrem interesse em entregar seu filho para ado\u00e7\u00e3o dever\u00e3o ser encaminhadas para a Justi\u00e7a da Inf\u00e2ncia e Juventude, \u00f3rg\u00e3o que dever\u00e1 realizar o processo para busca de fam\u00edlia extensa, termo utilizado pela Justi\u00e7a para designar parentes ou familiares pr\u00f3ximos.<\/p>\n<p>Em mar\u00e7o deste ano, entrou em vigor a Resolu\u00e7\u00e3o n\u00ba 485\/2023, do Conselho Nacional de Justi\u00e7a (CNJ), que regulamenta as diretrizes para atendimento adequado de gestantes que manifestem desejo de entregar filhos rec\u00e9m-nascidos para ado\u00e7\u00e3o.<\/p>\n<p>Desde o momento em que declara querer entregar o rec\u00e9m-nascido, a m\u00e3e deve ser assistida por uma equipe multidisciplinar capaz de ampar\u00e1-la e ao beb\u00ea. O CNJ prev\u00ea um tratamento acolhedor e humanizado, que evite constrangimentos \u00e0 m\u00e3e e garanta os direitos da crian\u00e7a, e cabe aos tribunais de justi\u00e7a respeitar estes procedimentos, inclusive o sigilo do processo.<\/p>\n<p>\u201cMesmo nos casos em que a m\u00e3e biol\u00f3gica pede sigilo absoluto sobre sua identidade, os filhos, quando crescidos, podem pedir autoriza\u00e7\u00e3o judicial para ter acesso aos dados dispon\u00edveis no processo\u201d, ressalta Souza.<\/p>\n","protected":false},"excerpt":{"rendered":"<p>A entrega volunt\u00e1ria de beb\u00eas rec\u00e9m-nascidos para ado\u00e7\u00e3o \u00e9 garantida legalmente e regulamentada pela Lei da Ado\u00e7\u00e3o (13.509\/2017), que alterou o Estatuto da Crian\u00e7a e do Adolescente (ECA). A mudan\u00e7a incluiu a chamada \u201centrega volunt\u00e1ria\u201d, possibilidade de uma gestante ou m\u00e3e entregar seu filho para ado\u00e7\u00e3o, em um procedimento assistido pela Justi\u00e7a da Inf\u00e2ncia e [&hellip;]<\/p>\n","protected":false},"author":2,"featured_media":308519,"comment_status":"closed","ping_status":"closed","sticky":false,"template":"","format":"standard","meta":{"_acf_changed":false,"footnotes":""},"categories":[161],"tags":[],"class_list":["post-308518","post","type-post","status-publish","format-standard","has-post-thumbnail","hentry","category-quadradinho-em-foco"],"acf":[],"yoast_head":"<!-- This site is optimized with the Yoast SEO plugin v27.2 - https:\/\/yoast.com\/product\/yoast-seo-wordpress\/ -->\n<title>Regulamenta\u00e7\u00e3o protege m\u00e3e e beb\u00ea na hora da ado\u00e7\u00e3o - Notibras<\/title>\n<meta name=\"robots\" content=\"index, follow, max-snippet:-1, max-image-preview:large, max-video-preview:-1\" \/>\n<link rel=\"canonical\" href=\"https:\/\/www.notibras.com\/site\/regulamentacao-protege-mae-e-bebe-na-hora-da-adocao\/\" \/>\n<meta property=\"og:locale\" content=\"pt_BR\" \/>\n<meta property=\"og:type\" content=\"article\" \/>\n<meta property=\"og:title\" content=\"Regulamenta\u00e7\u00e3o protege m\u00e3e e beb\u00ea na hora da ado\u00e7\u00e3o - Notibras\" \/>\n<meta property=\"og:description\" content=\"A entrega volunt\u00e1ria de beb\u00eas rec\u00e9m-nascidos para ado\u00e7\u00e3o \u00e9 garantida legalmente e regulamentada pela Lei da Ado\u00e7\u00e3o (13.509\/2017), que alterou o Estatuto da Crian\u00e7a e do Adolescente (ECA). A mudan\u00e7a incluiu a chamada \u201centrega volunt\u00e1ria\u201d, possibilidade de uma gestante ou m\u00e3e entregar seu filho para ado\u00e7\u00e3o, em um procedimento assistido pela Justi\u00e7a da Inf\u00e2ncia e [&hellip;]\" \/>\n<meta property=\"og:url\" content=\"https:\/\/www.notibras.com\/site\/regulamentacao-protege-mae-e-bebe-na-hora-da-adocao\/\" \/>\n<meta property=\"og:site_name\" content=\"Notibras\" \/>\n<meta property=\"article:publisher\" content=\"https:\/\/www.facebook.com\/notibras\/\" \/>\n<meta property=\"article:published_time\" content=\"2023-07-11T03:01:16+00:00\" \/>\n<meta property=\"article:modified_time\" content=\"2023-07-11T08:13:17+00:00\" \/>\n<meta property=\"og:image\" content=\"https:\/\/www.notibras.com\/site\/wp-content\/uploads\/2023\/07\/whatsapp_image_2022-04-30_at_5.06.33_pm.jpeg\" \/>\n\t<meta property=\"og:image:width\" content=\"1170\" \/>\n\t<meta property=\"og:image:height\" content=\"700\" \/>\n\t<meta property=\"og:image:type\" content=\"image\/jpeg\" \/>\n<meta name=\"author\" content=\"Reda\u00e7\u00e3o\" \/>\n<meta name=\"twitter:card\" content=\"summary_large_image\" \/>\n<meta name=\"twitter:creator\" content=\"@Notibras\" \/>\n<meta name=\"twitter:site\" content=\"@Notibras\" \/>\n<meta name=\"twitter:label1\" content=\"Escrito por\" \/>\n\t<meta name=\"twitter:data1\" content=\"Reda\u00e7\u00e3o\" \/>\n\t<meta name=\"twitter:label2\" content=\"Est. tempo de leitura\" \/>\n\t<meta name=\"twitter:data2\" content=\"3 minutos\" \/>\n<script type=\"application\/ld+json\" class=\"yoast-schema-graph\">{\"@context\":\"https:\/\/schema.org\",\"@graph\":[{\"@type\":\"Article\",\"@id\":\"https:\/\/www.notibras.com\/site\/regulamentacao-protege-mae-e-bebe-na-hora-da-adocao\/#article\",\"isPartOf\":{\"@id\":\"https:\/\/www.notibras.com\/site\/regulamentacao-protege-mae-e-bebe-na-hora-da-adocao\/\"},\"author\":{\"name\":\"Reda\u00e7\u00e3o\",\"@id\":\"https:\/\/www.notibras.com\/site\/#\/schema\/person\/36ab0979449956132d3e5b517ea76ac8\"},\"headline\":\"Regulamenta\u00e7\u00e3o protege m\u00e3e e beb\u00ea na hora da ado\u00e7\u00e3o\",\"datePublished\":\"2023-07-11T03:01:16+00:00\",\"dateModified\":\"2023-07-11T08:13:17+00:00\",\"mainEntityOfPage\":{\"@id\":\"https:\/\/www.notibras.com\/site\/regulamentacao-protege-mae-e-bebe-na-hora-da-adocao\/\"},\"wordCount\":427,\"publisher\":{\"@id\":\"https:\/\/www.notibras.com\/site\/#organization\"},\"image\":{\"@id\":\"https:\/\/www.notibras.com\/site\/regulamentacao-protege-mae-e-bebe-na-hora-da-adocao\/#primaryimage\"},\"thumbnailUrl\":\"https:\/\/www.notibras.com\/site\/wp-content\/uploads\/2023\/07\/whatsapp_image_2022-04-30_at_5.06.33_pm.jpeg\",\"articleSection\":[\"Quadradinho em Foco\"],\"inLanguage\":\"pt-BR\"},{\"@type\":\"WebPage\",\"@id\":\"https:\/\/www.notibras.com\/site\/regulamentacao-protege-mae-e-bebe-na-hora-da-adocao\/\",\"url\":\"https:\/\/www.notibras.com\/site\/regulamentacao-protege-mae-e-bebe-na-hora-da-adocao\/\",\"name\":\"Regulamenta\u00e7\u00e3o protege m\u00e3e e beb\u00ea na hora da ado\u00e7\u00e3o - Notibras\",\"isPartOf\":{\"@id\":\"https:\/\/www.notibras.com\/site\/#website\"},\"primaryImageOfPage\":{\"@id\":\"https:\/\/www.notibras.com\/site\/regulamentacao-protege-mae-e-bebe-na-hora-da-adocao\/#primaryimage\"},\"image\":{\"@id\":\"https:\/\/www.notibras.com\/site\/regulamentacao-protege-mae-e-bebe-na-hora-da-adocao\/#primaryimage\"},\"thumbnailUrl\":\"https:\/\/www.notibras.com\/site\/wp-content\/uploads\/2023\/07\/whatsapp_image_2022-04-30_at_5.06.33_pm.jpeg\",\"datePublished\":\"2023-07-11T03:01:16+00:00\",\"dateModified\":\"2023-07-11T08:13:17+00:00\",\"breadcrumb\":{\"@id\":\"https:\/\/www.notibras.com\/site\/regulamentacao-protege-mae-e-bebe-na-hora-da-adocao\/#breadcrumb\"},\"inLanguage\":\"pt-BR\",\"potentialAction\":[{\"@type\":\"ReadAction\",\"target\":[\"https:\/\/www.notibras.com\/site\/regulamentacao-protege-mae-e-bebe-na-hora-da-adocao\/\"]}]},{\"@type\":\"ImageObject\",\"inLanguage\":\"pt-BR\",\"@id\":\"https:\/\/www.notibras.com\/site\/regulamentacao-protege-mae-e-bebe-na-hora-da-adocao\/#primaryimage\",\"url\":\"https:\/\/www.notibras.com\/site\/wp-content\/uploads\/2023\/07\/whatsapp_image_2022-04-30_at_5.06.33_pm.jpeg\",\"contentUrl\":\"https:\/\/www.notibras.com\/site\/wp-content\/uploads\/2023\/07\/whatsapp_image_2022-04-30_at_5.06.33_pm.jpeg\",\"width\":1170,\"height\":700,\"caption\":\"Casais gays podem ter beb\u00eas com material gen\u00e9tico dos dois pais\"},{\"@type\":\"BreadcrumbList\",\"@id\":\"https:\/\/www.notibras.com\/site\/regulamentacao-protege-mae-e-bebe-na-hora-da-adocao\/#breadcrumb\",\"itemListElement\":[{\"@type\":\"ListItem\",\"position\":1,\"name\":\"In\u00edcio\",\"item\":\"https:\/\/www.notibras.com\/site\/\"},{\"@type\":\"ListItem\",\"position\":2,\"name\":\"Regulamenta\u00e7\u00e3o protege m\u00e3e e beb\u00ea na hora da ado\u00e7\u00e3o\"}]},{\"@type\":\"WebSite\",\"@id\":\"https:\/\/www.notibras.com\/site\/#website\",\"url\":\"https:\/\/www.notibras.com\/site\/\",\"name\":\"Notibras\",\"description\":\"Not\u00edcias de Bras\u00edlia, do Brasil e do Mundo\",\"publisher\":{\"@id\":\"https:\/\/www.notibras.com\/site\/#organization\"},\"potentialAction\":[{\"@type\":\"SearchAction\",\"target\":{\"@type\":\"EntryPoint\",\"urlTemplate\":\"https:\/\/www.notibras.com\/site\/?s={search_term_string}\"},\"query-input\":{\"@type\":\"PropertyValueSpecification\",\"valueRequired\":true,\"valueName\":\"search_term_string\"}}],\"inLanguage\":\"pt-BR\"},{\"@type\":\"Organization\",\"@id\":\"https:\/\/www.notibras.com\/site\/#organization\",\"name\":\"Grupo Notibras de Comunica\u00e7\u00e3o\",\"url\":\"https:\/\/www.notibras.com\/site\/\",\"logo\":{\"@type\":\"ImageObject\",\"inLanguage\":\"pt-BR\",\"@id\":\"https:\/\/www.notibras.com\/site\/#\/schema\/logo\/image\/\",\"url\":\"https:\/\/www.notibras.com\/site\/wp-content\/uploads\/2023\/01\/notibras23.png\",\"contentUrl\":\"https:\/\/www.notibras.com\/site\/wp-content\/uploads\/2023\/01\/notibras23.png\",\"width\":350,\"height\":87,\"caption\":\"Grupo Notibras de Comunica\u00e7\u00e3o\"},\"image\":{\"@id\":\"https:\/\/www.notibras.com\/site\/#\/schema\/logo\/image\/\"},\"sameAs\":[\"https:\/\/www.facebook.com\/notibras\/\",\"https:\/\/x.com\/Notibras\",\"https:\/\/www.instagram.com\/notibras\/\"]},{\"@type\":\"Person\",\"@id\":\"https:\/\/www.notibras.com\/site\/#\/schema\/person\/36ab0979449956132d3e5b517ea76ac8\",\"name\":\"Reda\u00e7\u00e3o\",\"image\":{\"@type\":\"ImageObject\",\"inLanguage\":\"pt-BR\",\"@id\":\"https:\/\/secure.gravatar.com\/avatar\/e0a867bdedb85fd243eadf09663511f96fc81e0720a4a42581f334ad4303aa6b?s=96&d=mm&r=g\",\"url\":\"https:\/\/secure.gravatar.com\/avatar\/e0a867bdedb85fd243eadf09663511f96fc81e0720a4a42581f334ad4303aa6b?s=96&d=mm&r=g\",\"contentUrl\":\"https:\/\/secure.gravatar.com\/avatar\/e0a867bdedb85fd243eadf09663511f96fc81e0720a4a42581f334ad4303aa6b?s=96&d=mm&r=g\",\"caption\":\"Reda\u00e7\u00e3o\"}}]}<\/script>\n<!-- \/ Yoast SEO plugin. -->","yoast_head_json":{"title":"Regulamenta\u00e7\u00e3o protege m\u00e3e e beb\u00ea na hora da ado\u00e7\u00e3o - Notibras","robots":{"index":"index","follow":"follow","max-snippet":"max-snippet:-1","max-image-preview":"max-image-preview:large","max-video-preview":"max-video-preview:-1"},"canonical":"https:\/\/www.notibras.com\/site\/regulamentacao-protege-mae-e-bebe-na-hora-da-adocao\/","og_locale":"pt_BR","og_type":"article","og_title":"Regulamenta\u00e7\u00e3o protege m\u00e3e e beb\u00ea na hora da ado\u00e7\u00e3o - Notibras","og_description":"A entrega volunt\u00e1ria de beb\u00eas rec\u00e9m-nascidos para ado\u00e7\u00e3o \u00e9 garantida legalmente e regulamentada pela Lei da Ado\u00e7\u00e3o (13.509\/2017), que alterou o Estatuto da Crian\u00e7a e do Adolescente (ECA). A mudan\u00e7a incluiu a chamada \u201centrega volunt\u00e1ria\u201d, possibilidade de uma gestante ou m\u00e3e entregar seu filho para ado\u00e7\u00e3o, em um procedimento assistido pela Justi\u00e7a da Inf\u00e2ncia e [&hellip;]","og_url":"https:\/\/www.notibras.com\/site\/regulamentacao-protege-mae-e-bebe-na-hora-da-adocao\/","og_site_name":"Notibras","article_publisher":"https:\/\/www.facebook.com\/notibras\/","article_published_time":"2023-07-11T03:01:16+00:00","article_modified_time":"2023-07-11T08:13:17+00:00","og_image":[{"width":1170,"height":700,"url":"https:\/\/www.notibras.com\/site\/wp-content\/uploads\/2023\/07\/whatsapp_image_2022-04-30_at_5.06.33_pm.jpeg","type":"image\/jpeg"}],"author":"Reda\u00e7\u00e3o","twitter_card":"summary_large_image","twitter_creator":"@Notibras","twitter_site":"@Notibras","twitter_misc":{"Escrito por":"Reda\u00e7\u00e3o","Est. tempo de leitura":"3 minutos"},"schema":{"@context":"https:\/\/schema.org","@graph":[{"@type":"Article","@id":"https:\/\/www.notibras.com\/site\/regulamentacao-protege-mae-e-bebe-na-hora-da-adocao\/#article","isPartOf":{"@id":"https:\/\/www.notibras.com\/site\/regulamentacao-protege-mae-e-bebe-na-hora-da-adocao\/"},"author":{"name":"Reda\u00e7\u00e3o","@id":"https:\/\/www.notibras.com\/site\/#\/schema\/person\/36ab0979449956132d3e5b517ea76ac8"},"headline":"Regulamenta\u00e7\u00e3o protege m\u00e3e e beb\u00ea na hora da ado\u00e7\u00e3o","datePublished":"2023-07-11T03:01:16+00:00","dateModified":"2023-07-11T08:13:17+00:00","mainEntityOfPage":{"@id":"https:\/\/www.notibras.com\/site\/regulamentacao-protege-mae-e-bebe-na-hora-da-adocao\/"},"wordCount":427,"publisher":{"@id":"https:\/\/www.notibras.com\/site\/#organization"},"image":{"@id":"https:\/\/www.notibras.com\/site\/regulamentacao-protege-mae-e-bebe-na-hora-da-adocao\/#primaryimage"},"thumbnailUrl":"https:\/\/www.notibras.com\/site\/wp-content\/uploads\/2023\/07\/whatsapp_image_2022-04-30_at_5.06.33_pm.jpeg","articleSection":["Quadradinho em Foco"],"inLanguage":"pt-BR"},{"@type":"WebPage","@id":"https:\/\/www.notibras.com\/site\/regulamentacao-protege-mae-e-bebe-na-hora-da-adocao\/","url":"https:\/\/www.notibras.com\/site\/regulamentacao-protege-mae-e-bebe-na-hora-da-adocao\/","name":"Regulamenta\u00e7\u00e3o protege m\u00e3e e beb\u00ea na hora da ado\u00e7\u00e3o - Notibras","isPartOf":{"@id":"https:\/\/www.notibras.com\/site\/#website"},"primaryImageOfPage":{"@id":"https:\/\/www.notibras.com\/site\/regulamentacao-protege-mae-e-bebe-na-hora-da-adocao\/#primaryimage"},"image":{"@id":"https:\/\/www.notibras.com\/site\/regulamentacao-protege-mae-e-bebe-na-hora-da-adocao\/#primaryimage"},"thumbnailUrl":"https:\/\/www.notibras.com\/site\/wp-content\/uploads\/2023\/07\/whatsapp_image_2022-04-30_at_5.06.33_pm.jpeg","datePublished":"2023-07-11T03:01:16+00:00","dateModified":"2023-07-11T08:13:17+00:00","breadcrumb":{"@id":"https:\/\/www.notibras.com\/site\/regulamentacao-protege-mae-e-bebe-na-hora-da-adocao\/#breadcrumb"},"inLanguage":"pt-BR","potentialAction":[{"@type":"ReadAction","target":["https:\/\/www.notibras.com\/site\/regulamentacao-protege-mae-e-bebe-na-hora-da-adocao\/"]}]},{"@type":"ImageObject","inLanguage":"pt-BR","@id":"https:\/\/www.notibras.com\/site\/regulamentacao-protege-mae-e-bebe-na-hora-da-adocao\/#primaryimage","url":"https:\/\/www.notibras.com\/site\/wp-content\/uploads\/2023\/07\/whatsapp_image_2022-04-30_at_5.06.33_pm.jpeg","contentUrl":"https:\/\/www.notibras.com\/site\/wp-content\/uploads\/2023\/07\/whatsapp_image_2022-04-30_at_5.06.33_pm.jpeg","width":1170,"height":700,"caption":"Casais gays podem ter beb\u00eas com material gen\u00e9tico dos dois pais"},{"@type":"BreadcrumbList","@id":"https:\/\/www.notibras.com\/site\/regulamentacao-protege-mae-e-bebe-na-hora-da-adocao\/#breadcrumb","itemListElement":[{"@type":"ListItem","position":1,"name":"In\u00edcio","item":"https:\/\/www.notibras.com\/site\/"},{"@type":"ListItem","position":2,"name":"Regulamenta\u00e7\u00e3o protege m\u00e3e e beb\u00ea na hora da ado\u00e7\u00e3o"}]},{"@type":"WebSite","@id":"https:\/\/www.notibras.com\/site\/#website","url":"https:\/\/www.notibras.com\/site\/","name":"Notibras","description":"Not\u00edcias de Bras\u00edlia, do Brasil e do Mundo","publisher":{"@id":"https:\/\/www.notibras.com\/site\/#organization"},"potentialAction":[{"@type":"SearchAction","target":{"@type":"EntryPoint","urlTemplate":"https:\/\/www.notibras.com\/site\/?s={search_term_string}"},"query-input":{"@type":"PropertyValueSpecification","valueRequired":true,"valueName":"search_term_string"}}],"inLanguage":"pt-BR"},{"@type":"Organization","@id":"https:\/\/www.notibras.com\/site\/#organization","name":"Grupo Notibras de Comunica\u00e7\u00e3o","url":"https:\/\/www.notibras.com\/site\/","logo":{"@type":"ImageObject","inLanguage":"pt-BR","@id":"https:\/\/www.notibras.com\/site\/#\/schema\/logo\/image\/","url":"https:\/\/www.notibras.com\/site\/wp-content\/uploads\/2023\/01\/notibras23.png","contentUrl":"https:\/\/www.notibras.com\/site\/wp-content\/uploads\/2023\/01\/notibras23.png","width":350,"height":87,"caption":"Grupo Notibras de Comunica\u00e7\u00e3o"},"image":{"@id":"https:\/\/www.notibras.com\/site\/#\/schema\/logo\/image\/"},"sameAs":["https:\/\/www.facebook.com\/notibras\/","https:\/\/x.com\/Notibras","https:\/\/www.instagram.com\/notibras\/"]},{"@type":"Person","@id":"https:\/\/www.notibras.com\/site\/#\/schema\/person\/36ab0979449956132d3e5b517ea76ac8","name":"Reda\u00e7\u00e3o","image":{"@type":"ImageObject","inLanguage":"pt-BR","@id":"https:\/\/secure.gravatar.com\/avatar\/e0a867bdedb85fd243eadf09663511f96fc81e0720a4a42581f334ad4303aa6b?s=96&d=mm&r=g","url":"https:\/\/secure.gravatar.com\/avatar\/e0a867bdedb85fd243eadf09663511f96fc81e0720a4a42581f334ad4303aa6b?s=96&d=mm&r=g","contentUrl":"https:\/\/secure.gravatar.com\/avatar\/e0a867bdedb85fd243eadf09663511f96fc81e0720a4a42581f334ad4303aa6b?s=96&d=mm&r=g","caption":"Reda\u00e7\u00e3o"}}]}},"amp_enabled":true,"_links":{"self":[{"href":"https:\/\/www.notibras.com\/site\/wp-json\/wp\/v2\/posts\/308518","targetHints":{"allow":["GET"]}}],"collection":[{"href":"https:\/\/www.notibras.com\/site\/wp-json\/wp\/v2\/posts"}],"about":[{"href":"https:\/\/www.notibras.com\/site\/wp-json\/wp\/v2\/types\/post"}],"author":[{"embeddable":true,"href":"https:\/\/www.notibras.com\/site\/wp-json\/wp\/v2\/users\/2"}],"replies":[{"embeddable":true,"href":"https:\/\/www.notibras.com\/site\/wp-json\/wp\/v2\/comments?post=308518"}],"version-history":[{"count":1,"href":"https:\/\/www.notibras.com\/site\/wp-json\/wp\/v2\/posts\/308518\/revisions"}],"predecessor-version":[{"id":308520,"href":"https:\/\/www.notibras.com\/site\/wp-json\/wp\/v2\/posts\/308518\/revisions\/308520"}],"wp:featuredmedia":[{"embeddable":true,"href":"https:\/\/www.notibras.com\/site\/wp-json\/wp\/v2\/media\/308519"}],"wp:attachment":[{"href":"https:\/\/www.notibras.com\/site\/wp-json\/wp\/v2\/media?parent=308518"}],"wp:term":[{"taxonomy":"category","embeddable":true,"href":"https:\/\/www.notibras.com\/site\/wp-json\/wp\/v2\/categories?post=308518"},{"taxonomy":"post_tag","embeddable":true,"href":"https:\/\/www.notibras.com\/site\/wp-json\/wp\/v2\/tags?post=308518"}],"curies":[{"name":"wp","href":"https:\/\/api.w.org\/{rel}","templated":true}]}}