{"id":308560,"date":"2023-07-11T15:47:37","date_gmt":"2023-07-11T18:47:37","guid":{"rendered":"https:\/\/www.notibras.com\/site\/?p=308560"},"modified":"2023-07-11T17:59:35","modified_gmt":"2023-07-11T20:59:35","slug":"mcdonalds-celebra-sabor-brasileiro-com-novo-brabo-empanado","status":"publish","type":"post","link":"https:\/\/www.notibras.com\/site\/mcdonalds-celebra-sabor-brasileiro-com-novo-brabo-empanado\/","title":{"rendered":"McDonald\u2019s celebra sabor brasileiro com novo Brabo Empanado"},"content":{"rendered":"<p>No aquecimento para a Copa do Mundo Feminina FIFA 2023, o McDonald\u2019s, patrocinador oficial do evento, apresenta o novo sandu\u00edche da plataforma Brabos do M\u00e9qui, que tem o gostinho do Brasil. O Brabo Empanado de Queijo Minas chega aos restaurantes nesta semana acompanhado do dono da voz que representa a paix\u00e3o do brasileiro pelo futebol: Galv\u00e3o Bueno.<\/p>\n<p>Com jarg\u00f5es j\u00e1 conhecidos do esporte, Galv\u00e3o apresenta a escala\u00e7\u00e3o campe\u00e3 do novo sandu\u00edche, que une a croc\u00e2ncia do empanado de queijo minas, ingrediente brasileiro e j\u00e1 conhecido dos consumidores, com a exclusiva maionese sabor carne defumada, a M\u00e9quinese. Para completar, alface e cebola crispy e hamburguer de carne 100% bovina, contando com a maior carne do M\u00e9qui, em um p\u00e3o tipo brioche. Um gola\u00e7o do M\u00e9qui!<\/p>\n<p>\u201cEscalamos nossos melhores ingredientes para criar essa edi\u00e7\u00e3o limitada com o sabor e a criatividade do Brasil, perfeito para completar com medalha de ouro a nossa plataforma de Brabos, que t\u00eam como principal caracter\u00edstica a indulg\u00eancia e a combina\u00e7\u00e3o de sabores de ingredientes especiais. E nesse lan\u00e7amento em clima de futebol, convocamos a voz que dita o ritmo da paix\u00e3o do brasileiro para comemorar com a gente cada mordida como se fosse um gol\u201d, explica S\u00e9rgio Eleut\u00e9rio, Diretor de Marketing do McDonald\u2019s no Brasil.<\/p>\n","protected":false},"excerpt":{"rendered":"<p>No aquecimento para a Copa do Mundo Feminina FIFA 2023, o McDonald\u2019s, patrocinador oficial do evento, apresenta o novo sandu\u00edche da plataforma Brabos do M\u00e9qui, que tem o gostinho do Brasil. O Brabo Empanado de Queijo Minas chega aos restaurantes nesta semana acompanhado do dono da voz que representa a paix\u00e3o do brasileiro pelo futebol: [&hellip;]<\/p>\n","protected":false},"author":2,"featured_media":308561,"comment_status":"closed","ping_status":"closed","sticky":false,"template":"","format":"standard","meta":{"_acf_changed":false,"footnotes":""},"categories":[161],"tags":[],"class_list":["post-308560","post","type-post","status-publish","format-standard","has-post-thumbnail","hentry","category-quadradinho-em-foco"],"acf":[],"yoast_head":"<!-- This site is optimized with the Yoast SEO plugin v27.2 - https:\/\/yoast.com\/product\/yoast-seo-wordpress\/ -->\n<title>McDonald\u2019s celebra sabor brasileiro com novo Brabo Empanado - Notibras<\/title>\n<meta name=\"robots\" content=\"index, follow, max-snippet:-1, max-image-preview:large, max-video-preview:-1\" \/>\n<link rel=\"canonical\" href=\"https:\/\/www.notibras.com\/site\/mcdonalds-celebra-sabor-brasileiro-com-novo-brabo-empanado\/\" \/>\n<meta property=\"og:locale\" content=\"pt_BR\" \/>\n<meta property=\"og:type\" content=\"article\" \/>\n<meta property=\"og:title\" content=\"McDonald\u2019s celebra sabor brasileiro com novo Brabo Empanado - Notibras\" \/>\n<meta property=\"og:description\" content=\"No aquecimento para a Copa do Mundo Feminina FIFA 2023, o McDonald\u2019s, patrocinador oficial do evento, apresenta o novo sandu\u00edche da plataforma Brabos do M\u00e9qui, que tem o gostinho do Brasil. O Brabo Empanado de Queijo Minas chega aos restaurantes nesta semana acompanhado do dono da voz que representa a paix\u00e3o do brasileiro pelo futebol: [&hellip;]\" \/>\n<meta property=\"og:url\" content=\"https:\/\/www.notibras.com\/site\/mcdonalds-celebra-sabor-brasileiro-com-novo-brabo-empanado\/\" \/>\n<meta property=\"og:site_name\" content=\"Notibras\" \/>\n<meta property=\"article:publisher\" content=\"https:\/\/www.facebook.com\/notibras\/\" \/>\n<meta property=\"article:published_time\" content=\"2023-07-11T18:47:37+00:00\" \/>\n<meta property=\"article:modified_time\" content=\"2023-07-11T20:59:35+00:00\" \/>\n<meta property=\"og:image\" content=\"https:\/\/www.notibras.com\/site\/wp-content\/uploads\/2023\/07\/unnamed-81.jpg\" \/>\n\t<meta property=\"og:image:width\" content=\"1280\" \/>\n\t<meta property=\"og:image:height\" content=\"906\" \/>\n\t<meta property=\"og:image:type\" content=\"image\/jpeg\" \/>\n<meta name=\"author\" content=\"Reda\u00e7\u00e3o\" \/>\n<meta name=\"twitter:card\" content=\"summary_large_image\" \/>\n<meta name=\"twitter:creator\" content=\"@Notibras\" \/>\n<meta name=\"twitter:site\" content=\"@Notibras\" \/>\n<meta name=\"twitter:label1\" content=\"Escrito por\" \/>\n\t<meta name=\"twitter:data1\" content=\"Reda\u00e7\u00e3o\" \/>\n\t<meta name=\"twitter:label2\" content=\"Est. tempo de leitura\" \/>\n\t<meta name=\"twitter:data2\" content=\"2 minutos\" \/>\n<script type=\"application\/ld+json\" class=\"yoast-schema-graph\">{\"@context\":\"https:\/\/schema.org\",\"@graph\":[{\"@type\":\"Article\",\"@id\":\"https:\/\/www.notibras.com\/site\/mcdonalds-celebra-sabor-brasileiro-com-novo-brabo-empanado\/#article\",\"isPartOf\":{\"@id\":\"https:\/\/www.notibras.com\/site\/mcdonalds-celebra-sabor-brasileiro-com-novo-brabo-empanado\/\"},\"author\":{\"name\":\"Reda\u00e7\u00e3o\",\"@id\":\"https:\/\/www.notibras.com\/site\/#\/schema\/person\/36ab0979449956132d3e5b517ea76ac8\"},\"headline\":\"McDonald\u2019s celebra sabor brasileiro com novo Brabo Empanado\",\"datePublished\":\"2023-07-11T18:47:37+00:00\",\"dateModified\":\"2023-07-11T20:59:35+00:00\",\"mainEntityOfPage\":{\"@id\":\"https:\/\/www.notibras.com\/site\/mcdonalds-celebra-sabor-brasileiro-com-novo-brabo-empanado\/\"},\"wordCount\":240,\"publisher\":{\"@id\":\"https:\/\/www.notibras.com\/site\/#organization\"},\"image\":{\"@id\":\"https:\/\/www.notibras.com\/site\/mcdonalds-celebra-sabor-brasileiro-com-novo-brabo-empanado\/#primaryimage\"},\"thumbnailUrl\":\"https:\/\/www.notibras.com\/site\/wp-content\/uploads\/2023\/07\/unnamed-81.jpg\",\"articleSection\":[\"Quadradinho em Foco\"],\"inLanguage\":\"pt-BR\"},{\"@type\":\"WebPage\",\"@id\":\"https:\/\/www.notibras.com\/site\/mcdonalds-celebra-sabor-brasileiro-com-novo-brabo-empanado\/\",\"url\":\"https:\/\/www.notibras.com\/site\/mcdonalds-celebra-sabor-brasileiro-com-novo-brabo-empanado\/\",\"name\":\"McDonald\u2019s celebra sabor brasileiro com novo Brabo Empanado - Notibras\",\"isPartOf\":{\"@id\":\"https:\/\/www.notibras.com\/site\/#website\"},\"primaryImageOfPage\":{\"@id\":\"https:\/\/www.notibras.com\/site\/mcdonalds-celebra-sabor-brasileiro-com-novo-brabo-empanado\/#primaryimage\"},\"image\":{\"@id\":\"https:\/\/www.notibras.com\/site\/mcdonalds-celebra-sabor-brasileiro-com-novo-brabo-empanado\/#primaryimage\"},\"thumbnailUrl\":\"https:\/\/www.notibras.com\/site\/wp-content\/uploads\/2023\/07\/unnamed-81.jpg\",\"datePublished\":\"2023-07-11T18:47:37+00:00\",\"dateModified\":\"2023-07-11T20:59:35+00:00\",\"breadcrumb\":{\"@id\":\"https:\/\/www.notibras.com\/site\/mcdonalds-celebra-sabor-brasileiro-com-novo-brabo-empanado\/#breadcrumb\"},\"inLanguage\":\"pt-BR\",\"potentialAction\":[{\"@type\":\"ReadAction\",\"target\":[\"https:\/\/www.notibras.com\/site\/mcdonalds-celebra-sabor-brasileiro-com-novo-brabo-empanado\/\"]}]},{\"@type\":\"ImageObject\",\"inLanguage\":\"pt-BR\",\"@id\":\"https:\/\/www.notibras.com\/site\/mcdonalds-celebra-sabor-brasileiro-com-novo-brabo-empanado\/#primaryimage\",\"url\":\"https:\/\/www.notibras.com\/site\/wp-content\/uploads\/2023\/07\/unnamed-81.jpg\",\"contentUrl\":\"https:\/\/www.notibras.com\/site\/wp-content\/uploads\/2023\/07\/unnamed-81.jpg\",\"width\":1280,\"height\":906},{\"@type\":\"BreadcrumbList\",\"@id\":\"https:\/\/www.notibras.com\/site\/mcdonalds-celebra-sabor-brasileiro-com-novo-brabo-empanado\/#breadcrumb\",\"itemListElement\":[{\"@type\":\"ListItem\",\"position\":1,\"name\":\"In\u00edcio\",\"item\":\"https:\/\/www.notibras.com\/site\/\"},{\"@type\":\"ListItem\",\"position\":2,\"name\":\"McDonald\u2019s celebra sabor brasileiro com novo Brabo Empanado\"}]},{\"@type\":\"WebSite\",\"@id\":\"https:\/\/www.notibras.com\/site\/#website\",\"url\":\"https:\/\/www.notibras.com\/site\/\",\"name\":\"Notibras\",\"description\":\"Not\u00edcias de Bras\u00edlia, do Brasil e do Mundo\",\"publisher\":{\"@id\":\"https:\/\/www.notibras.com\/site\/#organization\"},\"potentialAction\":[{\"@type\":\"SearchAction\",\"target\":{\"@type\":\"EntryPoint\",\"urlTemplate\":\"https:\/\/www.notibras.com\/site\/?s={search_term_string}\"},\"query-input\":{\"@type\":\"PropertyValueSpecification\",\"valueRequired\":true,\"valueName\":\"search_term_string\"}}],\"inLanguage\":\"pt-BR\"},{\"@type\":\"Organization\",\"@id\":\"https:\/\/www.notibras.com\/site\/#organization\",\"name\":\"Grupo Notibras de Comunica\u00e7\u00e3o\",\"url\":\"https:\/\/www.notibras.com\/site\/\",\"logo\":{\"@type\":\"ImageObject\",\"inLanguage\":\"pt-BR\",\"@id\":\"https:\/\/www.notibras.com\/site\/#\/schema\/logo\/image\/\",\"url\":\"https:\/\/www.notibras.com\/site\/wp-content\/uploads\/2023\/01\/notibras23.png\",\"contentUrl\":\"https:\/\/www.notibras.com\/site\/wp-content\/uploads\/2023\/01\/notibras23.png\",\"width\":350,\"height\":87,\"caption\":\"Grupo Notibras de Comunica\u00e7\u00e3o\"},\"image\":{\"@id\":\"https:\/\/www.notibras.com\/site\/#\/schema\/logo\/image\/\"},\"sameAs\":[\"https:\/\/www.facebook.com\/notibras\/\",\"https:\/\/x.com\/Notibras\",\"https:\/\/www.instagram.com\/notibras\/\"]},{\"@type\":\"Person\",\"@id\":\"https:\/\/www.notibras.com\/site\/#\/schema\/person\/36ab0979449956132d3e5b517ea76ac8\",\"name\":\"Reda\u00e7\u00e3o\",\"image\":{\"@type\":\"ImageObject\",\"inLanguage\":\"pt-BR\",\"@id\":\"https:\/\/secure.gravatar.com\/avatar\/e0a867bdedb85fd243eadf09663511f96fc81e0720a4a42581f334ad4303aa6b?s=96&d=mm&r=g\",\"url\":\"https:\/\/secure.gravatar.com\/avatar\/e0a867bdedb85fd243eadf09663511f96fc81e0720a4a42581f334ad4303aa6b?s=96&d=mm&r=g\",\"contentUrl\":\"https:\/\/secure.gravatar.com\/avatar\/e0a867bdedb85fd243eadf09663511f96fc81e0720a4a42581f334ad4303aa6b?s=96&d=mm&r=g\",\"caption\":\"Reda\u00e7\u00e3o\"}}]}<\/script>\n<!-- \/ Yoast SEO plugin. -->","yoast_head_json":{"title":"McDonald\u2019s celebra sabor brasileiro com novo Brabo Empanado - Notibras","robots":{"index":"index","follow":"follow","max-snippet":"max-snippet:-1","max-image-preview":"max-image-preview:large","max-video-preview":"max-video-preview:-1"},"canonical":"https:\/\/www.notibras.com\/site\/mcdonalds-celebra-sabor-brasileiro-com-novo-brabo-empanado\/","og_locale":"pt_BR","og_type":"article","og_title":"McDonald\u2019s celebra sabor brasileiro com novo Brabo Empanado - Notibras","og_description":"No aquecimento para a Copa do Mundo Feminina FIFA 2023, o McDonald\u2019s, patrocinador oficial do evento, apresenta o novo sandu\u00edche da plataforma Brabos do M\u00e9qui, que tem o gostinho do Brasil. O Brabo Empanado de Queijo Minas chega aos restaurantes nesta semana acompanhado do dono da voz que representa a paix\u00e3o do brasileiro pelo futebol: [&hellip;]","og_url":"https:\/\/www.notibras.com\/site\/mcdonalds-celebra-sabor-brasileiro-com-novo-brabo-empanado\/","og_site_name":"Notibras","article_publisher":"https:\/\/www.facebook.com\/notibras\/","article_published_time":"2023-07-11T18:47:37+00:00","article_modified_time":"2023-07-11T20:59:35+00:00","og_image":[{"width":1280,"height":906,"url":"https:\/\/www.notibras.com\/site\/wp-content\/uploads\/2023\/07\/unnamed-81.jpg","type":"image\/jpeg"}],"author":"Reda\u00e7\u00e3o","twitter_card":"summary_large_image","twitter_creator":"@Notibras","twitter_site":"@Notibras","twitter_misc":{"Escrito por":"Reda\u00e7\u00e3o","Est. tempo de leitura":"2 minutos"},"schema":{"@context":"https:\/\/schema.org","@graph":[{"@type":"Article","@id":"https:\/\/www.notibras.com\/site\/mcdonalds-celebra-sabor-brasileiro-com-novo-brabo-empanado\/#article","isPartOf":{"@id":"https:\/\/www.notibras.com\/site\/mcdonalds-celebra-sabor-brasileiro-com-novo-brabo-empanado\/"},"author":{"name":"Reda\u00e7\u00e3o","@id":"https:\/\/www.notibras.com\/site\/#\/schema\/person\/36ab0979449956132d3e5b517ea76ac8"},"headline":"McDonald\u2019s celebra sabor brasileiro com novo Brabo Empanado","datePublished":"2023-07-11T18:47:37+00:00","dateModified":"2023-07-11T20:59:35+00:00","mainEntityOfPage":{"@id":"https:\/\/www.notibras.com\/site\/mcdonalds-celebra-sabor-brasileiro-com-novo-brabo-empanado\/"},"wordCount":240,"publisher":{"@id":"https:\/\/www.notibras.com\/site\/#organization"},"image":{"@id":"https:\/\/www.notibras.com\/site\/mcdonalds-celebra-sabor-brasileiro-com-novo-brabo-empanado\/#primaryimage"},"thumbnailUrl":"https:\/\/www.notibras.com\/site\/wp-content\/uploads\/2023\/07\/unnamed-81.jpg","articleSection":["Quadradinho em Foco"],"inLanguage":"pt-BR"},{"@type":"WebPage","@id":"https:\/\/www.notibras.com\/site\/mcdonalds-celebra-sabor-brasileiro-com-novo-brabo-empanado\/","url":"https:\/\/www.notibras.com\/site\/mcdonalds-celebra-sabor-brasileiro-com-novo-brabo-empanado\/","name":"McDonald\u2019s celebra sabor brasileiro com novo Brabo Empanado - Notibras","isPartOf":{"@id":"https:\/\/www.notibras.com\/site\/#website"},"primaryImageOfPage":{"@id":"https:\/\/www.notibras.com\/site\/mcdonalds-celebra-sabor-brasileiro-com-novo-brabo-empanado\/#primaryimage"},"image":{"@id":"https:\/\/www.notibras.com\/site\/mcdonalds-celebra-sabor-brasileiro-com-novo-brabo-empanado\/#primaryimage"},"thumbnailUrl":"https:\/\/www.notibras.com\/site\/wp-content\/uploads\/2023\/07\/unnamed-81.jpg","datePublished":"2023-07-11T18:47:37+00:00","dateModified":"2023-07-11T20:59:35+00:00","breadcrumb":{"@id":"https:\/\/www.notibras.com\/site\/mcdonalds-celebra-sabor-brasileiro-com-novo-brabo-empanado\/#breadcrumb"},"inLanguage":"pt-BR","potentialAction":[{"@type":"ReadAction","target":["https:\/\/www.notibras.com\/site\/mcdonalds-celebra-sabor-brasileiro-com-novo-brabo-empanado\/"]}]},{"@type":"ImageObject","inLanguage":"pt-BR","@id":"https:\/\/www.notibras.com\/site\/mcdonalds-celebra-sabor-brasileiro-com-novo-brabo-empanado\/#primaryimage","url":"https:\/\/www.notibras.com\/site\/wp-content\/uploads\/2023\/07\/unnamed-81.jpg","contentUrl":"https:\/\/www.notibras.com\/site\/wp-content\/uploads\/2023\/07\/unnamed-81.jpg","width":1280,"height":906},{"@type":"BreadcrumbList","@id":"https:\/\/www.notibras.com\/site\/mcdonalds-celebra-sabor-brasileiro-com-novo-brabo-empanado\/#breadcrumb","itemListElement":[{"@type":"ListItem","position":1,"name":"In\u00edcio","item":"https:\/\/www.notibras.com\/site\/"},{"@type":"ListItem","position":2,"name":"McDonald\u2019s celebra sabor brasileiro com novo Brabo Empanado"}]},{"@type":"WebSite","@id":"https:\/\/www.notibras.com\/site\/#website","url":"https:\/\/www.notibras.com\/site\/","name":"Notibras","description":"Not\u00edcias de Bras\u00edlia, do Brasil e do Mundo","publisher":{"@id":"https:\/\/www.notibras.com\/site\/#organization"},"potentialAction":[{"@type":"SearchAction","target":{"@type":"EntryPoint","urlTemplate":"https:\/\/www.notibras.com\/site\/?s={search_term_string}"},"query-input":{"@type":"PropertyValueSpecification","valueRequired":true,"valueName":"search_term_string"}}],"inLanguage":"pt-BR"},{"@type":"Organization","@id":"https:\/\/www.notibras.com\/site\/#organization","name":"Grupo Notibras de Comunica\u00e7\u00e3o","url":"https:\/\/www.notibras.com\/site\/","logo":{"@type":"ImageObject","inLanguage":"pt-BR","@id":"https:\/\/www.notibras.com\/site\/#\/schema\/logo\/image\/","url":"https:\/\/www.notibras.com\/site\/wp-content\/uploads\/2023\/01\/notibras23.png","contentUrl":"https:\/\/www.notibras.com\/site\/wp-content\/uploads\/2023\/01\/notibras23.png","width":350,"height":87,"caption":"Grupo Notibras de Comunica\u00e7\u00e3o"},"image":{"@id":"https:\/\/www.notibras.com\/site\/#\/schema\/logo\/image\/"},"sameAs":["https:\/\/www.facebook.com\/notibras\/","https:\/\/x.com\/Notibras","https:\/\/www.instagram.com\/notibras\/"]},{"@type":"Person","@id":"https:\/\/www.notibras.com\/site\/#\/schema\/person\/36ab0979449956132d3e5b517ea76ac8","name":"Reda\u00e7\u00e3o","image":{"@type":"ImageObject","inLanguage":"pt-BR","@id":"https:\/\/secure.gravatar.com\/avatar\/e0a867bdedb85fd243eadf09663511f96fc81e0720a4a42581f334ad4303aa6b?s=96&d=mm&r=g","url":"https:\/\/secure.gravatar.com\/avatar\/e0a867bdedb85fd243eadf09663511f96fc81e0720a4a42581f334ad4303aa6b?s=96&d=mm&r=g","contentUrl":"https:\/\/secure.gravatar.com\/avatar\/e0a867bdedb85fd243eadf09663511f96fc81e0720a4a42581f334ad4303aa6b?s=96&d=mm&r=g","caption":"Reda\u00e7\u00e3o"}}]}},"amp_enabled":true,"_links":{"self":[{"href":"https:\/\/www.notibras.com\/site\/wp-json\/wp\/v2\/posts\/308560","targetHints":{"allow":["GET"]}}],"collection":[{"href":"https:\/\/www.notibras.com\/site\/wp-json\/wp\/v2\/posts"}],"about":[{"href":"https:\/\/www.notibras.com\/site\/wp-json\/wp\/v2\/types\/post"}],"author":[{"embeddable":true,"href":"https:\/\/www.notibras.com\/site\/wp-json\/wp\/v2\/users\/2"}],"replies":[{"embeddable":true,"href":"https:\/\/www.notibras.com\/site\/wp-json\/wp\/v2\/comments?post=308560"}],"version-history":[{"count":2,"href":"https:\/\/www.notibras.com\/site\/wp-json\/wp\/v2\/posts\/308560\/revisions"}],"predecessor-version":[{"id":308564,"href":"https:\/\/www.notibras.com\/site\/wp-json\/wp\/v2\/posts\/308560\/revisions\/308564"}],"wp:featuredmedia":[{"embeddable":true,"href":"https:\/\/www.notibras.com\/site\/wp-json\/wp\/v2\/media\/308561"}],"wp:attachment":[{"href":"https:\/\/www.notibras.com\/site\/wp-json\/wp\/v2\/media?parent=308560"}],"wp:term":[{"taxonomy":"category","embeddable":true,"href":"https:\/\/www.notibras.com\/site\/wp-json\/wp\/v2\/categories?post=308560"},{"taxonomy":"post_tag","embeddable":true,"href":"https:\/\/www.notibras.com\/site\/wp-json\/wp\/v2\/tags?post=308560"}],"curies":[{"name":"wp","href":"https:\/\/api.w.org\/{rel}","templated":true}]}}