{"id":308565,"date":"2023-07-11T18:02:41","date_gmt":"2023-07-11T21:02:41","guid":{"rendered":"https:\/\/www.notibras.com\/site\/?p=308565"},"modified":"2023-07-11T18:02:41","modified_gmt":"2023-07-11T21:02:41","slug":"tempo-livre-e-otima-oportunidade-para-se-capacitar","status":"publish","type":"post","link":"https:\/\/www.notibras.com\/site\/tempo-livre-e-otima-oportunidade-para-se-capacitar\/","title":{"rendered":"Tempo livre \u00e9 \u00f3tima oportunidade para se capacitar"},"content":{"rendered":"<p>A chegada das f\u00e9rias \u00e9 sempre muito aguardada por estudantes que desejam aproveitar o per\u00edodo de descanso para relaxar e recarregar as energias para os pr\u00f3ximos meses que vir\u00e3o e, ao mesmo tempo, uma boa oportunidade para aprender um idioma ou fazer cursos de capacita\u00e7\u00e3o, garantindo uma certifica\u00e7\u00e3o extra no curr\u00edculo e novas oportunidades profissionais. A MCampus Comunidade, plataforma educacional da Arcos Dorados, operadora do McDonald\u2019s em 20 pa\u00edses na Am\u00e9rica Latina e Caribe, \u00e9 uma forma de dar um passo a mais na carreira e adquirir novas habilidades.<\/p>\n<p>Com mais de 20 cursos profissionalizantes dispon\u00edveis, a plataforma oferece uma experi\u00eancia no aperfei\u00e7oamento de habilidades e compet\u00eancias de forma online e gratuita a toda a sociedade. As inscri\u00e7\u00f5es para os cursos est\u00e3o abertas e qualquer pessoa acima de 16 anos pode participar, basta acessar o site. H\u00e1 temas como Marketing Digital, Negocia\u00e7\u00e3o e Influ\u00eancia, Empreendedorismo, Intelig\u00eancia Emocional, Finan\u00e7as Pessoais e at\u00e9 mesmo o Programa de Orienta\u00e7\u00e3o Vocacional, cujo objetivo \u00e9 recomendar as melhores profiss\u00f5es de acordo com o perfil da pessoa, suas prefer\u00eancias e habilidades. O participante tamb\u00e9m tem acesso a um teste vocacional ao terminar esse curso, com um relat\u00f3rio individual do perfil comportamental e recomenda\u00e7\u00f5es de carreira relacionadas.<\/p>\n<p>Na plataforma tamb\u00e9m \u00e9 poss\u00edvel encontrar uma s\u00e9rie de capacita\u00e7\u00f5es para a \u00e1rea de Tecnologia, todas oferecidas em parceria com a CISCO, uma das empresas tecnol\u00f3gicas mais importantes do mundo, como Defesa de Redes, Introdu\u00e7\u00e3o \u00e0 Ciberseguran\u00e7a, Fundamentos de Programa\u00e7\u00e3o Python, entre outros. Todos os cursos s\u00e3o independentes, sem ordem espec\u00edfica nem quantidade limite por pessoa e est\u00e3o dispon\u00edveis em espanhol e portugu\u00eas. Depois da realiza\u00e7\u00e3o, o participante recebe um certificado reconhecendo o treinamento, o que contribuir\u00e1 para destacar as habilidades em futuras buscas de emprego.<\/p>\n<p>A MCampus Comunidade foi criada a partir do compromisso da Arcos Dorados com o desenvolvimento e a valoriza\u00e7\u00e3o do jovem, tem\u00e1tica importante em sua estrat\u00e9gia socioambiental, a Receita do Futuro. A companhia \u00e9 uma das maiores empregadoras de jovens da Am\u00e9rica Latina e Caribe: 60% dos funcion\u00e1rios t\u00eam at\u00e9 24 anos. No Brasil, esse n\u00famero sobe para 62% e muitos est\u00e3o em sua primeira experi\u00eancia formal profissional.<\/p>\n","protected":false},"excerpt":{"rendered":"<p>A chegada das f\u00e9rias \u00e9 sempre muito aguardada por estudantes que desejam aproveitar o per\u00edodo de descanso para relaxar e recarregar as energias para os pr\u00f3ximos meses que vir\u00e3o e, ao mesmo tempo, uma boa oportunidade para aprender um idioma ou fazer cursos de capacita\u00e7\u00e3o, garantindo uma certifica\u00e7\u00e3o extra no curr\u00edculo e novas oportunidades profissionais. [&hellip;]<\/p>\n","protected":false},"author":2,"featured_media":308566,"comment_status":"closed","ping_status":"closed","sticky":false,"template":"","format":"standard","meta":{"_acf_changed":false,"footnotes":""},"categories":[161],"tags":[],"class_list":["post-308565","post","type-post","status-publish","format-standard","has-post-thumbnail","hentry","category-quadradinho-em-foco"],"acf":[],"yoast_head":"<!-- This site is optimized with the Yoast SEO plugin v27.2 - https:\/\/yoast.com\/product\/yoast-seo-wordpress\/ -->\n<title>Tempo livre \u00e9 \u00f3tima oportunidade para se capacitar - Notibras<\/title>\n<meta name=\"robots\" content=\"index, follow, max-snippet:-1, max-image-preview:large, max-video-preview:-1\" \/>\n<link rel=\"canonical\" href=\"https:\/\/www.notibras.com\/site\/tempo-livre-e-otima-oportunidade-para-se-capacitar\/\" \/>\n<meta property=\"og:locale\" content=\"pt_BR\" \/>\n<meta property=\"og:type\" content=\"article\" \/>\n<meta property=\"og:title\" content=\"Tempo livre \u00e9 \u00f3tima oportunidade para se capacitar - Notibras\" \/>\n<meta property=\"og:description\" content=\"A chegada das f\u00e9rias \u00e9 sempre muito aguardada por estudantes que desejam aproveitar o per\u00edodo de descanso para relaxar e recarregar as energias para os pr\u00f3ximos meses que vir\u00e3o e, ao mesmo tempo, uma boa oportunidade para aprender um idioma ou fazer cursos de capacita\u00e7\u00e3o, garantindo uma certifica\u00e7\u00e3o extra no curr\u00edculo e novas oportunidades profissionais. [&hellip;]\" \/>\n<meta property=\"og:url\" content=\"https:\/\/www.notibras.com\/site\/tempo-livre-e-otima-oportunidade-para-se-capacitar\/\" \/>\n<meta property=\"og:site_name\" content=\"Notibras\" \/>\n<meta property=\"article:publisher\" content=\"https:\/\/www.facebook.com\/notibras\/\" \/>\n<meta property=\"article:published_time\" content=\"2023-07-11T21:02:41+00:00\" \/>\n<meta property=\"og:image\" content=\"https:\/\/www.notibras.com\/site\/wp-content\/uploads\/2023\/07\/mkt.webp\" \/>\n\t<meta property=\"og:image:width\" content=\"1999\" \/>\n\t<meta property=\"og:image:height\" content=\"1333\" \/>\n\t<meta property=\"og:image:type\" content=\"image\/webp\" \/>\n<meta name=\"author\" content=\"Reda\u00e7\u00e3o\" \/>\n<meta name=\"twitter:card\" content=\"summary_large_image\" \/>\n<meta name=\"twitter:creator\" content=\"@Notibras\" \/>\n<meta name=\"twitter:site\" content=\"@Notibras\" \/>\n<meta name=\"twitter:label1\" content=\"Escrito por\" \/>\n\t<meta name=\"twitter:data1\" content=\"Reda\u00e7\u00e3o\" \/>\n\t<meta name=\"twitter:label2\" content=\"Est. tempo de leitura\" \/>\n\t<meta name=\"twitter:data2\" content=\"2 minutos\" \/>\n<script type=\"application\/ld+json\" class=\"yoast-schema-graph\">{\"@context\":\"https:\/\/schema.org\",\"@graph\":[{\"@type\":\"Article\",\"@id\":\"https:\/\/www.notibras.com\/site\/tempo-livre-e-otima-oportunidade-para-se-capacitar\/#article\",\"isPartOf\":{\"@id\":\"https:\/\/www.notibras.com\/site\/tempo-livre-e-otima-oportunidade-para-se-capacitar\/\"},\"author\":{\"name\":\"Reda\u00e7\u00e3o\",\"@id\":\"https:\/\/www.notibras.com\/site\/#\/schema\/person\/36ab0979449956132d3e5b517ea76ac8\"},\"headline\":\"Tempo livre \u00e9 \u00f3tima oportunidade para se capacitar\",\"datePublished\":\"2023-07-11T21:02:41+00:00\",\"mainEntityOfPage\":{\"@id\":\"https:\/\/www.notibras.com\/site\/tempo-livre-e-otima-oportunidade-para-se-capacitar\/\"},\"wordCount\":397,\"publisher\":{\"@id\":\"https:\/\/www.notibras.com\/site\/#organization\"},\"image\":{\"@id\":\"https:\/\/www.notibras.com\/site\/tempo-livre-e-otima-oportunidade-para-se-capacitar\/#primaryimage\"},\"thumbnailUrl\":\"https:\/\/www.notibras.com\/site\/wp-content\/uploads\/2023\/07\/mkt.webp\",\"articleSection\":[\"Quadradinho em Foco\"],\"inLanguage\":\"pt-BR\"},{\"@type\":\"WebPage\",\"@id\":\"https:\/\/www.notibras.com\/site\/tempo-livre-e-otima-oportunidade-para-se-capacitar\/\",\"url\":\"https:\/\/www.notibras.com\/site\/tempo-livre-e-otima-oportunidade-para-se-capacitar\/\",\"name\":\"Tempo livre \u00e9 \u00f3tima oportunidade para se capacitar - Notibras\",\"isPartOf\":{\"@id\":\"https:\/\/www.notibras.com\/site\/#website\"},\"primaryImageOfPage\":{\"@id\":\"https:\/\/www.notibras.com\/site\/tempo-livre-e-otima-oportunidade-para-se-capacitar\/#primaryimage\"},\"image\":{\"@id\":\"https:\/\/www.notibras.com\/site\/tempo-livre-e-otima-oportunidade-para-se-capacitar\/#primaryimage\"},\"thumbnailUrl\":\"https:\/\/www.notibras.com\/site\/wp-content\/uploads\/2023\/07\/mkt.webp\",\"datePublished\":\"2023-07-11T21:02:41+00:00\",\"breadcrumb\":{\"@id\":\"https:\/\/www.notibras.com\/site\/tempo-livre-e-otima-oportunidade-para-se-capacitar\/#breadcrumb\"},\"inLanguage\":\"pt-BR\",\"potentialAction\":[{\"@type\":\"ReadAction\",\"target\":[\"https:\/\/www.notibras.com\/site\/tempo-livre-e-otima-oportunidade-para-se-capacitar\/\"]}]},{\"@type\":\"ImageObject\",\"inLanguage\":\"pt-BR\",\"@id\":\"https:\/\/www.notibras.com\/site\/tempo-livre-e-otima-oportunidade-para-se-capacitar\/#primaryimage\",\"url\":\"https:\/\/www.notibras.com\/site\/wp-content\/uploads\/2023\/07\/mkt.webp\",\"contentUrl\":\"https:\/\/www.notibras.com\/site\/wp-content\/uploads\/2023\/07\/mkt.webp\",\"width\":1999,\"height\":1333},{\"@type\":\"BreadcrumbList\",\"@id\":\"https:\/\/www.notibras.com\/site\/tempo-livre-e-otima-oportunidade-para-se-capacitar\/#breadcrumb\",\"itemListElement\":[{\"@type\":\"ListItem\",\"position\":1,\"name\":\"In\u00edcio\",\"item\":\"https:\/\/www.notibras.com\/site\/\"},{\"@type\":\"ListItem\",\"position\":2,\"name\":\"Tempo livre \u00e9 \u00f3tima oportunidade para se capacitar\"}]},{\"@type\":\"WebSite\",\"@id\":\"https:\/\/www.notibras.com\/site\/#website\",\"url\":\"https:\/\/www.notibras.com\/site\/\",\"name\":\"Notibras\",\"description\":\"Not\u00edcias de Bras\u00edlia, do Brasil e do Mundo\",\"publisher\":{\"@id\":\"https:\/\/www.notibras.com\/site\/#organization\"},\"potentialAction\":[{\"@type\":\"SearchAction\",\"target\":{\"@type\":\"EntryPoint\",\"urlTemplate\":\"https:\/\/www.notibras.com\/site\/?s={search_term_string}\"},\"query-input\":{\"@type\":\"PropertyValueSpecification\",\"valueRequired\":true,\"valueName\":\"search_term_string\"}}],\"inLanguage\":\"pt-BR\"},{\"@type\":\"Organization\",\"@id\":\"https:\/\/www.notibras.com\/site\/#organization\",\"name\":\"Grupo Notibras de Comunica\u00e7\u00e3o\",\"url\":\"https:\/\/www.notibras.com\/site\/\",\"logo\":{\"@type\":\"ImageObject\",\"inLanguage\":\"pt-BR\",\"@id\":\"https:\/\/www.notibras.com\/site\/#\/schema\/logo\/image\/\",\"url\":\"https:\/\/www.notibras.com\/site\/wp-content\/uploads\/2023\/01\/notibras23.png\",\"contentUrl\":\"https:\/\/www.notibras.com\/site\/wp-content\/uploads\/2023\/01\/notibras23.png\",\"width\":350,\"height\":87,\"caption\":\"Grupo Notibras de Comunica\u00e7\u00e3o\"},\"image\":{\"@id\":\"https:\/\/www.notibras.com\/site\/#\/schema\/logo\/image\/\"},\"sameAs\":[\"https:\/\/www.facebook.com\/notibras\/\",\"https:\/\/x.com\/Notibras\",\"https:\/\/www.instagram.com\/notibras\/\"]},{\"@type\":\"Person\",\"@id\":\"https:\/\/www.notibras.com\/site\/#\/schema\/person\/36ab0979449956132d3e5b517ea76ac8\",\"name\":\"Reda\u00e7\u00e3o\",\"image\":{\"@type\":\"ImageObject\",\"inLanguage\":\"pt-BR\",\"@id\":\"https:\/\/secure.gravatar.com\/avatar\/e0a867bdedb85fd243eadf09663511f96fc81e0720a4a42581f334ad4303aa6b?s=96&d=mm&r=g\",\"url\":\"https:\/\/secure.gravatar.com\/avatar\/e0a867bdedb85fd243eadf09663511f96fc81e0720a4a42581f334ad4303aa6b?s=96&d=mm&r=g\",\"contentUrl\":\"https:\/\/secure.gravatar.com\/avatar\/e0a867bdedb85fd243eadf09663511f96fc81e0720a4a42581f334ad4303aa6b?s=96&d=mm&r=g\",\"caption\":\"Reda\u00e7\u00e3o\"}}]}<\/script>\n<!-- \/ Yoast SEO plugin. -->","yoast_head_json":{"title":"Tempo livre \u00e9 \u00f3tima oportunidade para se capacitar - Notibras","robots":{"index":"index","follow":"follow","max-snippet":"max-snippet:-1","max-image-preview":"max-image-preview:large","max-video-preview":"max-video-preview:-1"},"canonical":"https:\/\/www.notibras.com\/site\/tempo-livre-e-otima-oportunidade-para-se-capacitar\/","og_locale":"pt_BR","og_type":"article","og_title":"Tempo livre \u00e9 \u00f3tima oportunidade para se capacitar - Notibras","og_description":"A chegada das f\u00e9rias \u00e9 sempre muito aguardada por estudantes que desejam aproveitar o per\u00edodo de descanso para relaxar e recarregar as energias para os pr\u00f3ximos meses que vir\u00e3o e, ao mesmo tempo, uma boa oportunidade para aprender um idioma ou fazer cursos de capacita\u00e7\u00e3o, garantindo uma certifica\u00e7\u00e3o extra no curr\u00edculo e novas oportunidades profissionais. [&hellip;]","og_url":"https:\/\/www.notibras.com\/site\/tempo-livre-e-otima-oportunidade-para-se-capacitar\/","og_site_name":"Notibras","article_publisher":"https:\/\/www.facebook.com\/notibras\/","article_published_time":"2023-07-11T21:02:41+00:00","og_image":[{"width":1999,"height":1333,"url":"https:\/\/www.notibras.com\/site\/wp-content\/uploads\/2023\/07\/mkt.webp","type":"image\/webp"}],"author":"Reda\u00e7\u00e3o","twitter_card":"summary_large_image","twitter_creator":"@Notibras","twitter_site":"@Notibras","twitter_misc":{"Escrito por":"Reda\u00e7\u00e3o","Est. tempo de leitura":"2 minutos"},"schema":{"@context":"https:\/\/schema.org","@graph":[{"@type":"Article","@id":"https:\/\/www.notibras.com\/site\/tempo-livre-e-otima-oportunidade-para-se-capacitar\/#article","isPartOf":{"@id":"https:\/\/www.notibras.com\/site\/tempo-livre-e-otima-oportunidade-para-se-capacitar\/"},"author":{"name":"Reda\u00e7\u00e3o","@id":"https:\/\/www.notibras.com\/site\/#\/schema\/person\/36ab0979449956132d3e5b517ea76ac8"},"headline":"Tempo livre \u00e9 \u00f3tima oportunidade para se capacitar","datePublished":"2023-07-11T21:02:41+00:00","mainEntityOfPage":{"@id":"https:\/\/www.notibras.com\/site\/tempo-livre-e-otima-oportunidade-para-se-capacitar\/"},"wordCount":397,"publisher":{"@id":"https:\/\/www.notibras.com\/site\/#organization"},"image":{"@id":"https:\/\/www.notibras.com\/site\/tempo-livre-e-otima-oportunidade-para-se-capacitar\/#primaryimage"},"thumbnailUrl":"https:\/\/www.notibras.com\/site\/wp-content\/uploads\/2023\/07\/mkt.webp","articleSection":["Quadradinho em Foco"],"inLanguage":"pt-BR"},{"@type":"WebPage","@id":"https:\/\/www.notibras.com\/site\/tempo-livre-e-otima-oportunidade-para-se-capacitar\/","url":"https:\/\/www.notibras.com\/site\/tempo-livre-e-otima-oportunidade-para-se-capacitar\/","name":"Tempo livre \u00e9 \u00f3tima oportunidade para se capacitar - Notibras","isPartOf":{"@id":"https:\/\/www.notibras.com\/site\/#website"},"primaryImageOfPage":{"@id":"https:\/\/www.notibras.com\/site\/tempo-livre-e-otima-oportunidade-para-se-capacitar\/#primaryimage"},"image":{"@id":"https:\/\/www.notibras.com\/site\/tempo-livre-e-otima-oportunidade-para-se-capacitar\/#primaryimage"},"thumbnailUrl":"https:\/\/www.notibras.com\/site\/wp-content\/uploads\/2023\/07\/mkt.webp","datePublished":"2023-07-11T21:02:41+00:00","breadcrumb":{"@id":"https:\/\/www.notibras.com\/site\/tempo-livre-e-otima-oportunidade-para-se-capacitar\/#breadcrumb"},"inLanguage":"pt-BR","potentialAction":[{"@type":"ReadAction","target":["https:\/\/www.notibras.com\/site\/tempo-livre-e-otima-oportunidade-para-se-capacitar\/"]}]},{"@type":"ImageObject","inLanguage":"pt-BR","@id":"https:\/\/www.notibras.com\/site\/tempo-livre-e-otima-oportunidade-para-se-capacitar\/#primaryimage","url":"https:\/\/www.notibras.com\/site\/wp-content\/uploads\/2023\/07\/mkt.webp","contentUrl":"https:\/\/www.notibras.com\/site\/wp-content\/uploads\/2023\/07\/mkt.webp","width":1999,"height":1333},{"@type":"BreadcrumbList","@id":"https:\/\/www.notibras.com\/site\/tempo-livre-e-otima-oportunidade-para-se-capacitar\/#breadcrumb","itemListElement":[{"@type":"ListItem","position":1,"name":"In\u00edcio","item":"https:\/\/www.notibras.com\/site\/"},{"@type":"ListItem","position":2,"name":"Tempo livre \u00e9 \u00f3tima oportunidade para se capacitar"}]},{"@type":"WebSite","@id":"https:\/\/www.notibras.com\/site\/#website","url":"https:\/\/www.notibras.com\/site\/","name":"Notibras","description":"Not\u00edcias de Bras\u00edlia, do Brasil e do Mundo","publisher":{"@id":"https:\/\/www.notibras.com\/site\/#organization"},"potentialAction":[{"@type":"SearchAction","target":{"@type":"EntryPoint","urlTemplate":"https:\/\/www.notibras.com\/site\/?s={search_term_string}"},"query-input":{"@type":"PropertyValueSpecification","valueRequired":true,"valueName":"search_term_string"}}],"inLanguage":"pt-BR"},{"@type":"Organization","@id":"https:\/\/www.notibras.com\/site\/#organization","name":"Grupo Notibras de Comunica\u00e7\u00e3o","url":"https:\/\/www.notibras.com\/site\/","logo":{"@type":"ImageObject","inLanguage":"pt-BR","@id":"https:\/\/www.notibras.com\/site\/#\/schema\/logo\/image\/","url":"https:\/\/www.notibras.com\/site\/wp-content\/uploads\/2023\/01\/notibras23.png","contentUrl":"https:\/\/www.notibras.com\/site\/wp-content\/uploads\/2023\/01\/notibras23.png","width":350,"height":87,"caption":"Grupo Notibras de Comunica\u00e7\u00e3o"},"image":{"@id":"https:\/\/www.notibras.com\/site\/#\/schema\/logo\/image\/"},"sameAs":["https:\/\/www.facebook.com\/notibras\/","https:\/\/x.com\/Notibras","https:\/\/www.instagram.com\/notibras\/"]},{"@type":"Person","@id":"https:\/\/www.notibras.com\/site\/#\/schema\/person\/36ab0979449956132d3e5b517ea76ac8","name":"Reda\u00e7\u00e3o","image":{"@type":"ImageObject","inLanguage":"pt-BR","@id":"https:\/\/secure.gravatar.com\/avatar\/e0a867bdedb85fd243eadf09663511f96fc81e0720a4a42581f334ad4303aa6b?s=96&d=mm&r=g","url":"https:\/\/secure.gravatar.com\/avatar\/e0a867bdedb85fd243eadf09663511f96fc81e0720a4a42581f334ad4303aa6b?s=96&d=mm&r=g","contentUrl":"https:\/\/secure.gravatar.com\/avatar\/e0a867bdedb85fd243eadf09663511f96fc81e0720a4a42581f334ad4303aa6b?s=96&d=mm&r=g","caption":"Reda\u00e7\u00e3o"}}]}},"amp_enabled":true,"_links":{"self":[{"href":"https:\/\/www.notibras.com\/site\/wp-json\/wp\/v2\/posts\/308565","targetHints":{"allow":["GET"]}}],"collection":[{"href":"https:\/\/www.notibras.com\/site\/wp-json\/wp\/v2\/posts"}],"about":[{"href":"https:\/\/www.notibras.com\/site\/wp-json\/wp\/v2\/types\/post"}],"author":[{"embeddable":true,"href":"https:\/\/www.notibras.com\/site\/wp-json\/wp\/v2\/users\/2"}],"replies":[{"embeddable":true,"href":"https:\/\/www.notibras.com\/site\/wp-json\/wp\/v2\/comments?post=308565"}],"version-history":[{"count":1,"href":"https:\/\/www.notibras.com\/site\/wp-json\/wp\/v2\/posts\/308565\/revisions"}],"predecessor-version":[{"id":308567,"href":"https:\/\/www.notibras.com\/site\/wp-json\/wp\/v2\/posts\/308565\/revisions\/308567"}],"wp:featuredmedia":[{"embeddable":true,"href":"https:\/\/www.notibras.com\/site\/wp-json\/wp\/v2\/media\/308566"}],"wp:attachment":[{"href":"https:\/\/www.notibras.com\/site\/wp-json\/wp\/v2\/media?parent=308565"}],"wp:term":[{"taxonomy":"category","embeddable":true,"href":"https:\/\/www.notibras.com\/site\/wp-json\/wp\/v2\/categories?post=308565"},{"taxonomy":"post_tag","embeddable":true,"href":"https:\/\/www.notibras.com\/site\/wp-json\/wp\/v2\/tags?post=308565"}],"curies":[{"name":"wp","href":"https:\/\/api.w.org\/{rel}","templated":true}]}}