{"id":308568,"date":"2023-07-11T16:06:41","date_gmt":"2023-07-11T19:06:41","guid":{"rendered":"https:\/\/www.notibras.com\/site\/?p=308568"},"modified":"2023-07-11T18:09:16","modified_gmt":"2023-07-11T21:09:16","slug":"quase-80-das-familias-estao-sufocadas-com-dividas","status":"publish","type":"post","link":"https:\/\/www.notibras.com\/site\/quase-80-das-familias-estao-sufocadas-com-dividas\/","title":{"rendered":"Quase 80% das fam\u00edlias est\u00e3o sufocadas com d\u00edvidas"},"content":{"rendered":"<p>O percentual de fam\u00edlias que relataram ter d\u00edvidas a vencer avan\u00e7ou 0,2 ponto percentual (pp) em junho, atingindo 78,5% das fam\u00edlias no pa\u00eds. As que se consideram muito endividadas s\u00e3o 18,5% desse total. Segundo a Confedera\u00e7\u00e3o Nacional do Com\u00e9rcio de Bens, Servi\u00e7os e Turismo (CNC), que divulgou os n\u00fameros nesta ter\u00e7a-feira (11), este \u00e9 o maior volume da s\u00e9rie hist\u00f3rica, iniciada em janeiro de 2010. Os dados fazem parte da Pesquisa de Endividamento e Inadimpl\u00eancia do Consumidor (Peic), apurada mensalmente pela CNC.<\/p>\n<p>De acordo com a CNC, o aumento do n\u00famero de endividados interrompeu uma sequ\u00eancia de quatro meses de estabilidade do indicador.<\/p>\n<p>Para o presidente da CNC, Jos\u00e9 Roberto Tadros, a economia brasileira passa por um cen\u00e1rio de endividamento e inadimpl\u00eancia crescente, e isso atinge a capacidade de consumo das fam\u00edlias. \u201cO equil\u00edbrio entre os objetivos de estabilidade de pre\u00e7os e o crescimento econ\u00f4mico \u00e9 um desafio a ser perseguido e que ser\u00e1 determinante para a retomada do desenvolvimento do Pa\u00eds\u201d, aponta texto divulgado pela CNC sobre o resultado de junho.<\/p>\n<p><strong>Renda<\/strong><br \/>\nA pesquisa mostrou que, mesmo com o aumento do endividamento em junho, um m\u00eas antes do que a CNC estimava, a parcela m\u00e9dia da renda comprometida com d\u00edvidas registrou o menor percentual desde setembro de 2020, ao atingir 29,6%.<\/p>\n<p>Segundo a economista Izis Ferreira, respons\u00e1vel pela pesquisa, isso pode ser explicado pelo comportamento da renda de parte dos consumidores. \u201cIsso \u00e9 resultado da melhora da renda dos consumidores que recebem at\u00e9 10 sal\u00e1rios m\u00ednimos, que ocorre por conta da din\u00e2mica favor\u00e1vel da infla\u00e7\u00e3o em desacelera\u00e7\u00e3o desde o fim do ano passado\u201d, observou.<\/p>\n<p><strong>Inadimpl\u00eancia<\/strong><br \/>\nO volume da inadimpl\u00eancia seguiu o movimento de avan\u00e7o do endividamento em junho. O total de fam\u00edlias com d\u00edvidas atrasadas chegou a 29,2%, o que significa alta de 0,1 pp. Do total de consumidores com d\u00edvidas atrasadas, 4 em cada 10 entraram em junho sem condi\u00e7\u00f5es de pagar os compromissos de meses anteriores, maior propor\u00e7\u00e3o desde agosto de 2021.<\/p>\n<p>Izis Ferreira disse, por\u00e9m, que a evolu\u00e7\u00e3o positiva do mercado de trabalho e o al\u00edvio da infla\u00e7\u00e3o, que resultaram na melhora da renda dispon\u00edvel, n\u00e3o foram suficientes para retirar da inadimpl\u00eancia os consumidores com d\u00edvidas atrasadas h\u00e1 mais tempo.<\/p>\n<p>\u201cA propor\u00e7\u00e3o de consumidores com d\u00edvidas atrasadas voltou a crescer ap\u00f3s seis meses de queda, assim como o contingente dos que afirmam que n\u00e3o ter\u00e3o condi\u00e7\u00f5es de quitar d\u00edvidas atrasadas de meses anteriores\u201d, afirmou a economista. Para ela, os juros elevados continuam dificultando a melhora desse quadro.<\/p>\n<p>Tamb\u00e9m cresceu o n\u00famero de consumidores com atrasos h\u00e1 mais de 90 dias, que, em junho, atingiu 46% do total de inadimplentes. De acordo com Izis, isso quer dizer que a cada 100 consumidores com d\u00edvidas atrasadas, 46 est\u00e3o com atrasos h\u00e1 mais de tr\u00eas meses. \u201cE a propor\u00e7\u00e3o vem crescendo.\u201d<\/p>\n<p><strong>Regi\u00f5es<\/strong><br \/>\nAs regi\u00f5es Sul e a Sudeste foram as que tiveram maior n\u00famero de fam\u00edlias endividadas. A popula\u00e7\u00e3o de Minas Gerais \u00e9 a mais endividada entre os estados. S\u00e3o 94,9% do total. Na sequ\u00eancia, ficaram o Paran\u00e1, com 94,7%; e o Rio Grande do Sul, com 93,9%. Mato Grosso do Sul teve o menor \u00edndice de endividamento do pa\u00eds (59,1%), seguido por Par\u00e1 (62%) e Piau\u00ed (65%).<\/p>\n<p><strong>Faixas de renda<\/strong><br \/>\nEm todas as faixas de renda pesquisadas, o volume de endividados aumentou no semestre, o que indica \u201ctend\u00eancia de alta na segunda metade do ano\u201d. Na compara\u00e7\u00e3o com o mesmo per\u00edodo do ano passado, o maior crescimento na propor\u00e7\u00e3o de endividados ficou com os consumidores com renda mensal de 5 a 10 sal\u00e1rios (2,1 pontos percentuais).<\/p>\n<p>\u201cCom a absor\u00e7\u00e3o de pessoas com menor n\u00edvel de escolaridade pelo mercado de trabalho e programas de transfer\u00eancia de renda mais robustos, um avan\u00e7o mais expressivo entre as fam\u00edlias de renda baixa vem sendo contido\u201d, completou a economista no texto da CNC.<\/p>\n","protected":false},"excerpt":{"rendered":"<p>O percentual de fam\u00edlias que relataram ter d\u00edvidas a vencer avan\u00e7ou 0,2 ponto percentual (pp) em junho, atingindo 78,5% das fam\u00edlias no pa\u00eds. As que se consideram muito endividadas s\u00e3o 18,5% desse total. Segundo a Confedera\u00e7\u00e3o Nacional do Com\u00e9rcio de Bens, Servi\u00e7os e Turismo (CNC), que divulgou os n\u00fameros nesta ter\u00e7a-feira (11), este \u00e9 o [&hellip;]<\/p>\n","protected":false},"author":2,"featured_media":308569,"comment_status":"closed","ping_status":"closed","sticky":false,"template":"","format":"standard","meta":{"_acf_changed":false,"footnotes":""},"categories":[161],"tags":[],"class_list":["post-308568","post","type-post","status-publish","format-standard","has-post-thumbnail","hentry","category-quadradinho-em-foco"],"acf":[],"yoast_head":"<!-- This site is optimized with the Yoast SEO plugin v27.2 - https:\/\/yoast.com\/product\/yoast-seo-wordpress\/ -->\n<title>Quase 80% das fam\u00edlias est\u00e3o sufocadas com d\u00edvidas - Notibras<\/title>\n<meta name=\"robots\" content=\"index, follow, max-snippet:-1, max-image-preview:large, max-video-preview:-1\" \/>\n<link rel=\"canonical\" href=\"https:\/\/www.notibras.com\/site\/quase-80-das-familias-estao-sufocadas-com-dividas\/\" \/>\n<meta property=\"og:locale\" content=\"pt_BR\" \/>\n<meta property=\"og:type\" content=\"article\" \/>\n<meta property=\"og:title\" content=\"Quase 80% das fam\u00edlias est\u00e3o sufocadas com d\u00edvidas - Notibras\" \/>\n<meta property=\"og:description\" content=\"O percentual de fam\u00edlias que relataram ter d\u00edvidas a vencer avan\u00e7ou 0,2 ponto percentual (pp) em junho, atingindo 78,5% das fam\u00edlias no pa\u00eds. As que se consideram muito endividadas s\u00e3o 18,5% desse total. Segundo a Confedera\u00e7\u00e3o Nacional do Com\u00e9rcio de Bens, Servi\u00e7os e Turismo (CNC), que divulgou os n\u00fameros nesta ter\u00e7a-feira (11), este \u00e9 o [&hellip;]\" \/>\n<meta property=\"og:url\" content=\"https:\/\/www.notibras.com\/site\/quase-80-das-familias-estao-sufocadas-com-dividas\/\" \/>\n<meta property=\"og:site_name\" content=\"Notibras\" \/>\n<meta property=\"article:publisher\" content=\"https:\/\/www.facebook.com\/notibras\/\" \/>\n<meta property=\"article:published_time\" content=\"2023-07-11T19:06:41+00:00\" \/>\n<meta property=\"article:modified_time\" content=\"2023-07-11T21:09:16+00:00\" \/>\n<meta property=\"og:image\" content=\"https:\/\/www.notibras.com\/site\/wp-content\/uploads\/2023\/07\/economia_1609210425_0-9.jpg\" \/>\n\t<meta property=\"og:image:width\" content=\"1170\" \/>\n\t<meta property=\"og:image:height\" content=\"700\" \/>\n\t<meta property=\"og:image:type\" content=\"image\/jpeg\" \/>\n<meta name=\"author\" content=\"Reda\u00e7\u00e3o\" \/>\n<meta name=\"twitter:card\" content=\"summary_large_image\" \/>\n<meta name=\"twitter:creator\" content=\"@Notibras\" \/>\n<meta name=\"twitter:site\" content=\"@Notibras\" \/>\n<meta name=\"twitter:label1\" content=\"Escrito por\" \/>\n\t<meta name=\"twitter:data1\" content=\"Reda\u00e7\u00e3o\" \/>\n\t<meta name=\"twitter:label2\" content=\"Est. tempo de leitura\" \/>\n\t<meta name=\"twitter:data2\" content=\"4 minutos\" \/>\n<script type=\"application\/ld+json\" class=\"yoast-schema-graph\">{\"@context\":\"https:\/\/schema.org\",\"@graph\":[{\"@type\":\"Article\",\"@id\":\"https:\/\/www.notibras.com\/site\/quase-80-das-familias-estao-sufocadas-com-dividas\/#article\",\"isPartOf\":{\"@id\":\"https:\/\/www.notibras.com\/site\/quase-80-das-familias-estao-sufocadas-com-dividas\/\"},\"author\":{\"name\":\"Reda\u00e7\u00e3o\",\"@id\":\"https:\/\/www.notibras.com\/site\/#\/schema\/person\/36ab0979449956132d3e5b517ea76ac8\"},\"headline\":\"Quase 80% das fam\u00edlias est\u00e3o sufocadas com d\u00edvidas\",\"datePublished\":\"2023-07-11T19:06:41+00:00\",\"dateModified\":\"2023-07-11T21:09:16+00:00\",\"mainEntityOfPage\":{\"@id\":\"https:\/\/www.notibras.com\/site\/quase-80-das-familias-estao-sufocadas-com-dividas\/\"},\"wordCount\":690,\"publisher\":{\"@id\":\"https:\/\/www.notibras.com\/site\/#organization\"},\"image\":{\"@id\":\"https:\/\/www.notibras.com\/site\/quase-80-das-familias-estao-sufocadas-com-dividas\/#primaryimage\"},\"thumbnailUrl\":\"https:\/\/www.notibras.com\/site\/wp-content\/uploads\/2023\/07\/economia_1609210425_0-9.jpg\",\"articleSection\":[\"Quadradinho em Foco\"],\"inLanguage\":\"pt-BR\"},{\"@type\":\"WebPage\",\"@id\":\"https:\/\/www.notibras.com\/site\/quase-80-das-familias-estao-sufocadas-com-dividas\/\",\"url\":\"https:\/\/www.notibras.com\/site\/quase-80-das-familias-estao-sufocadas-com-dividas\/\",\"name\":\"Quase 80% das fam\u00edlias est\u00e3o sufocadas com d\u00edvidas - Notibras\",\"isPartOf\":{\"@id\":\"https:\/\/www.notibras.com\/site\/#website\"},\"primaryImageOfPage\":{\"@id\":\"https:\/\/www.notibras.com\/site\/quase-80-das-familias-estao-sufocadas-com-dividas\/#primaryimage\"},\"image\":{\"@id\":\"https:\/\/www.notibras.com\/site\/quase-80-das-familias-estao-sufocadas-com-dividas\/#primaryimage\"},\"thumbnailUrl\":\"https:\/\/www.notibras.com\/site\/wp-content\/uploads\/2023\/07\/economia_1609210425_0-9.jpg\",\"datePublished\":\"2023-07-11T19:06:41+00:00\",\"dateModified\":\"2023-07-11T21:09:16+00:00\",\"breadcrumb\":{\"@id\":\"https:\/\/www.notibras.com\/site\/quase-80-das-familias-estao-sufocadas-com-dividas\/#breadcrumb\"},\"inLanguage\":\"pt-BR\",\"potentialAction\":[{\"@type\":\"ReadAction\",\"target\":[\"https:\/\/www.notibras.com\/site\/quase-80-das-familias-estao-sufocadas-com-dividas\/\"]}]},{\"@type\":\"ImageObject\",\"inLanguage\":\"pt-BR\",\"@id\":\"https:\/\/www.notibras.com\/site\/quase-80-das-familias-estao-sufocadas-com-dividas\/#primaryimage\",\"url\":\"https:\/\/www.notibras.com\/site\/wp-content\/uploads\/2023\/07\/economia_1609210425_0-9.jpg\",\"contentUrl\":\"https:\/\/www.notibras.com\/site\/wp-content\/uploads\/2023\/07\/economia_1609210425_0-9.jpg\",\"width\":1170,\"height\":700,\"caption\":\"Economia, Moeda Real,Dinheiro, Calculadora\"},{\"@type\":\"BreadcrumbList\",\"@id\":\"https:\/\/www.notibras.com\/site\/quase-80-das-familias-estao-sufocadas-com-dividas\/#breadcrumb\",\"itemListElement\":[{\"@type\":\"ListItem\",\"position\":1,\"name\":\"In\u00edcio\",\"item\":\"https:\/\/www.notibras.com\/site\/\"},{\"@type\":\"ListItem\",\"position\":2,\"name\":\"Quase 80% das fam\u00edlias est\u00e3o sufocadas com d\u00edvidas\"}]},{\"@type\":\"WebSite\",\"@id\":\"https:\/\/www.notibras.com\/site\/#website\",\"url\":\"https:\/\/www.notibras.com\/site\/\",\"name\":\"Notibras\",\"description\":\"Not\u00edcias de Bras\u00edlia, do Brasil e do Mundo\",\"publisher\":{\"@id\":\"https:\/\/www.notibras.com\/site\/#organization\"},\"potentialAction\":[{\"@type\":\"SearchAction\",\"target\":{\"@type\":\"EntryPoint\",\"urlTemplate\":\"https:\/\/www.notibras.com\/site\/?s={search_term_string}\"},\"query-input\":{\"@type\":\"PropertyValueSpecification\",\"valueRequired\":true,\"valueName\":\"search_term_string\"}}],\"inLanguage\":\"pt-BR\"},{\"@type\":\"Organization\",\"@id\":\"https:\/\/www.notibras.com\/site\/#organization\",\"name\":\"Grupo Notibras de Comunica\u00e7\u00e3o\",\"url\":\"https:\/\/www.notibras.com\/site\/\",\"logo\":{\"@type\":\"ImageObject\",\"inLanguage\":\"pt-BR\",\"@id\":\"https:\/\/www.notibras.com\/site\/#\/schema\/logo\/image\/\",\"url\":\"https:\/\/www.notibras.com\/site\/wp-content\/uploads\/2023\/01\/notibras23.png\",\"contentUrl\":\"https:\/\/www.notibras.com\/site\/wp-content\/uploads\/2023\/01\/notibras23.png\",\"width\":350,\"height\":87,\"caption\":\"Grupo Notibras de Comunica\u00e7\u00e3o\"},\"image\":{\"@id\":\"https:\/\/www.notibras.com\/site\/#\/schema\/logo\/image\/\"},\"sameAs\":[\"https:\/\/www.facebook.com\/notibras\/\",\"https:\/\/x.com\/Notibras\",\"https:\/\/www.instagram.com\/notibras\/\"]},{\"@type\":\"Person\",\"@id\":\"https:\/\/www.notibras.com\/site\/#\/schema\/person\/36ab0979449956132d3e5b517ea76ac8\",\"name\":\"Reda\u00e7\u00e3o\",\"image\":{\"@type\":\"ImageObject\",\"inLanguage\":\"pt-BR\",\"@id\":\"https:\/\/secure.gravatar.com\/avatar\/e0a867bdedb85fd243eadf09663511f96fc81e0720a4a42581f334ad4303aa6b?s=96&d=mm&r=g\",\"url\":\"https:\/\/secure.gravatar.com\/avatar\/e0a867bdedb85fd243eadf09663511f96fc81e0720a4a42581f334ad4303aa6b?s=96&d=mm&r=g\",\"contentUrl\":\"https:\/\/secure.gravatar.com\/avatar\/e0a867bdedb85fd243eadf09663511f96fc81e0720a4a42581f334ad4303aa6b?s=96&d=mm&r=g\",\"caption\":\"Reda\u00e7\u00e3o\"}}]}<\/script>\n<!-- \/ Yoast SEO plugin. -->","yoast_head_json":{"title":"Quase 80% das fam\u00edlias est\u00e3o sufocadas com d\u00edvidas - Notibras","robots":{"index":"index","follow":"follow","max-snippet":"max-snippet:-1","max-image-preview":"max-image-preview:large","max-video-preview":"max-video-preview:-1"},"canonical":"https:\/\/www.notibras.com\/site\/quase-80-das-familias-estao-sufocadas-com-dividas\/","og_locale":"pt_BR","og_type":"article","og_title":"Quase 80% das fam\u00edlias est\u00e3o sufocadas com d\u00edvidas - Notibras","og_description":"O percentual de fam\u00edlias que relataram ter d\u00edvidas a vencer avan\u00e7ou 0,2 ponto percentual (pp) em junho, atingindo 78,5% das fam\u00edlias no pa\u00eds. As que se consideram muito endividadas s\u00e3o 18,5% desse total. Segundo a Confedera\u00e7\u00e3o Nacional do Com\u00e9rcio de Bens, Servi\u00e7os e Turismo (CNC), que divulgou os n\u00fameros nesta ter\u00e7a-feira (11), este \u00e9 o [&hellip;]","og_url":"https:\/\/www.notibras.com\/site\/quase-80-das-familias-estao-sufocadas-com-dividas\/","og_site_name":"Notibras","article_publisher":"https:\/\/www.facebook.com\/notibras\/","article_published_time":"2023-07-11T19:06:41+00:00","article_modified_time":"2023-07-11T21:09:16+00:00","og_image":[{"width":1170,"height":700,"url":"https:\/\/www.notibras.com\/site\/wp-content\/uploads\/2023\/07\/economia_1609210425_0-9.jpg","type":"image\/jpeg"}],"author":"Reda\u00e7\u00e3o","twitter_card":"summary_large_image","twitter_creator":"@Notibras","twitter_site":"@Notibras","twitter_misc":{"Escrito por":"Reda\u00e7\u00e3o","Est. tempo de leitura":"4 minutos"},"schema":{"@context":"https:\/\/schema.org","@graph":[{"@type":"Article","@id":"https:\/\/www.notibras.com\/site\/quase-80-das-familias-estao-sufocadas-com-dividas\/#article","isPartOf":{"@id":"https:\/\/www.notibras.com\/site\/quase-80-das-familias-estao-sufocadas-com-dividas\/"},"author":{"name":"Reda\u00e7\u00e3o","@id":"https:\/\/www.notibras.com\/site\/#\/schema\/person\/36ab0979449956132d3e5b517ea76ac8"},"headline":"Quase 80% das fam\u00edlias est\u00e3o sufocadas com d\u00edvidas","datePublished":"2023-07-11T19:06:41+00:00","dateModified":"2023-07-11T21:09:16+00:00","mainEntityOfPage":{"@id":"https:\/\/www.notibras.com\/site\/quase-80-das-familias-estao-sufocadas-com-dividas\/"},"wordCount":690,"publisher":{"@id":"https:\/\/www.notibras.com\/site\/#organization"},"image":{"@id":"https:\/\/www.notibras.com\/site\/quase-80-das-familias-estao-sufocadas-com-dividas\/#primaryimage"},"thumbnailUrl":"https:\/\/www.notibras.com\/site\/wp-content\/uploads\/2023\/07\/economia_1609210425_0-9.jpg","articleSection":["Quadradinho em Foco"],"inLanguage":"pt-BR"},{"@type":"WebPage","@id":"https:\/\/www.notibras.com\/site\/quase-80-das-familias-estao-sufocadas-com-dividas\/","url":"https:\/\/www.notibras.com\/site\/quase-80-das-familias-estao-sufocadas-com-dividas\/","name":"Quase 80% das fam\u00edlias est\u00e3o sufocadas com d\u00edvidas - Notibras","isPartOf":{"@id":"https:\/\/www.notibras.com\/site\/#website"},"primaryImageOfPage":{"@id":"https:\/\/www.notibras.com\/site\/quase-80-das-familias-estao-sufocadas-com-dividas\/#primaryimage"},"image":{"@id":"https:\/\/www.notibras.com\/site\/quase-80-das-familias-estao-sufocadas-com-dividas\/#primaryimage"},"thumbnailUrl":"https:\/\/www.notibras.com\/site\/wp-content\/uploads\/2023\/07\/economia_1609210425_0-9.jpg","datePublished":"2023-07-11T19:06:41+00:00","dateModified":"2023-07-11T21:09:16+00:00","breadcrumb":{"@id":"https:\/\/www.notibras.com\/site\/quase-80-das-familias-estao-sufocadas-com-dividas\/#breadcrumb"},"inLanguage":"pt-BR","potentialAction":[{"@type":"ReadAction","target":["https:\/\/www.notibras.com\/site\/quase-80-das-familias-estao-sufocadas-com-dividas\/"]}]},{"@type":"ImageObject","inLanguage":"pt-BR","@id":"https:\/\/www.notibras.com\/site\/quase-80-das-familias-estao-sufocadas-com-dividas\/#primaryimage","url":"https:\/\/www.notibras.com\/site\/wp-content\/uploads\/2023\/07\/economia_1609210425_0-9.jpg","contentUrl":"https:\/\/www.notibras.com\/site\/wp-content\/uploads\/2023\/07\/economia_1609210425_0-9.jpg","width":1170,"height":700,"caption":"Economia, Moeda Real,Dinheiro, Calculadora"},{"@type":"BreadcrumbList","@id":"https:\/\/www.notibras.com\/site\/quase-80-das-familias-estao-sufocadas-com-dividas\/#breadcrumb","itemListElement":[{"@type":"ListItem","position":1,"name":"In\u00edcio","item":"https:\/\/www.notibras.com\/site\/"},{"@type":"ListItem","position":2,"name":"Quase 80% das fam\u00edlias est\u00e3o sufocadas com d\u00edvidas"}]},{"@type":"WebSite","@id":"https:\/\/www.notibras.com\/site\/#website","url":"https:\/\/www.notibras.com\/site\/","name":"Notibras","description":"Not\u00edcias de Bras\u00edlia, do Brasil e do Mundo","publisher":{"@id":"https:\/\/www.notibras.com\/site\/#organization"},"potentialAction":[{"@type":"SearchAction","target":{"@type":"EntryPoint","urlTemplate":"https:\/\/www.notibras.com\/site\/?s={search_term_string}"},"query-input":{"@type":"PropertyValueSpecification","valueRequired":true,"valueName":"search_term_string"}}],"inLanguage":"pt-BR"},{"@type":"Organization","@id":"https:\/\/www.notibras.com\/site\/#organization","name":"Grupo Notibras de Comunica\u00e7\u00e3o","url":"https:\/\/www.notibras.com\/site\/","logo":{"@type":"ImageObject","inLanguage":"pt-BR","@id":"https:\/\/www.notibras.com\/site\/#\/schema\/logo\/image\/","url":"https:\/\/www.notibras.com\/site\/wp-content\/uploads\/2023\/01\/notibras23.png","contentUrl":"https:\/\/www.notibras.com\/site\/wp-content\/uploads\/2023\/01\/notibras23.png","width":350,"height":87,"caption":"Grupo Notibras de Comunica\u00e7\u00e3o"},"image":{"@id":"https:\/\/www.notibras.com\/site\/#\/schema\/logo\/image\/"},"sameAs":["https:\/\/www.facebook.com\/notibras\/","https:\/\/x.com\/Notibras","https:\/\/www.instagram.com\/notibras\/"]},{"@type":"Person","@id":"https:\/\/www.notibras.com\/site\/#\/schema\/person\/36ab0979449956132d3e5b517ea76ac8","name":"Reda\u00e7\u00e3o","image":{"@type":"ImageObject","inLanguage":"pt-BR","@id":"https:\/\/secure.gravatar.com\/avatar\/e0a867bdedb85fd243eadf09663511f96fc81e0720a4a42581f334ad4303aa6b?s=96&d=mm&r=g","url":"https:\/\/secure.gravatar.com\/avatar\/e0a867bdedb85fd243eadf09663511f96fc81e0720a4a42581f334ad4303aa6b?s=96&d=mm&r=g","contentUrl":"https:\/\/secure.gravatar.com\/avatar\/e0a867bdedb85fd243eadf09663511f96fc81e0720a4a42581f334ad4303aa6b?s=96&d=mm&r=g","caption":"Reda\u00e7\u00e3o"}}]}},"amp_enabled":true,"_links":{"self":[{"href":"https:\/\/www.notibras.com\/site\/wp-json\/wp\/v2\/posts\/308568","targetHints":{"allow":["GET"]}}],"collection":[{"href":"https:\/\/www.notibras.com\/site\/wp-json\/wp\/v2\/posts"}],"about":[{"href":"https:\/\/www.notibras.com\/site\/wp-json\/wp\/v2\/types\/post"}],"author":[{"embeddable":true,"href":"https:\/\/www.notibras.com\/site\/wp-json\/wp\/v2\/users\/2"}],"replies":[{"embeddable":true,"href":"https:\/\/www.notibras.com\/site\/wp-json\/wp\/v2\/comments?post=308568"}],"version-history":[{"count":1,"href":"https:\/\/www.notibras.com\/site\/wp-json\/wp\/v2\/posts\/308568\/revisions"}],"predecessor-version":[{"id":308570,"href":"https:\/\/www.notibras.com\/site\/wp-json\/wp\/v2\/posts\/308568\/revisions\/308570"}],"wp:featuredmedia":[{"embeddable":true,"href":"https:\/\/www.notibras.com\/site\/wp-json\/wp\/v2\/media\/308569"}],"wp:attachment":[{"href":"https:\/\/www.notibras.com\/site\/wp-json\/wp\/v2\/media?parent=308568"}],"wp:term":[{"taxonomy":"category","embeddable":true,"href":"https:\/\/www.notibras.com\/site\/wp-json\/wp\/v2\/categories?post=308568"},{"taxonomy":"post_tag","embeddable":true,"href":"https:\/\/www.notibras.com\/site\/wp-json\/wp\/v2\/tags?post=308568"}],"curies":[{"name":"wp","href":"https:\/\/api.w.org\/{rel}","templated":true}]}}