{"id":308571,"date":"2023-07-11T16:12:18","date_gmt":"2023-07-11T19:12:18","guid":{"rendered":"https:\/\/www.notibras.com\/site\/?p=308571"},"modified":"2023-07-11T18:15:14","modified_gmt":"2023-07-11T21:15:14","slug":"saiba-como-declarar-o-imposto-sobre-sua-terrinha","status":"publish","type":"post","link":"https:\/\/www.notibras.com\/site\/saiba-como-declarar-o-imposto-sobre-sua-terrinha\/","title":{"rendered":"Saiba como declarar o Imposto sobre sua terrinha"},"content":{"rendered":"<p>A Receita Federal publicou no Di\u00e1rio Oficial da Uni\u00e3o, as regras para a Declara\u00e7\u00e3o do Imposto sobre a Propriedade Territorial Rural (DITR) de 2023. O prazo para a presta\u00e7\u00e3o de contas come\u00e7a no dia 14 de agosto e os propriet\u00e1rios de im\u00f3vel rural t\u00eam at\u00e9 o dia 29 de setembro para declarar e evitar multas.<\/p>\n<p>A apresenta\u00e7\u00e3o da DITR \u00e9 obrigat\u00f3ria para pessoas f\u00edsicas e jur\u00eddicas que tenham im\u00f3vel rural e deve ser apresentada na forma de dois formul\u00e1rios, o Documento de Informa\u00e7\u00e3o e Atualiza\u00e7\u00e3o Cadastral do Imposto sobre a Propriedade Territorial Rural (Diac) e o Documento de Informa\u00e7\u00e3o e Apura\u00e7\u00e3o do Imposto sobre a Propriedade Territorial Rural (Diat).<\/p>\n<p>A presta\u00e7\u00e3o de contas \u00e9 obrigat\u00f3ria mesmo para quem recebeu ou deixou de ter a propriedade do im\u00f3vel, no ano de 2023.<\/p>\n<p>Para entregar a documenta\u00e7\u00e3o, \u00e9 necess\u00e1rio baixar, pela internet, o Programa Gerador da Declara\u00e7\u00e3o do ITR relativo ao exerc\u00edcio de 2023 (Programa ITR 2023), no site da Receita Federal.<\/p>\n<p>Na declara\u00e7\u00e3o, para excluir \u00e1reas n\u00e3o tribut\u00e1veis, \u00e9 necess\u00e1rio preencher e informar ao Instituto Brasileiro do Meio Ambiente e dos Recursos Naturais Renov\u00e1veis (Ibama) o Ato Declarat\u00f3rio Ambiental (ADA). Outro dado que tamb\u00e9m deve ser informado \u00e9 o n\u00famero do recibo de inscri\u00e7\u00e3o do Cadastro Ambiental Rural (CAR).<\/p>\n<p>O recibo que comprova a apresenta\u00e7\u00e3o da DITR \u00e9 gerado pelo programa, logo ap\u00f3s a transmiss\u00e3o. O documento pode ser gravado no disco r\u00edgido do computador, ou em m\u00eddia USB, e deve ser impresso, no caso em que o contribuinte optar por fazer a entrega do documento diretamente em uma unidade da Receita Federal.<\/p>\n<p><strong>Pagamento<\/strong><br \/>\nO valor do ITR apurado poder\u00e1 ser pago em at\u00e9 quatro parcelas mensais, desde que as quotas n\u00e3o sejam inferiores ao valor de R$ 50. O parcelamento s\u00f3 poder\u00e1 ser feito em caso de imposto acima de R$ 100 e o prazo para o pagamento da primeira parcela, ou quota \u00fanica, tamb\u00e9m ser\u00e1 at\u00e9 29 de setembro.<\/p>\n<p>O valor devido poder\u00e1 ser pago por meio de Documento de Arrecada\u00e7\u00e3o de Receitas Federais (Darf), por transfer\u00eancia banc\u00e1ria, ou PIX.<\/p>\n<p><strong>Retifica\u00e7\u00e3o<\/strong><br \/>\nCaso, ap\u00f3s a entrega, seja apurada alguma inconsist\u00eancia ser\u00e1 poss\u00edvel retificar a DITR com a entrega de uma nova declara\u00e7\u00e3o, na qual dever\u00e1 conter todas as informa\u00e7\u00f5es do primeiro documento, com as altera\u00e7\u00f5es, exclus\u00f5es e adi\u00e7\u00f5es de informa\u00e7\u00e3o necess\u00e1rias, al\u00e9m do n\u00famero do recibo da primeira DITR entregue.<\/p>\n<p>Ainda que a retificadora seja entregue o ap\u00f3s o prazo para a declara\u00e7\u00e3o, o imposto apurado deve ser pago no prazo estabelecido, para n\u00e3o gerar multa. O atraso na entrega gera multa de 1% ao m\u00eas, ou fra\u00e7\u00e3o, sobre o total do imposto devido e come\u00e7a a contar a partir do dia 30 de setembro.<\/p>\n","protected":false},"excerpt":{"rendered":"<p>A Receita Federal publicou no Di\u00e1rio Oficial da Uni\u00e3o, as regras para a Declara\u00e7\u00e3o do Imposto sobre a Propriedade Territorial Rural (DITR) de 2023. O prazo para a presta\u00e7\u00e3o de contas come\u00e7a no dia 14 de agosto e os propriet\u00e1rios de im\u00f3vel rural t\u00eam at\u00e9 o dia 29 de setembro para declarar e evitar multas. [&hellip;]<\/p>\n","protected":false},"author":2,"featured_media":308572,"comment_status":"closed","ping_status":"closed","sticky":false,"template":"","format":"standard","meta":{"_acf_changed":false,"footnotes":""},"categories":[161],"tags":[],"class_list":["post-308571","post","type-post","status-publish","format-standard","has-post-thumbnail","hentry","category-quadradinho-em-foco"],"acf":[],"yoast_head":"<!-- This site is optimized with the Yoast SEO plugin v27.2 - https:\/\/yoast.com\/product\/yoast-seo-wordpress\/ -->\n<title>Saiba como declarar o Imposto sobre sua terrinha - Notibras<\/title>\n<meta name=\"robots\" content=\"index, follow, max-snippet:-1, max-image-preview:large, max-video-preview:-1\" \/>\n<link rel=\"canonical\" href=\"https:\/\/www.notibras.com\/site\/saiba-como-declarar-o-imposto-sobre-sua-terrinha\/\" \/>\n<meta property=\"og:locale\" content=\"pt_BR\" \/>\n<meta property=\"og:type\" content=\"article\" \/>\n<meta property=\"og:title\" content=\"Saiba como declarar o Imposto sobre sua terrinha - Notibras\" \/>\n<meta property=\"og:description\" content=\"A Receita Federal publicou no Di\u00e1rio Oficial da Uni\u00e3o, as regras para a Declara\u00e7\u00e3o do Imposto sobre a Propriedade Territorial Rural (DITR) de 2023. O prazo para a presta\u00e7\u00e3o de contas come\u00e7a no dia 14 de agosto e os propriet\u00e1rios de im\u00f3vel rural t\u00eam at\u00e9 o dia 29 de setembro para declarar e evitar multas. [&hellip;]\" \/>\n<meta property=\"og:url\" content=\"https:\/\/www.notibras.com\/site\/saiba-como-declarar-o-imposto-sobre-sua-terrinha\/\" \/>\n<meta property=\"og:site_name\" content=\"Notibras\" \/>\n<meta property=\"article:publisher\" content=\"https:\/\/www.facebook.com\/notibras\/\" \/>\n<meta property=\"article:published_time\" content=\"2023-07-11T19:12:18+00:00\" \/>\n<meta property=\"article:modified_time\" content=\"2023-07-11T21:15:14+00:00\" \/>\n<meta property=\"og:image\" content=\"https:\/\/www.notibras.com\/site\/wp-content\/uploads\/2023\/07\/pastos.png\" \/>\n\t<meta property=\"og:image:width\" content=\"591\" \/>\n\t<meta property=\"og:image:height\" content=\"344\" \/>\n\t<meta property=\"og:image:type\" content=\"image\/png\" \/>\n<meta name=\"author\" content=\"Reda\u00e7\u00e3o\" \/>\n<meta name=\"twitter:card\" content=\"summary_large_image\" \/>\n<meta name=\"twitter:creator\" content=\"@Notibras\" \/>\n<meta name=\"twitter:site\" content=\"@Notibras\" \/>\n<meta name=\"twitter:label1\" content=\"Escrito por\" \/>\n\t<meta name=\"twitter:data1\" content=\"Reda\u00e7\u00e3o\" \/>\n\t<meta name=\"twitter:label2\" content=\"Est. tempo de leitura\" \/>\n\t<meta name=\"twitter:data2\" content=\"3 minutos\" \/>\n<script type=\"application\/ld+json\" class=\"yoast-schema-graph\">{\"@context\":\"https:\/\/schema.org\",\"@graph\":[{\"@type\":\"Article\",\"@id\":\"https:\/\/www.notibras.com\/site\/saiba-como-declarar-o-imposto-sobre-sua-terrinha\/#article\",\"isPartOf\":{\"@id\":\"https:\/\/www.notibras.com\/site\/saiba-como-declarar-o-imposto-sobre-sua-terrinha\/\"},\"author\":{\"name\":\"Reda\u00e7\u00e3o\",\"@id\":\"https:\/\/www.notibras.com\/site\/#\/schema\/person\/36ab0979449956132d3e5b517ea76ac8\"},\"headline\":\"Saiba como declarar o Imposto sobre sua terrinha\",\"datePublished\":\"2023-07-11T19:12:18+00:00\",\"dateModified\":\"2023-07-11T21:15:14+00:00\",\"mainEntityOfPage\":{\"@id\":\"https:\/\/www.notibras.com\/site\/saiba-como-declarar-o-imposto-sobre-sua-terrinha\/\"},\"wordCount\":499,\"publisher\":{\"@id\":\"https:\/\/www.notibras.com\/site\/#organization\"},\"image\":{\"@id\":\"https:\/\/www.notibras.com\/site\/saiba-como-declarar-o-imposto-sobre-sua-terrinha\/#primaryimage\"},\"thumbnailUrl\":\"https:\/\/www.notibras.com\/site\/wp-content\/uploads\/2023\/07\/pastos.png\",\"articleSection\":[\"Quadradinho em Foco\"],\"inLanguage\":\"pt-BR\"},{\"@type\":\"WebPage\",\"@id\":\"https:\/\/www.notibras.com\/site\/saiba-como-declarar-o-imposto-sobre-sua-terrinha\/\",\"url\":\"https:\/\/www.notibras.com\/site\/saiba-como-declarar-o-imposto-sobre-sua-terrinha\/\",\"name\":\"Saiba como declarar o Imposto sobre sua terrinha - Notibras\",\"isPartOf\":{\"@id\":\"https:\/\/www.notibras.com\/site\/#website\"},\"primaryImageOfPage\":{\"@id\":\"https:\/\/www.notibras.com\/site\/saiba-como-declarar-o-imposto-sobre-sua-terrinha\/#primaryimage\"},\"image\":{\"@id\":\"https:\/\/www.notibras.com\/site\/saiba-como-declarar-o-imposto-sobre-sua-terrinha\/#primaryimage\"},\"thumbnailUrl\":\"https:\/\/www.notibras.com\/site\/wp-content\/uploads\/2023\/07\/pastos.png\",\"datePublished\":\"2023-07-11T19:12:18+00:00\",\"dateModified\":\"2023-07-11T21:15:14+00:00\",\"breadcrumb\":{\"@id\":\"https:\/\/www.notibras.com\/site\/saiba-como-declarar-o-imposto-sobre-sua-terrinha\/#breadcrumb\"},\"inLanguage\":\"pt-BR\",\"potentialAction\":[{\"@type\":\"ReadAction\",\"target\":[\"https:\/\/www.notibras.com\/site\/saiba-como-declarar-o-imposto-sobre-sua-terrinha\/\"]}]},{\"@type\":\"ImageObject\",\"inLanguage\":\"pt-BR\",\"@id\":\"https:\/\/www.notibras.com\/site\/saiba-como-declarar-o-imposto-sobre-sua-terrinha\/#primaryimage\",\"url\":\"https:\/\/www.notibras.com\/site\/wp-content\/uploads\/2023\/07\/pastos.png\",\"contentUrl\":\"https:\/\/www.notibras.com\/site\/wp-content\/uploads\/2023\/07\/pastos.png\",\"width\":591,\"height\":344},{\"@type\":\"BreadcrumbList\",\"@id\":\"https:\/\/www.notibras.com\/site\/saiba-como-declarar-o-imposto-sobre-sua-terrinha\/#breadcrumb\",\"itemListElement\":[{\"@type\":\"ListItem\",\"position\":1,\"name\":\"In\u00edcio\",\"item\":\"https:\/\/www.notibras.com\/site\/\"},{\"@type\":\"ListItem\",\"position\":2,\"name\":\"Saiba como declarar o Imposto sobre sua terrinha\"}]},{\"@type\":\"WebSite\",\"@id\":\"https:\/\/www.notibras.com\/site\/#website\",\"url\":\"https:\/\/www.notibras.com\/site\/\",\"name\":\"Notibras\",\"description\":\"Not\u00edcias de Bras\u00edlia, do Brasil e do Mundo\",\"publisher\":{\"@id\":\"https:\/\/www.notibras.com\/site\/#organization\"},\"potentialAction\":[{\"@type\":\"SearchAction\",\"target\":{\"@type\":\"EntryPoint\",\"urlTemplate\":\"https:\/\/www.notibras.com\/site\/?s={search_term_string}\"},\"query-input\":{\"@type\":\"PropertyValueSpecification\",\"valueRequired\":true,\"valueName\":\"search_term_string\"}}],\"inLanguage\":\"pt-BR\"},{\"@type\":\"Organization\",\"@id\":\"https:\/\/www.notibras.com\/site\/#organization\",\"name\":\"Grupo Notibras de Comunica\u00e7\u00e3o\",\"url\":\"https:\/\/www.notibras.com\/site\/\",\"logo\":{\"@type\":\"ImageObject\",\"inLanguage\":\"pt-BR\",\"@id\":\"https:\/\/www.notibras.com\/site\/#\/schema\/logo\/image\/\",\"url\":\"https:\/\/www.notibras.com\/site\/wp-content\/uploads\/2023\/01\/notibras23.png\",\"contentUrl\":\"https:\/\/www.notibras.com\/site\/wp-content\/uploads\/2023\/01\/notibras23.png\",\"width\":350,\"height\":87,\"caption\":\"Grupo Notibras de Comunica\u00e7\u00e3o\"},\"image\":{\"@id\":\"https:\/\/www.notibras.com\/site\/#\/schema\/logo\/image\/\"},\"sameAs\":[\"https:\/\/www.facebook.com\/notibras\/\",\"https:\/\/x.com\/Notibras\",\"https:\/\/www.instagram.com\/notibras\/\"]},{\"@type\":\"Person\",\"@id\":\"https:\/\/www.notibras.com\/site\/#\/schema\/person\/36ab0979449956132d3e5b517ea76ac8\",\"name\":\"Reda\u00e7\u00e3o\",\"image\":{\"@type\":\"ImageObject\",\"inLanguage\":\"pt-BR\",\"@id\":\"https:\/\/secure.gravatar.com\/avatar\/e0a867bdedb85fd243eadf09663511f96fc81e0720a4a42581f334ad4303aa6b?s=96&d=mm&r=g\",\"url\":\"https:\/\/secure.gravatar.com\/avatar\/e0a867bdedb85fd243eadf09663511f96fc81e0720a4a42581f334ad4303aa6b?s=96&d=mm&r=g\",\"contentUrl\":\"https:\/\/secure.gravatar.com\/avatar\/e0a867bdedb85fd243eadf09663511f96fc81e0720a4a42581f334ad4303aa6b?s=96&d=mm&r=g\",\"caption\":\"Reda\u00e7\u00e3o\"}}]}<\/script>\n<!-- \/ Yoast SEO plugin. -->","yoast_head_json":{"title":"Saiba como declarar o Imposto sobre sua terrinha - Notibras","robots":{"index":"index","follow":"follow","max-snippet":"max-snippet:-1","max-image-preview":"max-image-preview:large","max-video-preview":"max-video-preview:-1"},"canonical":"https:\/\/www.notibras.com\/site\/saiba-como-declarar-o-imposto-sobre-sua-terrinha\/","og_locale":"pt_BR","og_type":"article","og_title":"Saiba como declarar o Imposto sobre sua terrinha - Notibras","og_description":"A Receita Federal publicou no Di\u00e1rio Oficial da Uni\u00e3o, as regras para a Declara\u00e7\u00e3o do Imposto sobre a Propriedade Territorial Rural (DITR) de 2023. O prazo para a presta\u00e7\u00e3o de contas come\u00e7a no dia 14 de agosto e os propriet\u00e1rios de im\u00f3vel rural t\u00eam at\u00e9 o dia 29 de setembro para declarar e evitar multas. [&hellip;]","og_url":"https:\/\/www.notibras.com\/site\/saiba-como-declarar-o-imposto-sobre-sua-terrinha\/","og_site_name":"Notibras","article_publisher":"https:\/\/www.facebook.com\/notibras\/","article_published_time":"2023-07-11T19:12:18+00:00","article_modified_time":"2023-07-11T21:15:14+00:00","og_image":[{"width":591,"height":344,"url":"https:\/\/www.notibras.com\/site\/wp-content\/uploads\/2023\/07\/pastos.png","type":"image\/png"}],"author":"Reda\u00e7\u00e3o","twitter_card":"summary_large_image","twitter_creator":"@Notibras","twitter_site":"@Notibras","twitter_misc":{"Escrito por":"Reda\u00e7\u00e3o","Est. tempo de leitura":"3 minutos"},"schema":{"@context":"https:\/\/schema.org","@graph":[{"@type":"Article","@id":"https:\/\/www.notibras.com\/site\/saiba-como-declarar-o-imposto-sobre-sua-terrinha\/#article","isPartOf":{"@id":"https:\/\/www.notibras.com\/site\/saiba-como-declarar-o-imposto-sobre-sua-terrinha\/"},"author":{"name":"Reda\u00e7\u00e3o","@id":"https:\/\/www.notibras.com\/site\/#\/schema\/person\/36ab0979449956132d3e5b517ea76ac8"},"headline":"Saiba como declarar o Imposto sobre sua terrinha","datePublished":"2023-07-11T19:12:18+00:00","dateModified":"2023-07-11T21:15:14+00:00","mainEntityOfPage":{"@id":"https:\/\/www.notibras.com\/site\/saiba-como-declarar-o-imposto-sobre-sua-terrinha\/"},"wordCount":499,"publisher":{"@id":"https:\/\/www.notibras.com\/site\/#organization"},"image":{"@id":"https:\/\/www.notibras.com\/site\/saiba-como-declarar-o-imposto-sobre-sua-terrinha\/#primaryimage"},"thumbnailUrl":"https:\/\/www.notibras.com\/site\/wp-content\/uploads\/2023\/07\/pastos.png","articleSection":["Quadradinho em Foco"],"inLanguage":"pt-BR"},{"@type":"WebPage","@id":"https:\/\/www.notibras.com\/site\/saiba-como-declarar-o-imposto-sobre-sua-terrinha\/","url":"https:\/\/www.notibras.com\/site\/saiba-como-declarar-o-imposto-sobre-sua-terrinha\/","name":"Saiba como declarar o Imposto sobre sua terrinha - Notibras","isPartOf":{"@id":"https:\/\/www.notibras.com\/site\/#website"},"primaryImageOfPage":{"@id":"https:\/\/www.notibras.com\/site\/saiba-como-declarar-o-imposto-sobre-sua-terrinha\/#primaryimage"},"image":{"@id":"https:\/\/www.notibras.com\/site\/saiba-como-declarar-o-imposto-sobre-sua-terrinha\/#primaryimage"},"thumbnailUrl":"https:\/\/www.notibras.com\/site\/wp-content\/uploads\/2023\/07\/pastos.png","datePublished":"2023-07-11T19:12:18+00:00","dateModified":"2023-07-11T21:15:14+00:00","breadcrumb":{"@id":"https:\/\/www.notibras.com\/site\/saiba-como-declarar-o-imposto-sobre-sua-terrinha\/#breadcrumb"},"inLanguage":"pt-BR","potentialAction":[{"@type":"ReadAction","target":["https:\/\/www.notibras.com\/site\/saiba-como-declarar-o-imposto-sobre-sua-terrinha\/"]}]},{"@type":"ImageObject","inLanguage":"pt-BR","@id":"https:\/\/www.notibras.com\/site\/saiba-como-declarar-o-imposto-sobre-sua-terrinha\/#primaryimage","url":"https:\/\/www.notibras.com\/site\/wp-content\/uploads\/2023\/07\/pastos.png","contentUrl":"https:\/\/www.notibras.com\/site\/wp-content\/uploads\/2023\/07\/pastos.png","width":591,"height":344},{"@type":"BreadcrumbList","@id":"https:\/\/www.notibras.com\/site\/saiba-como-declarar-o-imposto-sobre-sua-terrinha\/#breadcrumb","itemListElement":[{"@type":"ListItem","position":1,"name":"In\u00edcio","item":"https:\/\/www.notibras.com\/site\/"},{"@type":"ListItem","position":2,"name":"Saiba como declarar o Imposto sobre sua terrinha"}]},{"@type":"WebSite","@id":"https:\/\/www.notibras.com\/site\/#website","url":"https:\/\/www.notibras.com\/site\/","name":"Notibras","description":"Not\u00edcias de Bras\u00edlia, do Brasil e do Mundo","publisher":{"@id":"https:\/\/www.notibras.com\/site\/#organization"},"potentialAction":[{"@type":"SearchAction","target":{"@type":"EntryPoint","urlTemplate":"https:\/\/www.notibras.com\/site\/?s={search_term_string}"},"query-input":{"@type":"PropertyValueSpecification","valueRequired":true,"valueName":"search_term_string"}}],"inLanguage":"pt-BR"},{"@type":"Organization","@id":"https:\/\/www.notibras.com\/site\/#organization","name":"Grupo Notibras de Comunica\u00e7\u00e3o","url":"https:\/\/www.notibras.com\/site\/","logo":{"@type":"ImageObject","inLanguage":"pt-BR","@id":"https:\/\/www.notibras.com\/site\/#\/schema\/logo\/image\/","url":"https:\/\/www.notibras.com\/site\/wp-content\/uploads\/2023\/01\/notibras23.png","contentUrl":"https:\/\/www.notibras.com\/site\/wp-content\/uploads\/2023\/01\/notibras23.png","width":350,"height":87,"caption":"Grupo Notibras de Comunica\u00e7\u00e3o"},"image":{"@id":"https:\/\/www.notibras.com\/site\/#\/schema\/logo\/image\/"},"sameAs":["https:\/\/www.facebook.com\/notibras\/","https:\/\/x.com\/Notibras","https:\/\/www.instagram.com\/notibras\/"]},{"@type":"Person","@id":"https:\/\/www.notibras.com\/site\/#\/schema\/person\/36ab0979449956132d3e5b517ea76ac8","name":"Reda\u00e7\u00e3o","image":{"@type":"ImageObject","inLanguage":"pt-BR","@id":"https:\/\/secure.gravatar.com\/avatar\/e0a867bdedb85fd243eadf09663511f96fc81e0720a4a42581f334ad4303aa6b?s=96&d=mm&r=g","url":"https:\/\/secure.gravatar.com\/avatar\/e0a867bdedb85fd243eadf09663511f96fc81e0720a4a42581f334ad4303aa6b?s=96&d=mm&r=g","contentUrl":"https:\/\/secure.gravatar.com\/avatar\/e0a867bdedb85fd243eadf09663511f96fc81e0720a4a42581f334ad4303aa6b?s=96&d=mm&r=g","caption":"Reda\u00e7\u00e3o"}}]}},"amp_enabled":true,"_links":{"self":[{"href":"https:\/\/www.notibras.com\/site\/wp-json\/wp\/v2\/posts\/308571","targetHints":{"allow":["GET"]}}],"collection":[{"href":"https:\/\/www.notibras.com\/site\/wp-json\/wp\/v2\/posts"}],"about":[{"href":"https:\/\/www.notibras.com\/site\/wp-json\/wp\/v2\/types\/post"}],"author":[{"embeddable":true,"href":"https:\/\/www.notibras.com\/site\/wp-json\/wp\/v2\/users\/2"}],"replies":[{"embeddable":true,"href":"https:\/\/www.notibras.com\/site\/wp-json\/wp\/v2\/comments?post=308571"}],"version-history":[{"count":1,"href":"https:\/\/www.notibras.com\/site\/wp-json\/wp\/v2\/posts\/308571\/revisions"}],"predecessor-version":[{"id":308573,"href":"https:\/\/www.notibras.com\/site\/wp-json\/wp\/v2\/posts\/308571\/revisions\/308573"}],"wp:featuredmedia":[{"embeddable":true,"href":"https:\/\/www.notibras.com\/site\/wp-json\/wp\/v2\/media\/308572"}],"wp:attachment":[{"href":"https:\/\/www.notibras.com\/site\/wp-json\/wp\/v2\/media?parent=308571"}],"wp:term":[{"taxonomy":"category","embeddable":true,"href":"https:\/\/www.notibras.com\/site\/wp-json\/wp\/v2\/categories?post=308571"},{"taxonomy":"post_tag","embeddable":true,"href":"https:\/\/www.notibras.com\/site\/wp-json\/wp\/v2\/tags?post=308571"}],"curies":[{"name":"wp","href":"https:\/\/api.w.org\/{rel}","templated":true}]}}