{"id":308582,"date":"2023-07-12T07:15:14","date_gmt":"2023-07-12T10:15:14","guid":{"rendered":"https:\/\/www.notibras.com\/site\/?p=308582"},"modified":"2023-07-12T11:52:51","modified_gmt":"2023-07-12T14:52:51","slug":"carcaca-de-onibus-escolar-poe-em-risco-a-saude-das-criancas","status":"publish","type":"post","link":"https:\/\/www.notibras.com\/site\/carcaca-de-onibus-escolar-poe-em-risco-a-saude-das-criancas\/","title":{"rendered":"Carca\u00e7a de \u00f4nibus escolar p\u00f5e em risco a sa\u00fade das crian\u00e7as"},"content":{"rendered":"<p>O governador Ibaneis Rocha (MDB), gozando f\u00e9rias na Europa, recebeu, supostamente quando se encontrava aos p\u00e9s do Monte Olimpo, na Gr\u00e9cia, uma not\u00edcia que tirou o brilho das comemora\u00e7\u00f5es de seu anivers\u00e1rio de nascimento: as crian\u00e7as que estudam na rede p\u00fablica s\u00e3o transportadas de casa para as escolas no que se pode chamar, literalmente, de carca\u00e7as. As irregularidades s\u00e3o muitas. E a sa\u00fade dos alunos est\u00e1 em risco.<\/p>\n<p>O relat\u00f3rio, preparado por auditores de controle externo do Tribunal de Contas do Distrito Federal, foi divulgado na ter\u00e7a-feira, 11. Em s\u00edntese &#8211; \u00e9 o que aponta o estudo &#8211; os \u00f4nibus andam aos trancos e barrancos. Os problemas de seguran\u00e7a s\u00e3o graves. Os \u00f4nibus est\u00e3o em p\u00e9ssimas condi\u00e7\u00f5es de conserva\u00e7\u00e3o com assentos rasgados, soltos ou sem cintos; cintos de seguran\u00e7a estragados; para-choques deformados ou ausentes, pneus carecas, al\u00e9m de muita sujeira e janelas lacradas.<\/p>\n<p>Os auditores de controle externo compartilharam diversas situa\u00e7\u00f5es graves presenciadas durante as inspe\u00e7\u00f5es, como a queda de estudantes pela falta de cinto de seguran\u00e7a nos ve\u00edculos, excesso de velocidade, superlota\u00e7\u00e3o, buracos nos pisos dos \u00f4nibus e at\u00e9 crian\u00e7as abaixo de cinco anos esquecidas nas escolas. &#8220;Eles s\u00f3 perceberam que esqueceram a crian\u00e7a quando a gente perguntou qual seria o \u00faltimo aluno deixado em casa. A menina devia ter uns quatro anos. E isso \u00e9 uma coisa que os pais relataram que \u00e9 recorrente&#8221;, contou a auditora de controle externo Aline Barizon.<\/p>\n<p>Os achados fazem parte de uma auditoria em curso no TCDF que fiscaliza os contratos de transporte escolar celebrados pela Sociedade de Transportes Coletivos de Bras\u00edlia (TCB) com empresas terceirizadas e teve in\u00edcio em agosto do ano passado. Outras falhas tamb\u00e9m foram encontradas em inspe\u00e7\u00f5es realizadas especificamente no transporte escolar dos alunos que moram na Col\u00f4nia Agr\u00edcola 26 de Setembro, ap\u00f3s den\u00fancias de m\u00e1 presta\u00e7\u00e3o de servi\u00e7os.<\/p>\n<p>Durante vistorias nos \u00f4nibus que atendem as crian\u00e7as do assentamento, o corpo t\u00e9cnico do Tribunal encontrou ve\u00edculos muito empoeirados e com lixo no ch\u00e3o. Segundo os auditores, os estudantes chegavam com roupas limpas ao embarcar, mas desembarcavam na escola com roupas sujas. &#8220;Em conversa com a diretora (da Escola Classe 26 de Setembro, ela falou que os estudantes sofriam muito bullying por causa disso, o que atrapalha o desempenho escolar dos alunos&#8221;, afirmou Mateus Carvalho, auditor de controle externo do TCDF.<\/p>\n<p>Nas visitas \u00e0 26 de Setembro, os auditores encontraram ve\u00edculos imundos antes mesmo do in\u00edcio da rota. E, apesar da quantidade excessiva de poeira e de ter as janelas vedadas, os \u00f4nibus n\u00e3o possu\u00edam ar-condicionado. Nesse ambiente insalubre e prop\u00edcio ao desenvolvimento de doen\u00e7as respirat\u00f3rias, eram transportadas crian\u00e7as pequenas, a partir dos tr\u00eas anos de idade. Os auditores, inclusive, contaram que passaram mal ap\u00f3s fazer o itiner\u00e1rio que dura uma hora e meia. Na linha que atende os alunos do assentamento tamb\u00e9m foram observados que alguns ve\u00edculos tinham capacidade inferior ao que estava previsto em contrato.<\/p>\n<p>O Secret\u00e1rio de Fiscaliza\u00e7\u00e3o da Gest\u00e3o P\u00fablica, Infraestrutura e Mobilidade do TCDF, \u00cdndio Artiaga do Brasil Rabelo, refor\u00e7ou que al\u00e9m dos problemas de seguran\u00e7a e manuten\u00e7\u00e3o, o corpo t\u00e9cnico do Tribunal tamb\u00e9m identificou problemas na gest\u00e3o dos contratos da TCB com as empresas de transporte. Desde 2020, a compet\u00eancia para gerir e operar o servi\u00e7o de transporte escolar no Distrito Federal foi transferida da Secretaria de Educa\u00e7\u00e3o para a TCB. &#8220;A gente aferiu, em 26 itiner\u00e1rios que n\u00f3s rodamos, que, em m\u00e9dia, a quilometragem rodada estava 27,5% a menos do que estimada em contrato&#8221;, destacou.<\/p>\n<p>O diretor da Terceira Divis\u00e3o de Fiscaliza\u00e7\u00e3o da Gest\u00e3o P\u00fablica, Infraestrutura e Mobilidade do TCDF, David Ara\u00fajo, tamb\u00e9m alertou para as falhas operacionais e falta de fiscaliza\u00e7\u00e3o contratual pela TCB. &#8220;O que a gente viu em campo \u00e9 que a TCB, que \u00e9 quem cuida dos contratos, n\u00e3o sabe onde os alunos embarcam e desembarcam. Ela tamb\u00e9m n\u00e3o sabe a quantidade de estudantes atendidos. H\u00e1 falhas no compartilhamento dessas informa\u00e7\u00f5es que s\u00e3o de posse da Secretaria de Educa\u00e7\u00e3o. A fiscaliza\u00e7\u00e3o pela TCB tamb\u00e9m \u00e9 falha. N\u00e3o havia GPSs funcionando para verificar o deslocamento dos \u00f4nibus e \u00e9 virtualmente imposs\u00edvel fiscalizar todos os itiner\u00e1rios sem o uso de tecnologia&#8221;, ressaltou.<\/p>\n<p>Atualmente, 900 \u00f4nibus do transporte p\u00fablico escolar do Distrito Federal est\u00e3o em funcionamento para atender um p\u00fablico de 65 mil estudantes. A Secretaria de Educa\u00e7\u00e3o continua gerindo uma frota pr\u00f3pria, composta pelos chamados &#8220;amarelinhos&#8221;, que s\u00e3o \u00f4nibus adquiridos com recursos do Fundo Nacional de Desenvolvimento da Educa\u00e7\u00e3o (FNDE), por meio do Plano de A\u00e7\u00f5es Articuladas (PAR).<\/p>\n","protected":false},"excerpt":{"rendered":"<p>O governador Ibaneis Rocha (MDB), gozando f\u00e9rias na Europa, recebeu, supostamente quando se encontrava aos p\u00e9s do Monte Olimpo, na Gr\u00e9cia, uma not\u00edcia que tirou o brilho das comemora\u00e7\u00f5es de seu anivers\u00e1rio de nascimento: as crian\u00e7as que estudam na rede p\u00fablica s\u00e3o transportadas de casa para as escolas no que se pode chamar, literalmente, de [&hellip;]<\/p>\n","protected":false},"author":2,"featured_media":308583,"comment_status":"closed","ping_status":"closed","sticky":false,"template":"","format":"standard","meta":{"_acf_changed":false,"footnotes":""},"categories":[161],"tags":[],"class_list":["post-308582","post","type-post","status-publish","format-standard","has-post-thumbnail","hentry","category-quadradinho-em-foco"],"acf":[],"yoast_head":"<!-- This site is optimized with the Yoast SEO plugin v27.2 - https:\/\/yoast.com\/product\/yoast-seo-wordpress\/ -->\n<title>Carca\u00e7a de \u00f4nibus escolar p\u00f5e em risco a sa\u00fade das crian\u00e7as - Notibras<\/title>\n<meta name=\"robots\" content=\"index, follow, max-snippet:-1, max-image-preview:large, max-video-preview:-1\" \/>\n<link rel=\"canonical\" href=\"https:\/\/www.notibras.com\/site\/carcaca-de-onibus-escolar-poe-em-risco-a-saude-das-criancas\/\" \/>\n<meta property=\"og:locale\" content=\"pt_BR\" \/>\n<meta property=\"og:type\" content=\"article\" \/>\n<meta property=\"og:title\" content=\"Carca\u00e7a de \u00f4nibus escolar p\u00f5e em risco a sa\u00fade das crian\u00e7as - Notibras\" \/>\n<meta property=\"og:description\" content=\"O governador Ibaneis Rocha (MDB), gozando f\u00e9rias na Europa, recebeu, supostamente quando se encontrava aos p\u00e9s do Monte Olimpo, na Gr\u00e9cia, uma not\u00edcia que tirou o brilho das comemora\u00e7\u00f5es de seu anivers\u00e1rio de nascimento: as crian\u00e7as que estudam na rede p\u00fablica s\u00e3o transportadas de casa para as escolas no que se pode chamar, literalmente, de [&hellip;]\" \/>\n<meta property=\"og:url\" content=\"https:\/\/www.notibras.com\/site\/carcaca-de-onibus-escolar-poe-em-risco-a-saude-das-criancas\/\" \/>\n<meta property=\"og:site_name\" content=\"Notibras\" \/>\n<meta property=\"article:publisher\" content=\"https:\/\/www.facebook.com\/notibras\/\" \/>\n<meta property=\"article:published_time\" content=\"2023-07-12T10:15:14+00:00\" \/>\n<meta property=\"article:modified_time\" content=\"2023-07-12T14:52:51+00:00\" \/>\n<meta property=\"og:image\" content=\"https:\/\/www.notibras.com\/site\/wp-content\/uploads\/2023\/07\/onibus.jpg\" \/>\n\t<meta property=\"og:image:width\" content=\"700\" \/>\n\t<meta property=\"og:image:height\" content=\"490\" \/>\n\t<meta property=\"og:image:type\" content=\"image\/jpeg\" \/>\n<meta name=\"author\" content=\"Reda\u00e7\u00e3o\" \/>\n<meta name=\"twitter:card\" content=\"summary_large_image\" \/>\n<meta name=\"twitter:creator\" content=\"@Notibras\" \/>\n<meta name=\"twitter:site\" content=\"@Notibras\" \/>\n<meta name=\"twitter:label1\" content=\"Escrito por\" \/>\n\t<meta name=\"twitter:data1\" content=\"Reda\u00e7\u00e3o\" \/>\n\t<meta name=\"twitter:label2\" content=\"Est. tempo de leitura\" \/>\n\t<meta name=\"twitter:data2\" content=\"5 minutos\" \/>\n<script type=\"application\/ld+json\" class=\"yoast-schema-graph\">{\"@context\":\"https:\/\/schema.org\",\"@graph\":[{\"@type\":\"Article\",\"@id\":\"https:\/\/www.notibras.com\/site\/carcaca-de-onibus-escolar-poe-em-risco-a-saude-das-criancas\/#article\",\"isPartOf\":{\"@id\":\"https:\/\/www.notibras.com\/site\/carcaca-de-onibus-escolar-poe-em-risco-a-saude-das-criancas\/\"},\"author\":{\"name\":\"Reda\u00e7\u00e3o\",\"@id\":\"https:\/\/www.notibras.com\/site\/#\/schema\/person\/36ab0979449956132d3e5b517ea76ac8\"},\"headline\":\"Carca\u00e7a de \u00f4nibus escolar p\u00f5e em risco a sa\u00fade das crian\u00e7as\",\"datePublished\":\"2023-07-12T10:15:14+00:00\",\"dateModified\":\"2023-07-12T14:52:51+00:00\",\"mainEntityOfPage\":{\"@id\":\"https:\/\/www.notibras.com\/site\/carcaca-de-onibus-escolar-poe-em-risco-a-saude-das-criancas\/\"},\"wordCount\":836,\"publisher\":{\"@id\":\"https:\/\/www.notibras.com\/site\/#organization\"},\"image\":{\"@id\":\"https:\/\/www.notibras.com\/site\/carcaca-de-onibus-escolar-poe-em-risco-a-saude-das-criancas\/#primaryimage\"},\"thumbnailUrl\":\"https:\/\/www.notibras.com\/site\/wp-content\/uploads\/2023\/07\/onibus.jpg\",\"articleSection\":[\"Quadradinho em Foco\"],\"inLanguage\":\"pt-BR\"},{\"@type\":\"WebPage\",\"@id\":\"https:\/\/www.notibras.com\/site\/carcaca-de-onibus-escolar-poe-em-risco-a-saude-das-criancas\/\",\"url\":\"https:\/\/www.notibras.com\/site\/carcaca-de-onibus-escolar-poe-em-risco-a-saude-das-criancas\/\",\"name\":\"Carca\u00e7a de \u00f4nibus escolar p\u00f5e em risco a sa\u00fade das crian\u00e7as - Notibras\",\"isPartOf\":{\"@id\":\"https:\/\/www.notibras.com\/site\/#website\"},\"primaryImageOfPage\":{\"@id\":\"https:\/\/www.notibras.com\/site\/carcaca-de-onibus-escolar-poe-em-risco-a-saude-das-criancas\/#primaryimage\"},\"image\":{\"@id\":\"https:\/\/www.notibras.com\/site\/carcaca-de-onibus-escolar-poe-em-risco-a-saude-das-criancas\/#primaryimage\"},\"thumbnailUrl\":\"https:\/\/www.notibras.com\/site\/wp-content\/uploads\/2023\/07\/onibus.jpg\",\"datePublished\":\"2023-07-12T10:15:14+00:00\",\"dateModified\":\"2023-07-12T14:52:51+00:00\",\"breadcrumb\":{\"@id\":\"https:\/\/www.notibras.com\/site\/carcaca-de-onibus-escolar-poe-em-risco-a-saude-das-criancas\/#breadcrumb\"},\"inLanguage\":\"pt-BR\",\"potentialAction\":[{\"@type\":\"ReadAction\",\"target\":[\"https:\/\/www.notibras.com\/site\/carcaca-de-onibus-escolar-poe-em-risco-a-saude-das-criancas\/\"]}]},{\"@type\":\"ImageObject\",\"inLanguage\":\"pt-BR\",\"@id\":\"https:\/\/www.notibras.com\/site\/carcaca-de-onibus-escolar-poe-em-risco-a-saude-das-criancas\/#primaryimage\",\"url\":\"https:\/\/www.notibras.com\/site\/wp-content\/uploads\/2023\/07\/onibus.jpg\",\"contentUrl\":\"https:\/\/www.notibras.com\/site\/wp-content\/uploads\/2023\/07\/onibus.jpg\",\"width\":700,\"height\":490},{\"@type\":\"BreadcrumbList\",\"@id\":\"https:\/\/www.notibras.com\/site\/carcaca-de-onibus-escolar-poe-em-risco-a-saude-das-criancas\/#breadcrumb\",\"itemListElement\":[{\"@type\":\"ListItem\",\"position\":1,\"name\":\"In\u00edcio\",\"item\":\"https:\/\/www.notibras.com\/site\/\"},{\"@type\":\"ListItem\",\"position\":2,\"name\":\"Carca\u00e7a de \u00f4nibus escolar p\u00f5e em risco a sa\u00fade das crian\u00e7as\"}]},{\"@type\":\"WebSite\",\"@id\":\"https:\/\/www.notibras.com\/site\/#website\",\"url\":\"https:\/\/www.notibras.com\/site\/\",\"name\":\"Notibras\",\"description\":\"Not\u00edcias de Bras\u00edlia, do Brasil e do Mundo\",\"publisher\":{\"@id\":\"https:\/\/www.notibras.com\/site\/#organization\"},\"potentialAction\":[{\"@type\":\"SearchAction\",\"target\":{\"@type\":\"EntryPoint\",\"urlTemplate\":\"https:\/\/www.notibras.com\/site\/?s={search_term_string}\"},\"query-input\":{\"@type\":\"PropertyValueSpecification\",\"valueRequired\":true,\"valueName\":\"search_term_string\"}}],\"inLanguage\":\"pt-BR\"},{\"@type\":\"Organization\",\"@id\":\"https:\/\/www.notibras.com\/site\/#organization\",\"name\":\"Grupo Notibras de Comunica\u00e7\u00e3o\",\"url\":\"https:\/\/www.notibras.com\/site\/\",\"logo\":{\"@type\":\"ImageObject\",\"inLanguage\":\"pt-BR\",\"@id\":\"https:\/\/www.notibras.com\/site\/#\/schema\/logo\/image\/\",\"url\":\"https:\/\/www.notibras.com\/site\/wp-content\/uploads\/2023\/01\/notibras23.png\",\"contentUrl\":\"https:\/\/www.notibras.com\/site\/wp-content\/uploads\/2023\/01\/notibras23.png\",\"width\":350,\"height\":87,\"caption\":\"Grupo Notibras de Comunica\u00e7\u00e3o\"},\"image\":{\"@id\":\"https:\/\/www.notibras.com\/site\/#\/schema\/logo\/image\/\"},\"sameAs\":[\"https:\/\/www.facebook.com\/notibras\/\",\"https:\/\/x.com\/Notibras\",\"https:\/\/www.instagram.com\/notibras\/\"]},{\"@type\":\"Person\",\"@id\":\"https:\/\/www.notibras.com\/site\/#\/schema\/person\/36ab0979449956132d3e5b517ea76ac8\",\"name\":\"Reda\u00e7\u00e3o\",\"image\":{\"@type\":\"ImageObject\",\"inLanguage\":\"pt-BR\",\"@id\":\"https:\/\/secure.gravatar.com\/avatar\/e0a867bdedb85fd243eadf09663511f96fc81e0720a4a42581f334ad4303aa6b?s=96&d=mm&r=g\",\"url\":\"https:\/\/secure.gravatar.com\/avatar\/e0a867bdedb85fd243eadf09663511f96fc81e0720a4a42581f334ad4303aa6b?s=96&d=mm&r=g\",\"contentUrl\":\"https:\/\/secure.gravatar.com\/avatar\/e0a867bdedb85fd243eadf09663511f96fc81e0720a4a42581f334ad4303aa6b?s=96&d=mm&r=g\",\"caption\":\"Reda\u00e7\u00e3o\"}}]}<\/script>\n<!-- \/ Yoast SEO plugin. -->","yoast_head_json":{"title":"Carca\u00e7a de \u00f4nibus escolar p\u00f5e em risco a sa\u00fade das crian\u00e7as - Notibras","robots":{"index":"index","follow":"follow","max-snippet":"max-snippet:-1","max-image-preview":"max-image-preview:large","max-video-preview":"max-video-preview:-1"},"canonical":"https:\/\/www.notibras.com\/site\/carcaca-de-onibus-escolar-poe-em-risco-a-saude-das-criancas\/","og_locale":"pt_BR","og_type":"article","og_title":"Carca\u00e7a de \u00f4nibus escolar p\u00f5e em risco a sa\u00fade das crian\u00e7as - Notibras","og_description":"O governador Ibaneis Rocha (MDB), gozando f\u00e9rias na Europa, recebeu, supostamente quando se encontrava aos p\u00e9s do Monte Olimpo, na Gr\u00e9cia, uma not\u00edcia que tirou o brilho das comemora\u00e7\u00f5es de seu anivers\u00e1rio de nascimento: as crian\u00e7as que estudam na rede p\u00fablica s\u00e3o transportadas de casa para as escolas no que se pode chamar, literalmente, de [&hellip;]","og_url":"https:\/\/www.notibras.com\/site\/carcaca-de-onibus-escolar-poe-em-risco-a-saude-das-criancas\/","og_site_name":"Notibras","article_publisher":"https:\/\/www.facebook.com\/notibras\/","article_published_time":"2023-07-12T10:15:14+00:00","article_modified_time":"2023-07-12T14:52:51+00:00","og_image":[{"width":700,"height":490,"url":"https:\/\/www.notibras.com\/site\/wp-content\/uploads\/2023\/07\/onibus.jpg","type":"image\/jpeg"}],"author":"Reda\u00e7\u00e3o","twitter_card":"summary_large_image","twitter_creator":"@Notibras","twitter_site":"@Notibras","twitter_misc":{"Escrito por":"Reda\u00e7\u00e3o","Est. tempo de leitura":"5 minutos"},"schema":{"@context":"https:\/\/schema.org","@graph":[{"@type":"Article","@id":"https:\/\/www.notibras.com\/site\/carcaca-de-onibus-escolar-poe-em-risco-a-saude-das-criancas\/#article","isPartOf":{"@id":"https:\/\/www.notibras.com\/site\/carcaca-de-onibus-escolar-poe-em-risco-a-saude-das-criancas\/"},"author":{"name":"Reda\u00e7\u00e3o","@id":"https:\/\/www.notibras.com\/site\/#\/schema\/person\/36ab0979449956132d3e5b517ea76ac8"},"headline":"Carca\u00e7a de \u00f4nibus escolar p\u00f5e em risco a sa\u00fade das crian\u00e7as","datePublished":"2023-07-12T10:15:14+00:00","dateModified":"2023-07-12T14:52:51+00:00","mainEntityOfPage":{"@id":"https:\/\/www.notibras.com\/site\/carcaca-de-onibus-escolar-poe-em-risco-a-saude-das-criancas\/"},"wordCount":836,"publisher":{"@id":"https:\/\/www.notibras.com\/site\/#organization"},"image":{"@id":"https:\/\/www.notibras.com\/site\/carcaca-de-onibus-escolar-poe-em-risco-a-saude-das-criancas\/#primaryimage"},"thumbnailUrl":"https:\/\/www.notibras.com\/site\/wp-content\/uploads\/2023\/07\/onibus.jpg","articleSection":["Quadradinho em Foco"],"inLanguage":"pt-BR"},{"@type":"WebPage","@id":"https:\/\/www.notibras.com\/site\/carcaca-de-onibus-escolar-poe-em-risco-a-saude-das-criancas\/","url":"https:\/\/www.notibras.com\/site\/carcaca-de-onibus-escolar-poe-em-risco-a-saude-das-criancas\/","name":"Carca\u00e7a de \u00f4nibus escolar p\u00f5e em risco a sa\u00fade das crian\u00e7as - Notibras","isPartOf":{"@id":"https:\/\/www.notibras.com\/site\/#website"},"primaryImageOfPage":{"@id":"https:\/\/www.notibras.com\/site\/carcaca-de-onibus-escolar-poe-em-risco-a-saude-das-criancas\/#primaryimage"},"image":{"@id":"https:\/\/www.notibras.com\/site\/carcaca-de-onibus-escolar-poe-em-risco-a-saude-das-criancas\/#primaryimage"},"thumbnailUrl":"https:\/\/www.notibras.com\/site\/wp-content\/uploads\/2023\/07\/onibus.jpg","datePublished":"2023-07-12T10:15:14+00:00","dateModified":"2023-07-12T14:52:51+00:00","breadcrumb":{"@id":"https:\/\/www.notibras.com\/site\/carcaca-de-onibus-escolar-poe-em-risco-a-saude-das-criancas\/#breadcrumb"},"inLanguage":"pt-BR","potentialAction":[{"@type":"ReadAction","target":["https:\/\/www.notibras.com\/site\/carcaca-de-onibus-escolar-poe-em-risco-a-saude-das-criancas\/"]}]},{"@type":"ImageObject","inLanguage":"pt-BR","@id":"https:\/\/www.notibras.com\/site\/carcaca-de-onibus-escolar-poe-em-risco-a-saude-das-criancas\/#primaryimage","url":"https:\/\/www.notibras.com\/site\/wp-content\/uploads\/2023\/07\/onibus.jpg","contentUrl":"https:\/\/www.notibras.com\/site\/wp-content\/uploads\/2023\/07\/onibus.jpg","width":700,"height":490},{"@type":"BreadcrumbList","@id":"https:\/\/www.notibras.com\/site\/carcaca-de-onibus-escolar-poe-em-risco-a-saude-das-criancas\/#breadcrumb","itemListElement":[{"@type":"ListItem","position":1,"name":"In\u00edcio","item":"https:\/\/www.notibras.com\/site\/"},{"@type":"ListItem","position":2,"name":"Carca\u00e7a de \u00f4nibus escolar p\u00f5e em risco a sa\u00fade das crian\u00e7as"}]},{"@type":"WebSite","@id":"https:\/\/www.notibras.com\/site\/#website","url":"https:\/\/www.notibras.com\/site\/","name":"Notibras","description":"Not\u00edcias de Bras\u00edlia, do Brasil e do Mundo","publisher":{"@id":"https:\/\/www.notibras.com\/site\/#organization"},"potentialAction":[{"@type":"SearchAction","target":{"@type":"EntryPoint","urlTemplate":"https:\/\/www.notibras.com\/site\/?s={search_term_string}"},"query-input":{"@type":"PropertyValueSpecification","valueRequired":true,"valueName":"search_term_string"}}],"inLanguage":"pt-BR"},{"@type":"Organization","@id":"https:\/\/www.notibras.com\/site\/#organization","name":"Grupo Notibras de Comunica\u00e7\u00e3o","url":"https:\/\/www.notibras.com\/site\/","logo":{"@type":"ImageObject","inLanguage":"pt-BR","@id":"https:\/\/www.notibras.com\/site\/#\/schema\/logo\/image\/","url":"https:\/\/www.notibras.com\/site\/wp-content\/uploads\/2023\/01\/notibras23.png","contentUrl":"https:\/\/www.notibras.com\/site\/wp-content\/uploads\/2023\/01\/notibras23.png","width":350,"height":87,"caption":"Grupo Notibras de Comunica\u00e7\u00e3o"},"image":{"@id":"https:\/\/www.notibras.com\/site\/#\/schema\/logo\/image\/"},"sameAs":["https:\/\/www.facebook.com\/notibras\/","https:\/\/x.com\/Notibras","https:\/\/www.instagram.com\/notibras\/"]},{"@type":"Person","@id":"https:\/\/www.notibras.com\/site\/#\/schema\/person\/36ab0979449956132d3e5b517ea76ac8","name":"Reda\u00e7\u00e3o","image":{"@type":"ImageObject","inLanguage":"pt-BR","@id":"https:\/\/secure.gravatar.com\/avatar\/e0a867bdedb85fd243eadf09663511f96fc81e0720a4a42581f334ad4303aa6b?s=96&d=mm&r=g","url":"https:\/\/secure.gravatar.com\/avatar\/e0a867bdedb85fd243eadf09663511f96fc81e0720a4a42581f334ad4303aa6b?s=96&d=mm&r=g","contentUrl":"https:\/\/secure.gravatar.com\/avatar\/e0a867bdedb85fd243eadf09663511f96fc81e0720a4a42581f334ad4303aa6b?s=96&d=mm&r=g","caption":"Reda\u00e7\u00e3o"}}]}},"amp_enabled":true,"_links":{"self":[{"href":"https:\/\/www.notibras.com\/site\/wp-json\/wp\/v2\/posts\/308582","targetHints":{"allow":["GET"]}}],"collection":[{"href":"https:\/\/www.notibras.com\/site\/wp-json\/wp\/v2\/posts"}],"about":[{"href":"https:\/\/www.notibras.com\/site\/wp-json\/wp\/v2\/types\/post"}],"author":[{"embeddable":true,"href":"https:\/\/www.notibras.com\/site\/wp-json\/wp\/v2\/users\/2"}],"replies":[{"embeddable":true,"href":"https:\/\/www.notibras.com\/site\/wp-json\/wp\/v2\/comments?post=308582"}],"version-history":[{"count":1,"href":"https:\/\/www.notibras.com\/site\/wp-json\/wp\/v2\/posts\/308582\/revisions"}],"predecessor-version":[{"id":308584,"href":"https:\/\/www.notibras.com\/site\/wp-json\/wp\/v2\/posts\/308582\/revisions\/308584"}],"wp:featuredmedia":[{"embeddable":true,"href":"https:\/\/www.notibras.com\/site\/wp-json\/wp\/v2\/media\/308583"}],"wp:attachment":[{"href":"https:\/\/www.notibras.com\/site\/wp-json\/wp\/v2\/media?parent=308582"}],"wp:term":[{"taxonomy":"category","embeddable":true,"href":"https:\/\/www.notibras.com\/site\/wp-json\/wp\/v2\/categories?post=308582"},{"taxonomy":"post_tag","embeddable":true,"href":"https:\/\/www.notibras.com\/site\/wp-json\/wp\/v2\/tags?post=308582"}],"curies":[{"name":"wp","href":"https:\/\/api.w.org\/{rel}","templated":true}]}}