{"id":30860,"date":"2014-12-11T07:12:47","date_gmt":"2014-12-11T10:12:47","guid":{"rendered":"http:\/\/www.notibras.com\/site\/?p=30860"},"modified":"2014-12-11T07:13:23","modified_gmt":"2014-12-11T10:13:23","slug":"sem-terra-novo-produto-de-exportacao-do-brasil-em-defesa-do-homem","status":"publish","type":"post","link":"https:\/\/www.notibras.com\/site\/sem-terra-novo-produto-de-exportacao-do-brasil-em-defesa-do-homem\/","title":{"rendered":"Sem-terra, produto de exporta\u00e7\u00e3o do Brasil em defesa do homem"},"content":{"rendered":"<p>&#8220;La lunga marcia dei senza terra \u2013 dal Brasile al mondo&#8221;(A longa marcha dos sem terra \u2013 do Brasil ao mundo) \u00e9 o t\u00edtulo do livro sobre o MST lan\u00e7ado na It\u00e1lia, em novembro, pela editora EMI, de Bolonha. Assinam a obra Claudia Fanti, Marinella Correggia e Serena Romagnoli.<\/p>\n<p>Desde 1984, quando o MST foi fundado, editaram-se muitos livros abordando sua luta pela reforma agr\u00e1ria no Brasil e por uma na\u00e7\u00e3o menos desigual e mais justa. Conv\u00e9m lembrar que, de todos os pa\u00edses das Am\u00e9ricas, somente no Brasil e na Argentina jamais houve reforma da estrutura fundi\u00e1ria.<\/p>\n<p>O MST \u00e9, hoje, o mais importante movimento social brasileiro. O livro lan\u00e7ado na It\u00e1lia \u00e9, sem d\u00favida, uma das obras mais consistentes e bem documentadas sobre o movimento dos agricultores sem terra, seja pela abrang\u00eancia, seja pelo fato de ter como fontes prim\u00e1rias depoimentos de militantes protagonistas dessa hist\u00f3ria, que j\u00e1 dura 30 anos.<\/p>\n<p>As autoras tiveram o cuidado de contextualizar o MST na hist\u00f3ria do Brasil e na atual conjuntura pol\u00edtica e econ\u00f4mica de nosso pa\u00eds. Resgataram lutas sociais desde a coloniza\u00e7\u00e3o portuguesa, iniciada nos prim\u00f3rdios do s\u00e9culo 16, que derrubam o mito de que o povo brasileiro \u00e9 ap\u00e1tico e passivo frente \u00e0 opress\u00e3o: Quilombos, Canudos, Coluna Prestes, Ligas Camponesas, resist\u00eancia \u00e0 ditadura militar (1964-1985), Comiss\u00e3o Pastoral da Terra etc.<\/p>\n<blockquote><p>O MST congrega, hoje, milhares de fam\u00edlias expulsas de suas terras pela gan\u00e2ncia do latif\u00fandio, pela expans\u00e3o do agroneg\u00f3cio e devido a constru\u00e7\u00e3o de barragens para a produ\u00e7\u00e3o de energia el\u00e9trica. O movimento n\u00e3o surgiu por iniciativa de partidos pol\u00edticos ou da cabe\u00e7a de &#8220;intelectuais org\u00e2nicos&#8221;.<\/p><\/blockquote>\n<p>Vinculado \u00e0 Via Camponesa, de express\u00e3o internacional, o MST resultou da luta espec\u00edfica de trabalhadores da agricultura familiar por direitos amea\u00e7ados, como foi o caso dos mil dias de resist\u00eancia na Encruzilhada Natalino, no sul do Brasil, a partir de 1981. Ali, estive prestando a minha solidariedade e ali fui cercado e intimidado pela Pol\u00edcia Militar.<\/p>\n<p>Se h\u00e1 um movimento cuja hist\u00f3ria, no curto per\u00edodo de tr\u00eas d\u00e9cadas, pode ser proporcionalmente comparado aos tr\u00eas s\u00e9culos iniciais da Igreja, devido \u00e0 profus\u00e3o de m\u00e1rtires, \u00e9 o MST. Massacres como os de Eldorado dos Caraj\u00e1s e Corumbiara, com dezenas de mortos e feridos, s\u00e3o &#8220;terra sagrada&#8221; regada pelo sangue de agricultores espoliados, que deram suas vidas pelo direito elementar de acesso a um peda\u00e7o de terra em um pa\u00eds de dimens\u00f5es continentais.<\/p>\n<p>O MST n\u00e3o \u00e9 apenas um movimento de a\u00e7\u00e3o. \u00c9 tamb\u00e9m, como bem demonstra esta obra, um movimento de forma\u00e7\u00e3o, de qualifica\u00e7\u00e3o cultural de seus militantes e dos sem terrinha, as crian\u00e7as nascidas e criadas em acampamentos e assentamentos.<\/p>\n<p>H\u00e1 uma ampla rede de escolas do campo, na qual alunos e alunas aprendem a partir da realidade em que vivem, e n\u00e3o apenas da li\u00e7\u00e3o impositiva dos livros did\u00e1ticos que correspondem ao curr\u00edculo oficial do ensino brasileiro. No munic\u00edpio de Guararema, pr\u00f3ximo \u00e0 capital de S\u00e3o Paulo, a Escola Nacional Florestan Fernandes propicia forma\u00e7\u00e3o pol\u00edtica aos militantes, segundo uma perspectiva libertadora \u00e0 luz do m\u00e9todo pedag\u00f3gico proposto por Paulo Freire.<\/p>\n<p>Este livro culmina na an\u00e1lise das rela\u00e7\u00f5es tensas entre o MST e os governos Lula e Dilma. Entre esperan\u00e7as e desilus\u00f5es, entre &#8220;pau e prosa&#8221;, na express\u00e3o de Jo\u00e3o Pedro Stedile, o movimento, que preserva seu car\u00e1ter apartid\u00e1rio e laico, segue pressionando o poder p\u00fablico atrav\u00e9s da ocupa\u00e7\u00e3o de terras ociosas e suas marchas e mobiliza\u00e7\u00f5es.<\/p>\n<p>O MST n\u00e3o \u00e9 apenas um movimento de reivindica\u00e7\u00e3o e protesto. \u00c9 tamb\u00e9m de iniciativas e propostas. Seus assentamentos rurais s\u00e3o transformados em verdadeiros laborat\u00f3rios de uma futura sociedade emancipada. Ali, s\u00e3o desenvolvidos projetos cooperativos de agroecologia, agroind\u00fastrias, plantas medicinais, sementes livres de transg\u00eanicos e pesticidas, produ\u00e7\u00e3o de alimentos org\u00e2nicos etc.<\/p>\n<p>Hoje, o MST, atrav\u00e9s da Via Camponesa, mant\u00e9m uma ampla rede mundial de solidariedade, da qual este livro \u00e9 express\u00e3o primorosa. At\u00e9 mesmo o Vaticano do papa Francisco se abre ao di\u00e1logo com ele, conforme documentam as autoras.<\/p>\n<p>A longa marcha dos sem terra n\u00e3o \u00e9 apenas um importante documento hist\u00f3rico. \u00c9 um interessante relato de como pessoas e fam\u00edlias empobrecidas, desprovidas de bens essenciais, como terra e moradia, s\u00e3o capazes de se transformar em sujeitos hist\u00f3ricos e se tornar interlocutores que nenhum governo ou for\u00e7a pol\u00edtica e econ\u00f4mica pode ignorar.<\/p>\n<p>Por vezes tratado como &#8220;caso de pol\u00edcia&#8221;, como bem descrevem as autoras, o MST \u00e9 um exemplar caso de pol\u00edtica, uma refer\u00eancia a todos que n\u00e3o cedem \u00e0 coopta\u00e7\u00e3o da ideologia neoliberal, consumista e hedonista, e acreditam em &#8220;outros mundos poss\u00edveis&#8221;, em alternativas vi\u00e1veis ao capitalismo e cujas sementes de futuro j\u00e1 come\u00e7am a germinar e florescer.<\/p>\n<p><strong>Frei Betto<\/strong><\/p>\n","protected":false},"excerpt":{"rendered":"<p>&#8220;La lunga marcia dei senza terra \u2013 dal Brasile al mondo&#8221;(A longa marcha dos sem terra \u2013 do Brasil ao mundo) \u00e9 o t\u00edtulo do livro sobre o MST lan\u00e7ado na It\u00e1lia, em novembro, pela editora EMI, de Bolonha. Assinam a obra Claudia Fanti, Marinella Correggia e Serena Romagnoli. Desde 1984, quando o MST foi [&hellip;]<\/p>\n","protected":false},"author":2,"featured_media":30861,"comment_status":"open","ping_status":"closed","sticky":false,"template":"","format":"standard","meta":{"_acf_changed":false,"footnotes":""},"categories":[25],"tags":[],"class_list":["post-30860","post","type-post","status-publish","format-standard","has-post-thumbnail","hentry","category-opina-ai"],"acf":[],"yoast_head":"<!-- This site is optimized with the Yoast SEO plugin v27.2 - https:\/\/yoast.com\/product\/yoast-seo-wordpress\/ -->\n<title>Sem-terra, produto de exporta\u00e7\u00e3o do Brasil em defesa do homem - Notibras<\/title>\n<meta name=\"robots\" content=\"index, follow, max-snippet:-1, max-image-preview:large, max-video-preview:-1\" \/>\n<link rel=\"canonical\" href=\"https:\/\/www.notibras.com\/site\/sem-terra-novo-produto-de-exportacao-do-brasil-em-defesa-do-homem\/\" \/>\n<meta property=\"og:locale\" content=\"pt_BR\" \/>\n<meta property=\"og:type\" content=\"article\" \/>\n<meta property=\"og:title\" content=\"Sem-terra, produto de exporta\u00e7\u00e3o do Brasil em defesa do homem - Notibras\" \/>\n<meta property=\"og:description\" content=\"&#8220;La lunga marcia dei senza terra \u2013 dal Brasile al mondo&#8221;(A longa marcha dos sem terra \u2013 do Brasil ao mundo) \u00e9 o t\u00edtulo do livro sobre o MST lan\u00e7ado na It\u00e1lia, em novembro, pela editora EMI, de Bolonha. Assinam a obra Claudia Fanti, Marinella Correggia e Serena Romagnoli. Desde 1984, quando o MST foi [&hellip;]\" \/>\n<meta property=\"og:url\" content=\"https:\/\/www.notibras.com\/site\/sem-terra-novo-produto-de-exportacao-do-brasil-em-defesa-do-homem\/\" \/>\n<meta property=\"og:site_name\" content=\"Notibras\" \/>\n<meta property=\"article:publisher\" content=\"https:\/\/www.facebook.com\/notibras\/\" \/>\n<meta property=\"article:published_time\" content=\"2014-12-11T10:12:47+00:00\" \/>\n<meta property=\"article:modified_time\" content=\"2014-12-11T10:13:23+00:00\" \/>\n<meta property=\"og:image\" content=\"https:\/\/www.notibras.com\/site\/wp-content\/uploads\/2014\/12\/mst.jpg\" \/>\n\t<meta property=\"og:image:width\" content=\"472\" \/>\n\t<meta property=\"og:image:height\" content=\"314\" \/>\n\t<meta property=\"og:image:type\" content=\"image\/jpeg\" \/>\n<meta name=\"author\" content=\"Reda\u00e7\u00e3o\" \/>\n<meta name=\"twitter:card\" content=\"summary_large_image\" \/>\n<meta name=\"twitter:creator\" content=\"@Notibras\" \/>\n<meta name=\"twitter:site\" content=\"@Notibras\" \/>\n<meta name=\"twitter:label1\" content=\"Escrito por\" \/>\n\t<meta name=\"twitter:data1\" content=\"Reda\u00e7\u00e3o\" \/>\n\t<meta name=\"twitter:label2\" content=\"Est. tempo de leitura\" \/>\n\t<meta name=\"twitter:data2\" content=\"4 minutos\" \/>\n<script type=\"application\/ld+json\" class=\"yoast-schema-graph\">{\"@context\":\"https:\/\/schema.org\",\"@graph\":[{\"@type\":\"Article\",\"@id\":\"https:\/\/www.notibras.com\/site\/sem-terra-novo-produto-de-exportacao-do-brasil-em-defesa-do-homem\/#article\",\"isPartOf\":{\"@id\":\"https:\/\/www.notibras.com\/site\/sem-terra-novo-produto-de-exportacao-do-brasil-em-defesa-do-homem\/\"},\"author\":{\"name\":\"Reda\u00e7\u00e3o\",\"@id\":\"https:\/\/www.notibras.com\/site\/#\/schema\/person\/36ab0979449956132d3e5b517ea76ac8\"},\"headline\":\"Sem-terra, produto de exporta\u00e7\u00e3o do Brasil em defesa do homem\",\"datePublished\":\"2014-12-11T10:12:47+00:00\",\"dateModified\":\"2014-12-11T10:13:23+00:00\",\"mainEntityOfPage\":{\"@id\":\"https:\/\/www.notibras.com\/site\/sem-terra-novo-produto-de-exportacao-do-brasil-em-defesa-do-homem\/\"},\"wordCount\":864,\"commentCount\":0,\"publisher\":{\"@id\":\"https:\/\/www.notibras.com\/site\/#organization\"},\"image\":{\"@id\":\"https:\/\/www.notibras.com\/site\/sem-terra-novo-produto-de-exportacao-do-brasil-em-defesa-do-homem\/#primaryimage\"},\"thumbnailUrl\":\"https:\/\/www.notibras.com\/site\/wp-content\/uploads\/2014\/12\/mst.jpg\",\"articleSection\":[\"Opina a\u00ed\"],\"inLanguage\":\"pt-BR\",\"potentialAction\":[{\"@type\":\"CommentAction\",\"name\":\"Comment\",\"target\":[\"https:\/\/www.notibras.com\/site\/sem-terra-novo-produto-de-exportacao-do-brasil-em-defesa-do-homem\/#respond\"]}]},{\"@type\":\"WebPage\",\"@id\":\"https:\/\/www.notibras.com\/site\/sem-terra-novo-produto-de-exportacao-do-brasil-em-defesa-do-homem\/\",\"url\":\"https:\/\/www.notibras.com\/site\/sem-terra-novo-produto-de-exportacao-do-brasil-em-defesa-do-homem\/\",\"name\":\"Sem-terra, produto de exporta\u00e7\u00e3o do Brasil em defesa do homem - Notibras\",\"isPartOf\":{\"@id\":\"https:\/\/www.notibras.com\/site\/#website\"},\"primaryImageOfPage\":{\"@id\":\"https:\/\/www.notibras.com\/site\/sem-terra-novo-produto-de-exportacao-do-brasil-em-defesa-do-homem\/#primaryimage\"},\"image\":{\"@id\":\"https:\/\/www.notibras.com\/site\/sem-terra-novo-produto-de-exportacao-do-brasil-em-defesa-do-homem\/#primaryimage\"},\"thumbnailUrl\":\"https:\/\/www.notibras.com\/site\/wp-content\/uploads\/2014\/12\/mst.jpg\",\"datePublished\":\"2014-12-11T10:12:47+00:00\",\"dateModified\":\"2014-12-11T10:13:23+00:00\",\"breadcrumb\":{\"@id\":\"https:\/\/www.notibras.com\/site\/sem-terra-novo-produto-de-exportacao-do-brasil-em-defesa-do-homem\/#breadcrumb\"},\"inLanguage\":\"pt-BR\",\"potentialAction\":[{\"@type\":\"ReadAction\",\"target\":[\"https:\/\/www.notibras.com\/site\/sem-terra-novo-produto-de-exportacao-do-brasil-em-defesa-do-homem\/\"]}]},{\"@type\":\"ImageObject\",\"inLanguage\":\"pt-BR\",\"@id\":\"https:\/\/www.notibras.com\/site\/sem-terra-novo-produto-de-exportacao-do-brasil-em-defesa-do-homem\/#primaryimage\",\"url\":\"https:\/\/www.notibras.com\/site\/wp-content\/uploads\/2014\/12\/mst.jpg\",\"contentUrl\":\"https:\/\/www.notibras.com\/site\/wp-content\/uploads\/2014\/12\/mst.jpg\",\"width\":472,\"height\":314},{\"@type\":\"BreadcrumbList\",\"@id\":\"https:\/\/www.notibras.com\/site\/sem-terra-novo-produto-de-exportacao-do-brasil-em-defesa-do-homem\/#breadcrumb\",\"itemListElement\":[{\"@type\":\"ListItem\",\"position\":1,\"name\":\"In\u00edcio\",\"item\":\"https:\/\/www.notibras.com\/site\/\"},{\"@type\":\"ListItem\",\"position\":2,\"name\":\"Sem-terra, produto de exporta\u00e7\u00e3o do Brasil em defesa do homem\"}]},{\"@type\":\"WebSite\",\"@id\":\"https:\/\/www.notibras.com\/site\/#website\",\"url\":\"https:\/\/www.notibras.com\/site\/\",\"name\":\"Notibras\",\"description\":\"Not\u00edcias de Bras\u00edlia, do Brasil e do Mundo\",\"publisher\":{\"@id\":\"https:\/\/www.notibras.com\/site\/#organization\"},\"potentialAction\":[{\"@type\":\"SearchAction\",\"target\":{\"@type\":\"EntryPoint\",\"urlTemplate\":\"https:\/\/www.notibras.com\/site\/?s={search_term_string}\"},\"query-input\":{\"@type\":\"PropertyValueSpecification\",\"valueRequired\":true,\"valueName\":\"search_term_string\"}}],\"inLanguage\":\"pt-BR\"},{\"@type\":\"Organization\",\"@id\":\"https:\/\/www.notibras.com\/site\/#organization\",\"name\":\"Grupo Notibras de Comunica\u00e7\u00e3o\",\"url\":\"https:\/\/www.notibras.com\/site\/\",\"logo\":{\"@type\":\"ImageObject\",\"inLanguage\":\"pt-BR\",\"@id\":\"https:\/\/www.notibras.com\/site\/#\/schema\/logo\/image\/\",\"url\":\"https:\/\/www.notibras.com\/site\/wp-content\/uploads\/2023\/01\/notibras23.png\",\"contentUrl\":\"https:\/\/www.notibras.com\/site\/wp-content\/uploads\/2023\/01\/notibras23.png\",\"width\":350,\"height\":87,\"caption\":\"Grupo Notibras de Comunica\u00e7\u00e3o\"},\"image\":{\"@id\":\"https:\/\/www.notibras.com\/site\/#\/schema\/logo\/image\/\"},\"sameAs\":[\"https:\/\/www.facebook.com\/notibras\/\",\"https:\/\/x.com\/Notibras\",\"https:\/\/www.instagram.com\/notibras\/\"]},{\"@type\":\"Person\",\"@id\":\"https:\/\/www.notibras.com\/site\/#\/schema\/person\/36ab0979449956132d3e5b517ea76ac8\",\"name\":\"Reda\u00e7\u00e3o\",\"image\":{\"@type\":\"ImageObject\",\"inLanguage\":\"pt-BR\",\"@id\":\"https:\/\/secure.gravatar.com\/avatar\/e0a867bdedb85fd243eadf09663511f96fc81e0720a4a42581f334ad4303aa6b?s=96&d=mm&r=g\",\"url\":\"https:\/\/secure.gravatar.com\/avatar\/e0a867bdedb85fd243eadf09663511f96fc81e0720a4a42581f334ad4303aa6b?s=96&d=mm&r=g\",\"contentUrl\":\"https:\/\/secure.gravatar.com\/avatar\/e0a867bdedb85fd243eadf09663511f96fc81e0720a4a42581f334ad4303aa6b?s=96&d=mm&r=g\",\"caption\":\"Reda\u00e7\u00e3o\"}}]}<\/script>\n<!-- \/ Yoast SEO plugin. -->","yoast_head_json":{"title":"Sem-terra, produto de exporta\u00e7\u00e3o do Brasil em defesa do homem - Notibras","robots":{"index":"index","follow":"follow","max-snippet":"max-snippet:-1","max-image-preview":"max-image-preview:large","max-video-preview":"max-video-preview:-1"},"canonical":"https:\/\/www.notibras.com\/site\/sem-terra-novo-produto-de-exportacao-do-brasil-em-defesa-do-homem\/","og_locale":"pt_BR","og_type":"article","og_title":"Sem-terra, produto de exporta\u00e7\u00e3o do Brasil em defesa do homem - Notibras","og_description":"&#8220;La lunga marcia dei senza terra \u2013 dal Brasile al mondo&#8221;(A longa marcha dos sem terra \u2013 do Brasil ao mundo) \u00e9 o t\u00edtulo do livro sobre o MST lan\u00e7ado na It\u00e1lia, em novembro, pela editora EMI, de Bolonha. Assinam a obra Claudia Fanti, Marinella Correggia e Serena Romagnoli. Desde 1984, quando o MST foi [&hellip;]","og_url":"https:\/\/www.notibras.com\/site\/sem-terra-novo-produto-de-exportacao-do-brasil-em-defesa-do-homem\/","og_site_name":"Notibras","article_publisher":"https:\/\/www.facebook.com\/notibras\/","article_published_time":"2014-12-11T10:12:47+00:00","article_modified_time":"2014-12-11T10:13:23+00:00","og_image":[{"width":472,"height":314,"url":"https:\/\/www.notibras.com\/site\/wp-content\/uploads\/2014\/12\/mst.jpg","type":"image\/jpeg"}],"author":"Reda\u00e7\u00e3o","twitter_card":"summary_large_image","twitter_creator":"@Notibras","twitter_site":"@Notibras","twitter_misc":{"Escrito por":"Reda\u00e7\u00e3o","Est. tempo de leitura":"4 minutos"},"schema":{"@context":"https:\/\/schema.org","@graph":[{"@type":"Article","@id":"https:\/\/www.notibras.com\/site\/sem-terra-novo-produto-de-exportacao-do-brasil-em-defesa-do-homem\/#article","isPartOf":{"@id":"https:\/\/www.notibras.com\/site\/sem-terra-novo-produto-de-exportacao-do-brasil-em-defesa-do-homem\/"},"author":{"name":"Reda\u00e7\u00e3o","@id":"https:\/\/www.notibras.com\/site\/#\/schema\/person\/36ab0979449956132d3e5b517ea76ac8"},"headline":"Sem-terra, produto de exporta\u00e7\u00e3o do Brasil em defesa do homem","datePublished":"2014-12-11T10:12:47+00:00","dateModified":"2014-12-11T10:13:23+00:00","mainEntityOfPage":{"@id":"https:\/\/www.notibras.com\/site\/sem-terra-novo-produto-de-exportacao-do-brasil-em-defesa-do-homem\/"},"wordCount":864,"commentCount":0,"publisher":{"@id":"https:\/\/www.notibras.com\/site\/#organization"},"image":{"@id":"https:\/\/www.notibras.com\/site\/sem-terra-novo-produto-de-exportacao-do-brasil-em-defesa-do-homem\/#primaryimage"},"thumbnailUrl":"https:\/\/www.notibras.com\/site\/wp-content\/uploads\/2014\/12\/mst.jpg","articleSection":["Opina a\u00ed"],"inLanguage":"pt-BR","potentialAction":[{"@type":"CommentAction","name":"Comment","target":["https:\/\/www.notibras.com\/site\/sem-terra-novo-produto-de-exportacao-do-brasil-em-defesa-do-homem\/#respond"]}]},{"@type":"WebPage","@id":"https:\/\/www.notibras.com\/site\/sem-terra-novo-produto-de-exportacao-do-brasil-em-defesa-do-homem\/","url":"https:\/\/www.notibras.com\/site\/sem-terra-novo-produto-de-exportacao-do-brasil-em-defesa-do-homem\/","name":"Sem-terra, produto de exporta\u00e7\u00e3o do Brasil em defesa do homem - Notibras","isPartOf":{"@id":"https:\/\/www.notibras.com\/site\/#website"},"primaryImageOfPage":{"@id":"https:\/\/www.notibras.com\/site\/sem-terra-novo-produto-de-exportacao-do-brasil-em-defesa-do-homem\/#primaryimage"},"image":{"@id":"https:\/\/www.notibras.com\/site\/sem-terra-novo-produto-de-exportacao-do-brasil-em-defesa-do-homem\/#primaryimage"},"thumbnailUrl":"https:\/\/www.notibras.com\/site\/wp-content\/uploads\/2014\/12\/mst.jpg","datePublished":"2014-12-11T10:12:47+00:00","dateModified":"2014-12-11T10:13:23+00:00","breadcrumb":{"@id":"https:\/\/www.notibras.com\/site\/sem-terra-novo-produto-de-exportacao-do-brasil-em-defesa-do-homem\/#breadcrumb"},"inLanguage":"pt-BR","potentialAction":[{"@type":"ReadAction","target":["https:\/\/www.notibras.com\/site\/sem-terra-novo-produto-de-exportacao-do-brasil-em-defesa-do-homem\/"]}]},{"@type":"ImageObject","inLanguage":"pt-BR","@id":"https:\/\/www.notibras.com\/site\/sem-terra-novo-produto-de-exportacao-do-brasil-em-defesa-do-homem\/#primaryimage","url":"https:\/\/www.notibras.com\/site\/wp-content\/uploads\/2014\/12\/mst.jpg","contentUrl":"https:\/\/www.notibras.com\/site\/wp-content\/uploads\/2014\/12\/mst.jpg","width":472,"height":314},{"@type":"BreadcrumbList","@id":"https:\/\/www.notibras.com\/site\/sem-terra-novo-produto-de-exportacao-do-brasil-em-defesa-do-homem\/#breadcrumb","itemListElement":[{"@type":"ListItem","position":1,"name":"In\u00edcio","item":"https:\/\/www.notibras.com\/site\/"},{"@type":"ListItem","position":2,"name":"Sem-terra, produto de exporta\u00e7\u00e3o do Brasil em defesa do homem"}]},{"@type":"WebSite","@id":"https:\/\/www.notibras.com\/site\/#website","url":"https:\/\/www.notibras.com\/site\/","name":"Notibras","description":"Not\u00edcias de Bras\u00edlia, do Brasil e do Mundo","publisher":{"@id":"https:\/\/www.notibras.com\/site\/#organization"},"potentialAction":[{"@type":"SearchAction","target":{"@type":"EntryPoint","urlTemplate":"https:\/\/www.notibras.com\/site\/?s={search_term_string}"},"query-input":{"@type":"PropertyValueSpecification","valueRequired":true,"valueName":"search_term_string"}}],"inLanguage":"pt-BR"},{"@type":"Organization","@id":"https:\/\/www.notibras.com\/site\/#organization","name":"Grupo Notibras de Comunica\u00e7\u00e3o","url":"https:\/\/www.notibras.com\/site\/","logo":{"@type":"ImageObject","inLanguage":"pt-BR","@id":"https:\/\/www.notibras.com\/site\/#\/schema\/logo\/image\/","url":"https:\/\/www.notibras.com\/site\/wp-content\/uploads\/2023\/01\/notibras23.png","contentUrl":"https:\/\/www.notibras.com\/site\/wp-content\/uploads\/2023\/01\/notibras23.png","width":350,"height":87,"caption":"Grupo Notibras de Comunica\u00e7\u00e3o"},"image":{"@id":"https:\/\/www.notibras.com\/site\/#\/schema\/logo\/image\/"},"sameAs":["https:\/\/www.facebook.com\/notibras\/","https:\/\/x.com\/Notibras","https:\/\/www.instagram.com\/notibras\/"]},{"@type":"Person","@id":"https:\/\/www.notibras.com\/site\/#\/schema\/person\/36ab0979449956132d3e5b517ea76ac8","name":"Reda\u00e7\u00e3o","image":{"@type":"ImageObject","inLanguage":"pt-BR","@id":"https:\/\/secure.gravatar.com\/avatar\/e0a867bdedb85fd243eadf09663511f96fc81e0720a4a42581f334ad4303aa6b?s=96&d=mm&r=g","url":"https:\/\/secure.gravatar.com\/avatar\/e0a867bdedb85fd243eadf09663511f96fc81e0720a4a42581f334ad4303aa6b?s=96&d=mm&r=g","contentUrl":"https:\/\/secure.gravatar.com\/avatar\/e0a867bdedb85fd243eadf09663511f96fc81e0720a4a42581f334ad4303aa6b?s=96&d=mm&r=g","caption":"Reda\u00e7\u00e3o"}}]}},"amp_enabled":true,"_links":{"self":[{"href":"https:\/\/www.notibras.com\/site\/wp-json\/wp\/v2\/posts\/30860","targetHints":{"allow":["GET"]}}],"collection":[{"href":"https:\/\/www.notibras.com\/site\/wp-json\/wp\/v2\/posts"}],"about":[{"href":"https:\/\/www.notibras.com\/site\/wp-json\/wp\/v2\/types\/post"}],"author":[{"embeddable":true,"href":"https:\/\/www.notibras.com\/site\/wp-json\/wp\/v2\/users\/2"}],"replies":[{"embeddable":true,"href":"https:\/\/www.notibras.com\/site\/wp-json\/wp\/v2\/comments?post=30860"}],"version-history":[{"count":0,"href":"https:\/\/www.notibras.com\/site\/wp-json\/wp\/v2\/posts\/30860\/revisions"}],"wp:featuredmedia":[{"embeddable":true,"href":"https:\/\/www.notibras.com\/site\/wp-json\/wp\/v2\/media\/30861"}],"wp:attachment":[{"href":"https:\/\/www.notibras.com\/site\/wp-json\/wp\/v2\/media?parent=30860"}],"wp:term":[{"taxonomy":"category","embeddable":true,"href":"https:\/\/www.notibras.com\/site\/wp-json\/wp\/v2\/categories?post=30860"},{"taxonomy":"post_tag","embeddable":true,"href":"https:\/\/www.notibras.com\/site\/wp-json\/wp\/v2\/tags?post=30860"}],"curies":[{"name":"wp","href":"https:\/\/api.w.org\/{rel}","templated":true}]}}