{"id":308606,"date":"2023-07-12T00:46:51","date_gmt":"2023-07-12T03:46:51","guid":{"rendered":"https:\/\/www.notibras.com\/site\/?p=308606"},"modified":"2023-07-12T08:49:30","modified_gmt":"2023-07-12T11:49:30","slug":"programa-escolas-em-tempo-integral-sera-ampliado","status":"publish","type":"post","link":"https:\/\/www.notibras.com\/site\/programa-escolas-em-tempo-integral-sera-ampliado\/","title":{"rendered":"Programa escolas em tempo integral ser\u00e1 ampliado"},"content":{"rendered":"<p>O plen\u00e1rio do Senado aprovou o projeto de lei (PL) que cria o programa Escola em Tempo Integral. O texto do PL 2.617\/2023 permite \u00e0 Uni\u00e3o financiar a abertura de matr\u00edculas em per\u00edodo integral nas escolas de educa\u00e7\u00e3o b\u00e1sica, por meio de transfer\u00eancias para estados e munic\u00edpios. O programa foi uma iniciativa do governo federal e, agora, vai \u00e0 san\u00e7\u00e3o do presidente Luiz In\u00e1cio Lula da Silva, para entrar em vigor.<\/p>\n<p>Coordenado pelo Minist\u00e9rio da Educa\u00e7\u00e3o (MEC), o programa \u00e9 um mecanismo federal de fomento \u00e0 expans\u00e3o das matr\u00edculas de educa\u00e7\u00e3o b\u00e1sica em tempo integral nas redes estaduais e municipais. A ades\u00e3o ao programa \u00e9 opcional, mas a meta inicial \u00e9 criar 1 milh\u00e3o de novas matr\u00edculas em tempo integral nos pr\u00f3ximos anos.<\/p>\n<p>O governo federal estima que ser\u00e3o disponibilizados cerca de R$ 4 bilh\u00f5es para aumentar a oferta de educa\u00e7\u00e3o em tempo integral, permitindo que estados e munic\u00edpios possam expandir as matr\u00edculas em suas redes. At\u00e9 2026, segundo o MEC, a meta \u00e9 chegar a 3,2 milh\u00f5es de matr\u00edculas.<\/p>\n<p>Pelas regras estabelecidas no projeto, ser\u00e3o consideradas matr\u00edculas em tempo integral aquelas em que o estudante permanece na escola ou em atividades escolares por tempo igual ou superior a 7 horas di\u00e1rias ou a 35 horas semanais em dois turnos. Apenas as matr\u00edculas criadas ou convertidas em tempo integral a partir de 1\u00ba de janeiro de 2023 poder\u00e3o ser contadas para fins de participa\u00e7\u00e3o no programa. O projeto determina que as matr\u00edculas pactuadas no \u00e2mbito do programa sejam registradas no Censo Escolar, que ser\u00e1 uma das principais refer\u00eancias para a presta\u00e7\u00e3o de contas.<\/p>\n<p>Al\u00e9m do fomento, o texto prev\u00ea assist\u00eancia t\u00e9cnica e financeira do governo federal \u00e0s redes de ensino para induzir a cria\u00e7\u00e3o de novas matr\u00edculas em tempo integral, da educa\u00e7\u00e3o infantil ao ensino m\u00e9dio, bem como a convers\u00e3o de matr\u00edculas em tempo parcial para tempo integral.<\/p>\n<p><strong>Viol\u00eancia escolar<\/strong><br \/>\nEm outra delibera\u00e7\u00e3o no plen\u00e1rio, o Senado aprovou nesta ter\u00e7a o projeto da C\u00e2mara dos Deputados que obriga o Poder Executivo a implantar um servi\u00e7o de monitoramento de ocorr\u00eancias de viol\u00eancia escolar. O PL 1.372\/2022 determina que o servi\u00e7o, chamado Sistema Nacional de Acompanhamento e Combate \u00e0 Viol\u00eancia nas Escolas, seja criado pelo Poder Executivo em articula\u00e7\u00e3o com os estados, munic\u00edpios e o Distrito Federal. O texto tamb\u00e9m segue para san\u00e7\u00e3o.<\/p>\n","protected":false},"excerpt":{"rendered":"<p>O plen\u00e1rio do Senado aprovou o projeto de lei (PL) que cria o programa Escola em Tempo Integral. O texto do PL 2.617\/2023 permite \u00e0 Uni\u00e3o financiar a abertura de matr\u00edculas em per\u00edodo integral nas escolas de educa\u00e7\u00e3o b\u00e1sica, por meio de transfer\u00eancias para estados e munic\u00edpios. O programa foi uma iniciativa do governo federal [&hellip;]<\/p>\n","protected":false},"author":2,"featured_media":308607,"comment_status":"closed","ping_status":"closed","sticky":false,"template":"","format":"standard","meta":{"_acf_changed":false,"footnotes":""},"categories":[161],"tags":[],"class_list":["post-308606","post","type-post","status-publish","format-standard","has-post-thumbnail","hentry","category-quadradinho-em-foco"],"acf":[],"yoast_head":"<!-- This site is optimized with the Yoast SEO plugin v27.2 - https:\/\/yoast.com\/product\/yoast-seo-wordpress\/ -->\n<title>Programa escolas em tempo integral ser\u00e1 ampliado - Notibras<\/title>\n<meta name=\"robots\" content=\"index, follow, max-snippet:-1, max-image-preview:large, max-video-preview:-1\" \/>\n<link rel=\"canonical\" href=\"https:\/\/www.notibras.com\/site\/programa-escolas-em-tempo-integral-sera-ampliado\/\" \/>\n<meta property=\"og:locale\" content=\"pt_BR\" \/>\n<meta property=\"og:type\" content=\"article\" \/>\n<meta property=\"og:title\" content=\"Programa escolas em tempo integral ser\u00e1 ampliado - Notibras\" \/>\n<meta property=\"og:description\" content=\"O plen\u00e1rio do Senado aprovou o projeto de lei (PL) que cria o programa Escola em Tempo Integral. O texto do PL 2.617\/2023 permite \u00e0 Uni\u00e3o financiar a abertura de matr\u00edculas em per\u00edodo integral nas escolas de educa\u00e7\u00e3o b\u00e1sica, por meio de transfer\u00eancias para estados e munic\u00edpios. O programa foi uma iniciativa do governo federal [&hellip;]\" \/>\n<meta property=\"og:url\" content=\"https:\/\/www.notibras.com\/site\/programa-escolas-em-tempo-integral-sera-ampliado\/\" \/>\n<meta property=\"og:site_name\" content=\"Notibras\" \/>\n<meta property=\"article:publisher\" content=\"https:\/\/www.facebook.com\/notibras\/\" \/>\n<meta property=\"article:published_time\" content=\"2023-07-12T03:46:51+00:00\" \/>\n<meta property=\"article:modified_time\" content=\"2023-07-12T11:49:30+00:00\" \/>\n<meta property=\"og:image\" content=\"https:\/\/www.notibras.com\/site\/wp-content\/uploads\/2023\/07\/52677899038_20f22f6f36_k.jpg\" \/>\n\t<meta property=\"og:image:width\" content=\"1170\" \/>\n\t<meta property=\"og:image:height\" content=\"700\" \/>\n\t<meta property=\"og:image:type\" content=\"image\/jpeg\" \/>\n<meta name=\"author\" content=\"Reda\u00e7\u00e3o\" \/>\n<meta name=\"twitter:card\" content=\"summary_large_image\" \/>\n<meta name=\"twitter:creator\" content=\"@Notibras\" \/>\n<meta name=\"twitter:site\" content=\"@Notibras\" \/>\n<meta name=\"twitter:label1\" content=\"Escrito por\" \/>\n\t<meta name=\"twitter:data1\" content=\"Reda\u00e7\u00e3o\" \/>\n\t<meta name=\"twitter:label2\" content=\"Est. tempo de leitura\" \/>\n\t<meta name=\"twitter:data2\" content=\"3 minutos\" \/>\n<script type=\"application\/ld+json\" class=\"yoast-schema-graph\">{\"@context\":\"https:\/\/schema.org\",\"@graph\":[{\"@type\":\"Article\",\"@id\":\"https:\/\/www.notibras.com\/site\/programa-escolas-em-tempo-integral-sera-ampliado\/#article\",\"isPartOf\":{\"@id\":\"https:\/\/www.notibras.com\/site\/programa-escolas-em-tempo-integral-sera-ampliado\/\"},\"author\":{\"name\":\"Reda\u00e7\u00e3o\",\"@id\":\"https:\/\/www.notibras.com\/site\/#\/schema\/person\/36ab0979449956132d3e5b517ea76ac8\"},\"headline\":\"Programa escolas em tempo integral ser\u00e1 ampliado\",\"datePublished\":\"2023-07-12T03:46:51+00:00\",\"dateModified\":\"2023-07-12T11:49:30+00:00\",\"mainEntityOfPage\":{\"@id\":\"https:\/\/www.notibras.com\/site\/programa-escolas-em-tempo-integral-sera-ampliado\/\"},\"wordCount\":429,\"publisher\":{\"@id\":\"https:\/\/www.notibras.com\/site\/#organization\"},\"image\":{\"@id\":\"https:\/\/www.notibras.com\/site\/programa-escolas-em-tempo-integral-sera-ampliado\/#primaryimage\"},\"thumbnailUrl\":\"https:\/\/www.notibras.com\/site\/wp-content\/uploads\/2023\/07\/52677899038_20f22f6f36_k.jpg\",\"articleSection\":[\"Quadradinho em Foco\"],\"inLanguage\":\"pt-BR\"},{\"@type\":\"WebPage\",\"@id\":\"https:\/\/www.notibras.com\/site\/programa-escolas-em-tempo-integral-sera-ampliado\/\",\"url\":\"https:\/\/www.notibras.com\/site\/programa-escolas-em-tempo-integral-sera-ampliado\/\",\"name\":\"Programa escolas em tempo integral ser\u00e1 ampliado - Notibras\",\"isPartOf\":{\"@id\":\"https:\/\/www.notibras.com\/site\/#website\"},\"primaryImageOfPage\":{\"@id\":\"https:\/\/www.notibras.com\/site\/programa-escolas-em-tempo-integral-sera-ampliado\/#primaryimage\"},\"image\":{\"@id\":\"https:\/\/www.notibras.com\/site\/programa-escolas-em-tempo-integral-sera-ampliado\/#primaryimage\"},\"thumbnailUrl\":\"https:\/\/www.notibras.com\/site\/wp-content\/uploads\/2023\/07\/52677899038_20f22f6f36_k.jpg\",\"datePublished\":\"2023-07-12T03:46:51+00:00\",\"dateModified\":\"2023-07-12T11:49:30+00:00\",\"breadcrumb\":{\"@id\":\"https:\/\/www.notibras.com\/site\/programa-escolas-em-tempo-integral-sera-ampliado\/#breadcrumb\"},\"inLanguage\":\"pt-BR\",\"potentialAction\":[{\"@type\":\"ReadAction\",\"target\":[\"https:\/\/www.notibras.com\/site\/programa-escolas-em-tempo-integral-sera-ampliado\/\"]}]},{\"@type\":\"ImageObject\",\"inLanguage\":\"pt-BR\",\"@id\":\"https:\/\/www.notibras.com\/site\/programa-escolas-em-tempo-integral-sera-ampliado\/#primaryimage\",\"url\":\"https:\/\/www.notibras.com\/site\/wp-content\/uploads\/2023\/07\/52677899038_20f22f6f36_k.jpg\",\"contentUrl\":\"https:\/\/www.notibras.com\/site\/wp-content\/uploads\/2023\/07\/52677899038_20f22f6f36_k.jpg\",\"width\":1170,\"height\":700},{\"@type\":\"BreadcrumbList\",\"@id\":\"https:\/\/www.notibras.com\/site\/programa-escolas-em-tempo-integral-sera-ampliado\/#breadcrumb\",\"itemListElement\":[{\"@type\":\"ListItem\",\"position\":1,\"name\":\"In\u00edcio\",\"item\":\"https:\/\/www.notibras.com\/site\/\"},{\"@type\":\"ListItem\",\"position\":2,\"name\":\"Programa escolas em tempo integral ser\u00e1 ampliado\"}]},{\"@type\":\"WebSite\",\"@id\":\"https:\/\/www.notibras.com\/site\/#website\",\"url\":\"https:\/\/www.notibras.com\/site\/\",\"name\":\"Notibras\",\"description\":\"Not\u00edcias de Bras\u00edlia, do Brasil e do Mundo\",\"publisher\":{\"@id\":\"https:\/\/www.notibras.com\/site\/#organization\"},\"potentialAction\":[{\"@type\":\"SearchAction\",\"target\":{\"@type\":\"EntryPoint\",\"urlTemplate\":\"https:\/\/www.notibras.com\/site\/?s={search_term_string}\"},\"query-input\":{\"@type\":\"PropertyValueSpecification\",\"valueRequired\":true,\"valueName\":\"search_term_string\"}}],\"inLanguage\":\"pt-BR\"},{\"@type\":\"Organization\",\"@id\":\"https:\/\/www.notibras.com\/site\/#organization\",\"name\":\"Grupo Notibras de Comunica\u00e7\u00e3o\",\"url\":\"https:\/\/www.notibras.com\/site\/\",\"logo\":{\"@type\":\"ImageObject\",\"inLanguage\":\"pt-BR\",\"@id\":\"https:\/\/www.notibras.com\/site\/#\/schema\/logo\/image\/\",\"url\":\"https:\/\/www.notibras.com\/site\/wp-content\/uploads\/2023\/01\/notibras23.png\",\"contentUrl\":\"https:\/\/www.notibras.com\/site\/wp-content\/uploads\/2023\/01\/notibras23.png\",\"width\":350,\"height\":87,\"caption\":\"Grupo Notibras de Comunica\u00e7\u00e3o\"},\"image\":{\"@id\":\"https:\/\/www.notibras.com\/site\/#\/schema\/logo\/image\/\"},\"sameAs\":[\"https:\/\/www.facebook.com\/notibras\/\",\"https:\/\/x.com\/Notibras\",\"https:\/\/www.instagram.com\/notibras\/\"]},{\"@type\":\"Person\",\"@id\":\"https:\/\/www.notibras.com\/site\/#\/schema\/person\/36ab0979449956132d3e5b517ea76ac8\",\"name\":\"Reda\u00e7\u00e3o\",\"image\":{\"@type\":\"ImageObject\",\"inLanguage\":\"pt-BR\",\"@id\":\"https:\/\/secure.gravatar.com\/avatar\/e0a867bdedb85fd243eadf09663511f96fc81e0720a4a42581f334ad4303aa6b?s=96&d=mm&r=g\",\"url\":\"https:\/\/secure.gravatar.com\/avatar\/e0a867bdedb85fd243eadf09663511f96fc81e0720a4a42581f334ad4303aa6b?s=96&d=mm&r=g\",\"contentUrl\":\"https:\/\/secure.gravatar.com\/avatar\/e0a867bdedb85fd243eadf09663511f96fc81e0720a4a42581f334ad4303aa6b?s=96&d=mm&r=g\",\"caption\":\"Reda\u00e7\u00e3o\"}}]}<\/script>\n<!-- \/ Yoast SEO plugin. -->","yoast_head_json":{"title":"Programa escolas em tempo integral ser\u00e1 ampliado - Notibras","robots":{"index":"index","follow":"follow","max-snippet":"max-snippet:-1","max-image-preview":"max-image-preview:large","max-video-preview":"max-video-preview:-1"},"canonical":"https:\/\/www.notibras.com\/site\/programa-escolas-em-tempo-integral-sera-ampliado\/","og_locale":"pt_BR","og_type":"article","og_title":"Programa escolas em tempo integral ser\u00e1 ampliado - Notibras","og_description":"O plen\u00e1rio do Senado aprovou o projeto de lei (PL) que cria o programa Escola em Tempo Integral. O texto do PL 2.617\/2023 permite \u00e0 Uni\u00e3o financiar a abertura de matr\u00edculas em per\u00edodo integral nas escolas de educa\u00e7\u00e3o b\u00e1sica, por meio de transfer\u00eancias para estados e munic\u00edpios. O programa foi uma iniciativa do governo federal [&hellip;]","og_url":"https:\/\/www.notibras.com\/site\/programa-escolas-em-tempo-integral-sera-ampliado\/","og_site_name":"Notibras","article_publisher":"https:\/\/www.facebook.com\/notibras\/","article_published_time":"2023-07-12T03:46:51+00:00","article_modified_time":"2023-07-12T11:49:30+00:00","og_image":[{"width":1170,"height":700,"url":"https:\/\/www.notibras.com\/site\/wp-content\/uploads\/2023\/07\/52677899038_20f22f6f36_k.jpg","type":"image\/jpeg"}],"author":"Reda\u00e7\u00e3o","twitter_card":"summary_large_image","twitter_creator":"@Notibras","twitter_site":"@Notibras","twitter_misc":{"Escrito por":"Reda\u00e7\u00e3o","Est. tempo de leitura":"3 minutos"},"schema":{"@context":"https:\/\/schema.org","@graph":[{"@type":"Article","@id":"https:\/\/www.notibras.com\/site\/programa-escolas-em-tempo-integral-sera-ampliado\/#article","isPartOf":{"@id":"https:\/\/www.notibras.com\/site\/programa-escolas-em-tempo-integral-sera-ampliado\/"},"author":{"name":"Reda\u00e7\u00e3o","@id":"https:\/\/www.notibras.com\/site\/#\/schema\/person\/36ab0979449956132d3e5b517ea76ac8"},"headline":"Programa escolas em tempo integral ser\u00e1 ampliado","datePublished":"2023-07-12T03:46:51+00:00","dateModified":"2023-07-12T11:49:30+00:00","mainEntityOfPage":{"@id":"https:\/\/www.notibras.com\/site\/programa-escolas-em-tempo-integral-sera-ampliado\/"},"wordCount":429,"publisher":{"@id":"https:\/\/www.notibras.com\/site\/#organization"},"image":{"@id":"https:\/\/www.notibras.com\/site\/programa-escolas-em-tempo-integral-sera-ampliado\/#primaryimage"},"thumbnailUrl":"https:\/\/www.notibras.com\/site\/wp-content\/uploads\/2023\/07\/52677899038_20f22f6f36_k.jpg","articleSection":["Quadradinho em Foco"],"inLanguage":"pt-BR"},{"@type":"WebPage","@id":"https:\/\/www.notibras.com\/site\/programa-escolas-em-tempo-integral-sera-ampliado\/","url":"https:\/\/www.notibras.com\/site\/programa-escolas-em-tempo-integral-sera-ampliado\/","name":"Programa escolas em tempo integral ser\u00e1 ampliado - Notibras","isPartOf":{"@id":"https:\/\/www.notibras.com\/site\/#website"},"primaryImageOfPage":{"@id":"https:\/\/www.notibras.com\/site\/programa-escolas-em-tempo-integral-sera-ampliado\/#primaryimage"},"image":{"@id":"https:\/\/www.notibras.com\/site\/programa-escolas-em-tempo-integral-sera-ampliado\/#primaryimage"},"thumbnailUrl":"https:\/\/www.notibras.com\/site\/wp-content\/uploads\/2023\/07\/52677899038_20f22f6f36_k.jpg","datePublished":"2023-07-12T03:46:51+00:00","dateModified":"2023-07-12T11:49:30+00:00","breadcrumb":{"@id":"https:\/\/www.notibras.com\/site\/programa-escolas-em-tempo-integral-sera-ampliado\/#breadcrumb"},"inLanguage":"pt-BR","potentialAction":[{"@type":"ReadAction","target":["https:\/\/www.notibras.com\/site\/programa-escolas-em-tempo-integral-sera-ampliado\/"]}]},{"@type":"ImageObject","inLanguage":"pt-BR","@id":"https:\/\/www.notibras.com\/site\/programa-escolas-em-tempo-integral-sera-ampliado\/#primaryimage","url":"https:\/\/www.notibras.com\/site\/wp-content\/uploads\/2023\/07\/52677899038_20f22f6f36_k.jpg","contentUrl":"https:\/\/www.notibras.com\/site\/wp-content\/uploads\/2023\/07\/52677899038_20f22f6f36_k.jpg","width":1170,"height":700},{"@type":"BreadcrumbList","@id":"https:\/\/www.notibras.com\/site\/programa-escolas-em-tempo-integral-sera-ampliado\/#breadcrumb","itemListElement":[{"@type":"ListItem","position":1,"name":"In\u00edcio","item":"https:\/\/www.notibras.com\/site\/"},{"@type":"ListItem","position":2,"name":"Programa escolas em tempo integral ser\u00e1 ampliado"}]},{"@type":"WebSite","@id":"https:\/\/www.notibras.com\/site\/#website","url":"https:\/\/www.notibras.com\/site\/","name":"Notibras","description":"Not\u00edcias de Bras\u00edlia, do Brasil e do Mundo","publisher":{"@id":"https:\/\/www.notibras.com\/site\/#organization"},"potentialAction":[{"@type":"SearchAction","target":{"@type":"EntryPoint","urlTemplate":"https:\/\/www.notibras.com\/site\/?s={search_term_string}"},"query-input":{"@type":"PropertyValueSpecification","valueRequired":true,"valueName":"search_term_string"}}],"inLanguage":"pt-BR"},{"@type":"Organization","@id":"https:\/\/www.notibras.com\/site\/#organization","name":"Grupo Notibras de Comunica\u00e7\u00e3o","url":"https:\/\/www.notibras.com\/site\/","logo":{"@type":"ImageObject","inLanguage":"pt-BR","@id":"https:\/\/www.notibras.com\/site\/#\/schema\/logo\/image\/","url":"https:\/\/www.notibras.com\/site\/wp-content\/uploads\/2023\/01\/notibras23.png","contentUrl":"https:\/\/www.notibras.com\/site\/wp-content\/uploads\/2023\/01\/notibras23.png","width":350,"height":87,"caption":"Grupo Notibras de Comunica\u00e7\u00e3o"},"image":{"@id":"https:\/\/www.notibras.com\/site\/#\/schema\/logo\/image\/"},"sameAs":["https:\/\/www.facebook.com\/notibras\/","https:\/\/x.com\/Notibras","https:\/\/www.instagram.com\/notibras\/"]},{"@type":"Person","@id":"https:\/\/www.notibras.com\/site\/#\/schema\/person\/36ab0979449956132d3e5b517ea76ac8","name":"Reda\u00e7\u00e3o","image":{"@type":"ImageObject","inLanguage":"pt-BR","@id":"https:\/\/secure.gravatar.com\/avatar\/e0a867bdedb85fd243eadf09663511f96fc81e0720a4a42581f334ad4303aa6b?s=96&d=mm&r=g","url":"https:\/\/secure.gravatar.com\/avatar\/e0a867bdedb85fd243eadf09663511f96fc81e0720a4a42581f334ad4303aa6b?s=96&d=mm&r=g","contentUrl":"https:\/\/secure.gravatar.com\/avatar\/e0a867bdedb85fd243eadf09663511f96fc81e0720a4a42581f334ad4303aa6b?s=96&d=mm&r=g","caption":"Reda\u00e7\u00e3o"}}]}},"amp_enabled":true,"_links":{"self":[{"href":"https:\/\/www.notibras.com\/site\/wp-json\/wp\/v2\/posts\/308606","targetHints":{"allow":["GET"]}}],"collection":[{"href":"https:\/\/www.notibras.com\/site\/wp-json\/wp\/v2\/posts"}],"about":[{"href":"https:\/\/www.notibras.com\/site\/wp-json\/wp\/v2\/types\/post"}],"author":[{"embeddable":true,"href":"https:\/\/www.notibras.com\/site\/wp-json\/wp\/v2\/users\/2"}],"replies":[{"embeddable":true,"href":"https:\/\/www.notibras.com\/site\/wp-json\/wp\/v2\/comments?post=308606"}],"version-history":[{"count":1,"href":"https:\/\/www.notibras.com\/site\/wp-json\/wp\/v2\/posts\/308606\/revisions"}],"predecessor-version":[{"id":308608,"href":"https:\/\/www.notibras.com\/site\/wp-json\/wp\/v2\/posts\/308606\/revisions\/308608"}],"wp:featuredmedia":[{"embeddable":true,"href":"https:\/\/www.notibras.com\/site\/wp-json\/wp\/v2\/media\/308607"}],"wp:attachment":[{"href":"https:\/\/www.notibras.com\/site\/wp-json\/wp\/v2\/media?parent=308606"}],"wp:term":[{"taxonomy":"category","embeddable":true,"href":"https:\/\/www.notibras.com\/site\/wp-json\/wp\/v2\/categories?post=308606"},{"taxonomy":"post_tag","embeddable":true,"href":"https:\/\/www.notibras.com\/site\/wp-json\/wp\/v2\/tags?post=308606"}],"curies":[{"name":"wp","href":"https:\/\/api.w.org\/{rel}","templated":true}]}}