{"id":308612,"date":"2023-07-12T07:03:03","date_gmt":"2023-07-12T10:03:03","guid":{"rendered":"https:\/\/www.notibras.com\/site\/?p=308612"},"modified":"2023-07-12T09:04:46","modified_gmt":"2023-07-12T12:04:46","slug":"lei-define-agosto-como-mes-da-primeira-infancia","status":"publish","type":"post","link":"https:\/\/www.notibras.com\/site\/lei-define-agosto-como-mes-da-primeira-infancia\/","title":{"rendered":"Lei define agosto como M\u00eas da Primeira Inf\u00e2ncia"},"content":{"rendered":"<p>O m\u00eas de agosto passa, a partir de agora, a ser dedicado \u00e0s a\u00e7\u00f5es de conscientiza\u00e7\u00e3o sobre a import\u00e2ncia da aten\u00e7\u00e3o integral \u00e0s gestantes e \u00e0s crian\u00e7as de at\u00e9 6 anos de idade. A Lei n\u00ba14.617, que institui o M\u00eas da Primeira Inf\u00e2ncia, foi sancionada pelo presidente Luiz In\u00e1cio Lula da Silva e publicada no Di\u00e1rio Oficial da Uni\u00e3o nesta ter\u00e7a-feira (11).<\/p>\n<p>Em 2021, o Brasil registrou cerca de 2,6 milh\u00f5es de nascimentos, segundo o IBGE. S\u00e3o crian\u00e7as que se somaram \u00e0s nascidas em anos anteriores e que completam as pouco mais de 20,6 milh\u00f5es que estavam na primeira inf\u00e2ncia naquele ano, segundo o DataSUS.<\/p>\n<p>\u00c9 para essa parcela da popula\u00e7\u00e3o que as a\u00e7\u00f5es no m\u00eas de agosto ser\u00e3o dedicadas, com iniciativas dos poderes Executivo, Legislativo e Judici\u00e1rio, al\u00e9m da sociedade civil organizada. S\u00e3o a\u00e7\u00f5es como oferta de atendimento integral e multiprofissional, promo\u00e7\u00e3o dos v\u00ednculos afetivos, da nutri\u00e7\u00e3o, imuniza\u00e7\u00e3o, direito de brincar e preven\u00e7\u00e3o de acidentes e doen\u00e7as.<\/p>\n<p>A nova lei tamb\u00e9m prev\u00ea um esfor\u00e7o das casas legislativas em votar e priorizar debates sobre mat\u00e9rias voltadas \u00e0s crian\u00e7as na primeira inf\u00e2ncia.<\/p>\n<p>No ano 2000, o economista James Heckman recebeu o Pr\u00eamio Nobel de Economia pelo estudo, que realiza com uma equipe multidisciplinar, sobre o impacto da qualidade do desenvolvimento na primeira inf\u00e2ncia nos resultados econ\u00f4micos, sociais e na sa\u00fade de uma sociedade.<\/p>\n<p>Essa import\u00e2ncia e as especificidades dessa fase da vida tamb\u00e9m dever\u00e3o ter ampla divulga\u00e7\u00e3o em todos os setores da sociedade, em especial nos \u00f3rg\u00e3os p\u00fablicos, meios de comunica\u00e7\u00e3o, setores empres\u00e1rias e acad\u00eamicos, define a nova lei.<\/p>\n","protected":false},"excerpt":{"rendered":"<p>O m\u00eas de agosto passa, a partir de agora, a ser dedicado \u00e0s a\u00e7\u00f5es de conscientiza\u00e7\u00e3o sobre a import\u00e2ncia da aten\u00e7\u00e3o integral \u00e0s gestantes e \u00e0s crian\u00e7as de at\u00e9 6 anos de idade. A Lei n\u00ba14.617, que institui o M\u00eas da Primeira Inf\u00e2ncia, foi sancionada pelo presidente Luiz In\u00e1cio Lula da Silva e publicada no [&hellip;]<\/p>\n","protected":false},"author":2,"featured_media":308613,"comment_status":"closed","ping_status":"closed","sticky":false,"template":"","format":"standard","meta":{"_acf_changed":false,"footnotes":""},"categories":[161],"tags":[],"class_list":["post-308612","post","type-post","status-publish","format-standard","has-post-thumbnail","hentry","category-quadradinho-em-foco"],"acf":[],"yoast_head":"<!-- This site is optimized with the Yoast SEO plugin v27.2 - https:\/\/yoast.com\/product\/yoast-seo-wordpress\/ -->\n<title>Lei define agosto como M\u00eas da Primeira Inf\u00e2ncia - Notibras<\/title>\n<meta name=\"robots\" content=\"index, follow, max-snippet:-1, max-image-preview:large, max-video-preview:-1\" \/>\n<link rel=\"canonical\" href=\"https:\/\/www.notibras.com\/site\/lei-define-agosto-como-mes-da-primeira-infancia\/\" \/>\n<meta property=\"og:locale\" content=\"pt_BR\" \/>\n<meta property=\"og:type\" content=\"article\" \/>\n<meta property=\"og:title\" content=\"Lei define agosto como M\u00eas da Primeira Inf\u00e2ncia - Notibras\" \/>\n<meta property=\"og:description\" content=\"O m\u00eas de agosto passa, a partir de agora, a ser dedicado \u00e0s a\u00e7\u00f5es de conscientiza\u00e7\u00e3o sobre a import\u00e2ncia da aten\u00e7\u00e3o integral \u00e0s gestantes e \u00e0s crian\u00e7as de at\u00e9 6 anos de idade. A Lei n\u00ba14.617, que institui o M\u00eas da Primeira Inf\u00e2ncia, foi sancionada pelo presidente Luiz In\u00e1cio Lula da Silva e publicada no [&hellip;]\" \/>\n<meta property=\"og:url\" content=\"https:\/\/www.notibras.com\/site\/lei-define-agosto-como-mes-da-primeira-infancia\/\" \/>\n<meta property=\"og:site_name\" content=\"Notibras\" \/>\n<meta property=\"article:publisher\" content=\"https:\/\/www.facebook.com\/notibras\/\" \/>\n<meta property=\"article:published_time\" content=\"2023-07-12T10:03:03+00:00\" \/>\n<meta property=\"article:modified_time\" content=\"2023-07-12T12:04:46+00:00\" \/>\n<meta property=\"og:image\" content=\"https:\/\/www.notibras.com\/site\/wp-content\/uploads\/2023\/07\/wdo_4854a.jpg\" \/>\n\t<meta property=\"og:image:width\" content=\"1170\" \/>\n\t<meta property=\"og:image:height\" content=\"700\" \/>\n\t<meta property=\"og:image:type\" content=\"image\/jpeg\" \/>\n<meta name=\"author\" content=\"Reda\u00e7\u00e3o\" \/>\n<meta name=\"twitter:card\" content=\"summary_large_image\" \/>\n<meta name=\"twitter:creator\" content=\"@Notibras\" \/>\n<meta name=\"twitter:site\" content=\"@Notibras\" \/>\n<meta name=\"twitter:label1\" content=\"Escrito por\" \/>\n\t<meta name=\"twitter:data1\" content=\"Reda\u00e7\u00e3o\" \/>\n\t<meta name=\"twitter:label2\" content=\"Est. tempo de leitura\" \/>\n\t<meta name=\"twitter:data2\" content=\"2 minutos\" \/>\n<script type=\"application\/ld+json\" class=\"yoast-schema-graph\">{\"@context\":\"https:\/\/schema.org\",\"@graph\":[{\"@type\":\"Article\",\"@id\":\"https:\/\/www.notibras.com\/site\/lei-define-agosto-como-mes-da-primeira-infancia\/#article\",\"isPartOf\":{\"@id\":\"https:\/\/www.notibras.com\/site\/lei-define-agosto-como-mes-da-primeira-infancia\/\"},\"author\":{\"name\":\"Reda\u00e7\u00e3o\",\"@id\":\"https:\/\/www.notibras.com\/site\/#\/schema\/person\/36ab0979449956132d3e5b517ea76ac8\"},\"headline\":\"Lei define agosto como M\u00eas da Primeira Inf\u00e2ncia\",\"datePublished\":\"2023-07-12T10:03:03+00:00\",\"dateModified\":\"2023-07-12T12:04:46+00:00\",\"mainEntityOfPage\":{\"@id\":\"https:\/\/www.notibras.com\/site\/lei-define-agosto-como-mes-da-primeira-infancia\/\"},\"wordCount\":310,\"publisher\":{\"@id\":\"https:\/\/www.notibras.com\/site\/#organization\"},\"image\":{\"@id\":\"https:\/\/www.notibras.com\/site\/lei-define-agosto-como-mes-da-primeira-infancia\/#primaryimage\"},\"thumbnailUrl\":\"https:\/\/www.notibras.com\/site\/wp-content\/uploads\/2023\/07\/wdo_4854a.jpg\",\"articleSection\":[\"Quadradinho em Foco\"],\"inLanguage\":\"pt-BR\"},{\"@type\":\"WebPage\",\"@id\":\"https:\/\/www.notibras.com\/site\/lei-define-agosto-como-mes-da-primeira-infancia\/\",\"url\":\"https:\/\/www.notibras.com\/site\/lei-define-agosto-como-mes-da-primeira-infancia\/\",\"name\":\"Lei define agosto como M\u00eas da Primeira Inf\u00e2ncia - Notibras\",\"isPartOf\":{\"@id\":\"https:\/\/www.notibras.com\/site\/#website\"},\"primaryImageOfPage\":{\"@id\":\"https:\/\/www.notibras.com\/site\/lei-define-agosto-como-mes-da-primeira-infancia\/#primaryimage\"},\"image\":{\"@id\":\"https:\/\/www.notibras.com\/site\/lei-define-agosto-como-mes-da-primeira-infancia\/#primaryimage\"},\"thumbnailUrl\":\"https:\/\/www.notibras.com\/site\/wp-content\/uploads\/2023\/07\/wdo_4854a.jpg\",\"datePublished\":\"2023-07-12T10:03:03+00:00\",\"dateModified\":\"2023-07-12T12:04:46+00:00\",\"breadcrumb\":{\"@id\":\"https:\/\/www.notibras.com\/site\/lei-define-agosto-como-mes-da-primeira-infancia\/#breadcrumb\"},\"inLanguage\":\"pt-BR\",\"potentialAction\":[{\"@type\":\"ReadAction\",\"target\":[\"https:\/\/www.notibras.com\/site\/lei-define-agosto-como-mes-da-primeira-infancia\/\"]}]},{\"@type\":\"ImageObject\",\"inLanguage\":\"pt-BR\",\"@id\":\"https:\/\/www.notibras.com\/site\/lei-define-agosto-como-mes-da-primeira-infancia\/#primaryimage\",\"url\":\"https:\/\/www.notibras.com\/site\/wp-content\/uploads\/2023\/07\/wdo_4854a.jpg\",\"contentUrl\":\"https:\/\/www.notibras.com\/site\/wp-content\/uploads\/2023\/07\/wdo_4854a.jpg\",\"width\":1170,\"height\":700},{\"@type\":\"BreadcrumbList\",\"@id\":\"https:\/\/www.notibras.com\/site\/lei-define-agosto-como-mes-da-primeira-infancia\/#breadcrumb\",\"itemListElement\":[{\"@type\":\"ListItem\",\"position\":1,\"name\":\"In\u00edcio\",\"item\":\"https:\/\/www.notibras.com\/site\/\"},{\"@type\":\"ListItem\",\"position\":2,\"name\":\"Lei define agosto como M\u00eas da Primeira Inf\u00e2ncia\"}]},{\"@type\":\"WebSite\",\"@id\":\"https:\/\/www.notibras.com\/site\/#website\",\"url\":\"https:\/\/www.notibras.com\/site\/\",\"name\":\"Notibras\",\"description\":\"Not\u00edcias de Bras\u00edlia, do Brasil e do Mundo\",\"publisher\":{\"@id\":\"https:\/\/www.notibras.com\/site\/#organization\"},\"potentialAction\":[{\"@type\":\"SearchAction\",\"target\":{\"@type\":\"EntryPoint\",\"urlTemplate\":\"https:\/\/www.notibras.com\/site\/?s={search_term_string}\"},\"query-input\":{\"@type\":\"PropertyValueSpecification\",\"valueRequired\":true,\"valueName\":\"search_term_string\"}}],\"inLanguage\":\"pt-BR\"},{\"@type\":\"Organization\",\"@id\":\"https:\/\/www.notibras.com\/site\/#organization\",\"name\":\"Grupo Notibras de Comunica\u00e7\u00e3o\",\"url\":\"https:\/\/www.notibras.com\/site\/\",\"logo\":{\"@type\":\"ImageObject\",\"inLanguage\":\"pt-BR\",\"@id\":\"https:\/\/www.notibras.com\/site\/#\/schema\/logo\/image\/\",\"url\":\"https:\/\/www.notibras.com\/site\/wp-content\/uploads\/2023\/01\/notibras23.png\",\"contentUrl\":\"https:\/\/www.notibras.com\/site\/wp-content\/uploads\/2023\/01\/notibras23.png\",\"width\":350,\"height\":87,\"caption\":\"Grupo Notibras de Comunica\u00e7\u00e3o\"},\"image\":{\"@id\":\"https:\/\/www.notibras.com\/site\/#\/schema\/logo\/image\/\"},\"sameAs\":[\"https:\/\/www.facebook.com\/notibras\/\",\"https:\/\/x.com\/Notibras\",\"https:\/\/www.instagram.com\/notibras\/\"]},{\"@type\":\"Person\",\"@id\":\"https:\/\/www.notibras.com\/site\/#\/schema\/person\/36ab0979449956132d3e5b517ea76ac8\",\"name\":\"Reda\u00e7\u00e3o\",\"image\":{\"@type\":\"ImageObject\",\"inLanguage\":\"pt-BR\",\"@id\":\"https:\/\/secure.gravatar.com\/avatar\/e0a867bdedb85fd243eadf09663511f96fc81e0720a4a42581f334ad4303aa6b?s=96&d=mm&r=g\",\"url\":\"https:\/\/secure.gravatar.com\/avatar\/e0a867bdedb85fd243eadf09663511f96fc81e0720a4a42581f334ad4303aa6b?s=96&d=mm&r=g\",\"contentUrl\":\"https:\/\/secure.gravatar.com\/avatar\/e0a867bdedb85fd243eadf09663511f96fc81e0720a4a42581f334ad4303aa6b?s=96&d=mm&r=g\",\"caption\":\"Reda\u00e7\u00e3o\"}}]}<\/script>\n<!-- \/ Yoast SEO plugin. -->","yoast_head_json":{"title":"Lei define agosto como M\u00eas da Primeira Inf\u00e2ncia - Notibras","robots":{"index":"index","follow":"follow","max-snippet":"max-snippet:-1","max-image-preview":"max-image-preview:large","max-video-preview":"max-video-preview:-1"},"canonical":"https:\/\/www.notibras.com\/site\/lei-define-agosto-como-mes-da-primeira-infancia\/","og_locale":"pt_BR","og_type":"article","og_title":"Lei define agosto como M\u00eas da Primeira Inf\u00e2ncia - Notibras","og_description":"O m\u00eas de agosto passa, a partir de agora, a ser dedicado \u00e0s a\u00e7\u00f5es de conscientiza\u00e7\u00e3o sobre a import\u00e2ncia da aten\u00e7\u00e3o integral \u00e0s gestantes e \u00e0s crian\u00e7as de at\u00e9 6 anos de idade. A Lei n\u00ba14.617, que institui o M\u00eas da Primeira Inf\u00e2ncia, foi sancionada pelo presidente Luiz In\u00e1cio Lula da Silva e publicada no [&hellip;]","og_url":"https:\/\/www.notibras.com\/site\/lei-define-agosto-como-mes-da-primeira-infancia\/","og_site_name":"Notibras","article_publisher":"https:\/\/www.facebook.com\/notibras\/","article_published_time":"2023-07-12T10:03:03+00:00","article_modified_time":"2023-07-12T12:04:46+00:00","og_image":[{"width":1170,"height":700,"url":"https:\/\/www.notibras.com\/site\/wp-content\/uploads\/2023\/07\/wdo_4854a.jpg","type":"image\/jpeg"}],"author":"Reda\u00e7\u00e3o","twitter_card":"summary_large_image","twitter_creator":"@Notibras","twitter_site":"@Notibras","twitter_misc":{"Escrito por":"Reda\u00e7\u00e3o","Est. tempo de leitura":"2 minutos"},"schema":{"@context":"https:\/\/schema.org","@graph":[{"@type":"Article","@id":"https:\/\/www.notibras.com\/site\/lei-define-agosto-como-mes-da-primeira-infancia\/#article","isPartOf":{"@id":"https:\/\/www.notibras.com\/site\/lei-define-agosto-como-mes-da-primeira-infancia\/"},"author":{"name":"Reda\u00e7\u00e3o","@id":"https:\/\/www.notibras.com\/site\/#\/schema\/person\/36ab0979449956132d3e5b517ea76ac8"},"headline":"Lei define agosto como M\u00eas da Primeira Inf\u00e2ncia","datePublished":"2023-07-12T10:03:03+00:00","dateModified":"2023-07-12T12:04:46+00:00","mainEntityOfPage":{"@id":"https:\/\/www.notibras.com\/site\/lei-define-agosto-como-mes-da-primeira-infancia\/"},"wordCount":310,"publisher":{"@id":"https:\/\/www.notibras.com\/site\/#organization"},"image":{"@id":"https:\/\/www.notibras.com\/site\/lei-define-agosto-como-mes-da-primeira-infancia\/#primaryimage"},"thumbnailUrl":"https:\/\/www.notibras.com\/site\/wp-content\/uploads\/2023\/07\/wdo_4854a.jpg","articleSection":["Quadradinho em Foco"],"inLanguage":"pt-BR"},{"@type":"WebPage","@id":"https:\/\/www.notibras.com\/site\/lei-define-agosto-como-mes-da-primeira-infancia\/","url":"https:\/\/www.notibras.com\/site\/lei-define-agosto-como-mes-da-primeira-infancia\/","name":"Lei define agosto como M\u00eas da Primeira Inf\u00e2ncia - Notibras","isPartOf":{"@id":"https:\/\/www.notibras.com\/site\/#website"},"primaryImageOfPage":{"@id":"https:\/\/www.notibras.com\/site\/lei-define-agosto-como-mes-da-primeira-infancia\/#primaryimage"},"image":{"@id":"https:\/\/www.notibras.com\/site\/lei-define-agosto-como-mes-da-primeira-infancia\/#primaryimage"},"thumbnailUrl":"https:\/\/www.notibras.com\/site\/wp-content\/uploads\/2023\/07\/wdo_4854a.jpg","datePublished":"2023-07-12T10:03:03+00:00","dateModified":"2023-07-12T12:04:46+00:00","breadcrumb":{"@id":"https:\/\/www.notibras.com\/site\/lei-define-agosto-como-mes-da-primeira-infancia\/#breadcrumb"},"inLanguage":"pt-BR","potentialAction":[{"@type":"ReadAction","target":["https:\/\/www.notibras.com\/site\/lei-define-agosto-como-mes-da-primeira-infancia\/"]}]},{"@type":"ImageObject","inLanguage":"pt-BR","@id":"https:\/\/www.notibras.com\/site\/lei-define-agosto-como-mes-da-primeira-infancia\/#primaryimage","url":"https:\/\/www.notibras.com\/site\/wp-content\/uploads\/2023\/07\/wdo_4854a.jpg","contentUrl":"https:\/\/www.notibras.com\/site\/wp-content\/uploads\/2023\/07\/wdo_4854a.jpg","width":1170,"height":700},{"@type":"BreadcrumbList","@id":"https:\/\/www.notibras.com\/site\/lei-define-agosto-como-mes-da-primeira-infancia\/#breadcrumb","itemListElement":[{"@type":"ListItem","position":1,"name":"In\u00edcio","item":"https:\/\/www.notibras.com\/site\/"},{"@type":"ListItem","position":2,"name":"Lei define agosto como M\u00eas da Primeira Inf\u00e2ncia"}]},{"@type":"WebSite","@id":"https:\/\/www.notibras.com\/site\/#website","url":"https:\/\/www.notibras.com\/site\/","name":"Notibras","description":"Not\u00edcias de Bras\u00edlia, do Brasil e do Mundo","publisher":{"@id":"https:\/\/www.notibras.com\/site\/#organization"},"potentialAction":[{"@type":"SearchAction","target":{"@type":"EntryPoint","urlTemplate":"https:\/\/www.notibras.com\/site\/?s={search_term_string}"},"query-input":{"@type":"PropertyValueSpecification","valueRequired":true,"valueName":"search_term_string"}}],"inLanguage":"pt-BR"},{"@type":"Organization","@id":"https:\/\/www.notibras.com\/site\/#organization","name":"Grupo Notibras de Comunica\u00e7\u00e3o","url":"https:\/\/www.notibras.com\/site\/","logo":{"@type":"ImageObject","inLanguage":"pt-BR","@id":"https:\/\/www.notibras.com\/site\/#\/schema\/logo\/image\/","url":"https:\/\/www.notibras.com\/site\/wp-content\/uploads\/2023\/01\/notibras23.png","contentUrl":"https:\/\/www.notibras.com\/site\/wp-content\/uploads\/2023\/01\/notibras23.png","width":350,"height":87,"caption":"Grupo Notibras de Comunica\u00e7\u00e3o"},"image":{"@id":"https:\/\/www.notibras.com\/site\/#\/schema\/logo\/image\/"},"sameAs":["https:\/\/www.facebook.com\/notibras\/","https:\/\/x.com\/Notibras","https:\/\/www.instagram.com\/notibras\/"]},{"@type":"Person","@id":"https:\/\/www.notibras.com\/site\/#\/schema\/person\/36ab0979449956132d3e5b517ea76ac8","name":"Reda\u00e7\u00e3o","image":{"@type":"ImageObject","inLanguage":"pt-BR","@id":"https:\/\/secure.gravatar.com\/avatar\/e0a867bdedb85fd243eadf09663511f96fc81e0720a4a42581f334ad4303aa6b?s=96&d=mm&r=g","url":"https:\/\/secure.gravatar.com\/avatar\/e0a867bdedb85fd243eadf09663511f96fc81e0720a4a42581f334ad4303aa6b?s=96&d=mm&r=g","contentUrl":"https:\/\/secure.gravatar.com\/avatar\/e0a867bdedb85fd243eadf09663511f96fc81e0720a4a42581f334ad4303aa6b?s=96&d=mm&r=g","caption":"Reda\u00e7\u00e3o"}}]}},"amp_enabled":true,"_links":{"self":[{"href":"https:\/\/www.notibras.com\/site\/wp-json\/wp\/v2\/posts\/308612","targetHints":{"allow":["GET"]}}],"collection":[{"href":"https:\/\/www.notibras.com\/site\/wp-json\/wp\/v2\/posts"}],"about":[{"href":"https:\/\/www.notibras.com\/site\/wp-json\/wp\/v2\/types\/post"}],"author":[{"embeddable":true,"href":"https:\/\/www.notibras.com\/site\/wp-json\/wp\/v2\/users\/2"}],"replies":[{"embeddable":true,"href":"https:\/\/www.notibras.com\/site\/wp-json\/wp\/v2\/comments?post=308612"}],"version-history":[{"count":1,"href":"https:\/\/www.notibras.com\/site\/wp-json\/wp\/v2\/posts\/308612\/revisions"}],"predecessor-version":[{"id":308614,"href":"https:\/\/www.notibras.com\/site\/wp-json\/wp\/v2\/posts\/308612\/revisions\/308614"}],"wp:featuredmedia":[{"embeddable":true,"href":"https:\/\/www.notibras.com\/site\/wp-json\/wp\/v2\/media\/308613"}],"wp:attachment":[{"href":"https:\/\/www.notibras.com\/site\/wp-json\/wp\/v2\/media?parent=308612"}],"wp:term":[{"taxonomy":"category","embeddable":true,"href":"https:\/\/www.notibras.com\/site\/wp-json\/wp\/v2\/categories?post=308612"},{"taxonomy":"post_tag","embeddable":true,"href":"https:\/\/www.notibras.com\/site\/wp-json\/wp\/v2\/tags?post=308612"}],"curies":[{"name":"wp","href":"https:\/\/api.w.org\/{rel}","templated":true}]}}