{"id":308637,"date":"2023-07-12T16:49:19","date_gmt":"2023-07-12T19:49:19","guid":{"rendered":"https:\/\/www.notibras.com\/site\/?p=308637"},"modified":"2023-07-13T07:41:20","modified_gmt":"2023-07-13T10:41:20","slug":"grilagem-e-agronegocio-ameacam-futuro-do-cerrado","status":"publish","type":"post","link":"https:\/\/www.notibras.com\/site\/grilagem-e-agronegocio-ameacam-futuro-do-cerrado\/","title":{"rendered":"Grilagem e agroneg\u00f3cio amea\u00e7am futuro do Cerrado"},"content":{"rendered":"<p>Monitorar a grada\u00e7\u00e3o do desmatamento do Cerrado, bioma que tem perdido \u00e1reas para o cultivo de soja, \u00e9 algo que j\u00e1 vem sendo reportado por especialistas. Explicitar tamb\u00e9m como empresas do agroneg\u00f3cio mant\u00eam rela\u00e7\u00f5es com imobili\u00e1rias, subsidi\u00e1rias e o mercado financeiro para burlar leis e ampliar a margem de lucro, enquanto aumentam a press\u00e3o sobre comunidades tradicionais, \u00e9 algo que ganha relev\u00e2ncia nesse contexto e \u00e9 o que faz relat\u00f3rio divulgado nesta quarta-feira (12), em S\u00e3o Paulo, pela Rede Social de Justi\u00e7a e Direitos Humanos, que tem como recorte o sul do Piau\u00ed.<\/p>\n<p>O documento Empresas transnacionais do agroneg\u00f3cio causam viol\u00eancia, grilagem de terras e destrui\u00e7\u00e3o no Cerrado traz \u00e0 tona casos de fazendas com hist\u00f3rico de emiss\u00e3o de t\u00edtulos falsos de propriedades e da atua\u00e7\u00e3o de redes que p\u00f5em em pr\u00e1tica estrat\u00e9gias para acobertar as irregularidades em torno das terras.<\/p>\n<p>No esquema que envolve o nome da empresa Bunge, outro aspecto que os pesquisadores levantaram \u00e9 que agricultores acabam obtendo cr\u00e9dito a um alto custo, j\u00e1 que, ao adquirir insumos qu\u00edmicos produzidos pela companhia, se endividam e acabam entregando sua produ\u00e7\u00e3o a ela, a fim de quitar d\u00edvidas.<\/p>\n<p><strong>Centro de disputas<\/strong><br \/>\nA Kajubar, no munic\u00edpio de Santa Filomena, \u00e9 uma das fazendas que est\u00e3o no centro de disputas e deveria pertencer a comunidades tradicionais. Em 2021, perdeu uma \u00e1rea de 1,8 mil hectares para o desmatamento, situa\u00e7\u00e3o que cessou nos dois anos seguintes.<\/p>\n<p>Pela legisla\u00e7\u00e3o estadual, fica proibido qualquer tipo de explora\u00e7\u00e3o, empreendimento e licenciamento ambiental enquanto houver sobreposi\u00e7\u00e3o de territ\u00f3rios &#8211; nesse caso, com o das comunidades tradicionais &#8211; e indefini\u00e7\u00e3o sobre quem tem direito a eles. A Ag\u00eancia Brasil procurou a Secretaria de Estado do Meio Ambiente e Recursos H\u00eddricos e n\u00e3o teve retorno.<\/p>\n<p>Conforme explicam os pesquisadores que assinam o relat\u00f3rio, os esquemas que impactam terras como a Kajubar t\u00eam como agentes tanto empresas do agroneg\u00f3cio como imobili\u00e1rias agr\u00edcolas e de comercializa\u00e7\u00e3o (trading companies). O que se faz \u00e9 comprar terras por um pre\u00e7o baixo e vender por um pre\u00e7o muito acima. Paralelamente, as empresas que t\u00eam liga\u00e7\u00e3o fomentam a monocultura de produtos como a soja.<\/p>\n<p>Tamb\u00e9m na cidade de Santa Filomena, outras terras, que somam 124 mil hectares, tiveram o registro bloqueado pela Vara Agr\u00e1ria da Comarca de Bom Jesus, munic\u00edpio vizinho, em virtude dos ind\u00edcios de grilagem e outras ilegalidades. H\u00e1 dois anos, o grupo empresarial que briga pela sua titularidade, violando direitos das comunidades rurais do local, conseguiu, na justi\u00e7a, o desbloqueio, o que aumentou a viol\u00eancia e as amea\u00e7as contra essa popula\u00e7\u00e3o.<\/p>\n<p><strong>Desmatamento<\/strong><br \/>\nEntre as fazendas desse per\u00edmetro est\u00e3o a Santa Alice e a Tup\u00e3. O mesmo processo aconteceu com as fazendas Tag\u00ed, Baix\u00e3o Fechado, Pass\u00e1rgada, Reata, S\u00e3o Manoel, Serra do Ovo, S\u00e3o Paulo, Novas e Fortaleza l, ll e lll. Os n\u00edveis de desmatamento aos quais faz refer\u00eancia o relat\u00f3rio s\u00e3o de monitoramentos da organiza\u00e7\u00e3o AidEnvironment. No documento divulgado, um ponto que mereceu \u00eanfase \u00e9 a facilidade com que se desmata uma \u00e1rea no cerrado, j\u00e1 que se pode faz\u00ea-lo somente com dois tratores e um corrent\u00e3o.<\/p>\n<p>&#8220;O esquema de grilagem funciona atrav\u00e9s do registro em cart\u00f3rio de t\u00edtulos falsos de terras. Geralmente tem in\u00edcio com o registro de um pequeno lote, que serve para justificar a apropria\u00e7\u00e3o de \u00e1reas maiores atrav\u00e9s de tais falsos t\u00edtulos iniciais, envolvendo dezenas ou at\u00e9 centenas de milhares de hectares&#8221;, escrevem os pesquisadores.<\/p>\n<p>&#8220;As \u00e1reas mais cobi\u00e7adas pelo agroneg\u00f3cio s\u00e3o as chapadas do cerrado, com terras planas e altas, onde se expande o monocultivo de soja com possibilidade de produ\u00e7\u00e3o mecanizada. Quando outras empresas compram essas \u00e1reas formadas atrav\u00e9s da grilagem, o processo de queimada e desmatamento anterior esconde a origem da terra&#8221;, acrescentam.<\/p>\n<p>Em entrevista \u00e0 Ag\u00eancia Brasil, um dos autores do relat\u00f3rio, F\u00e1bio Pitta, que acompanha o cen\u00e1rio h\u00e1 uma d\u00e9cada, destacou que o importante \u00e9 evidenciar que o capital financeiro \u00e9 que dita o ritmo da apropria\u00e7\u00e3o indevida de terras. Ele disse, ainda, que o que o relat\u00f3rio ilustra apenas uma parte do que acontece no Matopiba (fronteira do cerrado dos estados do Maranh\u00e3o, Tocantins, Piau\u00ed e Bahia).<\/p>\n<p>&#8220;A gente fala que se est\u00e1 &#8216;esquentando&#8217; aquela terra. E, sem o comprador, n\u00e3o h\u00e1 a efetiva\u00e7\u00e3o da grilagem, porque, sen\u00e3o, o grileiro fica com aquilo na m\u00e3o dele e n\u00e3o tem o que fazer com aquilo&#8221;, afirma Pitta.<\/p>\n<p><strong>Negociatas<\/strong><br \/>\nComo ressalta o pesquisador, as negociatas n\u00e3o seriam vi\u00e1veis se n\u00e3o fosse pela participa\u00e7\u00e3o tamb\u00e9m do poder p\u00fablico. &#8220;A gente v\u00ea diversas caracter\u00edsticas do poder p\u00fablico que fomentam isso. Primeiro, todo o apoio ao agroneg\u00f3cio, ao grande latif\u00fandio, todo o discurso e toda a ideologia do agro que a gente est\u00e1 acostumada a ouvir, que comp\u00f5e um ide\u00e1rio e n\u00e3o permite que isso seja questionado. Isso faz com que as institui\u00e7\u00f5es do Estado agindo, muitas vezes, at\u00e9 independentemente uma da outra, o que \u00e9 um problem\u00e3o nesse sentido, acabem fomentando o agro&#8221;, afirmou, citando como exemplo a falta de articula\u00e7\u00e3o entre quem tem como incumb\u00eancia conceder licenciamento ambiental, o \u00f3rg\u00e3o respons\u00e1vel por emitir parecer antropol\u00f3gico que atesta a presen\u00e7a de uma comunidade tradicional no local e quem fiscaliza.\u201d<\/p>\n<p>&#8220;Ao mesmo tempo, a lentid\u00e3o do Judici\u00e1rio para lidar com terras que, em algum momento, foram reconhecidas como griladas e trouxe um processo contra essas \u00e1reas e esses grileiros. E os processos ficam anos parados. A\u00ed, nesse interim, o processo de grilagem avan\u00e7a, porque ele \u00e9 ilegal, n\u00e3o precisa da legalidade do Estado. O Estado acaba contribuindo para se forjar uma imagem de legalidade&#8221;, acrescenta Pitta.<\/p>\n<p><strong>O outro lado<\/strong><br \/>\nEm nota encaminhada \u00e0 reportagem, a assessoria da Bunge afirma que &#8220;n\u00e3o comenta rela\u00e7\u00f5es comerciais&#8221; e que &#8220;est\u00e1 em conformidade com todas as suas rigorosas pol\u00edticas socioambientais&#8221;.<\/p>\n<p>Segundo a companhia, casos de viola\u00e7\u00f5es de direitos humanos ou outras formas de explora\u00e7\u00e3o n\u00e3o s\u00e3o tolerados.<\/p>\n<p>&#8220;O compromisso da Bunge de estar livre de desmatamento e convers\u00e3o de vegeta\u00e7\u00e3o nativa nas cadeias de valor em 2025 \u00e9 parte central da estrat\u00e9gia e planejamento de neg\u00f3cios da empresa. A Bunge n\u00e3o compra gr\u00e3os de \u00e1reas desmatadas ilegalmente e mant\u00e9m r\u00edgido controle sobre crit\u00e9rios socioambientais em suas opera\u00e7\u00f5es. Utilizamos tecnologia de sat\u00e9lite de ponta para monitorar \u00e1reas priorit\u00e1rias na Am\u00e9rica do Sul \u2013 mais de 16 mil fazendas, cobrindo mais de 20 milh\u00f5es de hectares. Como resultado desses esfor\u00e7os, mais de 97% dos nossos volumes de soja do Brasil s\u00e3o livres de desmatamento e convers\u00e3o. Isso mostra que estamos muito pr\u00f3ximos de alcan\u00e7armos nossa meta de desmatamento zero em 2025&#8221;, diz na mensagem.<\/p>\n<p>&#8220;Nosso monitoramento \u00e9 capaz de identificar mudan\u00e7as no uso da terra e no plantio de soja em cada uma das fazendas de onde originamos e captura toda e qualquer abertura de novas \u00e1reas nas regi\u00f5es monitoradas. A maior parte do nosso fornecimento no Brasil \u00e9 direto, para o qual j\u00e1 alcan\u00e7amos 100% de rastreabilidade e monitoramento, auditados anualmente por terceira parte. No ano passado, anunciamos que superamos nossa meta intermedi\u00e1ria para rastreabilidade da cadeia indireta e j\u00e1 alcan\u00e7amos 82% dos volumes adquiridos em regi\u00f5es-chaves, como o cerrado. Isso est\u00e1 sendo realizado por meio do Programa Parceria Sustent\u00e1vel, iniciativa pioneira que apoia revendas de gr\u00e3os na ado\u00e7\u00e3o de sistemas de verifica\u00e7\u00e3o socioambiental, rastreabilidade e monitoramento, possibilitando que melhorem a visibilidade sobre sua cadeia de fornecimento. O programa contribui de forma definitiva para elevar os padr\u00f5es de sustentabilidade e transpar\u00eancia da cadeia indireta de soja no Brasil, influenciando o setor como um todo e promovendo importantes transforma\u00e7\u00f5es sist\u00eamicas&#8221;, finaliza.<\/p>\n","protected":false},"excerpt":{"rendered":"<p>Monitorar a grada\u00e7\u00e3o do desmatamento do Cerrado, bioma que tem perdido \u00e1reas para o cultivo de soja, \u00e9 algo que j\u00e1 vem sendo reportado por especialistas. Explicitar tamb\u00e9m como empresas do agroneg\u00f3cio mant\u00eam rela\u00e7\u00f5es com imobili\u00e1rias, subsidi\u00e1rias e o mercado financeiro para burlar leis e ampliar a margem de lucro, enquanto aumentam a press\u00e3o sobre [&hellip;]<\/p>\n","protected":false},"author":2,"featured_media":308638,"comment_status":"closed","ping_status":"closed","sticky":false,"template":"","format":"standard","meta":{"_acf_changed":false,"footnotes":""},"categories":[161],"tags":[95],"class_list":["post-308637","post","type-post","status-publish","format-standard","has-post-thumbnail","hentry","category-quadradinho-em-foco","tag-capa"],"acf":[],"yoast_head":"<!-- This site is optimized with the Yoast SEO plugin v27.2 - https:\/\/yoast.com\/product\/yoast-seo-wordpress\/ -->\n<title>Grilagem e agroneg\u00f3cio amea\u00e7am futuro do Cerrado - Notibras<\/title>\n<meta name=\"robots\" content=\"index, follow, max-snippet:-1, max-image-preview:large, max-video-preview:-1\" \/>\n<link rel=\"canonical\" href=\"https:\/\/www.notibras.com\/site\/grilagem-e-agronegocio-ameacam-futuro-do-cerrado\/\" \/>\n<meta property=\"og:locale\" content=\"pt_BR\" \/>\n<meta property=\"og:type\" content=\"article\" \/>\n<meta property=\"og:title\" content=\"Grilagem e agroneg\u00f3cio amea\u00e7am futuro do Cerrado - Notibras\" \/>\n<meta property=\"og:description\" content=\"Monitorar a grada\u00e7\u00e3o do desmatamento do Cerrado, bioma que tem perdido \u00e1reas para o cultivo de soja, \u00e9 algo que j\u00e1 vem sendo reportado por especialistas. Explicitar tamb\u00e9m como empresas do agroneg\u00f3cio mant\u00eam rela\u00e7\u00f5es com imobili\u00e1rias, subsidi\u00e1rias e o mercado financeiro para burlar leis e ampliar a margem de lucro, enquanto aumentam a press\u00e3o sobre [&hellip;]\" \/>\n<meta property=\"og:url\" content=\"https:\/\/www.notibras.com\/site\/grilagem-e-agronegocio-ameacam-futuro-do-cerrado\/\" \/>\n<meta property=\"og:site_name\" content=\"Notibras\" \/>\n<meta property=\"article:publisher\" content=\"https:\/\/www.facebook.com\/notibras\/\" \/>\n<meta property=\"article:published_time\" content=\"2023-07-12T19:49:19+00:00\" \/>\n<meta property=\"article:modified_time\" content=\"2023-07-13T10:41:20+00:00\" \/>\n<meta property=\"og:image\" content=\"https:\/\/www.notibras.com\/site\/wp-content\/uploads\/2023\/07\/50926862498_639e8931b8_o-1.jpg\" \/>\n\t<meta property=\"og:image:width\" content=\"1170\" \/>\n\t<meta property=\"og:image:height\" content=\"700\" \/>\n\t<meta property=\"og:image:type\" content=\"image\/jpeg\" \/>\n<meta name=\"author\" content=\"Reda\u00e7\u00e3o\" \/>\n<meta name=\"twitter:card\" content=\"summary_large_image\" \/>\n<meta name=\"twitter:creator\" content=\"@Notibras\" \/>\n<meta name=\"twitter:site\" content=\"@Notibras\" \/>\n<meta name=\"twitter:label1\" content=\"Escrito por\" \/>\n\t<meta name=\"twitter:data1\" content=\"Reda\u00e7\u00e3o\" \/>\n\t<meta name=\"twitter:label2\" content=\"Est. tempo de leitura\" \/>\n\t<meta name=\"twitter:data2\" content=\"7 minutos\" \/>\n<script type=\"application\/ld+json\" class=\"yoast-schema-graph\">{\"@context\":\"https:\/\/schema.org\",\"@graph\":[{\"@type\":\"Article\",\"@id\":\"https:\/\/www.notibras.com\/site\/grilagem-e-agronegocio-ameacam-futuro-do-cerrado\/#article\",\"isPartOf\":{\"@id\":\"https:\/\/www.notibras.com\/site\/grilagem-e-agronegocio-ameacam-futuro-do-cerrado\/\"},\"author\":{\"name\":\"Reda\u00e7\u00e3o\",\"@id\":\"https:\/\/www.notibras.com\/site\/#\/schema\/person\/36ab0979449956132d3e5b517ea76ac8\"},\"headline\":\"Grilagem e agroneg\u00f3cio amea\u00e7am futuro do Cerrado\",\"datePublished\":\"2023-07-12T19:49:19+00:00\",\"dateModified\":\"2023-07-13T10:41:20+00:00\",\"mainEntityOfPage\":{\"@id\":\"https:\/\/www.notibras.com\/site\/grilagem-e-agronegocio-ameacam-futuro-do-cerrado\/\"},\"wordCount\":1367,\"publisher\":{\"@id\":\"https:\/\/www.notibras.com\/site\/#organization\"},\"image\":{\"@id\":\"https:\/\/www.notibras.com\/site\/grilagem-e-agronegocio-ameacam-futuro-do-cerrado\/#primaryimage\"},\"thumbnailUrl\":\"https:\/\/www.notibras.com\/site\/wp-content\/uploads\/2023\/07\/50926862498_639e8931b8_o-1.jpg\",\"keywords\":[\"capa\"],\"articleSection\":[\"Quadradinho em Foco\"],\"inLanguage\":\"pt-BR\"},{\"@type\":\"WebPage\",\"@id\":\"https:\/\/www.notibras.com\/site\/grilagem-e-agronegocio-ameacam-futuro-do-cerrado\/\",\"url\":\"https:\/\/www.notibras.com\/site\/grilagem-e-agronegocio-ameacam-futuro-do-cerrado\/\",\"name\":\"Grilagem e agroneg\u00f3cio amea\u00e7am futuro do Cerrado - Notibras\",\"isPartOf\":{\"@id\":\"https:\/\/www.notibras.com\/site\/#website\"},\"primaryImageOfPage\":{\"@id\":\"https:\/\/www.notibras.com\/site\/grilagem-e-agronegocio-ameacam-futuro-do-cerrado\/#primaryimage\"},\"image\":{\"@id\":\"https:\/\/www.notibras.com\/site\/grilagem-e-agronegocio-ameacam-futuro-do-cerrado\/#primaryimage\"},\"thumbnailUrl\":\"https:\/\/www.notibras.com\/site\/wp-content\/uploads\/2023\/07\/50926862498_639e8931b8_o-1.jpg\",\"datePublished\":\"2023-07-12T19:49:19+00:00\",\"dateModified\":\"2023-07-13T10:41:20+00:00\",\"breadcrumb\":{\"@id\":\"https:\/\/www.notibras.com\/site\/grilagem-e-agronegocio-ameacam-futuro-do-cerrado\/#breadcrumb\"},\"inLanguage\":\"pt-BR\",\"potentialAction\":[{\"@type\":\"ReadAction\",\"target\":[\"https:\/\/www.notibras.com\/site\/grilagem-e-agronegocio-ameacam-futuro-do-cerrado\/\"]}]},{\"@type\":\"ImageObject\",\"inLanguage\":\"pt-BR\",\"@id\":\"https:\/\/www.notibras.com\/site\/grilagem-e-agronegocio-ameacam-futuro-do-cerrado\/#primaryimage\",\"url\":\"https:\/\/www.notibras.com\/site\/wp-content\/uploads\/2023\/07\/50926862498_639e8931b8_o-1.jpg\",\"contentUrl\":\"https:\/\/www.notibras.com\/site\/wp-content\/uploads\/2023\/07\/50926862498_639e8931b8_o-1.jpg\",\"width\":1170,\"height\":700,\"caption\":\"Colheita de soja. Foto: Wenderson Araujo\/Trilux\"},{\"@type\":\"BreadcrumbList\",\"@id\":\"https:\/\/www.notibras.com\/site\/grilagem-e-agronegocio-ameacam-futuro-do-cerrado\/#breadcrumb\",\"itemListElement\":[{\"@type\":\"ListItem\",\"position\":1,\"name\":\"In\u00edcio\",\"item\":\"https:\/\/www.notibras.com\/site\/\"},{\"@type\":\"ListItem\",\"position\":2,\"name\":\"Grilagem e agroneg\u00f3cio amea\u00e7am futuro do Cerrado\"}]},{\"@type\":\"WebSite\",\"@id\":\"https:\/\/www.notibras.com\/site\/#website\",\"url\":\"https:\/\/www.notibras.com\/site\/\",\"name\":\"Notibras\",\"description\":\"Not\u00edcias de Bras\u00edlia, do Brasil e do Mundo\",\"publisher\":{\"@id\":\"https:\/\/www.notibras.com\/site\/#organization\"},\"potentialAction\":[{\"@type\":\"SearchAction\",\"target\":{\"@type\":\"EntryPoint\",\"urlTemplate\":\"https:\/\/www.notibras.com\/site\/?s={search_term_string}\"},\"query-input\":{\"@type\":\"PropertyValueSpecification\",\"valueRequired\":true,\"valueName\":\"search_term_string\"}}],\"inLanguage\":\"pt-BR\"},{\"@type\":\"Organization\",\"@id\":\"https:\/\/www.notibras.com\/site\/#organization\",\"name\":\"Grupo Notibras de Comunica\u00e7\u00e3o\",\"url\":\"https:\/\/www.notibras.com\/site\/\",\"logo\":{\"@type\":\"ImageObject\",\"inLanguage\":\"pt-BR\",\"@id\":\"https:\/\/www.notibras.com\/site\/#\/schema\/logo\/image\/\",\"url\":\"https:\/\/www.notibras.com\/site\/wp-content\/uploads\/2023\/01\/notibras23.png\",\"contentUrl\":\"https:\/\/www.notibras.com\/site\/wp-content\/uploads\/2023\/01\/notibras23.png\",\"width\":350,\"height\":87,\"caption\":\"Grupo Notibras de Comunica\u00e7\u00e3o\"},\"image\":{\"@id\":\"https:\/\/www.notibras.com\/site\/#\/schema\/logo\/image\/\"},\"sameAs\":[\"https:\/\/www.facebook.com\/notibras\/\",\"https:\/\/x.com\/Notibras\",\"https:\/\/www.instagram.com\/notibras\/\"]},{\"@type\":\"Person\",\"@id\":\"https:\/\/www.notibras.com\/site\/#\/schema\/person\/36ab0979449956132d3e5b517ea76ac8\",\"name\":\"Reda\u00e7\u00e3o\",\"image\":{\"@type\":\"ImageObject\",\"inLanguage\":\"pt-BR\",\"@id\":\"https:\/\/secure.gravatar.com\/avatar\/e0a867bdedb85fd243eadf09663511f96fc81e0720a4a42581f334ad4303aa6b?s=96&d=mm&r=g\",\"url\":\"https:\/\/secure.gravatar.com\/avatar\/e0a867bdedb85fd243eadf09663511f96fc81e0720a4a42581f334ad4303aa6b?s=96&d=mm&r=g\",\"contentUrl\":\"https:\/\/secure.gravatar.com\/avatar\/e0a867bdedb85fd243eadf09663511f96fc81e0720a4a42581f334ad4303aa6b?s=96&d=mm&r=g\",\"caption\":\"Reda\u00e7\u00e3o\"}}]}<\/script>\n<!-- \/ Yoast SEO plugin. -->","yoast_head_json":{"title":"Grilagem e agroneg\u00f3cio amea\u00e7am futuro do Cerrado - Notibras","robots":{"index":"index","follow":"follow","max-snippet":"max-snippet:-1","max-image-preview":"max-image-preview:large","max-video-preview":"max-video-preview:-1"},"canonical":"https:\/\/www.notibras.com\/site\/grilagem-e-agronegocio-ameacam-futuro-do-cerrado\/","og_locale":"pt_BR","og_type":"article","og_title":"Grilagem e agroneg\u00f3cio amea\u00e7am futuro do Cerrado - Notibras","og_description":"Monitorar a grada\u00e7\u00e3o do desmatamento do Cerrado, bioma que tem perdido \u00e1reas para o cultivo de soja, \u00e9 algo que j\u00e1 vem sendo reportado por especialistas. Explicitar tamb\u00e9m como empresas do agroneg\u00f3cio mant\u00eam rela\u00e7\u00f5es com imobili\u00e1rias, subsidi\u00e1rias e o mercado financeiro para burlar leis e ampliar a margem de lucro, enquanto aumentam a press\u00e3o sobre [&hellip;]","og_url":"https:\/\/www.notibras.com\/site\/grilagem-e-agronegocio-ameacam-futuro-do-cerrado\/","og_site_name":"Notibras","article_publisher":"https:\/\/www.facebook.com\/notibras\/","article_published_time":"2023-07-12T19:49:19+00:00","article_modified_time":"2023-07-13T10:41:20+00:00","og_image":[{"width":1170,"height":700,"url":"https:\/\/www.notibras.com\/site\/wp-content\/uploads\/2023\/07\/50926862498_639e8931b8_o-1.jpg","type":"image\/jpeg"}],"author":"Reda\u00e7\u00e3o","twitter_card":"summary_large_image","twitter_creator":"@Notibras","twitter_site":"@Notibras","twitter_misc":{"Escrito por":"Reda\u00e7\u00e3o","Est. tempo de leitura":"7 minutos"},"schema":{"@context":"https:\/\/schema.org","@graph":[{"@type":"Article","@id":"https:\/\/www.notibras.com\/site\/grilagem-e-agronegocio-ameacam-futuro-do-cerrado\/#article","isPartOf":{"@id":"https:\/\/www.notibras.com\/site\/grilagem-e-agronegocio-ameacam-futuro-do-cerrado\/"},"author":{"name":"Reda\u00e7\u00e3o","@id":"https:\/\/www.notibras.com\/site\/#\/schema\/person\/36ab0979449956132d3e5b517ea76ac8"},"headline":"Grilagem e agroneg\u00f3cio amea\u00e7am futuro do Cerrado","datePublished":"2023-07-12T19:49:19+00:00","dateModified":"2023-07-13T10:41:20+00:00","mainEntityOfPage":{"@id":"https:\/\/www.notibras.com\/site\/grilagem-e-agronegocio-ameacam-futuro-do-cerrado\/"},"wordCount":1367,"publisher":{"@id":"https:\/\/www.notibras.com\/site\/#organization"},"image":{"@id":"https:\/\/www.notibras.com\/site\/grilagem-e-agronegocio-ameacam-futuro-do-cerrado\/#primaryimage"},"thumbnailUrl":"https:\/\/www.notibras.com\/site\/wp-content\/uploads\/2023\/07\/50926862498_639e8931b8_o-1.jpg","keywords":["capa"],"articleSection":["Quadradinho em Foco"],"inLanguage":"pt-BR"},{"@type":"WebPage","@id":"https:\/\/www.notibras.com\/site\/grilagem-e-agronegocio-ameacam-futuro-do-cerrado\/","url":"https:\/\/www.notibras.com\/site\/grilagem-e-agronegocio-ameacam-futuro-do-cerrado\/","name":"Grilagem e agroneg\u00f3cio amea\u00e7am futuro do Cerrado - Notibras","isPartOf":{"@id":"https:\/\/www.notibras.com\/site\/#website"},"primaryImageOfPage":{"@id":"https:\/\/www.notibras.com\/site\/grilagem-e-agronegocio-ameacam-futuro-do-cerrado\/#primaryimage"},"image":{"@id":"https:\/\/www.notibras.com\/site\/grilagem-e-agronegocio-ameacam-futuro-do-cerrado\/#primaryimage"},"thumbnailUrl":"https:\/\/www.notibras.com\/site\/wp-content\/uploads\/2023\/07\/50926862498_639e8931b8_o-1.jpg","datePublished":"2023-07-12T19:49:19+00:00","dateModified":"2023-07-13T10:41:20+00:00","breadcrumb":{"@id":"https:\/\/www.notibras.com\/site\/grilagem-e-agronegocio-ameacam-futuro-do-cerrado\/#breadcrumb"},"inLanguage":"pt-BR","potentialAction":[{"@type":"ReadAction","target":["https:\/\/www.notibras.com\/site\/grilagem-e-agronegocio-ameacam-futuro-do-cerrado\/"]}]},{"@type":"ImageObject","inLanguage":"pt-BR","@id":"https:\/\/www.notibras.com\/site\/grilagem-e-agronegocio-ameacam-futuro-do-cerrado\/#primaryimage","url":"https:\/\/www.notibras.com\/site\/wp-content\/uploads\/2023\/07\/50926862498_639e8931b8_o-1.jpg","contentUrl":"https:\/\/www.notibras.com\/site\/wp-content\/uploads\/2023\/07\/50926862498_639e8931b8_o-1.jpg","width":1170,"height":700,"caption":"Colheita de soja. Foto: Wenderson Araujo\/Trilux"},{"@type":"BreadcrumbList","@id":"https:\/\/www.notibras.com\/site\/grilagem-e-agronegocio-ameacam-futuro-do-cerrado\/#breadcrumb","itemListElement":[{"@type":"ListItem","position":1,"name":"In\u00edcio","item":"https:\/\/www.notibras.com\/site\/"},{"@type":"ListItem","position":2,"name":"Grilagem e agroneg\u00f3cio amea\u00e7am futuro do Cerrado"}]},{"@type":"WebSite","@id":"https:\/\/www.notibras.com\/site\/#website","url":"https:\/\/www.notibras.com\/site\/","name":"Notibras","description":"Not\u00edcias de Bras\u00edlia, do Brasil e do Mundo","publisher":{"@id":"https:\/\/www.notibras.com\/site\/#organization"},"potentialAction":[{"@type":"SearchAction","target":{"@type":"EntryPoint","urlTemplate":"https:\/\/www.notibras.com\/site\/?s={search_term_string}"},"query-input":{"@type":"PropertyValueSpecification","valueRequired":true,"valueName":"search_term_string"}}],"inLanguage":"pt-BR"},{"@type":"Organization","@id":"https:\/\/www.notibras.com\/site\/#organization","name":"Grupo Notibras de Comunica\u00e7\u00e3o","url":"https:\/\/www.notibras.com\/site\/","logo":{"@type":"ImageObject","inLanguage":"pt-BR","@id":"https:\/\/www.notibras.com\/site\/#\/schema\/logo\/image\/","url":"https:\/\/www.notibras.com\/site\/wp-content\/uploads\/2023\/01\/notibras23.png","contentUrl":"https:\/\/www.notibras.com\/site\/wp-content\/uploads\/2023\/01\/notibras23.png","width":350,"height":87,"caption":"Grupo Notibras de Comunica\u00e7\u00e3o"},"image":{"@id":"https:\/\/www.notibras.com\/site\/#\/schema\/logo\/image\/"},"sameAs":["https:\/\/www.facebook.com\/notibras\/","https:\/\/x.com\/Notibras","https:\/\/www.instagram.com\/notibras\/"]},{"@type":"Person","@id":"https:\/\/www.notibras.com\/site\/#\/schema\/person\/36ab0979449956132d3e5b517ea76ac8","name":"Reda\u00e7\u00e3o","image":{"@type":"ImageObject","inLanguage":"pt-BR","@id":"https:\/\/secure.gravatar.com\/avatar\/e0a867bdedb85fd243eadf09663511f96fc81e0720a4a42581f334ad4303aa6b?s=96&d=mm&r=g","url":"https:\/\/secure.gravatar.com\/avatar\/e0a867bdedb85fd243eadf09663511f96fc81e0720a4a42581f334ad4303aa6b?s=96&d=mm&r=g","contentUrl":"https:\/\/secure.gravatar.com\/avatar\/e0a867bdedb85fd243eadf09663511f96fc81e0720a4a42581f334ad4303aa6b?s=96&d=mm&r=g","caption":"Reda\u00e7\u00e3o"}}]}},"amp_enabled":true,"_links":{"self":[{"href":"https:\/\/www.notibras.com\/site\/wp-json\/wp\/v2\/posts\/308637","targetHints":{"allow":["GET"]}}],"collection":[{"href":"https:\/\/www.notibras.com\/site\/wp-json\/wp\/v2\/posts"}],"about":[{"href":"https:\/\/www.notibras.com\/site\/wp-json\/wp\/v2\/types\/post"}],"author":[{"embeddable":true,"href":"https:\/\/www.notibras.com\/site\/wp-json\/wp\/v2\/users\/2"}],"replies":[{"embeddable":true,"href":"https:\/\/www.notibras.com\/site\/wp-json\/wp\/v2\/comments?post=308637"}],"version-history":[{"count":4,"href":"https:\/\/www.notibras.com\/site\/wp-json\/wp\/v2\/posts\/308637\/revisions"}],"predecessor-version":[{"id":308642,"href":"https:\/\/www.notibras.com\/site\/wp-json\/wp\/v2\/posts\/308637\/revisions\/308642"}],"wp:featuredmedia":[{"embeddable":true,"href":"https:\/\/www.notibras.com\/site\/wp-json\/wp\/v2\/media\/308638"}],"wp:attachment":[{"href":"https:\/\/www.notibras.com\/site\/wp-json\/wp\/v2\/media?parent=308637"}],"wp:term":[{"taxonomy":"category","embeddable":true,"href":"https:\/\/www.notibras.com\/site\/wp-json\/wp\/v2\/categories?post=308637"},{"taxonomy":"post_tag","embeddable":true,"href":"https:\/\/www.notibras.com\/site\/wp-json\/wp\/v2\/tags?post=308637"}],"curies":[{"name":"wp","href":"https:\/\/api.w.org\/{rel}","templated":true}]}}