{"id":308662,"date":"2023-07-12T21:01:15","date_gmt":"2023-07-13T00:01:15","guid":{"rendered":"https:\/\/www.notibras.com\/site\/?p=308662"},"modified":"2023-07-12T21:01:15","modified_gmt":"2023-07-13T00:01:15","slug":"mpb-xote-e-baiao-vao-animar-almoco-musical","status":"publish","type":"post","link":"https:\/\/www.notibras.com\/site\/mpb-xote-e-baiao-vao-animar-almoco-musical\/","title":{"rendered":"MPB, xote e bai\u00e3o v\u00e3o animar almo\u00e7o musical"},"content":{"rendered":"<p>Can\u00e7\u00f5es de trio el\u00e9trico tocadas em um formato leve e simples, como em um luau com voz e viol\u00e3o. Ser\u00e1 assim a apresenta\u00e7\u00e3o de Eliza Borges e Marcelo Lima, no pr\u00f3ximo final de semana, na pra\u00e7a central do Terra\u00e7o Shopping, durante o projeto S\u00e1bado Cultural, dia 15, \u00e0s 19h30. O show ter\u00e1 um repert\u00f3rio nost\u00e1lgico dos anos 80, 90 e 2000.<\/p>\n<p>J\u00e1 no domingo (16), o artista baiano Felippe Rodrigues levar\u00e1 para o p\u00fablico a ess\u00eancia da boa m\u00fasica nordestina, misturando xote, bai\u00e3o, arrasta p\u00e9 e xaxado, com composi\u00e7\u00f5es de Luiz Gonzaga, Dominguinhos, Z\u00e9 Ramalho, Waldonis, Santana, Elba Ramalho, Alcimar Monteiro dentre outros.<\/p>\n<p><strong>Servi\u00e7o<\/strong><br \/>\nS\u00e1bados Culturais, sempre \u00e0s 19h30<br \/>\n15\/07 &#8211; Eliza Borges e Marcelo Lima<br \/>\nAlmo\u00e7o Musical (domingo), sempre \u00e0s 13h<br \/>\n16\/7 &#8211; Felippe Rodrigues<br \/>\nPra\u00e7a Central Terra\u00e7o Shopping &#8211; Entrada gratuita<\/p>\n","protected":false},"excerpt":{"rendered":"<p>Can\u00e7\u00f5es de trio el\u00e9trico tocadas em um formato leve e simples, como em um luau com voz e viol\u00e3o. Ser\u00e1 assim a apresenta\u00e7\u00e3o de Eliza Borges e Marcelo Lima, no pr\u00f3ximo final de semana, na pra\u00e7a central do Terra\u00e7o Shopping, durante o projeto S\u00e1bado Cultural, dia 15, \u00e0s 19h30. O show ter\u00e1 um repert\u00f3rio nost\u00e1lgico [&hellip;]<\/p>\n","protected":false},"author":2,"featured_media":308663,"comment_status":"closed","ping_status":"closed","sticky":false,"template":"","format":"standard","meta":{"_acf_changed":false,"footnotes":""},"categories":[161],"tags":[],"class_list":["post-308662","post","type-post","status-publish","format-standard","has-post-thumbnail","hentry","category-quadradinho-em-foco"],"acf":[],"yoast_head":"<!-- This site is optimized with the Yoast SEO plugin v27.2 - https:\/\/yoast.com\/product\/yoast-seo-wordpress\/ -->\n<title>MPB, xote e bai\u00e3o v\u00e3o animar almo\u00e7o musical - Notibras<\/title>\n<meta name=\"robots\" content=\"index, follow, max-snippet:-1, max-image-preview:large, max-video-preview:-1\" \/>\n<link rel=\"canonical\" href=\"https:\/\/www.notibras.com\/site\/mpb-xote-e-baiao-vao-animar-almoco-musical\/\" \/>\n<meta property=\"og:locale\" content=\"pt_BR\" \/>\n<meta property=\"og:type\" content=\"article\" \/>\n<meta property=\"og:title\" content=\"MPB, xote e bai\u00e3o v\u00e3o animar almo\u00e7o musical - Notibras\" \/>\n<meta property=\"og:description\" content=\"Can\u00e7\u00f5es de trio el\u00e9trico tocadas em um formato leve e simples, como em um luau com voz e viol\u00e3o. Ser\u00e1 assim a apresenta\u00e7\u00e3o de Eliza Borges e Marcelo Lima, no pr\u00f3ximo final de semana, na pra\u00e7a central do Terra\u00e7o Shopping, durante o projeto S\u00e1bado Cultural, dia 15, \u00e0s 19h30. O show ter\u00e1 um repert\u00f3rio nost\u00e1lgico [&hellip;]\" \/>\n<meta property=\"og:url\" content=\"https:\/\/www.notibras.com\/site\/mpb-xote-e-baiao-vao-animar-almoco-musical\/\" \/>\n<meta property=\"og:site_name\" content=\"Notibras\" \/>\n<meta property=\"article:publisher\" content=\"https:\/\/www.facebook.com\/notibras\/\" \/>\n<meta property=\"article:published_time\" content=\"2023-07-13T00:01:15+00:00\" \/>\n<meta property=\"og:image\" content=\"https:\/\/www.notibras.com\/site\/wp-content\/uploads\/2023\/07\/eliza.webp\" \/>\n\t<meta property=\"og:image:width\" content=\"1280\" \/>\n\t<meta property=\"og:image:height\" content=\"853\" \/>\n\t<meta property=\"og:image:type\" content=\"image\/webp\" \/>\n<meta name=\"author\" content=\"Reda\u00e7\u00e3o\" \/>\n<meta name=\"twitter:card\" content=\"summary_large_image\" \/>\n<meta name=\"twitter:creator\" content=\"@Notibras\" \/>\n<meta name=\"twitter:site\" content=\"@Notibras\" \/>\n<meta name=\"twitter:label1\" content=\"Escrito por\" \/>\n\t<meta name=\"twitter:data1\" content=\"Reda\u00e7\u00e3o\" \/>\n\t<meta name=\"twitter:label2\" content=\"Est. tempo de leitura\" \/>\n\t<meta name=\"twitter:data2\" content=\"1 minuto\" \/>\n<script type=\"application\/ld+json\" class=\"yoast-schema-graph\">{\"@context\":\"https:\/\/schema.org\",\"@graph\":[{\"@type\":\"Article\",\"@id\":\"https:\/\/www.notibras.com\/site\/mpb-xote-e-baiao-vao-animar-almoco-musical\/#article\",\"isPartOf\":{\"@id\":\"https:\/\/www.notibras.com\/site\/mpb-xote-e-baiao-vao-animar-almoco-musical\/\"},\"author\":{\"name\":\"Reda\u00e7\u00e3o\",\"@id\":\"https:\/\/www.notibras.com\/site\/#\/schema\/person\/36ab0979449956132d3e5b517ea76ac8\"},\"headline\":\"MPB, xote e bai\u00e3o v\u00e3o animar almo\u00e7o musical\",\"datePublished\":\"2023-07-13T00:01:15+00:00\",\"mainEntityOfPage\":{\"@id\":\"https:\/\/www.notibras.com\/site\/mpb-xote-e-baiao-vao-animar-almoco-musical\/\"},\"wordCount\":157,\"publisher\":{\"@id\":\"https:\/\/www.notibras.com\/site\/#organization\"},\"image\":{\"@id\":\"https:\/\/www.notibras.com\/site\/mpb-xote-e-baiao-vao-animar-almoco-musical\/#primaryimage\"},\"thumbnailUrl\":\"https:\/\/www.notibras.com\/site\/wp-content\/uploads\/2023\/07\/eliza.webp\",\"articleSection\":[\"Quadradinho em Foco\"],\"inLanguage\":\"pt-BR\"},{\"@type\":\"WebPage\",\"@id\":\"https:\/\/www.notibras.com\/site\/mpb-xote-e-baiao-vao-animar-almoco-musical\/\",\"url\":\"https:\/\/www.notibras.com\/site\/mpb-xote-e-baiao-vao-animar-almoco-musical\/\",\"name\":\"MPB, xote e bai\u00e3o v\u00e3o animar almo\u00e7o musical - Notibras\",\"isPartOf\":{\"@id\":\"https:\/\/www.notibras.com\/site\/#website\"},\"primaryImageOfPage\":{\"@id\":\"https:\/\/www.notibras.com\/site\/mpb-xote-e-baiao-vao-animar-almoco-musical\/#primaryimage\"},\"image\":{\"@id\":\"https:\/\/www.notibras.com\/site\/mpb-xote-e-baiao-vao-animar-almoco-musical\/#primaryimage\"},\"thumbnailUrl\":\"https:\/\/www.notibras.com\/site\/wp-content\/uploads\/2023\/07\/eliza.webp\",\"datePublished\":\"2023-07-13T00:01:15+00:00\",\"breadcrumb\":{\"@id\":\"https:\/\/www.notibras.com\/site\/mpb-xote-e-baiao-vao-animar-almoco-musical\/#breadcrumb\"},\"inLanguage\":\"pt-BR\",\"potentialAction\":[{\"@type\":\"ReadAction\",\"target\":[\"https:\/\/www.notibras.com\/site\/mpb-xote-e-baiao-vao-animar-almoco-musical\/\"]}]},{\"@type\":\"ImageObject\",\"inLanguage\":\"pt-BR\",\"@id\":\"https:\/\/www.notibras.com\/site\/mpb-xote-e-baiao-vao-animar-almoco-musical\/#primaryimage\",\"url\":\"https:\/\/www.notibras.com\/site\/wp-content\/uploads\/2023\/07\/eliza.webp\",\"contentUrl\":\"https:\/\/www.notibras.com\/site\/wp-content\/uploads\/2023\/07\/eliza.webp\",\"width\":1280,\"height\":853},{\"@type\":\"BreadcrumbList\",\"@id\":\"https:\/\/www.notibras.com\/site\/mpb-xote-e-baiao-vao-animar-almoco-musical\/#breadcrumb\",\"itemListElement\":[{\"@type\":\"ListItem\",\"position\":1,\"name\":\"In\u00edcio\",\"item\":\"https:\/\/www.notibras.com\/site\/\"},{\"@type\":\"ListItem\",\"position\":2,\"name\":\"MPB, xote e bai\u00e3o v\u00e3o animar almo\u00e7o musical\"}]},{\"@type\":\"WebSite\",\"@id\":\"https:\/\/www.notibras.com\/site\/#website\",\"url\":\"https:\/\/www.notibras.com\/site\/\",\"name\":\"Notibras\",\"description\":\"Not\u00edcias de Bras\u00edlia, do Brasil e do Mundo\",\"publisher\":{\"@id\":\"https:\/\/www.notibras.com\/site\/#organization\"},\"potentialAction\":[{\"@type\":\"SearchAction\",\"target\":{\"@type\":\"EntryPoint\",\"urlTemplate\":\"https:\/\/www.notibras.com\/site\/?s={search_term_string}\"},\"query-input\":{\"@type\":\"PropertyValueSpecification\",\"valueRequired\":true,\"valueName\":\"search_term_string\"}}],\"inLanguage\":\"pt-BR\"},{\"@type\":\"Organization\",\"@id\":\"https:\/\/www.notibras.com\/site\/#organization\",\"name\":\"Grupo Notibras de Comunica\u00e7\u00e3o\",\"url\":\"https:\/\/www.notibras.com\/site\/\",\"logo\":{\"@type\":\"ImageObject\",\"inLanguage\":\"pt-BR\",\"@id\":\"https:\/\/www.notibras.com\/site\/#\/schema\/logo\/image\/\",\"url\":\"https:\/\/www.notibras.com\/site\/wp-content\/uploads\/2023\/01\/notibras23.png\",\"contentUrl\":\"https:\/\/www.notibras.com\/site\/wp-content\/uploads\/2023\/01\/notibras23.png\",\"width\":350,\"height\":87,\"caption\":\"Grupo Notibras de Comunica\u00e7\u00e3o\"},\"image\":{\"@id\":\"https:\/\/www.notibras.com\/site\/#\/schema\/logo\/image\/\"},\"sameAs\":[\"https:\/\/www.facebook.com\/notibras\/\",\"https:\/\/x.com\/Notibras\",\"https:\/\/www.instagram.com\/notibras\/\"]},{\"@type\":\"Person\",\"@id\":\"https:\/\/www.notibras.com\/site\/#\/schema\/person\/36ab0979449956132d3e5b517ea76ac8\",\"name\":\"Reda\u00e7\u00e3o\",\"image\":{\"@type\":\"ImageObject\",\"inLanguage\":\"pt-BR\",\"@id\":\"https:\/\/secure.gravatar.com\/avatar\/e0a867bdedb85fd243eadf09663511f96fc81e0720a4a42581f334ad4303aa6b?s=96&d=mm&r=g\",\"url\":\"https:\/\/secure.gravatar.com\/avatar\/e0a867bdedb85fd243eadf09663511f96fc81e0720a4a42581f334ad4303aa6b?s=96&d=mm&r=g\",\"contentUrl\":\"https:\/\/secure.gravatar.com\/avatar\/e0a867bdedb85fd243eadf09663511f96fc81e0720a4a42581f334ad4303aa6b?s=96&d=mm&r=g\",\"caption\":\"Reda\u00e7\u00e3o\"}}]}<\/script>\n<!-- \/ Yoast SEO plugin. -->","yoast_head_json":{"title":"MPB, xote e bai\u00e3o v\u00e3o animar almo\u00e7o musical - Notibras","robots":{"index":"index","follow":"follow","max-snippet":"max-snippet:-1","max-image-preview":"max-image-preview:large","max-video-preview":"max-video-preview:-1"},"canonical":"https:\/\/www.notibras.com\/site\/mpb-xote-e-baiao-vao-animar-almoco-musical\/","og_locale":"pt_BR","og_type":"article","og_title":"MPB, xote e bai\u00e3o v\u00e3o animar almo\u00e7o musical - Notibras","og_description":"Can\u00e7\u00f5es de trio el\u00e9trico tocadas em um formato leve e simples, como em um luau com voz e viol\u00e3o. Ser\u00e1 assim a apresenta\u00e7\u00e3o de Eliza Borges e Marcelo Lima, no pr\u00f3ximo final de semana, na pra\u00e7a central do Terra\u00e7o Shopping, durante o projeto S\u00e1bado Cultural, dia 15, \u00e0s 19h30. O show ter\u00e1 um repert\u00f3rio nost\u00e1lgico [&hellip;]","og_url":"https:\/\/www.notibras.com\/site\/mpb-xote-e-baiao-vao-animar-almoco-musical\/","og_site_name":"Notibras","article_publisher":"https:\/\/www.facebook.com\/notibras\/","article_published_time":"2023-07-13T00:01:15+00:00","og_image":[{"width":1280,"height":853,"url":"https:\/\/www.notibras.com\/site\/wp-content\/uploads\/2023\/07\/eliza.webp","type":"image\/webp"}],"author":"Reda\u00e7\u00e3o","twitter_card":"summary_large_image","twitter_creator":"@Notibras","twitter_site":"@Notibras","twitter_misc":{"Escrito por":"Reda\u00e7\u00e3o","Est. tempo de leitura":"1 minuto"},"schema":{"@context":"https:\/\/schema.org","@graph":[{"@type":"Article","@id":"https:\/\/www.notibras.com\/site\/mpb-xote-e-baiao-vao-animar-almoco-musical\/#article","isPartOf":{"@id":"https:\/\/www.notibras.com\/site\/mpb-xote-e-baiao-vao-animar-almoco-musical\/"},"author":{"name":"Reda\u00e7\u00e3o","@id":"https:\/\/www.notibras.com\/site\/#\/schema\/person\/36ab0979449956132d3e5b517ea76ac8"},"headline":"MPB, xote e bai\u00e3o v\u00e3o animar almo\u00e7o musical","datePublished":"2023-07-13T00:01:15+00:00","mainEntityOfPage":{"@id":"https:\/\/www.notibras.com\/site\/mpb-xote-e-baiao-vao-animar-almoco-musical\/"},"wordCount":157,"publisher":{"@id":"https:\/\/www.notibras.com\/site\/#organization"},"image":{"@id":"https:\/\/www.notibras.com\/site\/mpb-xote-e-baiao-vao-animar-almoco-musical\/#primaryimage"},"thumbnailUrl":"https:\/\/www.notibras.com\/site\/wp-content\/uploads\/2023\/07\/eliza.webp","articleSection":["Quadradinho em Foco"],"inLanguage":"pt-BR"},{"@type":"WebPage","@id":"https:\/\/www.notibras.com\/site\/mpb-xote-e-baiao-vao-animar-almoco-musical\/","url":"https:\/\/www.notibras.com\/site\/mpb-xote-e-baiao-vao-animar-almoco-musical\/","name":"MPB, xote e bai\u00e3o v\u00e3o animar almo\u00e7o musical - Notibras","isPartOf":{"@id":"https:\/\/www.notibras.com\/site\/#website"},"primaryImageOfPage":{"@id":"https:\/\/www.notibras.com\/site\/mpb-xote-e-baiao-vao-animar-almoco-musical\/#primaryimage"},"image":{"@id":"https:\/\/www.notibras.com\/site\/mpb-xote-e-baiao-vao-animar-almoco-musical\/#primaryimage"},"thumbnailUrl":"https:\/\/www.notibras.com\/site\/wp-content\/uploads\/2023\/07\/eliza.webp","datePublished":"2023-07-13T00:01:15+00:00","breadcrumb":{"@id":"https:\/\/www.notibras.com\/site\/mpb-xote-e-baiao-vao-animar-almoco-musical\/#breadcrumb"},"inLanguage":"pt-BR","potentialAction":[{"@type":"ReadAction","target":["https:\/\/www.notibras.com\/site\/mpb-xote-e-baiao-vao-animar-almoco-musical\/"]}]},{"@type":"ImageObject","inLanguage":"pt-BR","@id":"https:\/\/www.notibras.com\/site\/mpb-xote-e-baiao-vao-animar-almoco-musical\/#primaryimage","url":"https:\/\/www.notibras.com\/site\/wp-content\/uploads\/2023\/07\/eliza.webp","contentUrl":"https:\/\/www.notibras.com\/site\/wp-content\/uploads\/2023\/07\/eliza.webp","width":1280,"height":853},{"@type":"BreadcrumbList","@id":"https:\/\/www.notibras.com\/site\/mpb-xote-e-baiao-vao-animar-almoco-musical\/#breadcrumb","itemListElement":[{"@type":"ListItem","position":1,"name":"In\u00edcio","item":"https:\/\/www.notibras.com\/site\/"},{"@type":"ListItem","position":2,"name":"MPB, xote e bai\u00e3o v\u00e3o animar almo\u00e7o musical"}]},{"@type":"WebSite","@id":"https:\/\/www.notibras.com\/site\/#website","url":"https:\/\/www.notibras.com\/site\/","name":"Notibras","description":"Not\u00edcias de Bras\u00edlia, do Brasil e do Mundo","publisher":{"@id":"https:\/\/www.notibras.com\/site\/#organization"},"potentialAction":[{"@type":"SearchAction","target":{"@type":"EntryPoint","urlTemplate":"https:\/\/www.notibras.com\/site\/?s={search_term_string}"},"query-input":{"@type":"PropertyValueSpecification","valueRequired":true,"valueName":"search_term_string"}}],"inLanguage":"pt-BR"},{"@type":"Organization","@id":"https:\/\/www.notibras.com\/site\/#organization","name":"Grupo Notibras de Comunica\u00e7\u00e3o","url":"https:\/\/www.notibras.com\/site\/","logo":{"@type":"ImageObject","inLanguage":"pt-BR","@id":"https:\/\/www.notibras.com\/site\/#\/schema\/logo\/image\/","url":"https:\/\/www.notibras.com\/site\/wp-content\/uploads\/2023\/01\/notibras23.png","contentUrl":"https:\/\/www.notibras.com\/site\/wp-content\/uploads\/2023\/01\/notibras23.png","width":350,"height":87,"caption":"Grupo Notibras de Comunica\u00e7\u00e3o"},"image":{"@id":"https:\/\/www.notibras.com\/site\/#\/schema\/logo\/image\/"},"sameAs":["https:\/\/www.facebook.com\/notibras\/","https:\/\/x.com\/Notibras","https:\/\/www.instagram.com\/notibras\/"]},{"@type":"Person","@id":"https:\/\/www.notibras.com\/site\/#\/schema\/person\/36ab0979449956132d3e5b517ea76ac8","name":"Reda\u00e7\u00e3o","image":{"@type":"ImageObject","inLanguage":"pt-BR","@id":"https:\/\/secure.gravatar.com\/avatar\/e0a867bdedb85fd243eadf09663511f96fc81e0720a4a42581f334ad4303aa6b?s=96&d=mm&r=g","url":"https:\/\/secure.gravatar.com\/avatar\/e0a867bdedb85fd243eadf09663511f96fc81e0720a4a42581f334ad4303aa6b?s=96&d=mm&r=g","contentUrl":"https:\/\/secure.gravatar.com\/avatar\/e0a867bdedb85fd243eadf09663511f96fc81e0720a4a42581f334ad4303aa6b?s=96&d=mm&r=g","caption":"Reda\u00e7\u00e3o"}}]}},"amp_enabled":true,"_links":{"self":[{"href":"https:\/\/www.notibras.com\/site\/wp-json\/wp\/v2\/posts\/308662","targetHints":{"allow":["GET"]}}],"collection":[{"href":"https:\/\/www.notibras.com\/site\/wp-json\/wp\/v2\/posts"}],"about":[{"href":"https:\/\/www.notibras.com\/site\/wp-json\/wp\/v2\/types\/post"}],"author":[{"embeddable":true,"href":"https:\/\/www.notibras.com\/site\/wp-json\/wp\/v2\/users\/2"}],"replies":[{"embeddable":true,"href":"https:\/\/www.notibras.com\/site\/wp-json\/wp\/v2\/comments?post=308662"}],"version-history":[{"count":1,"href":"https:\/\/www.notibras.com\/site\/wp-json\/wp\/v2\/posts\/308662\/revisions"}],"predecessor-version":[{"id":308664,"href":"https:\/\/www.notibras.com\/site\/wp-json\/wp\/v2\/posts\/308662\/revisions\/308664"}],"wp:featuredmedia":[{"embeddable":true,"href":"https:\/\/www.notibras.com\/site\/wp-json\/wp\/v2\/media\/308663"}],"wp:attachment":[{"href":"https:\/\/www.notibras.com\/site\/wp-json\/wp\/v2\/media?parent=308662"}],"wp:term":[{"taxonomy":"category","embeddable":true,"href":"https:\/\/www.notibras.com\/site\/wp-json\/wp\/v2\/categories?post=308662"},{"taxonomy":"post_tag","embeddable":true,"href":"https:\/\/www.notibras.com\/site\/wp-json\/wp\/v2\/tags?post=308662"}],"curies":[{"name":"wp","href":"https:\/\/api.w.org\/{rel}","templated":true}]}}