{"id":308689,"date":"2023-07-13T06:00:15","date_gmt":"2023-07-13T09:00:15","guid":{"rendered":"https:\/\/www.notibras.com\/site\/?p=308689"},"modified":"2023-07-13T05:55:20","modified_gmt":"2023-07-13T08:55:20","slug":"une-reune-10-mil-por-democracia-forte-e-eleicao-da-nova-direcao","status":"publish","type":"post","link":"https:\/\/www.notibras.com\/site\/une-reune-10-mil-por-democracia-forte-e-eleicao-da-nova-direcao\/","title":{"rendered":"UNE re\u00fane 10 mil por democracia forte e elei\u00e7\u00e3o da nova dire\u00e7\u00e3o"},"content":{"rendered":"<p>A Uni\u00e3o Nacional dos Estudantes (UNE) abriu nesta quarta-feira (12), o 59\u00b0 Congresso da entidade, em Bras\u00edlia. At\u00e9 domingo (16), cerca de 10 mil estudantes de todo o Brasil v\u00e3o participar de debates sobre democracia, educa\u00e7\u00e3o, mercado de trabalho, al\u00e9m de eleger a nova diretoria.<\/p>\n<p>No primeiro dia do evento, a UNE promoveu um ato em defesa da democracia e de combate ao discurso de \u00f3dio no pa\u00eds. Familiares tamb\u00e9m prestaram homenagens aos 50 anos do desaparecimento de Honestino Guimar\u00e3es, l\u00edder estudantil brasiliense morto durante a ditadura militar no pa\u00eds.<\/p>\n<p>Durante o ato, o ministro da Justi\u00e7a e Seguran\u00e7a P\u00fablica, Fl\u00e1vio Dino, disse que a defesa da democracia est\u00e1 relacionada com o combate \u00e0 desigualdade social e \u00e0 constru\u00e7\u00e3o de um pa\u00eds mais justo para a sociedade.<\/p>\n<p>\u201cTodo mundo aqui \u00e9 contra o fascismo, contra o golpismo e contra a extrema-direita. Todo mundo defende a educa\u00e7\u00e3o p\u00fablica gratuita de qualidade para todos no Brasil. Todos s\u00e3o contra a discrimina\u00e7\u00e3o dos negros, das mulheres e da comunidade LGBT\u201d, afirmou.<\/p>\n<p>Dino tamb\u00e9m voltou a defender a regulamenta\u00e7\u00e3o das redes sociais e disse que elas t\u00eam funcionado como \u201cplataformas das ideias da direita e do poder econ\u00f4mico\u201d.<\/p>\n<p>\u201cA segunda tarefa democr\u00e1tica fundamental \u00e9 enfrentar o poder de quatro, cinco empresas que mandam na internet e veiculam extremismo\u201d, completou.<\/p>\n<p>O ministro do Supremo Tribunal Federal (STF) Lu\u00eds Roberto Barroso tamb\u00e9m esteve presente. Ele lembrou de sua atua\u00e7\u00e3o no movimento estudantil e tamb\u00e9m defendeu a democracia e o enfrentamento da pobreza no pa\u00eds.<\/p>\n<p>\u201cEu continuo a dizer pelos meus sonhos de juventude, enfrentar a pobreza, a desigualdade abissal que existe nesse pa\u00eds e ser capaz de construir argumentos democr\u00e1ticos em favor do bem e da justi\u00e7a contra a intoler\u00e2ncia\u201d, disse.<\/p>\n<p>Aorebater cr\u00edticas, o ministro disse que suspendeu, no ano passado, o pagamento do piso nacional dos enfermeiros para viabilizar os recursos para garantir os repasses. Barroso foi o relator do caso no Supremo.<\/p>\n<p>\u201cEu venho do movimento estudantil. De modo que nada que est\u00e1 acontecendo aqui me \u00e9 estranho. J\u00e1 enfrentei a ditadura e j\u00e1 enfrentei o bolsonarismo. E mais que isso, fui eu que consegui o dinheiro da enfermagem porque n\u00e3o tinha dinheiro. N\u00e3o tenho medo de vaia porque temos um pa\u00eds para construir\u201d, rebateu.<\/p>\n","protected":false},"excerpt":{"rendered":"<p>A Uni\u00e3o Nacional dos Estudantes (UNE) abriu nesta quarta-feira (12), o 59\u00b0 Congresso da entidade, em Bras\u00edlia. At\u00e9 domingo (16), cerca de 10 mil estudantes de todo o Brasil v\u00e3o participar de debates sobre democracia, educa\u00e7\u00e3o, mercado de trabalho, al\u00e9m de eleger a nova diretoria. No primeiro dia do evento, a UNE promoveu um ato [&hellip;]<\/p>\n","protected":false},"author":2,"featured_media":308690,"comment_status":"closed","ping_status":"closed","sticky":false,"template":"","format":"standard","meta":{"_acf_changed":false,"footnotes":""},"categories":[161],"tags":[95],"class_list":["post-308689","post","type-post","status-publish","format-standard","has-post-thumbnail","hentry","category-quadradinho-em-foco","tag-capa"],"acf":[],"yoast_head":"<!-- This site is optimized with the Yoast SEO plugin v27.2 - https:\/\/yoast.com\/product\/yoast-seo-wordpress\/ -->\n<title>UNE re\u00fane 10 mil por democracia forte e elei\u00e7\u00e3o da nova dire\u00e7\u00e3o - Notibras<\/title>\n<meta name=\"robots\" content=\"index, follow, max-snippet:-1, max-image-preview:large, max-video-preview:-1\" \/>\n<link rel=\"canonical\" href=\"https:\/\/www.notibras.com\/site\/une-reune-10-mil-por-democracia-forte-e-eleicao-da-nova-direcao\/\" \/>\n<meta property=\"og:locale\" content=\"pt_BR\" \/>\n<meta property=\"og:type\" content=\"article\" \/>\n<meta property=\"og:title\" content=\"UNE re\u00fane 10 mil por democracia forte e elei\u00e7\u00e3o da nova dire\u00e7\u00e3o - Notibras\" \/>\n<meta property=\"og:description\" content=\"A Uni\u00e3o Nacional dos Estudantes (UNE) abriu nesta quarta-feira (12), o 59\u00b0 Congresso da entidade, em Bras\u00edlia. At\u00e9 domingo (16), cerca de 10 mil estudantes de todo o Brasil v\u00e3o participar de debates sobre democracia, educa\u00e7\u00e3o, mercado de trabalho, al\u00e9m de eleger a nova diretoria. No primeiro dia do evento, a UNE promoveu um ato [&hellip;]\" \/>\n<meta property=\"og:url\" content=\"https:\/\/www.notibras.com\/site\/une-reune-10-mil-por-democracia-forte-e-eleicao-da-nova-direcao\/\" \/>\n<meta property=\"og:site_name\" content=\"Notibras\" \/>\n<meta property=\"article:publisher\" content=\"https:\/\/www.facebook.com\/notibras\/\" \/>\n<meta property=\"article:published_time\" content=\"2023-07-13T09:00:15+00:00\" \/>\n<meta property=\"og:image\" content=\"https:\/\/www.notibras.com\/site\/wp-content\/uploads\/2023\/07\/pzzb7577.jpg\" \/>\n\t<meta property=\"og:image:width\" content=\"770\" \/>\n\t<meta property=\"og:image:height\" content=\"513\" \/>\n\t<meta property=\"og:image:type\" content=\"image\/jpeg\" \/>\n<meta name=\"author\" content=\"Reda\u00e7\u00e3o\" \/>\n<meta name=\"twitter:card\" content=\"summary_large_image\" \/>\n<meta name=\"twitter:creator\" content=\"@Notibras\" \/>\n<meta name=\"twitter:site\" content=\"@Notibras\" \/>\n<meta name=\"twitter:label1\" content=\"Escrito por\" \/>\n\t<meta name=\"twitter:data1\" content=\"Reda\u00e7\u00e3o\" \/>\n\t<meta name=\"twitter:label2\" content=\"Est. tempo de leitura\" \/>\n\t<meta name=\"twitter:data2\" content=\"3 minutos\" \/>\n<script type=\"application\/ld+json\" class=\"yoast-schema-graph\">{\"@context\":\"https:\/\/schema.org\",\"@graph\":[{\"@type\":\"Article\",\"@id\":\"https:\/\/www.notibras.com\/site\/une-reune-10-mil-por-democracia-forte-e-eleicao-da-nova-direcao\/#article\",\"isPartOf\":{\"@id\":\"https:\/\/www.notibras.com\/site\/une-reune-10-mil-por-democracia-forte-e-eleicao-da-nova-direcao\/\"},\"author\":{\"name\":\"Reda\u00e7\u00e3o\",\"@id\":\"https:\/\/www.notibras.com\/site\/#\/schema\/person\/36ab0979449956132d3e5b517ea76ac8\"},\"headline\":\"UNE re\u00fane 10 mil por democracia forte e elei\u00e7\u00e3o da nova dire\u00e7\u00e3o\",\"datePublished\":\"2023-07-13T09:00:15+00:00\",\"mainEntityOfPage\":{\"@id\":\"https:\/\/www.notibras.com\/site\/une-reune-10-mil-por-democracia-forte-e-eleicao-da-nova-direcao\/\"},\"wordCount\":413,\"publisher\":{\"@id\":\"https:\/\/www.notibras.com\/site\/#organization\"},\"image\":{\"@id\":\"https:\/\/www.notibras.com\/site\/une-reune-10-mil-por-democracia-forte-e-eleicao-da-nova-direcao\/#primaryimage\"},\"thumbnailUrl\":\"https:\/\/www.notibras.com\/site\/wp-content\/uploads\/2023\/07\/pzzb7577.jpg\",\"keywords\":[\"capa\"],\"articleSection\":[\"Quadradinho em Foco\"],\"inLanguage\":\"pt-BR\"},{\"@type\":\"WebPage\",\"@id\":\"https:\/\/www.notibras.com\/site\/une-reune-10-mil-por-democracia-forte-e-eleicao-da-nova-direcao\/\",\"url\":\"https:\/\/www.notibras.com\/site\/une-reune-10-mil-por-democracia-forte-e-eleicao-da-nova-direcao\/\",\"name\":\"UNE re\u00fane 10 mil por democracia forte e elei\u00e7\u00e3o da nova dire\u00e7\u00e3o - Notibras\",\"isPartOf\":{\"@id\":\"https:\/\/www.notibras.com\/site\/#website\"},\"primaryImageOfPage\":{\"@id\":\"https:\/\/www.notibras.com\/site\/une-reune-10-mil-por-democracia-forte-e-eleicao-da-nova-direcao\/#primaryimage\"},\"image\":{\"@id\":\"https:\/\/www.notibras.com\/site\/une-reune-10-mil-por-democracia-forte-e-eleicao-da-nova-direcao\/#primaryimage\"},\"thumbnailUrl\":\"https:\/\/www.notibras.com\/site\/wp-content\/uploads\/2023\/07\/pzzb7577.jpg\",\"datePublished\":\"2023-07-13T09:00:15+00:00\",\"breadcrumb\":{\"@id\":\"https:\/\/www.notibras.com\/site\/une-reune-10-mil-por-democracia-forte-e-eleicao-da-nova-direcao\/#breadcrumb\"},\"inLanguage\":\"pt-BR\",\"potentialAction\":[{\"@type\":\"ReadAction\",\"target\":[\"https:\/\/www.notibras.com\/site\/une-reune-10-mil-por-democracia-forte-e-eleicao-da-nova-direcao\/\"]}]},{\"@type\":\"ImageObject\",\"inLanguage\":\"pt-BR\",\"@id\":\"https:\/\/www.notibras.com\/site\/une-reune-10-mil-por-democracia-forte-e-eleicao-da-nova-direcao\/#primaryimage\",\"url\":\"https:\/\/www.notibras.com\/site\/wp-content\/uploads\/2023\/07\/pzzb7577.jpg\",\"contentUrl\":\"https:\/\/www.notibras.com\/site\/wp-content\/uploads\/2023\/07\/pzzb7577.jpg\",\"width\":770,\"height\":513,\"caption\":\"Bras\u00edlia (DF), 12\/07\/2023 - Ministros Fl\u00e1vio Dino, da Justi\u00e7a e Lu\u00eds Roberto Barroso, do STF, participam da abertura do 59\u00ba Congresso da UNE. Foto: Wilson Dias\/Ag\u00eancia Brasil\"},{\"@type\":\"BreadcrumbList\",\"@id\":\"https:\/\/www.notibras.com\/site\/une-reune-10-mil-por-democracia-forte-e-eleicao-da-nova-direcao\/#breadcrumb\",\"itemListElement\":[{\"@type\":\"ListItem\",\"position\":1,\"name\":\"In\u00edcio\",\"item\":\"https:\/\/www.notibras.com\/site\/\"},{\"@type\":\"ListItem\",\"position\":2,\"name\":\"UNE re\u00fane 10 mil por democracia forte e elei\u00e7\u00e3o da nova dire\u00e7\u00e3o\"}]},{\"@type\":\"WebSite\",\"@id\":\"https:\/\/www.notibras.com\/site\/#website\",\"url\":\"https:\/\/www.notibras.com\/site\/\",\"name\":\"Notibras\",\"description\":\"Not\u00edcias de Bras\u00edlia, do Brasil e do Mundo\",\"publisher\":{\"@id\":\"https:\/\/www.notibras.com\/site\/#organization\"},\"potentialAction\":[{\"@type\":\"SearchAction\",\"target\":{\"@type\":\"EntryPoint\",\"urlTemplate\":\"https:\/\/www.notibras.com\/site\/?s={search_term_string}\"},\"query-input\":{\"@type\":\"PropertyValueSpecification\",\"valueRequired\":true,\"valueName\":\"search_term_string\"}}],\"inLanguage\":\"pt-BR\"},{\"@type\":\"Organization\",\"@id\":\"https:\/\/www.notibras.com\/site\/#organization\",\"name\":\"Grupo Notibras de Comunica\u00e7\u00e3o\",\"url\":\"https:\/\/www.notibras.com\/site\/\",\"logo\":{\"@type\":\"ImageObject\",\"inLanguage\":\"pt-BR\",\"@id\":\"https:\/\/www.notibras.com\/site\/#\/schema\/logo\/image\/\",\"url\":\"https:\/\/www.notibras.com\/site\/wp-content\/uploads\/2023\/01\/notibras23.png\",\"contentUrl\":\"https:\/\/www.notibras.com\/site\/wp-content\/uploads\/2023\/01\/notibras23.png\",\"width\":350,\"height\":87,\"caption\":\"Grupo Notibras de Comunica\u00e7\u00e3o\"},\"image\":{\"@id\":\"https:\/\/www.notibras.com\/site\/#\/schema\/logo\/image\/\"},\"sameAs\":[\"https:\/\/www.facebook.com\/notibras\/\",\"https:\/\/x.com\/Notibras\",\"https:\/\/www.instagram.com\/notibras\/\"]},{\"@type\":\"Person\",\"@id\":\"https:\/\/www.notibras.com\/site\/#\/schema\/person\/36ab0979449956132d3e5b517ea76ac8\",\"name\":\"Reda\u00e7\u00e3o\",\"image\":{\"@type\":\"ImageObject\",\"inLanguage\":\"pt-BR\",\"@id\":\"https:\/\/secure.gravatar.com\/avatar\/e0a867bdedb85fd243eadf09663511f96fc81e0720a4a42581f334ad4303aa6b?s=96&d=mm&r=g\",\"url\":\"https:\/\/secure.gravatar.com\/avatar\/e0a867bdedb85fd243eadf09663511f96fc81e0720a4a42581f334ad4303aa6b?s=96&d=mm&r=g\",\"contentUrl\":\"https:\/\/secure.gravatar.com\/avatar\/e0a867bdedb85fd243eadf09663511f96fc81e0720a4a42581f334ad4303aa6b?s=96&d=mm&r=g\",\"caption\":\"Reda\u00e7\u00e3o\"}}]}<\/script>\n<!-- \/ Yoast SEO plugin. -->","yoast_head_json":{"title":"UNE re\u00fane 10 mil por democracia forte e elei\u00e7\u00e3o da nova dire\u00e7\u00e3o - Notibras","robots":{"index":"index","follow":"follow","max-snippet":"max-snippet:-1","max-image-preview":"max-image-preview:large","max-video-preview":"max-video-preview:-1"},"canonical":"https:\/\/www.notibras.com\/site\/une-reune-10-mil-por-democracia-forte-e-eleicao-da-nova-direcao\/","og_locale":"pt_BR","og_type":"article","og_title":"UNE re\u00fane 10 mil por democracia forte e elei\u00e7\u00e3o da nova dire\u00e7\u00e3o - Notibras","og_description":"A Uni\u00e3o Nacional dos Estudantes (UNE) abriu nesta quarta-feira (12), o 59\u00b0 Congresso da entidade, em Bras\u00edlia. At\u00e9 domingo (16), cerca de 10 mil estudantes de todo o Brasil v\u00e3o participar de debates sobre democracia, educa\u00e7\u00e3o, mercado de trabalho, al\u00e9m de eleger a nova diretoria. No primeiro dia do evento, a UNE promoveu um ato [&hellip;]","og_url":"https:\/\/www.notibras.com\/site\/une-reune-10-mil-por-democracia-forte-e-eleicao-da-nova-direcao\/","og_site_name":"Notibras","article_publisher":"https:\/\/www.facebook.com\/notibras\/","article_published_time":"2023-07-13T09:00:15+00:00","og_image":[{"width":770,"height":513,"url":"https:\/\/www.notibras.com\/site\/wp-content\/uploads\/2023\/07\/pzzb7577.jpg","type":"image\/jpeg"}],"author":"Reda\u00e7\u00e3o","twitter_card":"summary_large_image","twitter_creator":"@Notibras","twitter_site":"@Notibras","twitter_misc":{"Escrito por":"Reda\u00e7\u00e3o","Est. tempo de leitura":"3 minutos"},"schema":{"@context":"https:\/\/schema.org","@graph":[{"@type":"Article","@id":"https:\/\/www.notibras.com\/site\/une-reune-10-mil-por-democracia-forte-e-eleicao-da-nova-direcao\/#article","isPartOf":{"@id":"https:\/\/www.notibras.com\/site\/une-reune-10-mil-por-democracia-forte-e-eleicao-da-nova-direcao\/"},"author":{"name":"Reda\u00e7\u00e3o","@id":"https:\/\/www.notibras.com\/site\/#\/schema\/person\/36ab0979449956132d3e5b517ea76ac8"},"headline":"UNE re\u00fane 10 mil por democracia forte e elei\u00e7\u00e3o da nova dire\u00e7\u00e3o","datePublished":"2023-07-13T09:00:15+00:00","mainEntityOfPage":{"@id":"https:\/\/www.notibras.com\/site\/une-reune-10-mil-por-democracia-forte-e-eleicao-da-nova-direcao\/"},"wordCount":413,"publisher":{"@id":"https:\/\/www.notibras.com\/site\/#organization"},"image":{"@id":"https:\/\/www.notibras.com\/site\/une-reune-10-mil-por-democracia-forte-e-eleicao-da-nova-direcao\/#primaryimage"},"thumbnailUrl":"https:\/\/www.notibras.com\/site\/wp-content\/uploads\/2023\/07\/pzzb7577.jpg","keywords":["capa"],"articleSection":["Quadradinho em Foco"],"inLanguage":"pt-BR"},{"@type":"WebPage","@id":"https:\/\/www.notibras.com\/site\/une-reune-10-mil-por-democracia-forte-e-eleicao-da-nova-direcao\/","url":"https:\/\/www.notibras.com\/site\/une-reune-10-mil-por-democracia-forte-e-eleicao-da-nova-direcao\/","name":"UNE re\u00fane 10 mil por democracia forte e elei\u00e7\u00e3o da nova dire\u00e7\u00e3o - Notibras","isPartOf":{"@id":"https:\/\/www.notibras.com\/site\/#website"},"primaryImageOfPage":{"@id":"https:\/\/www.notibras.com\/site\/une-reune-10-mil-por-democracia-forte-e-eleicao-da-nova-direcao\/#primaryimage"},"image":{"@id":"https:\/\/www.notibras.com\/site\/une-reune-10-mil-por-democracia-forte-e-eleicao-da-nova-direcao\/#primaryimage"},"thumbnailUrl":"https:\/\/www.notibras.com\/site\/wp-content\/uploads\/2023\/07\/pzzb7577.jpg","datePublished":"2023-07-13T09:00:15+00:00","breadcrumb":{"@id":"https:\/\/www.notibras.com\/site\/une-reune-10-mil-por-democracia-forte-e-eleicao-da-nova-direcao\/#breadcrumb"},"inLanguage":"pt-BR","potentialAction":[{"@type":"ReadAction","target":["https:\/\/www.notibras.com\/site\/une-reune-10-mil-por-democracia-forte-e-eleicao-da-nova-direcao\/"]}]},{"@type":"ImageObject","inLanguage":"pt-BR","@id":"https:\/\/www.notibras.com\/site\/une-reune-10-mil-por-democracia-forte-e-eleicao-da-nova-direcao\/#primaryimage","url":"https:\/\/www.notibras.com\/site\/wp-content\/uploads\/2023\/07\/pzzb7577.jpg","contentUrl":"https:\/\/www.notibras.com\/site\/wp-content\/uploads\/2023\/07\/pzzb7577.jpg","width":770,"height":513,"caption":"Bras\u00edlia (DF), 12\/07\/2023 - Ministros Fl\u00e1vio Dino, da Justi\u00e7a e Lu\u00eds Roberto Barroso, do STF, participam da abertura do 59\u00ba Congresso da UNE. Foto: Wilson Dias\/Ag\u00eancia Brasil"},{"@type":"BreadcrumbList","@id":"https:\/\/www.notibras.com\/site\/une-reune-10-mil-por-democracia-forte-e-eleicao-da-nova-direcao\/#breadcrumb","itemListElement":[{"@type":"ListItem","position":1,"name":"In\u00edcio","item":"https:\/\/www.notibras.com\/site\/"},{"@type":"ListItem","position":2,"name":"UNE re\u00fane 10 mil por democracia forte e elei\u00e7\u00e3o da nova dire\u00e7\u00e3o"}]},{"@type":"WebSite","@id":"https:\/\/www.notibras.com\/site\/#website","url":"https:\/\/www.notibras.com\/site\/","name":"Notibras","description":"Not\u00edcias de Bras\u00edlia, do Brasil e do Mundo","publisher":{"@id":"https:\/\/www.notibras.com\/site\/#organization"},"potentialAction":[{"@type":"SearchAction","target":{"@type":"EntryPoint","urlTemplate":"https:\/\/www.notibras.com\/site\/?s={search_term_string}"},"query-input":{"@type":"PropertyValueSpecification","valueRequired":true,"valueName":"search_term_string"}}],"inLanguage":"pt-BR"},{"@type":"Organization","@id":"https:\/\/www.notibras.com\/site\/#organization","name":"Grupo Notibras de Comunica\u00e7\u00e3o","url":"https:\/\/www.notibras.com\/site\/","logo":{"@type":"ImageObject","inLanguage":"pt-BR","@id":"https:\/\/www.notibras.com\/site\/#\/schema\/logo\/image\/","url":"https:\/\/www.notibras.com\/site\/wp-content\/uploads\/2023\/01\/notibras23.png","contentUrl":"https:\/\/www.notibras.com\/site\/wp-content\/uploads\/2023\/01\/notibras23.png","width":350,"height":87,"caption":"Grupo Notibras de Comunica\u00e7\u00e3o"},"image":{"@id":"https:\/\/www.notibras.com\/site\/#\/schema\/logo\/image\/"},"sameAs":["https:\/\/www.facebook.com\/notibras\/","https:\/\/x.com\/Notibras","https:\/\/www.instagram.com\/notibras\/"]},{"@type":"Person","@id":"https:\/\/www.notibras.com\/site\/#\/schema\/person\/36ab0979449956132d3e5b517ea76ac8","name":"Reda\u00e7\u00e3o","image":{"@type":"ImageObject","inLanguage":"pt-BR","@id":"https:\/\/secure.gravatar.com\/avatar\/e0a867bdedb85fd243eadf09663511f96fc81e0720a4a42581f334ad4303aa6b?s=96&d=mm&r=g","url":"https:\/\/secure.gravatar.com\/avatar\/e0a867bdedb85fd243eadf09663511f96fc81e0720a4a42581f334ad4303aa6b?s=96&d=mm&r=g","contentUrl":"https:\/\/secure.gravatar.com\/avatar\/e0a867bdedb85fd243eadf09663511f96fc81e0720a4a42581f334ad4303aa6b?s=96&d=mm&r=g","caption":"Reda\u00e7\u00e3o"}}]}},"amp_enabled":true,"_links":{"self":[{"href":"https:\/\/www.notibras.com\/site\/wp-json\/wp\/v2\/posts\/308689","targetHints":{"allow":["GET"]}}],"collection":[{"href":"https:\/\/www.notibras.com\/site\/wp-json\/wp\/v2\/posts"}],"about":[{"href":"https:\/\/www.notibras.com\/site\/wp-json\/wp\/v2\/types\/post"}],"author":[{"embeddable":true,"href":"https:\/\/www.notibras.com\/site\/wp-json\/wp\/v2\/users\/2"}],"replies":[{"embeddable":true,"href":"https:\/\/www.notibras.com\/site\/wp-json\/wp\/v2\/comments?post=308689"}],"version-history":[{"count":1,"href":"https:\/\/www.notibras.com\/site\/wp-json\/wp\/v2\/posts\/308689\/revisions"}],"predecessor-version":[{"id":308691,"href":"https:\/\/www.notibras.com\/site\/wp-json\/wp\/v2\/posts\/308689\/revisions\/308691"}],"wp:featuredmedia":[{"embeddable":true,"href":"https:\/\/www.notibras.com\/site\/wp-json\/wp\/v2\/media\/308690"}],"wp:attachment":[{"href":"https:\/\/www.notibras.com\/site\/wp-json\/wp\/v2\/media?parent=308689"}],"wp:term":[{"taxonomy":"category","embeddable":true,"href":"https:\/\/www.notibras.com\/site\/wp-json\/wp\/v2\/categories?post=308689"},{"taxonomy":"post_tag","embeddable":true,"href":"https:\/\/www.notibras.com\/site\/wp-json\/wp\/v2\/tags?post=308689"}],"curies":[{"name":"wp","href":"https:\/\/api.w.org\/{rel}","templated":true}]}}