{"id":308716,"date":"2023-07-13T08:02:06","date_gmt":"2023-07-13T11:02:06","guid":{"rendered":"https:\/\/www.notibras.com\/site\/?p=308716"},"modified":"2023-07-13T08:02:06","modified_gmt":"2023-07-13T11:02:06","slug":"contador-soma-ondas-a-beleza-de-luciana-e-filhos","status":"publish","type":"post","link":"https:\/\/www.notibras.com\/site\/contador-soma-ondas-a-beleza-de-luciana-e-filhos\/","title":{"rendered":"Contador soma ondas \u00e0 beleza de Luciana e filhos"},"content":{"rendered":"<p>Aquela praia era a mesma que Hor\u00e1cio, hoje com quase 40 e j\u00e1 n\u00e3o t\u00e3o perto dela, havia vivido a inf\u00e2ncia. Nessa \u00e9poca de menino, ele passava as manh\u00e3s ensolaradas contando ondinhas. N\u00e3o que soubesse contar al\u00e9m de dez, mas isso n\u00e3o era problema. Contava, recontava, voltava a contar e assim ficava. De tanto contar ondinhas, virou contador.<\/p>\n<p>Alugou uma loja no centro da cidade. Mandou pintar uma placa enorme, onde se lia sem qualquer esfor\u00e7o o nome do seu escrit\u00f3rio: Contabilidade Beira-Mar. Uma bela praia cheia de ondinhas espumantes completavam a fachada da loja. Em pouco tempo, os raros clientes foram se multiplicando a tal ponto, que Hor\u00e1cio precisou contratar dois funcion\u00e1rios, depois mais tr\u00eas. Quando percebeu, j\u00e1 comandava uma equipe de quase vinte.<\/p>\n<p>Hor\u00e1cio n\u00e3o ficou rico, mas quase. Comprou uma linda casa numa \u00e1rea chique. De t\u00e3o grande o lugar, o homem se sentiu solit\u00e1rio. Sem problemas financeiros, encontrou nos bra\u00e7os de Luciana o aconchego que lhe faltava. O namoro durou quase dois anos, mas poderia ter durado muito mais, caso ele n\u00e3o insistisse em se casar. Luciana, enfim, aceitou a m\u00e3o do contador. Desposou-o num fim de tarde de um domingo.<\/p>\n<p>A lua de mel foi na Europa. Passearam por Paris, Londres, Roma, Barcelona e todos os outros lugares que tiveram tempo e dinheiro para gastar. E gastaram muito, mas nada que a intermin\u00e1vel mania de contar do Hor\u00e1cio n\u00e3o pudesse pagar. A felicidade daqueles dois era de causar inveja at\u00e9 em princesas e pr\u00edncipes de contos de fada.<\/p>\n<p>Mal chegaram de viagem, foram recepcionados por parentes e amigos, curiosos que estavam dos acontecidos na viagem. Luciana, com aquele largo sorriso, contava coisas pitorescas, o que provocava gargalhadas ao seu redor. Hor\u00e1cio a tudo assistia, peito estufado de orgulho da esposa, t\u00e3o carism\u00e1tica, que poderia subir no palco e substituir at\u00e9 a Fernanda Montenegro sem que a plateia percebesse, tamanho era o talento da mulher. No entanto, antes que Luciana pudesse demonstrar seus dotes art\u00edsticos, eis que ela desandou a vomitar todo o pargo com alcaparras e arroz branco sobre o tapete persa da sala de estar.<\/p>\n<p>Ainda bem que havia um m\u00e9dico entre os convidados, o Dr. Batista, gastroenterologista. O especialista examinou a paciente de \u00faltima hora e, em poucos minutos, do alto de sua vasta experi\u00eancia, deu o diagn\u00f3stico.<\/p>\n<p>&#8211; Foi a azeitona!<\/p>\n<p>&#8211; Que azeitona que nada, doutor! A dona Luciana est\u00e1 buchuda!, afirmou categoricamente a faxineira, que naquele dia fazia as vezes de gar\u00e7onete.<\/p>\n<p>Passado o pequeno constrangimento, todos deram raz\u00e3o \u00e0 Juraci, que era tarimbada no assunto. Ela tivera oito filhos, sendo tr\u00eas em casa. At\u00e9 o Dr. Batista, apesar da flagrante humilha\u00e7\u00e3o, concordou com a empregada e, dizem, at\u00e9 hoje conta essa anedota para seus pacientes.<\/p>\n<p>Luciana pariu o primeiro filho, que recebeu o pomposo nome de William. Todavia, por conta do acontecido durante a descoberta da gravidez da m\u00e3e, todos o passaram a chamar de Azeitona. O menino at\u00e9 gostava, pois, dessa forma, se viu popular.<\/p>\n<p>Assim que Azeitona come\u00e7ou a estudar, seus pais voltaram a ter tempo para outras coisas. O resultado foi que, poucos meses depois, Luciana vomitou todo o caf\u00e9 da manh\u00e3. Ela, ciente do que estava acontecendo, apenas olhou para a Juraci. A faxineira fez que sim com a cabe\u00e7a. As duas sorriram. Era uma menina, mas as duas mulheres ainda n\u00e3o sabiam.<\/p>\n<p>Florisbela nasceu no princ\u00edpio do ano seguinte. Azeitona, no come\u00e7o meio surpreso com aquele novo ser em seu territ\u00f3rio, acabou por se acostumar e, em seguida, n\u00e3o sa\u00eda de perto da irm\u00e3. Queria porque queria participar de todos os eventos envolvendo aquele novo membro da fam\u00edlia. A felicidade parecia completa naquele lar, doce lar. E realmente era! Ou quase!<\/p>\n<p>Hor\u00e1cio, alguns meses ap\u00f3s o nascimento da filha, teve uma conversa com Luciana. Pensava em se mudar para uma casa em frente \u00e0 praia, a mesma praia onde passara a sua inf\u00e2ncia. A esposa gostou muito da ideia, pois as crian\u00e7as praticamente s\u00f3 conheciam piscina, seja a da casa onde moravam, seja a do clube onde eram s\u00f3cios. Mudaram-se assim que foi poss\u00edvel, isto \u00e9, quase dois anos ap\u00f3s essa conversa.<\/p>\n<p>Hoje em dia, \u00e9 poss\u00edvel ver um homem chegar todos os dias bem cedinho \u00e0 praia bem em frente \u00e0 sua casa. Sempre acompanhado da linda esposa e dos filhos, ele se senta em uma cadeira bem pr\u00f3ximo \u00e0 \u00e1gua. As ondas molham seus p\u00e9s e, dizem, ele j\u00e1 contou tantas, que j\u00e1 passaram dos milh\u00f5es.<\/p>\n","protected":false},"excerpt":{"rendered":"<p>Aquela praia era a mesma que Hor\u00e1cio, hoje com quase 40 e j\u00e1 n\u00e3o t\u00e3o perto dela, havia vivido a inf\u00e2ncia. Nessa \u00e9poca de menino, ele passava as manh\u00e3s ensolaradas contando ondinhas. N\u00e3o que soubesse contar al\u00e9m de dez, mas isso n\u00e3o era problema. Contava, recontava, voltava a contar e assim ficava. De tanto contar [&hellip;]<\/p>\n","protected":false},"author":2,"featured_media":308717,"comment_status":"closed","ping_status":"closed","sticky":false,"template":"","format":"standard","meta":{"_acf_changed":false,"footnotes":""},"categories":[161],"tags":[],"class_list":["post-308716","post","type-post","status-publish","format-standard","has-post-thumbnail","hentry","category-quadradinho-em-foco"],"acf":[],"yoast_head":"<!-- This site is optimized with the Yoast SEO plugin v27.2 - https:\/\/yoast.com\/product\/yoast-seo-wordpress\/ -->\n<title>Contador soma ondas \u00e0 beleza de Luciana e filhos - Notibras<\/title>\n<meta name=\"robots\" content=\"index, follow, max-snippet:-1, max-image-preview:large, max-video-preview:-1\" \/>\n<link rel=\"canonical\" href=\"https:\/\/www.notibras.com\/site\/contador-soma-ondas-a-beleza-de-luciana-e-filhos\/\" \/>\n<meta property=\"og:locale\" content=\"pt_BR\" \/>\n<meta property=\"og:type\" content=\"article\" \/>\n<meta property=\"og:title\" content=\"Contador soma ondas \u00e0 beleza de Luciana e filhos - Notibras\" \/>\n<meta property=\"og:description\" content=\"Aquela praia era a mesma que Hor\u00e1cio, hoje com quase 40 e j\u00e1 n\u00e3o t\u00e3o perto dela, havia vivido a inf\u00e2ncia. Nessa \u00e9poca de menino, ele passava as manh\u00e3s ensolaradas contando ondinhas. N\u00e3o que soubesse contar al\u00e9m de dez, mas isso n\u00e3o era problema. Contava, recontava, voltava a contar e assim ficava. De tanto contar [&hellip;]\" \/>\n<meta property=\"og:url\" content=\"https:\/\/www.notibras.com\/site\/contador-soma-ondas-a-beleza-de-luciana-e-filhos\/\" \/>\n<meta property=\"og:site_name\" content=\"Notibras\" \/>\n<meta property=\"article:publisher\" content=\"https:\/\/www.facebook.com\/notibras\/\" \/>\n<meta property=\"article:published_time\" content=\"2023-07-13T11:02:06+00:00\" \/>\n<meta property=\"og:image\" content=\"https:\/\/www.notibras.com\/site\/wp-content\/uploads\/2023\/07\/1068ddb9-92c8-468d-b5a9-2c707cb96f5d.jpg\" \/>\n\t<meta property=\"og:image:width\" content=\"1021\" \/>\n\t<meta property=\"og:image:height\" content=\"1024\" \/>\n\t<meta property=\"og:image:type\" content=\"image\/jpeg\" \/>\n<meta name=\"author\" content=\"Reda\u00e7\u00e3o\" \/>\n<meta name=\"twitter:card\" content=\"summary_large_image\" \/>\n<meta name=\"twitter:creator\" content=\"@Notibras\" \/>\n<meta name=\"twitter:site\" content=\"@Notibras\" \/>\n<meta name=\"twitter:label1\" content=\"Escrito por\" \/>\n\t<meta name=\"twitter:data1\" content=\"Reda\u00e7\u00e3o\" \/>\n\t<meta name=\"twitter:label2\" content=\"Est. tempo de leitura\" \/>\n\t<meta name=\"twitter:data2\" content=\"5 minutos\" \/>\n<script type=\"application\/ld+json\" class=\"yoast-schema-graph\">{\"@context\":\"https:\/\/schema.org\",\"@graph\":[{\"@type\":\"Article\",\"@id\":\"https:\/\/www.notibras.com\/site\/contador-soma-ondas-a-beleza-de-luciana-e-filhos\/#article\",\"isPartOf\":{\"@id\":\"https:\/\/www.notibras.com\/site\/contador-soma-ondas-a-beleza-de-luciana-e-filhos\/\"},\"author\":{\"name\":\"Reda\u00e7\u00e3o\",\"@id\":\"https:\/\/www.notibras.com\/site\/#\/schema\/person\/36ab0979449956132d3e5b517ea76ac8\"},\"headline\":\"Contador soma ondas \u00e0 beleza de Luciana e filhos\",\"datePublished\":\"2023-07-13T11:02:06+00:00\",\"mainEntityOfPage\":{\"@id\":\"https:\/\/www.notibras.com\/site\/contador-soma-ondas-a-beleza-de-luciana-e-filhos\/\"},\"wordCount\":800,\"publisher\":{\"@id\":\"https:\/\/www.notibras.com\/site\/#organization\"},\"image\":{\"@id\":\"https:\/\/www.notibras.com\/site\/contador-soma-ondas-a-beleza-de-luciana-e-filhos\/#primaryimage\"},\"thumbnailUrl\":\"https:\/\/www.notibras.com\/site\/wp-content\/uploads\/2023\/07\/1068ddb9-92c8-468d-b5a9-2c707cb96f5d.jpg\",\"articleSection\":[\"Quadradinho em Foco\"],\"inLanguage\":\"pt-BR\"},{\"@type\":\"WebPage\",\"@id\":\"https:\/\/www.notibras.com\/site\/contador-soma-ondas-a-beleza-de-luciana-e-filhos\/\",\"url\":\"https:\/\/www.notibras.com\/site\/contador-soma-ondas-a-beleza-de-luciana-e-filhos\/\",\"name\":\"Contador soma ondas \u00e0 beleza de Luciana e filhos - Notibras\",\"isPartOf\":{\"@id\":\"https:\/\/www.notibras.com\/site\/#website\"},\"primaryImageOfPage\":{\"@id\":\"https:\/\/www.notibras.com\/site\/contador-soma-ondas-a-beleza-de-luciana-e-filhos\/#primaryimage\"},\"image\":{\"@id\":\"https:\/\/www.notibras.com\/site\/contador-soma-ondas-a-beleza-de-luciana-e-filhos\/#primaryimage\"},\"thumbnailUrl\":\"https:\/\/www.notibras.com\/site\/wp-content\/uploads\/2023\/07\/1068ddb9-92c8-468d-b5a9-2c707cb96f5d.jpg\",\"datePublished\":\"2023-07-13T11:02:06+00:00\",\"breadcrumb\":{\"@id\":\"https:\/\/www.notibras.com\/site\/contador-soma-ondas-a-beleza-de-luciana-e-filhos\/#breadcrumb\"},\"inLanguage\":\"pt-BR\",\"potentialAction\":[{\"@type\":\"ReadAction\",\"target\":[\"https:\/\/www.notibras.com\/site\/contador-soma-ondas-a-beleza-de-luciana-e-filhos\/\"]}]},{\"@type\":\"ImageObject\",\"inLanguage\":\"pt-BR\",\"@id\":\"https:\/\/www.notibras.com\/site\/contador-soma-ondas-a-beleza-de-luciana-e-filhos\/#primaryimage\",\"url\":\"https:\/\/www.notibras.com\/site\/wp-content\/uploads\/2023\/07\/1068ddb9-92c8-468d-b5a9-2c707cb96f5d.jpg\",\"contentUrl\":\"https:\/\/www.notibras.com\/site\/wp-content\/uploads\/2023\/07\/1068ddb9-92c8-468d-b5a9-2c707cb96f5d.jpg\",\"width\":1021,\"height\":1024},{\"@type\":\"BreadcrumbList\",\"@id\":\"https:\/\/www.notibras.com\/site\/contador-soma-ondas-a-beleza-de-luciana-e-filhos\/#breadcrumb\",\"itemListElement\":[{\"@type\":\"ListItem\",\"position\":1,\"name\":\"In\u00edcio\",\"item\":\"https:\/\/www.notibras.com\/site\/\"},{\"@type\":\"ListItem\",\"position\":2,\"name\":\"Contador soma ondas \u00e0 beleza de Luciana e filhos\"}]},{\"@type\":\"WebSite\",\"@id\":\"https:\/\/www.notibras.com\/site\/#website\",\"url\":\"https:\/\/www.notibras.com\/site\/\",\"name\":\"Notibras\",\"description\":\"Not\u00edcias de Bras\u00edlia, do Brasil e do Mundo\",\"publisher\":{\"@id\":\"https:\/\/www.notibras.com\/site\/#organization\"},\"potentialAction\":[{\"@type\":\"SearchAction\",\"target\":{\"@type\":\"EntryPoint\",\"urlTemplate\":\"https:\/\/www.notibras.com\/site\/?s={search_term_string}\"},\"query-input\":{\"@type\":\"PropertyValueSpecification\",\"valueRequired\":true,\"valueName\":\"search_term_string\"}}],\"inLanguage\":\"pt-BR\"},{\"@type\":\"Organization\",\"@id\":\"https:\/\/www.notibras.com\/site\/#organization\",\"name\":\"Grupo Notibras de Comunica\u00e7\u00e3o\",\"url\":\"https:\/\/www.notibras.com\/site\/\",\"logo\":{\"@type\":\"ImageObject\",\"inLanguage\":\"pt-BR\",\"@id\":\"https:\/\/www.notibras.com\/site\/#\/schema\/logo\/image\/\",\"url\":\"https:\/\/www.notibras.com\/site\/wp-content\/uploads\/2023\/01\/notibras23.png\",\"contentUrl\":\"https:\/\/www.notibras.com\/site\/wp-content\/uploads\/2023\/01\/notibras23.png\",\"width\":350,\"height\":87,\"caption\":\"Grupo Notibras de Comunica\u00e7\u00e3o\"},\"image\":{\"@id\":\"https:\/\/www.notibras.com\/site\/#\/schema\/logo\/image\/\"},\"sameAs\":[\"https:\/\/www.facebook.com\/notibras\/\",\"https:\/\/x.com\/Notibras\",\"https:\/\/www.instagram.com\/notibras\/\"]},{\"@type\":\"Person\",\"@id\":\"https:\/\/www.notibras.com\/site\/#\/schema\/person\/36ab0979449956132d3e5b517ea76ac8\",\"name\":\"Reda\u00e7\u00e3o\",\"image\":{\"@type\":\"ImageObject\",\"inLanguage\":\"pt-BR\",\"@id\":\"https:\/\/secure.gravatar.com\/avatar\/e0a867bdedb85fd243eadf09663511f96fc81e0720a4a42581f334ad4303aa6b?s=96&d=mm&r=g\",\"url\":\"https:\/\/secure.gravatar.com\/avatar\/e0a867bdedb85fd243eadf09663511f96fc81e0720a4a42581f334ad4303aa6b?s=96&d=mm&r=g\",\"contentUrl\":\"https:\/\/secure.gravatar.com\/avatar\/e0a867bdedb85fd243eadf09663511f96fc81e0720a4a42581f334ad4303aa6b?s=96&d=mm&r=g\",\"caption\":\"Reda\u00e7\u00e3o\"}}]}<\/script>\n<!-- \/ Yoast SEO plugin. -->","yoast_head_json":{"title":"Contador soma ondas \u00e0 beleza de Luciana e filhos - Notibras","robots":{"index":"index","follow":"follow","max-snippet":"max-snippet:-1","max-image-preview":"max-image-preview:large","max-video-preview":"max-video-preview:-1"},"canonical":"https:\/\/www.notibras.com\/site\/contador-soma-ondas-a-beleza-de-luciana-e-filhos\/","og_locale":"pt_BR","og_type":"article","og_title":"Contador soma ondas \u00e0 beleza de Luciana e filhos - Notibras","og_description":"Aquela praia era a mesma que Hor\u00e1cio, hoje com quase 40 e j\u00e1 n\u00e3o t\u00e3o perto dela, havia vivido a inf\u00e2ncia. Nessa \u00e9poca de menino, ele passava as manh\u00e3s ensolaradas contando ondinhas. N\u00e3o que soubesse contar al\u00e9m de dez, mas isso n\u00e3o era problema. Contava, recontava, voltava a contar e assim ficava. De tanto contar [&hellip;]","og_url":"https:\/\/www.notibras.com\/site\/contador-soma-ondas-a-beleza-de-luciana-e-filhos\/","og_site_name":"Notibras","article_publisher":"https:\/\/www.facebook.com\/notibras\/","article_published_time":"2023-07-13T11:02:06+00:00","og_image":[{"width":1021,"height":1024,"url":"https:\/\/www.notibras.com\/site\/wp-content\/uploads\/2023\/07\/1068ddb9-92c8-468d-b5a9-2c707cb96f5d.jpg","type":"image\/jpeg"}],"author":"Reda\u00e7\u00e3o","twitter_card":"summary_large_image","twitter_creator":"@Notibras","twitter_site":"@Notibras","twitter_misc":{"Escrito por":"Reda\u00e7\u00e3o","Est. tempo de leitura":"5 minutos"},"schema":{"@context":"https:\/\/schema.org","@graph":[{"@type":"Article","@id":"https:\/\/www.notibras.com\/site\/contador-soma-ondas-a-beleza-de-luciana-e-filhos\/#article","isPartOf":{"@id":"https:\/\/www.notibras.com\/site\/contador-soma-ondas-a-beleza-de-luciana-e-filhos\/"},"author":{"name":"Reda\u00e7\u00e3o","@id":"https:\/\/www.notibras.com\/site\/#\/schema\/person\/36ab0979449956132d3e5b517ea76ac8"},"headline":"Contador soma ondas \u00e0 beleza de Luciana e filhos","datePublished":"2023-07-13T11:02:06+00:00","mainEntityOfPage":{"@id":"https:\/\/www.notibras.com\/site\/contador-soma-ondas-a-beleza-de-luciana-e-filhos\/"},"wordCount":800,"publisher":{"@id":"https:\/\/www.notibras.com\/site\/#organization"},"image":{"@id":"https:\/\/www.notibras.com\/site\/contador-soma-ondas-a-beleza-de-luciana-e-filhos\/#primaryimage"},"thumbnailUrl":"https:\/\/www.notibras.com\/site\/wp-content\/uploads\/2023\/07\/1068ddb9-92c8-468d-b5a9-2c707cb96f5d.jpg","articleSection":["Quadradinho em Foco"],"inLanguage":"pt-BR"},{"@type":"WebPage","@id":"https:\/\/www.notibras.com\/site\/contador-soma-ondas-a-beleza-de-luciana-e-filhos\/","url":"https:\/\/www.notibras.com\/site\/contador-soma-ondas-a-beleza-de-luciana-e-filhos\/","name":"Contador soma ondas \u00e0 beleza de Luciana e filhos - Notibras","isPartOf":{"@id":"https:\/\/www.notibras.com\/site\/#website"},"primaryImageOfPage":{"@id":"https:\/\/www.notibras.com\/site\/contador-soma-ondas-a-beleza-de-luciana-e-filhos\/#primaryimage"},"image":{"@id":"https:\/\/www.notibras.com\/site\/contador-soma-ondas-a-beleza-de-luciana-e-filhos\/#primaryimage"},"thumbnailUrl":"https:\/\/www.notibras.com\/site\/wp-content\/uploads\/2023\/07\/1068ddb9-92c8-468d-b5a9-2c707cb96f5d.jpg","datePublished":"2023-07-13T11:02:06+00:00","breadcrumb":{"@id":"https:\/\/www.notibras.com\/site\/contador-soma-ondas-a-beleza-de-luciana-e-filhos\/#breadcrumb"},"inLanguage":"pt-BR","potentialAction":[{"@type":"ReadAction","target":["https:\/\/www.notibras.com\/site\/contador-soma-ondas-a-beleza-de-luciana-e-filhos\/"]}]},{"@type":"ImageObject","inLanguage":"pt-BR","@id":"https:\/\/www.notibras.com\/site\/contador-soma-ondas-a-beleza-de-luciana-e-filhos\/#primaryimage","url":"https:\/\/www.notibras.com\/site\/wp-content\/uploads\/2023\/07\/1068ddb9-92c8-468d-b5a9-2c707cb96f5d.jpg","contentUrl":"https:\/\/www.notibras.com\/site\/wp-content\/uploads\/2023\/07\/1068ddb9-92c8-468d-b5a9-2c707cb96f5d.jpg","width":1021,"height":1024},{"@type":"BreadcrumbList","@id":"https:\/\/www.notibras.com\/site\/contador-soma-ondas-a-beleza-de-luciana-e-filhos\/#breadcrumb","itemListElement":[{"@type":"ListItem","position":1,"name":"In\u00edcio","item":"https:\/\/www.notibras.com\/site\/"},{"@type":"ListItem","position":2,"name":"Contador soma ondas \u00e0 beleza de Luciana e filhos"}]},{"@type":"WebSite","@id":"https:\/\/www.notibras.com\/site\/#website","url":"https:\/\/www.notibras.com\/site\/","name":"Notibras","description":"Not\u00edcias de Bras\u00edlia, do Brasil e do Mundo","publisher":{"@id":"https:\/\/www.notibras.com\/site\/#organization"},"potentialAction":[{"@type":"SearchAction","target":{"@type":"EntryPoint","urlTemplate":"https:\/\/www.notibras.com\/site\/?s={search_term_string}"},"query-input":{"@type":"PropertyValueSpecification","valueRequired":true,"valueName":"search_term_string"}}],"inLanguage":"pt-BR"},{"@type":"Organization","@id":"https:\/\/www.notibras.com\/site\/#organization","name":"Grupo Notibras de Comunica\u00e7\u00e3o","url":"https:\/\/www.notibras.com\/site\/","logo":{"@type":"ImageObject","inLanguage":"pt-BR","@id":"https:\/\/www.notibras.com\/site\/#\/schema\/logo\/image\/","url":"https:\/\/www.notibras.com\/site\/wp-content\/uploads\/2023\/01\/notibras23.png","contentUrl":"https:\/\/www.notibras.com\/site\/wp-content\/uploads\/2023\/01\/notibras23.png","width":350,"height":87,"caption":"Grupo Notibras de Comunica\u00e7\u00e3o"},"image":{"@id":"https:\/\/www.notibras.com\/site\/#\/schema\/logo\/image\/"},"sameAs":["https:\/\/www.facebook.com\/notibras\/","https:\/\/x.com\/Notibras","https:\/\/www.instagram.com\/notibras\/"]},{"@type":"Person","@id":"https:\/\/www.notibras.com\/site\/#\/schema\/person\/36ab0979449956132d3e5b517ea76ac8","name":"Reda\u00e7\u00e3o","image":{"@type":"ImageObject","inLanguage":"pt-BR","@id":"https:\/\/secure.gravatar.com\/avatar\/e0a867bdedb85fd243eadf09663511f96fc81e0720a4a42581f334ad4303aa6b?s=96&d=mm&r=g","url":"https:\/\/secure.gravatar.com\/avatar\/e0a867bdedb85fd243eadf09663511f96fc81e0720a4a42581f334ad4303aa6b?s=96&d=mm&r=g","contentUrl":"https:\/\/secure.gravatar.com\/avatar\/e0a867bdedb85fd243eadf09663511f96fc81e0720a4a42581f334ad4303aa6b?s=96&d=mm&r=g","caption":"Reda\u00e7\u00e3o"}}]}},"amp_enabled":true,"_links":{"self":[{"href":"https:\/\/www.notibras.com\/site\/wp-json\/wp\/v2\/posts\/308716","targetHints":{"allow":["GET"]}}],"collection":[{"href":"https:\/\/www.notibras.com\/site\/wp-json\/wp\/v2\/posts"}],"about":[{"href":"https:\/\/www.notibras.com\/site\/wp-json\/wp\/v2\/types\/post"}],"author":[{"embeddable":true,"href":"https:\/\/www.notibras.com\/site\/wp-json\/wp\/v2\/users\/2"}],"replies":[{"embeddable":true,"href":"https:\/\/www.notibras.com\/site\/wp-json\/wp\/v2\/comments?post=308716"}],"version-history":[{"count":1,"href":"https:\/\/www.notibras.com\/site\/wp-json\/wp\/v2\/posts\/308716\/revisions"}],"predecessor-version":[{"id":308718,"href":"https:\/\/www.notibras.com\/site\/wp-json\/wp\/v2\/posts\/308716\/revisions\/308718"}],"wp:featuredmedia":[{"embeddable":true,"href":"https:\/\/www.notibras.com\/site\/wp-json\/wp\/v2\/media\/308717"}],"wp:attachment":[{"href":"https:\/\/www.notibras.com\/site\/wp-json\/wp\/v2\/media?parent=308716"}],"wp:term":[{"taxonomy":"category","embeddable":true,"href":"https:\/\/www.notibras.com\/site\/wp-json\/wp\/v2\/categories?post=308716"},{"taxonomy":"post_tag","embeddable":true,"href":"https:\/\/www.notibras.com\/site\/wp-json\/wp\/v2\/tags?post=308716"}],"curies":[{"name":"wp","href":"https:\/\/api.w.org\/{rel}","templated":true}]}}