{"id":308740,"date":"2023-07-13T09:26:15","date_gmt":"2023-07-13T12:26:15","guid":{"rendered":"https:\/\/www.notibras.com\/site\/?p=308740"},"modified":"2023-07-13T12:00:17","modified_gmt":"2023-07-13T15:00:17","slug":"buriti-acusado-de-racismo-em-campanha-contra-queimadas","status":"publish","type":"post","link":"https:\/\/www.notibras.com\/site\/buriti-acusado-de-racismo-em-campanha-contra-queimadas\/","title":{"rendered":"Buriti acusado de racismo em campanha contra queimadas"},"content":{"rendered":"<p>Racismo estrutural e institucional. \u00c9 assim que est\u00e1 sendo considerada a mais nova campanha publicit\u00e1ria do Governo do Distrito Federal para combater as queimadas nessa j\u00e1 prolongada estiagem em Bras\u00edlia. A pe\u00e7a que ilustra a campanha \u00e9 criticada por diferentes motivos. Mas pega em cheio o governador Ibaneis Rocha (MDB), que se declara branco, e a loir\u00edssima vice-governadora Celina Le\u00e3o (PP).<\/p>\n<p>Inconformado com a imagem da campanha &#8211; um negro com os cabelos sendo incendiados -, o grupo ativista Afro Verdes divulgou na manh\u00e3 desta quinta-feira, 13, uma nota de rep\u00fadio. E h\u00e1 outras institui\u00e7\u00f5es representativas dos negros que amea\u00e7am acionar o Governo do Distrito Federal na Justi\u00e7a, para a devida retrata\u00e7\u00e3o.<\/p>\n<p><strong>Leia a nota do Afro Verdes:<\/strong><\/p>\n<p><em>&#8220;Vimos (por meio desta nota) expressar nosso veemente rep\u00fadio \u00e0 propaganda veiculada pelo governador do Distrito Federal, que utilizou de forma insens\u00edvel e ofensiva o cabelo Black Power de um jovem negro em chamas, associando-o \u00e0s queimadas. Consideramos essa a\u00e7\u00e3o extremamente irrespons\u00e1vel e desrespeitosa, perpetuando estere\u00f3tipos raciais e causando profundo desconforto \u00e0 comunidade negra.<\/em><\/p>\n<p><em>Embora reconhe\u00e7amos a import\u00e2ncia de combater as queimadas para a preserva\u00e7\u00e3o da natureza, n\u00e3o podemos tolerar a utiliza\u00e7\u00e3o de imagens degradantes que refor\u00e7am o racismo estrutural e violam a dignidade de indiv\u00edduos negros. A frase &#8220;combater as queimadas \u00e9 preservar nossa pr\u00f3pria natureza&#8221; \u00e9 verdadeira e relevante, mas o uso de uma imagem t\u00e3o insens\u00edvel enfraquece a mensagem e perpetua estere\u00f3tipos prejudiciais.<\/em><\/p>\n<p><em>Lembramos que lutar contra o racismo estrutural \u00e9 um dever de todos, e isso inclui os governantes, que devem ser exemplos de respeito e inclus\u00e3o. A imagem utilizada na propaganda \u00e9 profundamente degradante e desconsidera a hist\u00f3ria de luta e resist\u00eancia do povo negro.<\/em><\/p>\n<p><em>Repudiamos veementemente essa abordagem insens\u00edvel e exigimos que o governador do Distrito Federal se retrate publicamente, reconhecendo o erro cometido e se comprometendo a adotar medidas efetivas para combater o racismo estrutural em todas as esferas do governo.<\/em><\/p>\n<p><em>Refor\u00e7amos que a luta contra o racismo estrutural \u00e9 fundamental para preservar a vida e a dignidade da popula\u00e7\u00e3o negra. Devemos construir uma sociedade justa, igualit\u00e1ria e livre de estere\u00f3tipos que perpetuam a opress\u00e3o racial.<\/em><\/p>\n<p><em>O Afro Verdes se mant\u00e9m firme na defesa dos direitos e da dignidade da comunidade negra, e continuar\u00e1 a denunciar qualquer forma de discrimina\u00e7\u00e3o racial, seja ela expl\u00edcita ou velada. \u00c9 hora de unirmos for\u00e7as para construir um futuro onde a diversidade e a igualdade sejam valorizadas, em que todos possam viver sem medo, orgulhosos de suas ra\u00edzes e culturas.<\/em><\/p>\n","protected":false},"excerpt":{"rendered":"<p>Racismo estrutural e institucional. \u00c9 assim que est\u00e1 sendo considerada a mais nova campanha publicit\u00e1ria do Governo do Distrito Federal para combater as queimadas nessa j\u00e1 prolongada estiagem em Bras\u00edlia. A pe\u00e7a que ilustra a campanha \u00e9 criticada por diferentes motivos. Mas pega em cheio o governador Ibaneis Rocha (MDB), que se declara branco, e [&hellip;]<\/p>\n","protected":false},"author":2,"featured_media":308741,"comment_status":"closed","ping_status":"closed","sticky":false,"template":"","format":"standard","meta":{"_acf_changed":false,"footnotes":""},"categories":[161],"tags":[95],"class_list":["post-308740","post","type-post","status-publish","format-standard","has-post-thumbnail","hentry","category-quadradinho-em-foco","tag-capa"],"acf":[],"yoast_head":"<!-- This site is optimized with the Yoast SEO plugin v27.2 - https:\/\/yoast.com\/product\/yoast-seo-wordpress\/ -->\n<title>Buriti acusado de racismo em campanha contra queimadas - Notibras<\/title>\n<meta name=\"robots\" content=\"index, follow, max-snippet:-1, max-image-preview:large, max-video-preview:-1\" \/>\n<link rel=\"canonical\" href=\"https:\/\/www.notibras.com\/site\/buriti-acusado-de-racismo-em-campanha-contra-queimadas\/\" \/>\n<meta property=\"og:locale\" content=\"pt_BR\" \/>\n<meta property=\"og:type\" content=\"article\" \/>\n<meta property=\"og:title\" content=\"Buriti acusado de racismo em campanha contra queimadas - Notibras\" \/>\n<meta property=\"og:description\" content=\"Racismo estrutural e institucional. \u00c9 assim que est\u00e1 sendo considerada a mais nova campanha publicit\u00e1ria do Governo do Distrito Federal para combater as queimadas nessa j\u00e1 prolongada estiagem em Bras\u00edlia. A pe\u00e7a que ilustra a campanha \u00e9 criticada por diferentes motivos. Mas pega em cheio o governador Ibaneis Rocha (MDB), que se declara branco, e [&hellip;]\" \/>\n<meta property=\"og:url\" content=\"https:\/\/www.notibras.com\/site\/buriti-acusado-de-racismo-em-campanha-contra-queimadas\/\" \/>\n<meta property=\"og:site_name\" content=\"Notibras\" \/>\n<meta property=\"article:publisher\" content=\"https:\/\/www.facebook.com\/notibras\/\" \/>\n<meta property=\"article:published_time\" content=\"2023-07-13T12:26:15+00:00\" \/>\n<meta property=\"article:modified_time\" content=\"2023-07-13T15:00:17+00:00\" \/>\n<meta property=\"og:image\" content=\"https:\/\/www.notibras.com\/site\/wp-content\/uploads\/2023\/07\/d3d360a7-d511-47ac-9ae8-b6eadcf7206b.jpg\" \/>\n\t<meta property=\"og:image:width\" content=\"822\" \/>\n\t<meta property=\"og:image:height\" content=\"689\" \/>\n\t<meta property=\"og:image:type\" content=\"image\/jpeg\" \/>\n<meta name=\"author\" content=\"Reda\u00e7\u00e3o\" \/>\n<meta name=\"twitter:card\" content=\"summary_large_image\" \/>\n<meta name=\"twitter:creator\" content=\"@Notibras\" \/>\n<meta name=\"twitter:site\" content=\"@Notibras\" \/>\n<meta name=\"twitter:label1\" content=\"Escrito por\" \/>\n\t<meta name=\"twitter:data1\" content=\"Reda\u00e7\u00e3o\" \/>\n\t<meta name=\"twitter:label2\" content=\"Est. tempo de leitura\" \/>\n\t<meta name=\"twitter:data2\" content=\"3 minutos\" \/>\n<script type=\"application\/ld+json\" class=\"yoast-schema-graph\">{\"@context\":\"https:\/\/schema.org\",\"@graph\":[{\"@type\":\"Article\",\"@id\":\"https:\/\/www.notibras.com\/site\/buriti-acusado-de-racismo-em-campanha-contra-queimadas\/#article\",\"isPartOf\":{\"@id\":\"https:\/\/www.notibras.com\/site\/buriti-acusado-de-racismo-em-campanha-contra-queimadas\/\"},\"author\":{\"name\":\"Reda\u00e7\u00e3o\",\"@id\":\"https:\/\/www.notibras.com\/site\/#\/schema\/person\/36ab0979449956132d3e5b517ea76ac8\"},\"headline\":\"Buriti acusado de racismo em campanha contra queimadas\",\"datePublished\":\"2023-07-13T12:26:15+00:00\",\"dateModified\":\"2023-07-13T15:00:17+00:00\",\"mainEntityOfPage\":{\"@id\":\"https:\/\/www.notibras.com\/site\/buriti-acusado-de-racismo-em-campanha-contra-queimadas\/\"},\"wordCount\":448,\"publisher\":{\"@id\":\"https:\/\/www.notibras.com\/site\/#organization\"},\"image\":{\"@id\":\"https:\/\/www.notibras.com\/site\/buriti-acusado-de-racismo-em-campanha-contra-queimadas\/#primaryimage\"},\"thumbnailUrl\":\"https:\/\/www.notibras.com\/site\/wp-content\/uploads\/2023\/07\/d3d360a7-d511-47ac-9ae8-b6eadcf7206b.jpg\",\"keywords\":[\"capa\"],\"articleSection\":[\"Quadradinho em Foco\"],\"inLanguage\":\"pt-BR\"},{\"@type\":\"WebPage\",\"@id\":\"https:\/\/www.notibras.com\/site\/buriti-acusado-de-racismo-em-campanha-contra-queimadas\/\",\"url\":\"https:\/\/www.notibras.com\/site\/buriti-acusado-de-racismo-em-campanha-contra-queimadas\/\",\"name\":\"Buriti acusado de racismo em campanha contra queimadas - Notibras\",\"isPartOf\":{\"@id\":\"https:\/\/www.notibras.com\/site\/#website\"},\"primaryImageOfPage\":{\"@id\":\"https:\/\/www.notibras.com\/site\/buriti-acusado-de-racismo-em-campanha-contra-queimadas\/#primaryimage\"},\"image\":{\"@id\":\"https:\/\/www.notibras.com\/site\/buriti-acusado-de-racismo-em-campanha-contra-queimadas\/#primaryimage\"},\"thumbnailUrl\":\"https:\/\/www.notibras.com\/site\/wp-content\/uploads\/2023\/07\/d3d360a7-d511-47ac-9ae8-b6eadcf7206b.jpg\",\"datePublished\":\"2023-07-13T12:26:15+00:00\",\"dateModified\":\"2023-07-13T15:00:17+00:00\",\"breadcrumb\":{\"@id\":\"https:\/\/www.notibras.com\/site\/buriti-acusado-de-racismo-em-campanha-contra-queimadas\/#breadcrumb\"},\"inLanguage\":\"pt-BR\",\"potentialAction\":[{\"@type\":\"ReadAction\",\"target\":[\"https:\/\/www.notibras.com\/site\/buriti-acusado-de-racismo-em-campanha-contra-queimadas\/\"]}]},{\"@type\":\"ImageObject\",\"inLanguage\":\"pt-BR\",\"@id\":\"https:\/\/www.notibras.com\/site\/buriti-acusado-de-racismo-em-campanha-contra-queimadas\/#primaryimage\",\"url\":\"https:\/\/www.notibras.com\/site\/wp-content\/uploads\/2023\/07\/d3d360a7-d511-47ac-9ae8-b6eadcf7206b.jpg\",\"contentUrl\":\"https:\/\/www.notibras.com\/site\/wp-content\/uploads\/2023\/07\/d3d360a7-d511-47ac-9ae8-b6eadcf7206b.jpg\",\"width\":822,\"height\":689},{\"@type\":\"BreadcrumbList\",\"@id\":\"https:\/\/www.notibras.com\/site\/buriti-acusado-de-racismo-em-campanha-contra-queimadas\/#breadcrumb\",\"itemListElement\":[{\"@type\":\"ListItem\",\"position\":1,\"name\":\"In\u00edcio\",\"item\":\"https:\/\/www.notibras.com\/site\/\"},{\"@type\":\"ListItem\",\"position\":2,\"name\":\"Buriti acusado de racismo em campanha contra queimadas\"}]},{\"@type\":\"WebSite\",\"@id\":\"https:\/\/www.notibras.com\/site\/#website\",\"url\":\"https:\/\/www.notibras.com\/site\/\",\"name\":\"Notibras\",\"description\":\"Not\u00edcias de Bras\u00edlia, do Brasil e do Mundo\",\"publisher\":{\"@id\":\"https:\/\/www.notibras.com\/site\/#organization\"},\"potentialAction\":[{\"@type\":\"SearchAction\",\"target\":{\"@type\":\"EntryPoint\",\"urlTemplate\":\"https:\/\/www.notibras.com\/site\/?s={search_term_string}\"},\"query-input\":{\"@type\":\"PropertyValueSpecification\",\"valueRequired\":true,\"valueName\":\"search_term_string\"}}],\"inLanguage\":\"pt-BR\"},{\"@type\":\"Organization\",\"@id\":\"https:\/\/www.notibras.com\/site\/#organization\",\"name\":\"Grupo Notibras de Comunica\u00e7\u00e3o\",\"url\":\"https:\/\/www.notibras.com\/site\/\",\"logo\":{\"@type\":\"ImageObject\",\"inLanguage\":\"pt-BR\",\"@id\":\"https:\/\/www.notibras.com\/site\/#\/schema\/logo\/image\/\",\"url\":\"https:\/\/www.notibras.com\/site\/wp-content\/uploads\/2023\/01\/notibras23.png\",\"contentUrl\":\"https:\/\/www.notibras.com\/site\/wp-content\/uploads\/2023\/01\/notibras23.png\",\"width\":350,\"height\":87,\"caption\":\"Grupo Notibras de Comunica\u00e7\u00e3o\"},\"image\":{\"@id\":\"https:\/\/www.notibras.com\/site\/#\/schema\/logo\/image\/\"},\"sameAs\":[\"https:\/\/www.facebook.com\/notibras\/\",\"https:\/\/x.com\/Notibras\",\"https:\/\/www.instagram.com\/notibras\/\"]},{\"@type\":\"Person\",\"@id\":\"https:\/\/www.notibras.com\/site\/#\/schema\/person\/36ab0979449956132d3e5b517ea76ac8\",\"name\":\"Reda\u00e7\u00e3o\",\"image\":{\"@type\":\"ImageObject\",\"inLanguage\":\"pt-BR\",\"@id\":\"https:\/\/secure.gravatar.com\/avatar\/e0a867bdedb85fd243eadf09663511f96fc81e0720a4a42581f334ad4303aa6b?s=96&d=mm&r=g\",\"url\":\"https:\/\/secure.gravatar.com\/avatar\/e0a867bdedb85fd243eadf09663511f96fc81e0720a4a42581f334ad4303aa6b?s=96&d=mm&r=g\",\"contentUrl\":\"https:\/\/secure.gravatar.com\/avatar\/e0a867bdedb85fd243eadf09663511f96fc81e0720a4a42581f334ad4303aa6b?s=96&d=mm&r=g\",\"caption\":\"Reda\u00e7\u00e3o\"}}]}<\/script>\n<!-- \/ Yoast SEO plugin. -->","yoast_head_json":{"title":"Buriti acusado de racismo em campanha contra queimadas - Notibras","robots":{"index":"index","follow":"follow","max-snippet":"max-snippet:-1","max-image-preview":"max-image-preview:large","max-video-preview":"max-video-preview:-1"},"canonical":"https:\/\/www.notibras.com\/site\/buriti-acusado-de-racismo-em-campanha-contra-queimadas\/","og_locale":"pt_BR","og_type":"article","og_title":"Buriti acusado de racismo em campanha contra queimadas - Notibras","og_description":"Racismo estrutural e institucional. \u00c9 assim que est\u00e1 sendo considerada a mais nova campanha publicit\u00e1ria do Governo do Distrito Federal para combater as queimadas nessa j\u00e1 prolongada estiagem em Bras\u00edlia. A pe\u00e7a que ilustra a campanha \u00e9 criticada por diferentes motivos. Mas pega em cheio o governador Ibaneis Rocha (MDB), que se declara branco, e [&hellip;]","og_url":"https:\/\/www.notibras.com\/site\/buriti-acusado-de-racismo-em-campanha-contra-queimadas\/","og_site_name":"Notibras","article_publisher":"https:\/\/www.facebook.com\/notibras\/","article_published_time":"2023-07-13T12:26:15+00:00","article_modified_time":"2023-07-13T15:00:17+00:00","og_image":[{"width":822,"height":689,"url":"https:\/\/www.notibras.com\/site\/wp-content\/uploads\/2023\/07\/d3d360a7-d511-47ac-9ae8-b6eadcf7206b.jpg","type":"image\/jpeg"}],"author":"Reda\u00e7\u00e3o","twitter_card":"summary_large_image","twitter_creator":"@Notibras","twitter_site":"@Notibras","twitter_misc":{"Escrito por":"Reda\u00e7\u00e3o","Est. tempo de leitura":"3 minutos"},"schema":{"@context":"https:\/\/schema.org","@graph":[{"@type":"Article","@id":"https:\/\/www.notibras.com\/site\/buriti-acusado-de-racismo-em-campanha-contra-queimadas\/#article","isPartOf":{"@id":"https:\/\/www.notibras.com\/site\/buriti-acusado-de-racismo-em-campanha-contra-queimadas\/"},"author":{"name":"Reda\u00e7\u00e3o","@id":"https:\/\/www.notibras.com\/site\/#\/schema\/person\/36ab0979449956132d3e5b517ea76ac8"},"headline":"Buriti acusado de racismo em campanha contra queimadas","datePublished":"2023-07-13T12:26:15+00:00","dateModified":"2023-07-13T15:00:17+00:00","mainEntityOfPage":{"@id":"https:\/\/www.notibras.com\/site\/buriti-acusado-de-racismo-em-campanha-contra-queimadas\/"},"wordCount":448,"publisher":{"@id":"https:\/\/www.notibras.com\/site\/#organization"},"image":{"@id":"https:\/\/www.notibras.com\/site\/buriti-acusado-de-racismo-em-campanha-contra-queimadas\/#primaryimage"},"thumbnailUrl":"https:\/\/www.notibras.com\/site\/wp-content\/uploads\/2023\/07\/d3d360a7-d511-47ac-9ae8-b6eadcf7206b.jpg","keywords":["capa"],"articleSection":["Quadradinho em Foco"],"inLanguage":"pt-BR"},{"@type":"WebPage","@id":"https:\/\/www.notibras.com\/site\/buriti-acusado-de-racismo-em-campanha-contra-queimadas\/","url":"https:\/\/www.notibras.com\/site\/buriti-acusado-de-racismo-em-campanha-contra-queimadas\/","name":"Buriti acusado de racismo em campanha contra queimadas - Notibras","isPartOf":{"@id":"https:\/\/www.notibras.com\/site\/#website"},"primaryImageOfPage":{"@id":"https:\/\/www.notibras.com\/site\/buriti-acusado-de-racismo-em-campanha-contra-queimadas\/#primaryimage"},"image":{"@id":"https:\/\/www.notibras.com\/site\/buriti-acusado-de-racismo-em-campanha-contra-queimadas\/#primaryimage"},"thumbnailUrl":"https:\/\/www.notibras.com\/site\/wp-content\/uploads\/2023\/07\/d3d360a7-d511-47ac-9ae8-b6eadcf7206b.jpg","datePublished":"2023-07-13T12:26:15+00:00","dateModified":"2023-07-13T15:00:17+00:00","breadcrumb":{"@id":"https:\/\/www.notibras.com\/site\/buriti-acusado-de-racismo-em-campanha-contra-queimadas\/#breadcrumb"},"inLanguage":"pt-BR","potentialAction":[{"@type":"ReadAction","target":["https:\/\/www.notibras.com\/site\/buriti-acusado-de-racismo-em-campanha-contra-queimadas\/"]}]},{"@type":"ImageObject","inLanguage":"pt-BR","@id":"https:\/\/www.notibras.com\/site\/buriti-acusado-de-racismo-em-campanha-contra-queimadas\/#primaryimage","url":"https:\/\/www.notibras.com\/site\/wp-content\/uploads\/2023\/07\/d3d360a7-d511-47ac-9ae8-b6eadcf7206b.jpg","contentUrl":"https:\/\/www.notibras.com\/site\/wp-content\/uploads\/2023\/07\/d3d360a7-d511-47ac-9ae8-b6eadcf7206b.jpg","width":822,"height":689},{"@type":"BreadcrumbList","@id":"https:\/\/www.notibras.com\/site\/buriti-acusado-de-racismo-em-campanha-contra-queimadas\/#breadcrumb","itemListElement":[{"@type":"ListItem","position":1,"name":"In\u00edcio","item":"https:\/\/www.notibras.com\/site\/"},{"@type":"ListItem","position":2,"name":"Buriti acusado de racismo em campanha contra queimadas"}]},{"@type":"WebSite","@id":"https:\/\/www.notibras.com\/site\/#website","url":"https:\/\/www.notibras.com\/site\/","name":"Notibras","description":"Not\u00edcias de Bras\u00edlia, do Brasil e do Mundo","publisher":{"@id":"https:\/\/www.notibras.com\/site\/#organization"},"potentialAction":[{"@type":"SearchAction","target":{"@type":"EntryPoint","urlTemplate":"https:\/\/www.notibras.com\/site\/?s={search_term_string}"},"query-input":{"@type":"PropertyValueSpecification","valueRequired":true,"valueName":"search_term_string"}}],"inLanguage":"pt-BR"},{"@type":"Organization","@id":"https:\/\/www.notibras.com\/site\/#organization","name":"Grupo Notibras de Comunica\u00e7\u00e3o","url":"https:\/\/www.notibras.com\/site\/","logo":{"@type":"ImageObject","inLanguage":"pt-BR","@id":"https:\/\/www.notibras.com\/site\/#\/schema\/logo\/image\/","url":"https:\/\/www.notibras.com\/site\/wp-content\/uploads\/2023\/01\/notibras23.png","contentUrl":"https:\/\/www.notibras.com\/site\/wp-content\/uploads\/2023\/01\/notibras23.png","width":350,"height":87,"caption":"Grupo Notibras de Comunica\u00e7\u00e3o"},"image":{"@id":"https:\/\/www.notibras.com\/site\/#\/schema\/logo\/image\/"},"sameAs":["https:\/\/www.facebook.com\/notibras\/","https:\/\/x.com\/Notibras","https:\/\/www.instagram.com\/notibras\/"]},{"@type":"Person","@id":"https:\/\/www.notibras.com\/site\/#\/schema\/person\/36ab0979449956132d3e5b517ea76ac8","name":"Reda\u00e7\u00e3o","image":{"@type":"ImageObject","inLanguage":"pt-BR","@id":"https:\/\/secure.gravatar.com\/avatar\/e0a867bdedb85fd243eadf09663511f96fc81e0720a4a42581f334ad4303aa6b?s=96&d=mm&r=g","url":"https:\/\/secure.gravatar.com\/avatar\/e0a867bdedb85fd243eadf09663511f96fc81e0720a4a42581f334ad4303aa6b?s=96&d=mm&r=g","contentUrl":"https:\/\/secure.gravatar.com\/avatar\/e0a867bdedb85fd243eadf09663511f96fc81e0720a4a42581f334ad4303aa6b?s=96&d=mm&r=g","caption":"Reda\u00e7\u00e3o"}}]}},"amp_enabled":true,"_links":{"self":[{"href":"https:\/\/www.notibras.com\/site\/wp-json\/wp\/v2\/posts\/308740","targetHints":{"allow":["GET"]}}],"collection":[{"href":"https:\/\/www.notibras.com\/site\/wp-json\/wp\/v2\/posts"}],"about":[{"href":"https:\/\/www.notibras.com\/site\/wp-json\/wp\/v2\/types\/post"}],"author":[{"embeddable":true,"href":"https:\/\/www.notibras.com\/site\/wp-json\/wp\/v2\/users\/2"}],"replies":[{"embeddable":true,"href":"https:\/\/www.notibras.com\/site\/wp-json\/wp\/v2\/comments?post=308740"}],"version-history":[{"count":4,"href":"https:\/\/www.notibras.com\/site\/wp-json\/wp\/v2\/posts\/308740\/revisions"}],"predecessor-version":[{"id":308749,"href":"https:\/\/www.notibras.com\/site\/wp-json\/wp\/v2\/posts\/308740\/revisions\/308749"}],"wp:featuredmedia":[{"embeddable":true,"href":"https:\/\/www.notibras.com\/site\/wp-json\/wp\/v2\/media\/308741"}],"wp:attachment":[{"href":"https:\/\/www.notibras.com\/site\/wp-json\/wp\/v2\/media?parent=308740"}],"wp:term":[{"taxonomy":"category","embeddable":true,"href":"https:\/\/www.notibras.com\/site\/wp-json\/wp\/v2\/categories?post=308740"},{"taxonomy":"post_tag","embeddable":true,"href":"https:\/\/www.notibras.com\/site\/wp-json\/wp\/v2\/tags?post=308740"}],"curies":[{"name":"wp","href":"https:\/\/api.w.org\/{rel}","templated":true}]}}