{"id":308759,"date":"2023-07-14T03:19:44","date_gmt":"2023-07-14T06:19:44","guid":{"rendered":"https:\/\/www.notibras.com\/site\/?p=308759"},"modified":"2023-07-14T03:19:44","modified_gmt":"2023-07-14T06:19:44","slug":"cerrado-precisa-de-atencao-ou-sera-o-fim-de-mais-um-bioma","status":"publish","type":"post","link":"https:\/\/www.notibras.com\/site\/cerrado-precisa-de-atencao-ou-sera-o-fim-de-mais-um-bioma\/","title":{"rendered":"Cerrado precisa de aten\u00e7\u00e3o ou ser\u00e1 o fim de mais um bioma"},"content":{"rendered":"<p>A not\u00edcia do recorde de desmatamento no Cerrado no primeiro quadrimestre deste ano pode parecer apenas mais um cap\u00edtulo da emerg\u00eancia ambiental que vivemos, aqui e no restante do planeta. A dimens\u00e3o da destrui\u00e7\u00e3o, no entanto, \u00e9 alarmante: 2.206 km\u00b2, o equivalente a aproximadamente duas vezes o tamanho de Bel\u00e9m (PA).<\/p>\n<p>O Cerrado \u00e9 respons\u00e1vel pela \u00e1gua de quase 70% das bacias hidrogr\u00e1ficas do Brasil. Estamos falando da savana mais rica do planeta, que ocupa 23% do pa\u00eds, abriga 5% da biodiversidade de todo o mundo e possui mais esp\u00e9cies de plantas com flores do que a pr\u00f3pria Amaz\u00f4nia.<\/p>\n<p>Nesse sentido, t\u00e3o importante quanto os esfor\u00e7os empreendidos para combater o desmatamento na Amaz\u00f4nia, uma a\u00e7\u00e3o efetiva para a conserva\u00e7\u00e3o e a recupera\u00e7\u00e3o do Cerrado \u00e9 fundamental e urgente. Esses dois biomas est\u00e3o no centro dos esfor\u00e7os necess\u00e1rios para o cumprimento das metas globais de conserva\u00e7\u00e3o e restaura\u00e7\u00e3o de ecossistemas, acordadas por quase 200 pa\u00edses na Confer\u00eancia da Biodiversidade da ONU (COP-15), em dezembro de 2022.<\/p>\n<p>A Plangea Web, plataforma gratuita desenvolvida pelo Instituto Internacional para Sustentabilidade (IIS), pode auxiliar empresas, governos e o terceiro setor na tomada de decis\u00f5es sobre a\u00e7\u00f5es de conserva\u00e7\u00e3o e restaura\u00e7\u00e3o. Aplicando, de forma in\u00e9dita, programa\u00e7\u00e3o linear inteira ao uso integrado da terra, a plataforma identifica os locais mais importantes para o alcance das metas, considerando redu\u00e7\u00e3o do risco de extin\u00e7\u00e3o das esp\u00e9cies, integridade de ecossistemas, vulnerabilidade de ecorregi\u00f5es, potencial de sequestro de carbono e custos de oportunidade e de implementa\u00e7\u00e3o da restaura\u00e7\u00e3o.<\/p>\n<p>A plataforma permite visualizar, por exemplo, que o Cerrado e a Amaz\u00f4nia abrigam 11,3% das \u00e1reas priorit\u00e1rias para conserva\u00e7\u00e3o no mundo, vislumbrando as metas globais da COP 15 para restaurar (Meta 2) e conservar (Meta 3) 30% dos ecossistemas at\u00e9 2030.<\/p>\n<p>Com base nessas metas, as a\u00e7\u00f5es de conserva\u00e7\u00e3o realizadas em \u00e1reas priorit\u00e1rias podem reduzir em 65% as amea\u00e7as \u00e0 biodiversidade, o que representa um ganho de 31% comparado a iniciativas desenvolvidas fora das \u00e1reas priorit\u00e1rias. O potencial de di\u00f3xido de carbono armazenado chega a 1.600 gigatoneladas, mais que o dobro da quantidade de carbono que seria armazenada em \u00e1reas n\u00e3o priorit\u00e1rias.<\/p>\n<p>Considerando o avan\u00e7o da fronteira agr\u00edcola como uma das maiores amea\u00e7as aos ecossistemas, \u00e9 necess\u00e1rio atingir um equil\u00edbrio entre produ\u00e7\u00e3o agr\u00edcola e conserva\u00e7\u00e3o, identificando as \u00e1reas com maior aptid\u00e3o para cada atividade. Nesse sentido, a plataforma do IIS tamb\u00e9m analisa crit\u00e9rios de minimiza\u00e7\u00e3o de custos, como o custo de oportunidade da terra, que pode variar de US$ 3.201 a US$ 291 por hectare a ser conservado. Isso representa uma economia de at\u00e9 92% na renda que os propriet\u00e1rios rurais deixariam de abrir m\u00e3o para garantir a conserva\u00e7\u00e3o da natureza ao n\u00e3o usar a terra para a produ\u00e7\u00e3o agropecu\u00e1ria.<\/p>\n<p>No caso do Cerrado, \u00e9 poss\u00edvel visualizar que, dentre os 341 munic\u00edpios que comp\u00f5em o bioma com alertas de desmatamento desde 2018, 273 est\u00e3o em \u00e1reas globalmente priorit\u00e1rias para conserva\u00e7\u00e3o. Os munic\u00edpios com as maiores taxas de desmatamento neste ano \u2013 S\u00e3o Desid\u00e9rio (BA), Alto Parna\u00edba (MA), Rio Sono (TO), Niquel\u00e2ndia (GO) e Balsas (MA) \u2013 aparecem no mapa de \u00e1reas priorit\u00e1rias, indicando uma grande perda n\u00e3o apenas em vegeta\u00e7\u00e3o natural, mas tamb\u00e9m em biodiversidade. J\u00e1 na Amaz\u00f4nia, os alertas de desmatamentos em 288 munic\u00edpios \u2013 do total de 324 \u2013 foram em \u00e1reas de particular interesse para biodiversidade e mitiga\u00e7\u00e3o das mudan\u00e7as clim\u00e1ticas.<\/p>\n<p>As amea\u00e7as \u00e0 biodiversidade e as altera\u00e7\u00f5es clim\u00e1ticas s\u00e3o apenas alguns dos impactos resultantes desse desafio. Afinal, o desmatamento do Cerrado e da Amaz\u00f4nia tamb\u00e9m extingue as culturas dos povos e comunidades tradicionais da regi\u00e3o e a economia local. Portanto, combater o desmatamento e a degrada\u00e7\u00e3o florestal \u00e9 um passo estrat\u00e9gico na tomada de decis\u00e3o de governos no caminho de um desenvolvimento sustent\u00e1vel.<\/p>\n<p>Contudo, temos que ir al\u00e9m do controle do desmatamento. Muitas \u00e1reas agr\u00edcolas podem ser melhor utilizadas com t\u00e9cnicas e manejo mais eficientes. Dessa forma, \u00e1reas poupadas \u2013 principalmente aquelas hoje ocupadas com pastagens degradadas \u2013 poderiam ser restauradas, gerando valiosos benef\u00edcios para a conserva\u00e7\u00e3o da biodiversidade e a mitiga\u00e7\u00e3o das mudan\u00e7as clim\u00e1ticas.<\/p>\n<p>O planejamento estrat\u00e9gico do uso da terra deve ser trabalhado em diferentes escalas, pensando em integrar metas de acordos globais com estrat\u00e9gias subnacionais e aprimorando a aplicabilidade e os resultados das interven\u00e7\u00f5es. Afinal, o territ\u00f3rio \u00e9 um espa\u00e7o coletivo que deve gerar benef\u00edcios e favorecer a todos, incluindo as pessoas e o restante da natureza.<\/p>\n","protected":false},"excerpt":{"rendered":"<p>A not\u00edcia do recorde de desmatamento no Cerrado no primeiro quadrimestre deste ano pode parecer apenas mais um cap\u00edtulo da emerg\u00eancia ambiental que vivemos, aqui e no restante do planeta. A dimens\u00e3o da destrui\u00e7\u00e3o, no entanto, \u00e9 alarmante: 2.206 km\u00b2, o equivalente a aproximadamente duas vezes o tamanho de Bel\u00e9m (PA). O Cerrado \u00e9 respons\u00e1vel [&hellip;]<\/p>\n","protected":false},"author":2,"featured_media":308760,"comment_status":"closed","ping_status":"closed","sticky":false,"template":"","format":"standard","meta":{"_acf_changed":false,"footnotes":""},"categories":[161],"tags":[95],"class_list":["post-308759","post","type-post","status-publish","format-standard","has-post-thumbnail","hentry","category-quadradinho-em-foco","tag-capa"],"acf":[],"yoast_head":"<!-- This site is optimized with the Yoast SEO plugin v27.2 - https:\/\/yoast.com\/product\/yoast-seo-wordpress\/ -->\n<title>Cerrado precisa de aten\u00e7\u00e3o ou ser\u00e1 o fim de mais um bioma - Notibras<\/title>\n<meta name=\"robots\" content=\"index, follow, max-snippet:-1, max-image-preview:large, max-video-preview:-1\" \/>\n<link rel=\"canonical\" href=\"https:\/\/www.notibras.com\/site\/cerrado-precisa-de-atencao-ou-sera-o-fim-de-mais-um-bioma\/\" \/>\n<meta property=\"og:locale\" content=\"pt_BR\" \/>\n<meta property=\"og:type\" content=\"article\" \/>\n<meta property=\"og:title\" content=\"Cerrado precisa de aten\u00e7\u00e3o ou ser\u00e1 o fim de mais um bioma - Notibras\" \/>\n<meta property=\"og:description\" content=\"A not\u00edcia do recorde de desmatamento no Cerrado no primeiro quadrimestre deste ano pode parecer apenas mais um cap\u00edtulo da emerg\u00eancia ambiental que vivemos, aqui e no restante do planeta. A dimens\u00e3o da destrui\u00e7\u00e3o, no entanto, \u00e9 alarmante: 2.206 km\u00b2, o equivalente a aproximadamente duas vezes o tamanho de Bel\u00e9m (PA). O Cerrado \u00e9 respons\u00e1vel [&hellip;]\" \/>\n<meta property=\"og:url\" content=\"https:\/\/www.notibras.com\/site\/cerrado-precisa-de-atencao-ou-sera-o-fim-de-mais-um-bioma\/\" \/>\n<meta property=\"og:site_name\" content=\"Notibras\" \/>\n<meta property=\"article:publisher\" content=\"https:\/\/www.facebook.com\/notibras\/\" \/>\n<meta property=\"article:published_time\" content=\"2023-07-14T06:19:44+00:00\" \/>\n<meta property=\"og:image\" content=\"https:\/\/www.notibras.com\/site\/wp-content\/uploads\/2023\/07\/cerradodesmatasdo.webp\" \/>\n\t<meta property=\"og:image:width\" content=\"696\" \/>\n\t<meta property=\"og:image:height\" content=\"416\" \/>\n\t<meta property=\"og:image:type\" content=\"image\/webp\" \/>\n<meta name=\"author\" content=\"Reda\u00e7\u00e3o\" \/>\n<meta name=\"twitter:card\" content=\"summary_large_image\" \/>\n<meta name=\"twitter:creator\" content=\"@Notibras\" \/>\n<meta name=\"twitter:site\" content=\"@Notibras\" \/>\n<meta name=\"twitter:label1\" content=\"Escrito por\" \/>\n\t<meta name=\"twitter:data1\" content=\"Reda\u00e7\u00e3o\" \/>\n\t<meta name=\"twitter:label2\" content=\"Est. tempo de leitura\" \/>\n\t<meta name=\"twitter:data2\" content=\"4 minutos\" \/>\n<script type=\"application\/ld+json\" class=\"yoast-schema-graph\">{\"@context\":\"https:\/\/schema.org\",\"@graph\":[{\"@type\":\"Article\",\"@id\":\"https:\/\/www.notibras.com\/site\/cerrado-precisa-de-atencao-ou-sera-o-fim-de-mais-um-bioma\/#article\",\"isPartOf\":{\"@id\":\"https:\/\/www.notibras.com\/site\/cerrado-precisa-de-atencao-ou-sera-o-fim-de-mais-um-bioma\/\"},\"author\":{\"name\":\"Reda\u00e7\u00e3o\",\"@id\":\"https:\/\/www.notibras.com\/site\/#\/schema\/person\/36ab0979449956132d3e5b517ea76ac8\"},\"headline\":\"Cerrado precisa de aten\u00e7\u00e3o ou ser\u00e1 o fim de mais um bioma\",\"datePublished\":\"2023-07-14T06:19:44+00:00\",\"mainEntityOfPage\":{\"@id\":\"https:\/\/www.notibras.com\/site\/cerrado-precisa-de-atencao-ou-sera-o-fim-de-mais-um-bioma\/\"},\"wordCount\":807,\"publisher\":{\"@id\":\"https:\/\/www.notibras.com\/site\/#organization\"},\"image\":{\"@id\":\"https:\/\/www.notibras.com\/site\/cerrado-precisa-de-atencao-ou-sera-o-fim-de-mais-um-bioma\/#primaryimage\"},\"thumbnailUrl\":\"https:\/\/www.notibras.com\/site\/wp-content\/uploads\/2023\/07\/cerradodesmatasdo.webp\",\"keywords\":[\"capa\"],\"articleSection\":[\"Quadradinho em Foco\"],\"inLanguage\":\"pt-BR\"},{\"@type\":\"WebPage\",\"@id\":\"https:\/\/www.notibras.com\/site\/cerrado-precisa-de-atencao-ou-sera-o-fim-de-mais-um-bioma\/\",\"url\":\"https:\/\/www.notibras.com\/site\/cerrado-precisa-de-atencao-ou-sera-o-fim-de-mais-um-bioma\/\",\"name\":\"Cerrado precisa de aten\u00e7\u00e3o ou ser\u00e1 o fim de mais um bioma - Notibras\",\"isPartOf\":{\"@id\":\"https:\/\/www.notibras.com\/site\/#website\"},\"primaryImageOfPage\":{\"@id\":\"https:\/\/www.notibras.com\/site\/cerrado-precisa-de-atencao-ou-sera-o-fim-de-mais-um-bioma\/#primaryimage\"},\"image\":{\"@id\":\"https:\/\/www.notibras.com\/site\/cerrado-precisa-de-atencao-ou-sera-o-fim-de-mais-um-bioma\/#primaryimage\"},\"thumbnailUrl\":\"https:\/\/www.notibras.com\/site\/wp-content\/uploads\/2023\/07\/cerradodesmatasdo.webp\",\"datePublished\":\"2023-07-14T06:19:44+00:00\",\"breadcrumb\":{\"@id\":\"https:\/\/www.notibras.com\/site\/cerrado-precisa-de-atencao-ou-sera-o-fim-de-mais-um-bioma\/#breadcrumb\"},\"inLanguage\":\"pt-BR\",\"potentialAction\":[{\"@type\":\"ReadAction\",\"target\":[\"https:\/\/www.notibras.com\/site\/cerrado-precisa-de-atencao-ou-sera-o-fim-de-mais-um-bioma\/\"]}]},{\"@type\":\"ImageObject\",\"inLanguage\":\"pt-BR\",\"@id\":\"https:\/\/www.notibras.com\/site\/cerrado-precisa-de-atencao-ou-sera-o-fim-de-mais-um-bioma\/#primaryimage\",\"url\":\"https:\/\/www.notibras.com\/site\/wp-content\/uploads\/2023\/07\/cerradodesmatasdo.webp\",\"contentUrl\":\"https:\/\/www.notibras.com\/site\/wp-content\/uploads\/2023\/07\/cerradodesmatasdo.webp\",\"width\":696,\"height\":416},{\"@type\":\"BreadcrumbList\",\"@id\":\"https:\/\/www.notibras.com\/site\/cerrado-precisa-de-atencao-ou-sera-o-fim-de-mais-um-bioma\/#breadcrumb\",\"itemListElement\":[{\"@type\":\"ListItem\",\"position\":1,\"name\":\"In\u00edcio\",\"item\":\"https:\/\/www.notibras.com\/site\/\"},{\"@type\":\"ListItem\",\"position\":2,\"name\":\"Cerrado precisa de aten\u00e7\u00e3o ou ser\u00e1 o fim de mais um bioma\"}]},{\"@type\":\"WebSite\",\"@id\":\"https:\/\/www.notibras.com\/site\/#website\",\"url\":\"https:\/\/www.notibras.com\/site\/\",\"name\":\"Notibras\",\"description\":\"Not\u00edcias de Bras\u00edlia, do Brasil e do Mundo\",\"publisher\":{\"@id\":\"https:\/\/www.notibras.com\/site\/#organization\"},\"potentialAction\":[{\"@type\":\"SearchAction\",\"target\":{\"@type\":\"EntryPoint\",\"urlTemplate\":\"https:\/\/www.notibras.com\/site\/?s={search_term_string}\"},\"query-input\":{\"@type\":\"PropertyValueSpecification\",\"valueRequired\":true,\"valueName\":\"search_term_string\"}}],\"inLanguage\":\"pt-BR\"},{\"@type\":\"Organization\",\"@id\":\"https:\/\/www.notibras.com\/site\/#organization\",\"name\":\"Grupo Notibras de Comunica\u00e7\u00e3o\",\"url\":\"https:\/\/www.notibras.com\/site\/\",\"logo\":{\"@type\":\"ImageObject\",\"inLanguage\":\"pt-BR\",\"@id\":\"https:\/\/www.notibras.com\/site\/#\/schema\/logo\/image\/\",\"url\":\"https:\/\/www.notibras.com\/site\/wp-content\/uploads\/2023\/01\/notibras23.png\",\"contentUrl\":\"https:\/\/www.notibras.com\/site\/wp-content\/uploads\/2023\/01\/notibras23.png\",\"width\":350,\"height\":87,\"caption\":\"Grupo Notibras de Comunica\u00e7\u00e3o\"},\"image\":{\"@id\":\"https:\/\/www.notibras.com\/site\/#\/schema\/logo\/image\/\"},\"sameAs\":[\"https:\/\/www.facebook.com\/notibras\/\",\"https:\/\/x.com\/Notibras\",\"https:\/\/www.instagram.com\/notibras\/\"]},{\"@type\":\"Person\",\"@id\":\"https:\/\/www.notibras.com\/site\/#\/schema\/person\/36ab0979449956132d3e5b517ea76ac8\",\"name\":\"Reda\u00e7\u00e3o\",\"image\":{\"@type\":\"ImageObject\",\"inLanguage\":\"pt-BR\",\"@id\":\"https:\/\/secure.gravatar.com\/avatar\/e0a867bdedb85fd243eadf09663511f96fc81e0720a4a42581f334ad4303aa6b?s=96&d=mm&r=g\",\"url\":\"https:\/\/secure.gravatar.com\/avatar\/e0a867bdedb85fd243eadf09663511f96fc81e0720a4a42581f334ad4303aa6b?s=96&d=mm&r=g\",\"contentUrl\":\"https:\/\/secure.gravatar.com\/avatar\/e0a867bdedb85fd243eadf09663511f96fc81e0720a4a42581f334ad4303aa6b?s=96&d=mm&r=g\",\"caption\":\"Reda\u00e7\u00e3o\"}}]}<\/script>\n<!-- \/ Yoast SEO plugin. -->","yoast_head_json":{"title":"Cerrado precisa de aten\u00e7\u00e3o ou ser\u00e1 o fim de mais um bioma - Notibras","robots":{"index":"index","follow":"follow","max-snippet":"max-snippet:-1","max-image-preview":"max-image-preview:large","max-video-preview":"max-video-preview:-1"},"canonical":"https:\/\/www.notibras.com\/site\/cerrado-precisa-de-atencao-ou-sera-o-fim-de-mais-um-bioma\/","og_locale":"pt_BR","og_type":"article","og_title":"Cerrado precisa de aten\u00e7\u00e3o ou ser\u00e1 o fim de mais um bioma - Notibras","og_description":"A not\u00edcia do recorde de desmatamento no Cerrado no primeiro quadrimestre deste ano pode parecer apenas mais um cap\u00edtulo da emerg\u00eancia ambiental que vivemos, aqui e no restante do planeta. A dimens\u00e3o da destrui\u00e7\u00e3o, no entanto, \u00e9 alarmante: 2.206 km\u00b2, o equivalente a aproximadamente duas vezes o tamanho de Bel\u00e9m (PA). O Cerrado \u00e9 respons\u00e1vel [&hellip;]","og_url":"https:\/\/www.notibras.com\/site\/cerrado-precisa-de-atencao-ou-sera-o-fim-de-mais-um-bioma\/","og_site_name":"Notibras","article_publisher":"https:\/\/www.facebook.com\/notibras\/","article_published_time":"2023-07-14T06:19:44+00:00","og_image":[{"width":696,"height":416,"url":"https:\/\/www.notibras.com\/site\/wp-content\/uploads\/2023\/07\/cerradodesmatasdo.webp","type":"image\/webp"}],"author":"Reda\u00e7\u00e3o","twitter_card":"summary_large_image","twitter_creator":"@Notibras","twitter_site":"@Notibras","twitter_misc":{"Escrito por":"Reda\u00e7\u00e3o","Est. tempo de leitura":"4 minutos"},"schema":{"@context":"https:\/\/schema.org","@graph":[{"@type":"Article","@id":"https:\/\/www.notibras.com\/site\/cerrado-precisa-de-atencao-ou-sera-o-fim-de-mais-um-bioma\/#article","isPartOf":{"@id":"https:\/\/www.notibras.com\/site\/cerrado-precisa-de-atencao-ou-sera-o-fim-de-mais-um-bioma\/"},"author":{"name":"Reda\u00e7\u00e3o","@id":"https:\/\/www.notibras.com\/site\/#\/schema\/person\/36ab0979449956132d3e5b517ea76ac8"},"headline":"Cerrado precisa de aten\u00e7\u00e3o ou ser\u00e1 o fim de mais um bioma","datePublished":"2023-07-14T06:19:44+00:00","mainEntityOfPage":{"@id":"https:\/\/www.notibras.com\/site\/cerrado-precisa-de-atencao-ou-sera-o-fim-de-mais-um-bioma\/"},"wordCount":807,"publisher":{"@id":"https:\/\/www.notibras.com\/site\/#organization"},"image":{"@id":"https:\/\/www.notibras.com\/site\/cerrado-precisa-de-atencao-ou-sera-o-fim-de-mais-um-bioma\/#primaryimage"},"thumbnailUrl":"https:\/\/www.notibras.com\/site\/wp-content\/uploads\/2023\/07\/cerradodesmatasdo.webp","keywords":["capa"],"articleSection":["Quadradinho em Foco"],"inLanguage":"pt-BR"},{"@type":"WebPage","@id":"https:\/\/www.notibras.com\/site\/cerrado-precisa-de-atencao-ou-sera-o-fim-de-mais-um-bioma\/","url":"https:\/\/www.notibras.com\/site\/cerrado-precisa-de-atencao-ou-sera-o-fim-de-mais-um-bioma\/","name":"Cerrado precisa de aten\u00e7\u00e3o ou ser\u00e1 o fim de mais um bioma - Notibras","isPartOf":{"@id":"https:\/\/www.notibras.com\/site\/#website"},"primaryImageOfPage":{"@id":"https:\/\/www.notibras.com\/site\/cerrado-precisa-de-atencao-ou-sera-o-fim-de-mais-um-bioma\/#primaryimage"},"image":{"@id":"https:\/\/www.notibras.com\/site\/cerrado-precisa-de-atencao-ou-sera-o-fim-de-mais-um-bioma\/#primaryimage"},"thumbnailUrl":"https:\/\/www.notibras.com\/site\/wp-content\/uploads\/2023\/07\/cerradodesmatasdo.webp","datePublished":"2023-07-14T06:19:44+00:00","breadcrumb":{"@id":"https:\/\/www.notibras.com\/site\/cerrado-precisa-de-atencao-ou-sera-o-fim-de-mais-um-bioma\/#breadcrumb"},"inLanguage":"pt-BR","potentialAction":[{"@type":"ReadAction","target":["https:\/\/www.notibras.com\/site\/cerrado-precisa-de-atencao-ou-sera-o-fim-de-mais-um-bioma\/"]}]},{"@type":"ImageObject","inLanguage":"pt-BR","@id":"https:\/\/www.notibras.com\/site\/cerrado-precisa-de-atencao-ou-sera-o-fim-de-mais-um-bioma\/#primaryimage","url":"https:\/\/www.notibras.com\/site\/wp-content\/uploads\/2023\/07\/cerradodesmatasdo.webp","contentUrl":"https:\/\/www.notibras.com\/site\/wp-content\/uploads\/2023\/07\/cerradodesmatasdo.webp","width":696,"height":416},{"@type":"BreadcrumbList","@id":"https:\/\/www.notibras.com\/site\/cerrado-precisa-de-atencao-ou-sera-o-fim-de-mais-um-bioma\/#breadcrumb","itemListElement":[{"@type":"ListItem","position":1,"name":"In\u00edcio","item":"https:\/\/www.notibras.com\/site\/"},{"@type":"ListItem","position":2,"name":"Cerrado precisa de aten\u00e7\u00e3o ou ser\u00e1 o fim de mais um bioma"}]},{"@type":"WebSite","@id":"https:\/\/www.notibras.com\/site\/#website","url":"https:\/\/www.notibras.com\/site\/","name":"Notibras","description":"Not\u00edcias de Bras\u00edlia, do Brasil e do Mundo","publisher":{"@id":"https:\/\/www.notibras.com\/site\/#organization"},"potentialAction":[{"@type":"SearchAction","target":{"@type":"EntryPoint","urlTemplate":"https:\/\/www.notibras.com\/site\/?s={search_term_string}"},"query-input":{"@type":"PropertyValueSpecification","valueRequired":true,"valueName":"search_term_string"}}],"inLanguage":"pt-BR"},{"@type":"Organization","@id":"https:\/\/www.notibras.com\/site\/#organization","name":"Grupo Notibras de Comunica\u00e7\u00e3o","url":"https:\/\/www.notibras.com\/site\/","logo":{"@type":"ImageObject","inLanguage":"pt-BR","@id":"https:\/\/www.notibras.com\/site\/#\/schema\/logo\/image\/","url":"https:\/\/www.notibras.com\/site\/wp-content\/uploads\/2023\/01\/notibras23.png","contentUrl":"https:\/\/www.notibras.com\/site\/wp-content\/uploads\/2023\/01\/notibras23.png","width":350,"height":87,"caption":"Grupo Notibras de Comunica\u00e7\u00e3o"},"image":{"@id":"https:\/\/www.notibras.com\/site\/#\/schema\/logo\/image\/"},"sameAs":["https:\/\/www.facebook.com\/notibras\/","https:\/\/x.com\/Notibras","https:\/\/www.instagram.com\/notibras\/"]},{"@type":"Person","@id":"https:\/\/www.notibras.com\/site\/#\/schema\/person\/36ab0979449956132d3e5b517ea76ac8","name":"Reda\u00e7\u00e3o","image":{"@type":"ImageObject","inLanguage":"pt-BR","@id":"https:\/\/secure.gravatar.com\/avatar\/e0a867bdedb85fd243eadf09663511f96fc81e0720a4a42581f334ad4303aa6b?s=96&d=mm&r=g","url":"https:\/\/secure.gravatar.com\/avatar\/e0a867bdedb85fd243eadf09663511f96fc81e0720a4a42581f334ad4303aa6b?s=96&d=mm&r=g","contentUrl":"https:\/\/secure.gravatar.com\/avatar\/e0a867bdedb85fd243eadf09663511f96fc81e0720a4a42581f334ad4303aa6b?s=96&d=mm&r=g","caption":"Reda\u00e7\u00e3o"}}]}},"amp_enabled":true,"_links":{"self":[{"href":"https:\/\/www.notibras.com\/site\/wp-json\/wp\/v2\/posts\/308759","targetHints":{"allow":["GET"]}}],"collection":[{"href":"https:\/\/www.notibras.com\/site\/wp-json\/wp\/v2\/posts"}],"about":[{"href":"https:\/\/www.notibras.com\/site\/wp-json\/wp\/v2\/types\/post"}],"author":[{"embeddable":true,"href":"https:\/\/www.notibras.com\/site\/wp-json\/wp\/v2\/users\/2"}],"replies":[{"embeddable":true,"href":"https:\/\/www.notibras.com\/site\/wp-json\/wp\/v2\/comments?post=308759"}],"version-history":[{"count":1,"href":"https:\/\/www.notibras.com\/site\/wp-json\/wp\/v2\/posts\/308759\/revisions"}],"predecessor-version":[{"id":308761,"href":"https:\/\/www.notibras.com\/site\/wp-json\/wp\/v2\/posts\/308759\/revisions\/308761"}],"wp:featuredmedia":[{"embeddable":true,"href":"https:\/\/www.notibras.com\/site\/wp-json\/wp\/v2\/media\/308760"}],"wp:attachment":[{"href":"https:\/\/www.notibras.com\/site\/wp-json\/wp\/v2\/media?parent=308759"}],"wp:term":[{"taxonomy":"category","embeddable":true,"href":"https:\/\/www.notibras.com\/site\/wp-json\/wp\/v2\/categories?post=308759"},{"taxonomy":"post_tag","embeddable":true,"href":"https:\/\/www.notibras.com\/site\/wp-json\/wp\/v2\/tags?post=308759"}],"curies":[{"name":"wp","href":"https:\/\/api.w.org\/{rel}","templated":true}]}}