{"id":308771,"date":"2023-07-14T03:00:05","date_gmt":"2023-07-14T06:00:05","guid":{"rendered":"https:\/\/www.notibras.com\/site\/?p=308771"},"modified":"2023-07-14T03:49:01","modified_gmt":"2023-07-14T06:49:01","slug":"lula-promete-a-estudantes-mais-universidades","status":"publish","type":"post","link":"https:\/\/www.notibras.com\/site\/lula-promete-a-estudantes-mais-universidades\/","title":{"rendered":"Lula promete a estudantes mais universidades"},"content":{"rendered":"<p>O presidente Luiz In\u00e1cio Lula da Silva participou na noite desta quinta-feira (13), em Bras\u00edlia, do 59\u00ba Congresso da Uni\u00e3o Nacional dos Estudantes (UNE). A \u00faltima vez que um presidente da Rep\u00fablica compareceu ao evento foi em 2009, quando o pr\u00f3prio Lula, durante seu segundo mandato, esteve no encontro estudantil. O Congresso da UNE, ou Conune, como costuma ser chamado, \u00e9 considerado o maior encontro de estudantes da Am\u00e9rica Latina e dever\u00e1 reunir cerca de 10 mil participantes at\u00e9 o pr\u00f3ximo domingo (16) na capital federal.<\/p>\n<p>No evento, o presidente prometeu ampliar o n\u00famero de universidades e outras institui\u00e7\u00f5es de ensino no pa\u00eds. \u201cN\u00f3s vamos voltar a fazer mais universidades, a fazer mais escolas t\u00e9cnicas, mais laborat\u00f3rios, vamos nos reunir com reitores e com os estudantes, vamos outra vez colocar o pobre no or\u00e7amento da Uni\u00e3o\u201d, garantiu diante de um gin\u00e1sio Nilson Nelson cheio. Tal promessa j\u00e1 havia sido feita durante a campanha eleitoral, em 2022.<\/p>\n<p>Durante a cerim\u00f4nia, representantes das entidades estudantis leram e entregaram uma carta de reivindica\u00e7\u00f5es ao presidente. Entre os principais pontos, est\u00e3o a manuten\u00e7\u00e3o da pol\u00edtica de cotas e amplia\u00e7\u00e3o do direito de acesso para ind\u00edgenas e pessoas trans, a cria\u00e7\u00e3o da Universidade de Integra\u00e7\u00e3o da Amaz\u00f4nia e a aprova\u00e7\u00e3o de uma lei para instituir o Programa Nacional de Assist\u00eancia Estudantil. Al\u00e9m disso, a UNE reiterou, no documento, o pedido para que o governo revogue o Novo Ensino M\u00e9dio, demanda repetida diversas vezes pelos estudantes em palavras de ordem gritadas no gin\u00e1sio.<\/p>\n<p>Em seu discurso, Lula tamb\u00e9m exaltou o vigor do movimento estudantil. \u201cO que motiva a vida humana e o que motiva a nossa capacidade de ser melhor ou n\u00e3o \u00e9 se a gente tem uma causa ou n\u00e3o tem uma causa\u201d, afirmou. \u201cEu acho extraordin\u00e1rio a UNE apresentar uma pauta de reivindica\u00e7\u00f5es longa, \u00e1rdua e apimentada\u201d, acrescentou.<\/p>\n<p>Falando diante de uma plateia de milhares de jovens, Lula celebrou que o perfil social dos estudantes tenha mudado ao longo da \u00faltima d\u00e9cada, com o ingresso de pobres e negros nas universidades, especialmente a partir dos programas criados em seus governos anteriores.<\/p>\n<p>\u201cAqui n\u00e3o tem apenas filho de gente rica, aqui tem filho de pedreiro, de empregada dom\u00e9stica, aqui tem filho de metal\u00fargico, de qu\u00edmico, de gr\u00e1fico. Aqui est\u00e1 a filha e o filho do povo brasileiro, com a nossa cara\u201d.<\/p>\n<p><strong>Defesa da democracia<\/strong><br \/>\nO presidente ainda fez uma defesa enf\u00e1tica da democracia, citando as amea\u00e7as de ruptura do \u00faltimo per\u00edodo. \u201cH\u00e1 muito pouco tempo, voc\u00eas conheceram o que \u00e9 o fascismo, o nazismo, apenas em quatro anos. Como \u00e9 que se pode destruir a democracia e as conquistas que a gente, \u00e0s vezes, leva s\u00e9culos para conquistar? Espero que tenhamos aprendido uma li\u00e7\u00e3o, a de que a democracia pode n\u00e3o ser a coisa mais perfeita que humanidade criou, mas n\u00e3o tem nada igual a ela. \u00c9 na democracia que a gente pode viver a pluralidade, a diversidade, que a gente pode aplaudir, a gente pode vaiar, a gente pode gritar e a gente pode contestar. \u00c9 na democracia que a gente vive a plenitude da manifesta\u00e7\u00e3o do ser humano\u201d, afirmou.<\/p>\n<p>Al\u00e9m de Lula, participaram do ato pol\u00edtico o ex-presidente do Uruguai, Pepe Mujica, al\u00e9m de ministros do governo federal, incluindo o ministro da Educa\u00e7\u00e3o, Camilo Santana. Em discurso, Mujica, que foi preso pol\u00edtico por 14 anos na ditadura uruguaia, pediu aos estudantes que busquem a unidade para defender a democracia.<\/p>\n<p>\u201cN\u00e3o cometam o erro do meu tempo. Quanto mais desunidos, mais dominados vamos estar. Portanto, estudar, n\u00e3o perder tempo, cuidar da democracia. A democracia n\u00e3o \u00e9 perfeita, est\u00e1 cheia de defeitos. Mas, at\u00e9 hoje, n\u00e3o encontramos nada melhor\u201d, disse. O ex-presidente do Uruguai tamb\u00e9m apelou para que os estudantes deem sustenta\u00e7\u00e3o ao governo Lula frente aos desafios de gest\u00e3o.<\/p>\n<p>\u201cLula \u00e9 grandioso, mas n\u00e3o \u00e9 mago. Aos governos populares, n\u00e3o apenas se pede, mas se ajuda. Os obst\u00e1culos que se t\u00eam adiante est\u00e3o a\u00ed e n\u00e3o s\u00e3o simples. \u00c9 f\u00e1cil reclamar, mas \u00e9 preciso comprometer-se\u201d, afirmou.<\/p>\n<p><strong>Novo Ensino M\u00e9dio<\/strong><br \/>\nEm v\u00e1rios momentos durante o ato, os estudantes entoaram gritos para pedir a revoga\u00e7\u00e3o da lei que instituiu o Novo Ensino M\u00e9dio. Em seu discurso, o ministro da Educa\u00e7\u00e3o, Camilo Santana, que chegou a ser vaiado e interrompido por parte dos estudantes, lembrou que o governo paralisou a implementa\u00e7\u00e3o do novo modelo at\u00e9 que se defina eventuais mudan\u00e7as.<\/p>\n<p>\u201cEu suspendi a implanta\u00e7\u00e3o do Novo Ensino M\u00e9dio no Brasil. E n\u00f3s abrimos uma ampla escuta para ouvir estudantes. Foram 150 mil estudantes que participaram. N\u00f3s ouvimos professores, entidades, secret\u00e1rios\u201d, defendeu-se, ao fazer men\u00e7\u00e3o ao processo de consulta p\u00fablica aberto pela pasta e que foi encerrado na semana passada.<\/p>\n<p>A lei do Novo Ensino M\u00e9dio foi aprovada em 2017, durante o governo do ex-presidente Michel Temer, com o objetivo de tornar a etapa mais atrativa e evitar que os estudantes abandonem os estudos.<\/p>\n<p>Pelo modelo, parte das aulas deve ser comum a todos os estudantes do pa\u00eds, direcionada pela Base Nacional Comum Curricular (BNCC). Na outra parte da forma\u00e7\u00e3o, os pr\u00f3prios alunos poder\u00e3o escolher um itiner\u00e1rio para aprofundar o aprendizado. Entre as op\u00e7\u00f5es, est\u00e1 dar \u00eanfase, por exemplo, \u00e0s \u00e1reas de linguagens, matem\u00e1tica, ci\u00eancias da natureza, ci\u00eancias humanas ou ao ensino t\u00e9cnico. A oferta de itiner\u00e1rios, entretanto, vai depender da capacidade das redes de ensino e das escolas, o que tem sido um dos maiores desafios de implementa\u00e7\u00e3o da nova etapa.<\/p>\n<p>Em 2023, a implementa\u00e7\u00e3o deveria seguir com o 1\u00ba e 2\u00ba anos e os itiner\u00e1rios devem come\u00e7ar a ser implementados na maior parte das escolas, mas o cronograma foi suspenso pelo governo federal at\u00e9 que haja sistematiza\u00e7\u00e3o das propostas da consulta p\u00fablica e eventuais ajustes na nova etapa de ensino.<\/p>\n<p>A revoga\u00e7\u00e3o do Novo Ensino M\u00e9dio tem sido uma reivindica\u00e7\u00e3o de entidades do setor e de muitos especialistas. Apesar disso, o governo federal n\u00e3o cogitou revogar a medida por completo, mas fazer ajustes a partir dos resultados obtidos na consulta.<\/p>\n","protected":false},"excerpt":{"rendered":"<p>O presidente Luiz In\u00e1cio Lula da Silva participou na noite desta quinta-feira (13), em Bras\u00edlia, do 59\u00ba Congresso da Uni\u00e3o Nacional dos Estudantes (UNE). A \u00faltima vez que um presidente da Rep\u00fablica compareceu ao evento foi em 2009, quando o pr\u00f3prio Lula, durante seu segundo mandato, esteve no encontro estudantil. O Congresso da UNE, ou [&hellip;]<\/p>\n","protected":false},"author":2,"featured_media":308772,"comment_status":"closed","ping_status":"closed","sticky":false,"template":"","format":"standard","meta":{"_acf_changed":false,"footnotes":""},"categories":[161],"tags":[95],"class_list":["post-308771","post","type-post","status-publish","format-standard","has-post-thumbnail","hentry","category-quadradinho-em-foco","tag-capa"],"acf":[],"yoast_head":"<!-- This site is optimized with the Yoast SEO plugin v27.2 - https:\/\/yoast.com\/product\/yoast-seo-wordpress\/ -->\n<title>Lula promete a estudantes mais universidades - Notibras<\/title>\n<meta name=\"robots\" content=\"index, follow, max-snippet:-1, max-image-preview:large, max-video-preview:-1\" \/>\n<link rel=\"canonical\" href=\"https:\/\/www.notibras.com\/site\/lula-promete-a-estudantes-mais-universidades\/\" \/>\n<meta property=\"og:locale\" content=\"pt_BR\" \/>\n<meta property=\"og:type\" content=\"article\" \/>\n<meta property=\"og:title\" content=\"Lula promete a estudantes mais universidades - Notibras\" \/>\n<meta property=\"og:description\" content=\"O presidente Luiz In\u00e1cio Lula da Silva participou na noite desta quinta-feira (13), em Bras\u00edlia, do 59\u00ba Congresso da Uni\u00e3o Nacional dos Estudantes (UNE). A \u00faltima vez que um presidente da Rep\u00fablica compareceu ao evento foi em 2009, quando o pr\u00f3prio Lula, durante seu segundo mandato, esteve no encontro estudantil. O Congresso da UNE, ou [&hellip;]\" \/>\n<meta property=\"og:url\" content=\"https:\/\/www.notibras.com\/site\/lula-promete-a-estudantes-mais-universidades\/\" \/>\n<meta property=\"og:site_name\" content=\"Notibras\" \/>\n<meta property=\"article:publisher\" content=\"https:\/\/www.facebook.com\/notibras\/\" \/>\n<meta property=\"article:published_time\" content=\"2023-07-14T06:00:05+00:00\" \/>\n<meta property=\"article:modified_time\" content=\"2023-07-14T06:49:01+00:00\" \/>\n<meta property=\"og:image\" content=\"https:\/\/www.notibras.com\/site\/wp-content\/uploads\/2023\/07\/img_2210_2.jpg\" \/>\n\t<meta property=\"og:image:width\" content=\"1170\" \/>\n\t<meta property=\"og:image:height\" content=\"700\" \/>\n\t<meta property=\"og:image:type\" content=\"image\/jpeg\" \/>\n<meta name=\"author\" content=\"Reda\u00e7\u00e3o\" \/>\n<meta name=\"twitter:card\" content=\"summary_large_image\" \/>\n<meta name=\"twitter:creator\" content=\"@Notibras\" \/>\n<meta name=\"twitter:site\" content=\"@Notibras\" \/>\n<meta name=\"twitter:label1\" content=\"Escrito por\" \/>\n\t<meta name=\"twitter:data1\" content=\"Reda\u00e7\u00e3o\" \/>\n\t<meta name=\"twitter:label2\" content=\"Est. tempo de leitura\" \/>\n\t<meta name=\"twitter:data2\" content=\"6 minutos\" \/>\n<script type=\"application\/ld+json\" class=\"yoast-schema-graph\">{\"@context\":\"https:\/\/schema.org\",\"@graph\":[{\"@type\":\"Article\",\"@id\":\"https:\/\/www.notibras.com\/site\/lula-promete-a-estudantes-mais-universidades\/#article\",\"isPartOf\":{\"@id\":\"https:\/\/www.notibras.com\/site\/lula-promete-a-estudantes-mais-universidades\/\"},\"author\":{\"name\":\"Reda\u00e7\u00e3o\",\"@id\":\"https:\/\/www.notibras.com\/site\/#\/schema\/person\/36ab0979449956132d3e5b517ea76ac8\"},\"headline\":\"Lula promete a estudantes mais universidades\",\"datePublished\":\"2023-07-14T06:00:05+00:00\",\"dateModified\":\"2023-07-14T06:49:01+00:00\",\"mainEntityOfPage\":{\"@id\":\"https:\/\/www.notibras.com\/site\/lula-promete-a-estudantes-mais-universidades\/\"},\"wordCount\":1074,\"publisher\":{\"@id\":\"https:\/\/www.notibras.com\/site\/#organization\"},\"image\":{\"@id\":\"https:\/\/www.notibras.com\/site\/lula-promete-a-estudantes-mais-universidades\/#primaryimage\"},\"thumbnailUrl\":\"https:\/\/www.notibras.com\/site\/wp-content\/uploads\/2023\/07\/img_2210_2.jpg\",\"keywords\":[\"capa\"],\"articleSection\":[\"Quadradinho em Foco\"],\"inLanguage\":\"pt-BR\"},{\"@type\":\"WebPage\",\"@id\":\"https:\/\/www.notibras.com\/site\/lula-promete-a-estudantes-mais-universidades\/\",\"url\":\"https:\/\/www.notibras.com\/site\/lula-promete-a-estudantes-mais-universidades\/\",\"name\":\"Lula promete a estudantes mais universidades - Notibras\",\"isPartOf\":{\"@id\":\"https:\/\/www.notibras.com\/site\/#website\"},\"primaryImageOfPage\":{\"@id\":\"https:\/\/www.notibras.com\/site\/lula-promete-a-estudantes-mais-universidades\/#primaryimage\"},\"image\":{\"@id\":\"https:\/\/www.notibras.com\/site\/lula-promete-a-estudantes-mais-universidades\/#primaryimage\"},\"thumbnailUrl\":\"https:\/\/www.notibras.com\/site\/wp-content\/uploads\/2023\/07\/img_2210_2.jpg\",\"datePublished\":\"2023-07-14T06:00:05+00:00\",\"dateModified\":\"2023-07-14T06:49:01+00:00\",\"breadcrumb\":{\"@id\":\"https:\/\/www.notibras.com\/site\/lula-promete-a-estudantes-mais-universidades\/#breadcrumb\"},\"inLanguage\":\"pt-BR\",\"potentialAction\":[{\"@type\":\"ReadAction\",\"target\":[\"https:\/\/www.notibras.com\/site\/lula-promete-a-estudantes-mais-universidades\/\"]}]},{\"@type\":\"ImageObject\",\"inLanguage\":\"pt-BR\",\"@id\":\"https:\/\/www.notibras.com\/site\/lula-promete-a-estudantes-mais-universidades\/#primaryimage\",\"url\":\"https:\/\/www.notibras.com\/site\/wp-content\/uploads\/2023\/07\/img_2210_2.jpg\",\"contentUrl\":\"https:\/\/www.notibras.com\/site\/wp-content\/uploads\/2023\/07\/img_2210_2.jpg\",\"width\":1170,\"height\":700,\"caption\":\"Bras\u00edlia (DF), 13\/07\/2023, O presidente Luiz In\u00e1cio Lula da Silva participa do 59\u00ba Congresso da Uni\u00e3o Nacional dos Estudantes (UNE). O encontro teve a presen\u00e7a do ex-presidente do Uruguai Pepe Mujica. Foto: Valter Campanato\/Ag\u00eancia Brasil\"},{\"@type\":\"BreadcrumbList\",\"@id\":\"https:\/\/www.notibras.com\/site\/lula-promete-a-estudantes-mais-universidades\/#breadcrumb\",\"itemListElement\":[{\"@type\":\"ListItem\",\"position\":1,\"name\":\"In\u00edcio\",\"item\":\"https:\/\/www.notibras.com\/site\/\"},{\"@type\":\"ListItem\",\"position\":2,\"name\":\"Lula promete a estudantes mais universidades\"}]},{\"@type\":\"WebSite\",\"@id\":\"https:\/\/www.notibras.com\/site\/#website\",\"url\":\"https:\/\/www.notibras.com\/site\/\",\"name\":\"Notibras\",\"description\":\"Not\u00edcias de Bras\u00edlia, do Brasil e do Mundo\",\"publisher\":{\"@id\":\"https:\/\/www.notibras.com\/site\/#organization\"},\"potentialAction\":[{\"@type\":\"SearchAction\",\"target\":{\"@type\":\"EntryPoint\",\"urlTemplate\":\"https:\/\/www.notibras.com\/site\/?s={search_term_string}\"},\"query-input\":{\"@type\":\"PropertyValueSpecification\",\"valueRequired\":true,\"valueName\":\"search_term_string\"}}],\"inLanguage\":\"pt-BR\"},{\"@type\":\"Organization\",\"@id\":\"https:\/\/www.notibras.com\/site\/#organization\",\"name\":\"Grupo Notibras de Comunica\u00e7\u00e3o\",\"url\":\"https:\/\/www.notibras.com\/site\/\",\"logo\":{\"@type\":\"ImageObject\",\"inLanguage\":\"pt-BR\",\"@id\":\"https:\/\/www.notibras.com\/site\/#\/schema\/logo\/image\/\",\"url\":\"https:\/\/www.notibras.com\/site\/wp-content\/uploads\/2023\/01\/notibras23.png\",\"contentUrl\":\"https:\/\/www.notibras.com\/site\/wp-content\/uploads\/2023\/01\/notibras23.png\",\"width\":350,\"height\":87,\"caption\":\"Grupo Notibras de Comunica\u00e7\u00e3o\"},\"image\":{\"@id\":\"https:\/\/www.notibras.com\/site\/#\/schema\/logo\/image\/\"},\"sameAs\":[\"https:\/\/www.facebook.com\/notibras\/\",\"https:\/\/x.com\/Notibras\",\"https:\/\/www.instagram.com\/notibras\/\"]},{\"@type\":\"Person\",\"@id\":\"https:\/\/www.notibras.com\/site\/#\/schema\/person\/36ab0979449956132d3e5b517ea76ac8\",\"name\":\"Reda\u00e7\u00e3o\",\"image\":{\"@type\":\"ImageObject\",\"inLanguage\":\"pt-BR\",\"@id\":\"https:\/\/secure.gravatar.com\/avatar\/e0a867bdedb85fd243eadf09663511f96fc81e0720a4a42581f334ad4303aa6b?s=96&d=mm&r=g\",\"url\":\"https:\/\/secure.gravatar.com\/avatar\/e0a867bdedb85fd243eadf09663511f96fc81e0720a4a42581f334ad4303aa6b?s=96&d=mm&r=g\",\"contentUrl\":\"https:\/\/secure.gravatar.com\/avatar\/e0a867bdedb85fd243eadf09663511f96fc81e0720a4a42581f334ad4303aa6b?s=96&d=mm&r=g\",\"caption\":\"Reda\u00e7\u00e3o\"}}]}<\/script>\n<!-- \/ Yoast SEO plugin. -->","yoast_head_json":{"title":"Lula promete a estudantes mais universidades - Notibras","robots":{"index":"index","follow":"follow","max-snippet":"max-snippet:-1","max-image-preview":"max-image-preview:large","max-video-preview":"max-video-preview:-1"},"canonical":"https:\/\/www.notibras.com\/site\/lula-promete-a-estudantes-mais-universidades\/","og_locale":"pt_BR","og_type":"article","og_title":"Lula promete a estudantes mais universidades - Notibras","og_description":"O presidente Luiz In\u00e1cio Lula da Silva participou na noite desta quinta-feira (13), em Bras\u00edlia, do 59\u00ba Congresso da Uni\u00e3o Nacional dos Estudantes (UNE). A \u00faltima vez que um presidente da Rep\u00fablica compareceu ao evento foi em 2009, quando o pr\u00f3prio Lula, durante seu segundo mandato, esteve no encontro estudantil. O Congresso da UNE, ou [&hellip;]","og_url":"https:\/\/www.notibras.com\/site\/lula-promete-a-estudantes-mais-universidades\/","og_site_name":"Notibras","article_publisher":"https:\/\/www.facebook.com\/notibras\/","article_published_time":"2023-07-14T06:00:05+00:00","article_modified_time":"2023-07-14T06:49:01+00:00","og_image":[{"width":1170,"height":700,"url":"https:\/\/www.notibras.com\/site\/wp-content\/uploads\/2023\/07\/img_2210_2.jpg","type":"image\/jpeg"}],"author":"Reda\u00e7\u00e3o","twitter_card":"summary_large_image","twitter_creator":"@Notibras","twitter_site":"@Notibras","twitter_misc":{"Escrito por":"Reda\u00e7\u00e3o","Est. tempo de leitura":"6 minutos"},"schema":{"@context":"https:\/\/schema.org","@graph":[{"@type":"Article","@id":"https:\/\/www.notibras.com\/site\/lula-promete-a-estudantes-mais-universidades\/#article","isPartOf":{"@id":"https:\/\/www.notibras.com\/site\/lula-promete-a-estudantes-mais-universidades\/"},"author":{"name":"Reda\u00e7\u00e3o","@id":"https:\/\/www.notibras.com\/site\/#\/schema\/person\/36ab0979449956132d3e5b517ea76ac8"},"headline":"Lula promete a estudantes mais universidades","datePublished":"2023-07-14T06:00:05+00:00","dateModified":"2023-07-14T06:49:01+00:00","mainEntityOfPage":{"@id":"https:\/\/www.notibras.com\/site\/lula-promete-a-estudantes-mais-universidades\/"},"wordCount":1074,"publisher":{"@id":"https:\/\/www.notibras.com\/site\/#organization"},"image":{"@id":"https:\/\/www.notibras.com\/site\/lula-promete-a-estudantes-mais-universidades\/#primaryimage"},"thumbnailUrl":"https:\/\/www.notibras.com\/site\/wp-content\/uploads\/2023\/07\/img_2210_2.jpg","keywords":["capa"],"articleSection":["Quadradinho em Foco"],"inLanguage":"pt-BR"},{"@type":"WebPage","@id":"https:\/\/www.notibras.com\/site\/lula-promete-a-estudantes-mais-universidades\/","url":"https:\/\/www.notibras.com\/site\/lula-promete-a-estudantes-mais-universidades\/","name":"Lula promete a estudantes mais universidades - Notibras","isPartOf":{"@id":"https:\/\/www.notibras.com\/site\/#website"},"primaryImageOfPage":{"@id":"https:\/\/www.notibras.com\/site\/lula-promete-a-estudantes-mais-universidades\/#primaryimage"},"image":{"@id":"https:\/\/www.notibras.com\/site\/lula-promete-a-estudantes-mais-universidades\/#primaryimage"},"thumbnailUrl":"https:\/\/www.notibras.com\/site\/wp-content\/uploads\/2023\/07\/img_2210_2.jpg","datePublished":"2023-07-14T06:00:05+00:00","dateModified":"2023-07-14T06:49:01+00:00","breadcrumb":{"@id":"https:\/\/www.notibras.com\/site\/lula-promete-a-estudantes-mais-universidades\/#breadcrumb"},"inLanguage":"pt-BR","potentialAction":[{"@type":"ReadAction","target":["https:\/\/www.notibras.com\/site\/lula-promete-a-estudantes-mais-universidades\/"]}]},{"@type":"ImageObject","inLanguage":"pt-BR","@id":"https:\/\/www.notibras.com\/site\/lula-promete-a-estudantes-mais-universidades\/#primaryimage","url":"https:\/\/www.notibras.com\/site\/wp-content\/uploads\/2023\/07\/img_2210_2.jpg","contentUrl":"https:\/\/www.notibras.com\/site\/wp-content\/uploads\/2023\/07\/img_2210_2.jpg","width":1170,"height":700,"caption":"Bras\u00edlia (DF), 13\/07\/2023, O presidente Luiz In\u00e1cio Lula da Silva participa do 59\u00ba Congresso da Uni\u00e3o Nacional dos Estudantes (UNE). O encontro teve a presen\u00e7a do ex-presidente do Uruguai Pepe Mujica. Foto: Valter Campanato\/Ag\u00eancia Brasil"},{"@type":"BreadcrumbList","@id":"https:\/\/www.notibras.com\/site\/lula-promete-a-estudantes-mais-universidades\/#breadcrumb","itemListElement":[{"@type":"ListItem","position":1,"name":"In\u00edcio","item":"https:\/\/www.notibras.com\/site\/"},{"@type":"ListItem","position":2,"name":"Lula promete a estudantes mais universidades"}]},{"@type":"WebSite","@id":"https:\/\/www.notibras.com\/site\/#website","url":"https:\/\/www.notibras.com\/site\/","name":"Notibras","description":"Not\u00edcias de Bras\u00edlia, do Brasil e do Mundo","publisher":{"@id":"https:\/\/www.notibras.com\/site\/#organization"},"potentialAction":[{"@type":"SearchAction","target":{"@type":"EntryPoint","urlTemplate":"https:\/\/www.notibras.com\/site\/?s={search_term_string}"},"query-input":{"@type":"PropertyValueSpecification","valueRequired":true,"valueName":"search_term_string"}}],"inLanguage":"pt-BR"},{"@type":"Organization","@id":"https:\/\/www.notibras.com\/site\/#organization","name":"Grupo Notibras de Comunica\u00e7\u00e3o","url":"https:\/\/www.notibras.com\/site\/","logo":{"@type":"ImageObject","inLanguage":"pt-BR","@id":"https:\/\/www.notibras.com\/site\/#\/schema\/logo\/image\/","url":"https:\/\/www.notibras.com\/site\/wp-content\/uploads\/2023\/01\/notibras23.png","contentUrl":"https:\/\/www.notibras.com\/site\/wp-content\/uploads\/2023\/01\/notibras23.png","width":350,"height":87,"caption":"Grupo Notibras de Comunica\u00e7\u00e3o"},"image":{"@id":"https:\/\/www.notibras.com\/site\/#\/schema\/logo\/image\/"},"sameAs":["https:\/\/www.facebook.com\/notibras\/","https:\/\/x.com\/Notibras","https:\/\/www.instagram.com\/notibras\/"]},{"@type":"Person","@id":"https:\/\/www.notibras.com\/site\/#\/schema\/person\/36ab0979449956132d3e5b517ea76ac8","name":"Reda\u00e7\u00e3o","image":{"@type":"ImageObject","inLanguage":"pt-BR","@id":"https:\/\/secure.gravatar.com\/avatar\/e0a867bdedb85fd243eadf09663511f96fc81e0720a4a42581f334ad4303aa6b?s=96&d=mm&r=g","url":"https:\/\/secure.gravatar.com\/avatar\/e0a867bdedb85fd243eadf09663511f96fc81e0720a4a42581f334ad4303aa6b?s=96&d=mm&r=g","contentUrl":"https:\/\/secure.gravatar.com\/avatar\/e0a867bdedb85fd243eadf09663511f96fc81e0720a4a42581f334ad4303aa6b?s=96&d=mm&r=g","caption":"Reda\u00e7\u00e3o"}}]}},"amp_enabled":true,"_links":{"self":[{"href":"https:\/\/www.notibras.com\/site\/wp-json\/wp\/v2\/posts\/308771","targetHints":{"allow":["GET"]}}],"collection":[{"href":"https:\/\/www.notibras.com\/site\/wp-json\/wp\/v2\/posts"}],"about":[{"href":"https:\/\/www.notibras.com\/site\/wp-json\/wp\/v2\/types\/post"}],"author":[{"embeddable":true,"href":"https:\/\/www.notibras.com\/site\/wp-json\/wp\/v2\/users\/2"}],"replies":[{"embeddable":true,"href":"https:\/\/www.notibras.com\/site\/wp-json\/wp\/v2\/comments?post=308771"}],"version-history":[{"count":1,"href":"https:\/\/www.notibras.com\/site\/wp-json\/wp\/v2\/posts\/308771\/revisions"}],"predecessor-version":[{"id":308773,"href":"https:\/\/www.notibras.com\/site\/wp-json\/wp\/v2\/posts\/308771\/revisions\/308773"}],"wp:featuredmedia":[{"embeddable":true,"href":"https:\/\/www.notibras.com\/site\/wp-json\/wp\/v2\/media\/308772"}],"wp:attachment":[{"href":"https:\/\/www.notibras.com\/site\/wp-json\/wp\/v2\/media?parent=308771"}],"wp:term":[{"taxonomy":"category","embeddable":true,"href":"https:\/\/www.notibras.com\/site\/wp-json\/wp\/v2\/categories?post=308771"},{"taxonomy":"post_tag","embeddable":true,"href":"https:\/\/www.notibras.com\/site\/wp-json\/wp\/v2\/tags?post=308771"}],"curies":[{"name":"wp","href":"https:\/\/api.w.org\/{rel}","templated":true}]}}