{"id":308777,"date":"2023-07-14T00:01:53","date_gmt":"2023-07-14T03:01:53","guid":{"rendered":"https:\/\/www.notibras.com\/site\/?p=308777"},"modified":"2023-07-14T04:22:40","modified_gmt":"2023-07-14T07:22:40","slug":"acordo-entre-saude-e-educacao-vai-modernizar-o-sus","status":"publish","type":"post","link":"https:\/\/www.notibras.com\/site\/acordo-entre-saude-e-educacao-vai-modernizar-o-sus\/","title":{"rendered":"Acordo entre Sa\u00fade e Educa\u00e7\u00e3o vai modernizar o SUS"},"content":{"rendered":"<p>Os minist\u00e9rios da Sa\u00fade e da Educa\u00e7\u00e3o assinaram um acordo de coopera\u00e7\u00e3o em prol da transforma\u00e7\u00e3o digital do Sistema \u00danico de Sa\u00fade (SUS). Com a medida, hospitais e postos de sa\u00fade estaduais e municipais ter\u00e3o acesso aos dados do Aplicativo de Gest\u00e3o para Hospitais Universit\u00e1rios (AGHU), desenvolvido pela Empresa Brasileira de Servi\u00e7os Hospitalares (Ebserh).<\/p>\n<p>De acordo com o presidente da empresa, Arthur Chioro, o aplicativo de gest\u00e3o hospitalar \u00e9 utilizado h\u00e1 dez anos por cerca de 50 mil profissionais de sa\u00fade.<\/p>\n<p>&#8220;\u00c9 um sistema testado e aprovado. \u00c9 utilizado nos 41 hospitais universit\u00e1rios da Ebserh, possui cerca de 3 milh\u00f5es de acesso mensais e uma base de 25 milh\u00f5es de pacientes em uso no sistema&#8221;, disse.<\/p>\n<p>A ministra da Sa\u00fade, N\u00edsia Trindade, afirmou que o uso da tecnologia ser\u00e1 \u00fatil para diminuir a desigualdade e garantir acesso \u00e0 informa\u00e7\u00e3o dos usu\u00e1rios do SUS.<\/p>\n<p>&#8220;Essa parceria \u00e9 de um potencial e de um impacto fant\u00e1stico, esperado por todos os gestores da sa\u00fade. Ela vai beneficiar a toda linha de cuidado do SUS&#8221;, avaliou.<\/p>\n<p>O ministro da Educa\u00e7\u00e3o, Camilo Santana, disse que a medida vai permitir a integra\u00e7\u00e3o do sistema de sa\u00fade e dar efici\u00eancia ao atendimento dos pacientes.<\/p>\n<p>&#8220;O cidad\u00e3o vai ao posto de sa\u00fade e tem l\u00e1 os dados dele, vai a uma UPA, l\u00e1 est\u00e1 o hist\u00f3rico desse cidad\u00e3o. Esse \u00e9 o grande desafio desse sistema, que \u00e9 o mais moderno dos sistemas hospitalares do Brasil&#8221;, afirmou.<\/p>\n<p>O aplicativo AGHU \u00e9 um sistema padr\u00e3o utilizado por todos os hospitais federais geridos pela Ebserh. Com a tecnologia, os profissionais de sa\u00fade podem gerir interna\u00e7\u00f5es, distribui\u00e7\u00e3o de medicamentos, cirurgias e exames de laboratoriais.<\/p>\n","protected":false},"excerpt":{"rendered":"<p>Os minist\u00e9rios da Sa\u00fade e da Educa\u00e7\u00e3o assinaram um acordo de coopera\u00e7\u00e3o em prol da transforma\u00e7\u00e3o digital do Sistema \u00danico de Sa\u00fade (SUS). Com a medida, hospitais e postos de sa\u00fade estaduais e municipais ter\u00e3o acesso aos dados do Aplicativo de Gest\u00e3o para Hospitais Universit\u00e1rios (AGHU), desenvolvido pela Empresa Brasileira de Servi\u00e7os Hospitalares (Ebserh). De [&hellip;]<\/p>\n","protected":false},"author":2,"featured_media":308778,"comment_status":"closed","ping_status":"closed","sticky":false,"template":"","format":"standard","meta":{"_acf_changed":false,"footnotes":""},"categories":[161],"tags":[],"class_list":["post-308777","post","type-post","status-publish","format-standard","has-post-thumbnail","hentry","category-quadradinho-em-foco"],"acf":[],"yoast_head":"<!-- This site is optimized with the Yoast SEO plugin v27.2 - https:\/\/yoast.com\/product\/yoast-seo-wordpress\/ -->\n<title>Acordo entre Sa\u00fade e Educa\u00e7\u00e3o vai modernizar o SUS - Notibras<\/title>\n<meta name=\"robots\" content=\"index, follow, max-snippet:-1, max-image-preview:large, max-video-preview:-1\" \/>\n<link rel=\"canonical\" href=\"https:\/\/www.notibras.com\/site\/acordo-entre-saude-e-educacao-vai-modernizar-o-sus\/\" \/>\n<meta property=\"og:locale\" content=\"pt_BR\" \/>\n<meta property=\"og:type\" content=\"article\" \/>\n<meta property=\"og:title\" content=\"Acordo entre Sa\u00fade e Educa\u00e7\u00e3o vai modernizar o SUS - Notibras\" \/>\n<meta property=\"og:description\" content=\"Os minist\u00e9rios da Sa\u00fade e da Educa\u00e7\u00e3o assinaram um acordo de coopera\u00e7\u00e3o em prol da transforma\u00e7\u00e3o digital do Sistema \u00danico de Sa\u00fade (SUS). Com a medida, hospitais e postos de sa\u00fade estaduais e municipais ter\u00e3o acesso aos dados do Aplicativo de Gest\u00e3o para Hospitais Universit\u00e1rios (AGHU), desenvolvido pela Empresa Brasileira de Servi\u00e7os Hospitalares (Ebserh). De [&hellip;]\" \/>\n<meta property=\"og:url\" content=\"https:\/\/www.notibras.com\/site\/acordo-entre-saude-e-educacao-vai-modernizar-o-sus\/\" \/>\n<meta property=\"og:site_name\" content=\"Notibras\" \/>\n<meta property=\"article:publisher\" content=\"https:\/\/www.facebook.com\/notibras\/\" \/>\n<meta property=\"article:published_time\" content=\"2023-07-14T03:01:53+00:00\" \/>\n<meta property=\"article:modified_time\" content=\"2023-07-14T07:22:40+00:00\" \/>\n<meta property=\"og:image\" content=\"https:\/\/www.notibras.com\/site\/wp-content\/uploads\/2023\/07\/photo_2023-07-13_20-28-24.jpg\" \/>\n\t<meta property=\"og:image:width\" content=\"1170\" \/>\n\t<meta property=\"og:image:height\" content=\"700\" \/>\n\t<meta property=\"og:image:type\" content=\"image\/jpeg\" \/>\n<meta name=\"author\" content=\"Reda\u00e7\u00e3o\" \/>\n<meta name=\"twitter:card\" content=\"summary_large_image\" \/>\n<meta name=\"twitter:creator\" content=\"@Notibras\" \/>\n<meta name=\"twitter:site\" content=\"@Notibras\" \/>\n<meta name=\"twitter:label1\" content=\"Escrito por\" \/>\n\t<meta name=\"twitter:data1\" content=\"Reda\u00e7\u00e3o\" \/>\n\t<meta name=\"twitter:label2\" content=\"Est. tempo de leitura\" \/>\n\t<meta name=\"twitter:data2\" content=\"2 minutos\" \/>\n<script type=\"application\/ld+json\" class=\"yoast-schema-graph\">{\"@context\":\"https:\/\/schema.org\",\"@graph\":[{\"@type\":\"Article\",\"@id\":\"https:\/\/www.notibras.com\/site\/acordo-entre-saude-e-educacao-vai-modernizar-o-sus\/#article\",\"isPartOf\":{\"@id\":\"https:\/\/www.notibras.com\/site\/acordo-entre-saude-e-educacao-vai-modernizar-o-sus\/\"},\"author\":{\"name\":\"Reda\u00e7\u00e3o\",\"@id\":\"https:\/\/www.notibras.com\/site\/#\/schema\/person\/36ab0979449956132d3e5b517ea76ac8\"},\"headline\":\"Acordo entre Sa\u00fade e Educa\u00e7\u00e3o vai modernizar o SUS\",\"datePublished\":\"2023-07-14T03:01:53+00:00\",\"dateModified\":\"2023-07-14T07:22:40+00:00\",\"mainEntityOfPage\":{\"@id\":\"https:\/\/www.notibras.com\/site\/acordo-entre-saude-e-educacao-vai-modernizar-o-sus\/\"},\"wordCount\":305,\"publisher\":{\"@id\":\"https:\/\/www.notibras.com\/site\/#organization\"},\"image\":{\"@id\":\"https:\/\/www.notibras.com\/site\/acordo-entre-saude-e-educacao-vai-modernizar-o-sus\/#primaryimage\"},\"thumbnailUrl\":\"https:\/\/www.notibras.com\/site\/wp-content\/uploads\/2023\/07\/photo_2023-07-13_20-28-24.jpg\",\"articleSection\":[\"Quadradinho em Foco\"],\"inLanguage\":\"pt-BR\"},{\"@type\":\"WebPage\",\"@id\":\"https:\/\/www.notibras.com\/site\/acordo-entre-saude-e-educacao-vai-modernizar-o-sus\/\",\"url\":\"https:\/\/www.notibras.com\/site\/acordo-entre-saude-e-educacao-vai-modernizar-o-sus\/\",\"name\":\"Acordo entre Sa\u00fade e Educa\u00e7\u00e3o vai modernizar o SUS - Notibras\",\"isPartOf\":{\"@id\":\"https:\/\/www.notibras.com\/site\/#website\"},\"primaryImageOfPage\":{\"@id\":\"https:\/\/www.notibras.com\/site\/acordo-entre-saude-e-educacao-vai-modernizar-o-sus\/#primaryimage\"},\"image\":{\"@id\":\"https:\/\/www.notibras.com\/site\/acordo-entre-saude-e-educacao-vai-modernizar-o-sus\/#primaryimage\"},\"thumbnailUrl\":\"https:\/\/www.notibras.com\/site\/wp-content\/uploads\/2023\/07\/photo_2023-07-13_20-28-24.jpg\",\"datePublished\":\"2023-07-14T03:01:53+00:00\",\"dateModified\":\"2023-07-14T07:22:40+00:00\",\"breadcrumb\":{\"@id\":\"https:\/\/www.notibras.com\/site\/acordo-entre-saude-e-educacao-vai-modernizar-o-sus\/#breadcrumb\"},\"inLanguage\":\"pt-BR\",\"potentialAction\":[{\"@type\":\"ReadAction\",\"target\":[\"https:\/\/www.notibras.com\/site\/acordo-entre-saude-e-educacao-vai-modernizar-o-sus\/\"]}]},{\"@type\":\"ImageObject\",\"inLanguage\":\"pt-BR\",\"@id\":\"https:\/\/www.notibras.com\/site\/acordo-entre-saude-e-educacao-vai-modernizar-o-sus\/#primaryimage\",\"url\":\"https:\/\/www.notibras.com\/site\/wp-content\/uploads\/2023\/07\/photo_2023-07-13_20-28-24.jpg\",\"contentUrl\":\"https:\/\/www.notibras.com\/site\/wp-content\/uploads\/2023\/07\/photo_2023-07-13_20-28-24.jpg\",\"width\":1170,\"height\":700,\"caption\":\"13\/07\/2023 - Acordo de coopera\u00e7\u00e3o t\u00e9cnica vai permitir dissemina\u00e7\u00e3o de ferramenta j\u00e1 utilizada em hospitais universit\u00e1rios federais geridos pela Ebserh. Foto:Julia Prado\/MS\"},{\"@type\":\"BreadcrumbList\",\"@id\":\"https:\/\/www.notibras.com\/site\/acordo-entre-saude-e-educacao-vai-modernizar-o-sus\/#breadcrumb\",\"itemListElement\":[{\"@type\":\"ListItem\",\"position\":1,\"name\":\"In\u00edcio\",\"item\":\"https:\/\/www.notibras.com\/site\/\"},{\"@type\":\"ListItem\",\"position\":2,\"name\":\"Acordo entre Sa\u00fade e Educa\u00e7\u00e3o vai modernizar o SUS\"}]},{\"@type\":\"WebSite\",\"@id\":\"https:\/\/www.notibras.com\/site\/#website\",\"url\":\"https:\/\/www.notibras.com\/site\/\",\"name\":\"Notibras\",\"description\":\"Not\u00edcias de Bras\u00edlia, do Brasil e do Mundo\",\"publisher\":{\"@id\":\"https:\/\/www.notibras.com\/site\/#organization\"},\"potentialAction\":[{\"@type\":\"SearchAction\",\"target\":{\"@type\":\"EntryPoint\",\"urlTemplate\":\"https:\/\/www.notibras.com\/site\/?s={search_term_string}\"},\"query-input\":{\"@type\":\"PropertyValueSpecification\",\"valueRequired\":true,\"valueName\":\"search_term_string\"}}],\"inLanguage\":\"pt-BR\"},{\"@type\":\"Organization\",\"@id\":\"https:\/\/www.notibras.com\/site\/#organization\",\"name\":\"Grupo Notibras de Comunica\u00e7\u00e3o\",\"url\":\"https:\/\/www.notibras.com\/site\/\",\"logo\":{\"@type\":\"ImageObject\",\"inLanguage\":\"pt-BR\",\"@id\":\"https:\/\/www.notibras.com\/site\/#\/schema\/logo\/image\/\",\"url\":\"https:\/\/www.notibras.com\/site\/wp-content\/uploads\/2023\/01\/notibras23.png\",\"contentUrl\":\"https:\/\/www.notibras.com\/site\/wp-content\/uploads\/2023\/01\/notibras23.png\",\"width\":350,\"height\":87,\"caption\":\"Grupo Notibras de Comunica\u00e7\u00e3o\"},\"image\":{\"@id\":\"https:\/\/www.notibras.com\/site\/#\/schema\/logo\/image\/\"},\"sameAs\":[\"https:\/\/www.facebook.com\/notibras\/\",\"https:\/\/x.com\/Notibras\",\"https:\/\/www.instagram.com\/notibras\/\"]},{\"@type\":\"Person\",\"@id\":\"https:\/\/www.notibras.com\/site\/#\/schema\/person\/36ab0979449956132d3e5b517ea76ac8\",\"name\":\"Reda\u00e7\u00e3o\",\"image\":{\"@type\":\"ImageObject\",\"inLanguage\":\"pt-BR\",\"@id\":\"https:\/\/secure.gravatar.com\/avatar\/e0a867bdedb85fd243eadf09663511f96fc81e0720a4a42581f334ad4303aa6b?s=96&d=mm&r=g\",\"url\":\"https:\/\/secure.gravatar.com\/avatar\/e0a867bdedb85fd243eadf09663511f96fc81e0720a4a42581f334ad4303aa6b?s=96&d=mm&r=g\",\"contentUrl\":\"https:\/\/secure.gravatar.com\/avatar\/e0a867bdedb85fd243eadf09663511f96fc81e0720a4a42581f334ad4303aa6b?s=96&d=mm&r=g\",\"caption\":\"Reda\u00e7\u00e3o\"}}]}<\/script>\n<!-- \/ Yoast SEO plugin. -->","yoast_head_json":{"title":"Acordo entre Sa\u00fade e Educa\u00e7\u00e3o vai modernizar o SUS - Notibras","robots":{"index":"index","follow":"follow","max-snippet":"max-snippet:-1","max-image-preview":"max-image-preview:large","max-video-preview":"max-video-preview:-1"},"canonical":"https:\/\/www.notibras.com\/site\/acordo-entre-saude-e-educacao-vai-modernizar-o-sus\/","og_locale":"pt_BR","og_type":"article","og_title":"Acordo entre Sa\u00fade e Educa\u00e7\u00e3o vai modernizar o SUS - Notibras","og_description":"Os minist\u00e9rios da Sa\u00fade e da Educa\u00e7\u00e3o assinaram um acordo de coopera\u00e7\u00e3o em prol da transforma\u00e7\u00e3o digital do Sistema \u00danico de Sa\u00fade (SUS). Com a medida, hospitais e postos de sa\u00fade estaduais e municipais ter\u00e3o acesso aos dados do Aplicativo de Gest\u00e3o para Hospitais Universit\u00e1rios (AGHU), desenvolvido pela Empresa Brasileira de Servi\u00e7os Hospitalares (Ebserh). De [&hellip;]","og_url":"https:\/\/www.notibras.com\/site\/acordo-entre-saude-e-educacao-vai-modernizar-o-sus\/","og_site_name":"Notibras","article_publisher":"https:\/\/www.facebook.com\/notibras\/","article_published_time":"2023-07-14T03:01:53+00:00","article_modified_time":"2023-07-14T07:22:40+00:00","og_image":[{"width":1170,"height":700,"url":"https:\/\/www.notibras.com\/site\/wp-content\/uploads\/2023\/07\/photo_2023-07-13_20-28-24.jpg","type":"image\/jpeg"}],"author":"Reda\u00e7\u00e3o","twitter_card":"summary_large_image","twitter_creator":"@Notibras","twitter_site":"@Notibras","twitter_misc":{"Escrito por":"Reda\u00e7\u00e3o","Est. tempo de leitura":"2 minutos"},"schema":{"@context":"https:\/\/schema.org","@graph":[{"@type":"Article","@id":"https:\/\/www.notibras.com\/site\/acordo-entre-saude-e-educacao-vai-modernizar-o-sus\/#article","isPartOf":{"@id":"https:\/\/www.notibras.com\/site\/acordo-entre-saude-e-educacao-vai-modernizar-o-sus\/"},"author":{"name":"Reda\u00e7\u00e3o","@id":"https:\/\/www.notibras.com\/site\/#\/schema\/person\/36ab0979449956132d3e5b517ea76ac8"},"headline":"Acordo entre Sa\u00fade e Educa\u00e7\u00e3o vai modernizar o SUS","datePublished":"2023-07-14T03:01:53+00:00","dateModified":"2023-07-14T07:22:40+00:00","mainEntityOfPage":{"@id":"https:\/\/www.notibras.com\/site\/acordo-entre-saude-e-educacao-vai-modernizar-o-sus\/"},"wordCount":305,"publisher":{"@id":"https:\/\/www.notibras.com\/site\/#organization"},"image":{"@id":"https:\/\/www.notibras.com\/site\/acordo-entre-saude-e-educacao-vai-modernizar-o-sus\/#primaryimage"},"thumbnailUrl":"https:\/\/www.notibras.com\/site\/wp-content\/uploads\/2023\/07\/photo_2023-07-13_20-28-24.jpg","articleSection":["Quadradinho em Foco"],"inLanguage":"pt-BR"},{"@type":"WebPage","@id":"https:\/\/www.notibras.com\/site\/acordo-entre-saude-e-educacao-vai-modernizar-o-sus\/","url":"https:\/\/www.notibras.com\/site\/acordo-entre-saude-e-educacao-vai-modernizar-o-sus\/","name":"Acordo entre Sa\u00fade e Educa\u00e7\u00e3o vai modernizar o SUS - Notibras","isPartOf":{"@id":"https:\/\/www.notibras.com\/site\/#website"},"primaryImageOfPage":{"@id":"https:\/\/www.notibras.com\/site\/acordo-entre-saude-e-educacao-vai-modernizar-o-sus\/#primaryimage"},"image":{"@id":"https:\/\/www.notibras.com\/site\/acordo-entre-saude-e-educacao-vai-modernizar-o-sus\/#primaryimage"},"thumbnailUrl":"https:\/\/www.notibras.com\/site\/wp-content\/uploads\/2023\/07\/photo_2023-07-13_20-28-24.jpg","datePublished":"2023-07-14T03:01:53+00:00","dateModified":"2023-07-14T07:22:40+00:00","breadcrumb":{"@id":"https:\/\/www.notibras.com\/site\/acordo-entre-saude-e-educacao-vai-modernizar-o-sus\/#breadcrumb"},"inLanguage":"pt-BR","potentialAction":[{"@type":"ReadAction","target":["https:\/\/www.notibras.com\/site\/acordo-entre-saude-e-educacao-vai-modernizar-o-sus\/"]}]},{"@type":"ImageObject","inLanguage":"pt-BR","@id":"https:\/\/www.notibras.com\/site\/acordo-entre-saude-e-educacao-vai-modernizar-o-sus\/#primaryimage","url":"https:\/\/www.notibras.com\/site\/wp-content\/uploads\/2023\/07\/photo_2023-07-13_20-28-24.jpg","contentUrl":"https:\/\/www.notibras.com\/site\/wp-content\/uploads\/2023\/07\/photo_2023-07-13_20-28-24.jpg","width":1170,"height":700,"caption":"13\/07\/2023 - Acordo de coopera\u00e7\u00e3o t\u00e9cnica vai permitir dissemina\u00e7\u00e3o de ferramenta j\u00e1 utilizada em hospitais universit\u00e1rios federais geridos pela Ebserh. Foto:Julia Prado\/MS"},{"@type":"BreadcrumbList","@id":"https:\/\/www.notibras.com\/site\/acordo-entre-saude-e-educacao-vai-modernizar-o-sus\/#breadcrumb","itemListElement":[{"@type":"ListItem","position":1,"name":"In\u00edcio","item":"https:\/\/www.notibras.com\/site\/"},{"@type":"ListItem","position":2,"name":"Acordo entre Sa\u00fade e Educa\u00e7\u00e3o vai modernizar o SUS"}]},{"@type":"WebSite","@id":"https:\/\/www.notibras.com\/site\/#website","url":"https:\/\/www.notibras.com\/site\/","name":"Notibras","description":"Not\u00edcias de Bras\u00edlia, do Brasil e do Mundo","publisher":{"@id":"https:\/\/www.notibras.com\/site\/#organization"},"potentialAction":[{"@type":"SearchAction","target":{"@type":"EntryPoint","urlTemplate":"https:\/\/www.notibras.com\/site\/?s={search_term_string}"},"query-input":{"@type":"PropertyValueSpecification","valueRequired":true,"valueName":"search_term_string"}}],"inLanguage":"pt-BR"},{"@type":"Organization","@id":"https:\/\/www.notibras.com\/site\/#organization","name":"Grupo Notibras de Comunica\u00e7\u00e3o","url":"https:\/\/www.notibras.com\/site\/","logo":{"@type":"ImageObject","inLanguage":"pt-BR","@id":"https:\/\/www.notibras.com\/site\/#\/schema\/logo\/image\/","url":"https:\/\/www.notibras.com\/site\/wp-content\/uploads\/2023\/01\/notibras23.png","contentUrl":"https:\/\/www.notibras.com\/site\/wp-content\/uploads\/2023\/01\/notibras23.png","width":350,"height":87,"caption":"Grupo Notibras de Comunica\u00e7\u00e3o"},"image":{"@id":"https:\/\/www.notibras.com\/site\/#\/schema\/logo\/image\/"},"sameAs":["https:\/\/www.facebook.com\/notibras\/","https:\/\/x.com\/Notibras","https:\/\/www.instagram.com\/notibras\/"]},{"@type":"Person","@id":"https:\/\/www.notibras.com\/site\/#\/schema\/person\/36ab0979449956132d3e5b517ea76ac8","name":"Reda\u00e7\u00e3o","image":{"@type":"ImageObject","inLanguage":"pt-BR","@id":"https:\/\/secure.gravatar.com\/avatar\/e0a867bdedb85fd243eadf09663511f96fc81e0720a4a42581f334ad4303aa6b?s=96&d=mm&r=g","url":"https:\/\/secure.gravatar.com\/avatar\/e0a867bdedb85fd243eadf09663511f96fc81e0720a4a42581f334ad4303aa6b?s=96&d=mm&r=g","contentUrl":"https:\/\/secure.gravatar.com\/avatar\/e0a867bdedb85fd243eadf09663511f96fc81e0720a4a42581f334ad4303aa6b?s=96&d=mm&r=g","caption":"Reda\u00e7\u00e3o"}}]}},"amp_enabled":true,"_links":{"self":[{"href":"https:\/\/www.notibras.com\/site\/wp-json\/wp\/v2\/posts\/308777","targetHints":{"allow":["GET"]}}],"collection":[{"href":"https:\/\/www.notibras.com\/site\/wp-json\/wp\/v2\/posts"}],"about":[{"href":"https:\/\/www.notibras.com\/site\/wp-json\/wp\/v2\/types\/post"}],"author":[{"embeddable":true,"href":"https:\/\/www.notibras.com\/site\/wp-json\/wp\/v2\/users\/2"}],"replies":[{"embeddable":true,"href":"https:\/\/www.notibras.com\/site\/wp-json\/wp\/v2\/comments?post=308777"}],"version-history":[{"count":1,"href":"https:\/\/www.notibras.com\/site\/wp-json\/wp\/v2\/posts\/308777\/revisions"}],"predecessor-version":[{"id":308779,"href":"https:\/\/www.notibras.com\/site\/wp-json\/wp\/v2\/posts\/308777\/revisions\/308779"}],"wp:featuredmedia":[{"embeddable":true,"href":"https:\/\/www.notibras.com\/site\/wp-json\/wp\/v2\/media\/308778"}],"wp:attachment":[{"href":"https:\/\/www.notibras.com\/site\/wp-json\/wp\/v2\/media?parent=308777"}],"wp:term":[{"taxonomy":"category","embeddable":true,"href":"https:\/\/www.notibras.com\/site\/wp-json\/wp\/v2\/categories?post=308777"},{"taxonomy":"post_tag","embeddable":true,"href":"https:\/\/www.notibras.com\/site\/wp-json\/wp\/v2\/tags?post=308777"}],"curies":[{"name":"wp","href":"https:\/\/api.w.org\/{rel}","templated":true}]}}