{"id":308832,"date":"2023-07-14T02:10:06","date_gmt":"2023-07-14T05:10:06","guid":{"rendered":"https:\/\/www.notibras.com\/site\/?p=308832"},"modified":"2023-07-14T07:14:28","modified_gmt":"2023-07-14T10:14:28","slug":"abbraccio-tem-atividade-para-criancas-em-ferias-escolares","status":"publish","type":"post","link":"https:\/\/www.notibras.com\/site\/abbraccio-tem-atividade-para-criancas-em-ferias-escolares\/","title":{"rendered":"Abbraccio tem atividade para crian\u00e7as em f\u00e9rias escolares"},"content":{"rendered":"<p>Os pais com crian\u00e7as em f\u00e9rias escolares buscam sempre pelas mais diferentes atividades l\u00fadicas, que v\u00e3o entreter esse p\u00fablico durante esse per\u00edodo do ano. O Abbraccio, restaurante inspirado no lifestyle italiano, oferece uma op\u00e7\u00e3o exclusiva e com excelente custo-benef\u00edcio, que j\u00e1 \u00e9 sucesso consolidado da marca. Por apenas R$24,90, crian\u00e7as de at\u00e9 12 anos podem preparar a sua pr\u00f3pria pizza no restaurante, ass\u00e1-la e degustar o resultado final, al\u00e9m de ainda levar para casa um avental e um livro de atividades da Turma do Piccolino.<\/p>\n<p>Para a montagem da pizza de mu\u00e7arela do Menu Piccolo, os atendentes do Abbraccio levam at\u00e9 a mesa em que a crian\u00e7a estiver acompanhada dos pais ou respons\u00e1veis os ingredientes para que ela coloque, literalmente, a m\u00e3o na massa.<\/p>\n<p>\u201cO clima familiar e de celebra\u00e7\u00e3o \u00e9 uma das caracter\u00edsticas mais marcantes do Abbraccio. As crian\u00e7as s\u00e3o sempre muito bem-vindas em nossas unidades e queremos que se sintam muito confort\u00e1veis e em casa\u201d, comenta Paula Zequetti, Gerente de Marketing de Abbraccio. \u201cEnquanto seus pais ou respons\u00e1veis se deliciam com nossas massas frescas e artesanais, as crian\u00e7as interagem com a atividade do Piccolino. Todos se divertem e \u00e9 uma excelente op\u00e7\u00e3o para toda a fam\u00edlia, tamb\u00e9m durante o m\u00eas de julho\u201d, explica Paula.<\/p>\n<p>Al\u00e9m da pizza que est\u00e1 inclusiva nesta atividade espec\u00edfica, h\u00e1 outras op\u00e7\u00f5es para os pequenos se deliciarem no menu do Abbraccio, como o Scaloppine del Piccolino (R$ 39,90) e o Pollo ala Griglia (R$ 29,90). O primeiro \u00e9 feito com escalopes de fil\u00e9 grelhados e servidos com pur\u00ea de batata ou penne ao molho pomodoro ou Alfredo. J\u00e1 o segundo, peito de frango grelhado, servido com os mesmos acompanhamentos.<\/p>\n<p>Quem preferir, pode pedir o cl\u00e1ssico Spaghetti \u00e0 bolonhesa (R$ 24,90) ou o Chicken Fingers (R$ 29,90), duas tiras de peito de frango empanadas e fritas, com um dos acompanhamentos citados.\u00a0A a\u00e7\u00e3o Piccolino pode ser realizada em qualquer unidade do Abbraccio pelo Brasil e est\u00e1 dispon\u00edvel ao longo de todo o ano, tanto para o almo\u00e7o quanto para o jantar, por apenas R$24,90 por crian\u00e7a.<\/p>\n","protected":false},"excerpt":{"rendered":"<p>Os pais com crian\u00e7as em f\u00e9rias escolares buscam sempre pelas mais diferentes atividades l\u00fadicas, que v\u00e3o entreter esse p\u00fablico durante esse per\u00edodo do ano. O Abbraccio, restaurante inspirado no lifestyle italiano, oferece uma op\u00e7\u00e3o exclusiva e com excelente custo-benef\u00edcio, que j\u00e1 \u00e9 sucesso consolidado da marca. Por apenas R$24,90, crian\u00e7as de at\u00e9 12 anos podem [&hellip;]<\/p>\n","protected":false},"author":2,"featured_media":308833,"comment_status":"closed","ping_status":"closed","sticky":false,"template":"","format":"standard","meta":{"_acf_changed":false,"footnotes":""},"categories":[161],"tags":[],"class_list":["post-308832","post","type-post","status-publish","format-standard","has-post-thumbnail","hentry","category-quadradinho-em-foco"],"acf":[],"yoast_head":"<!-- This site is optimized with the Yoast SEO plugin v27.2 - https:\/\/yoast.com\/product\/yoast-seo-wordpress\/ -->\n<title>Abbraccio tem atividade para crian\u00e7as em f\u00e9rias escolares - Notibras<\/title>\n<meta name=\"robots\" content=\"index, follow, max-snippet:-1, max-image-preview:large, max-video-preview:-1\" \/>\n<link rel=\"canonical\" href=\"https:\/\/www.notibras.com\/site\/abbraccio-tem-atividade-para-criancas-em-ferias-escolares\/\" \/>\n<meta property=\"og:locale\" content=\"pt_BR\" \/>\n<meta property=\"og:type\" content=\"article\" \/>\n<meta property=\"og:title\" content=\"Abbraccio tem atividade para crian\u00e7as em f\u00e9rias escolares - Notibras\" \/>\n<meta property=\"og:description\" content=\"Os pais com crian\u00e7as em f\u00e9rias escolares buscam sempre pelas mais diferentes atividades l\u00fadicas, que v\u00e3o entreter esse p\u00fablico durante esse per\u00edodo do ano. O Abbraccio, restaurante inspirado no lifestyle italiano, oferece uma op\u00e7\u00e3o exclusiva e com excelente custo-benef\u00edcio, que j\u00e1 \u00e9 sucesso consolidado da marca. Por apenas R$24,90, crian\u00e7as de at\u00e9 12 anos podem [&hellip;]\" \/>\n<meta property=\"og:url\" content=\"https:\/\/www.notibras.com\/site\/abbraccio-tem-atividade-para-criancas-em-ferias-escolares\/\" \/>\n<meta property=\"og:site_name\" content=\"Notibras\" \/>\n<meta property=\"article:publisher\" content=\"https:\/\/www.facebook.com\/notibras\/\" \/>\n<meta property=\"article:published_time\" content=\"2023-07-14T05:10:06+00:00\" \/>\n<meta property=\"article:modified_time\" content=\"2023-07-14T10:14:28+00:00\" \/>\n<meta property=\"og:image\" content=\"https:\/\/www.notibras.com\/site\/wp-content\/uploads\/2023\/07\/unnamed-11.png\" \/>\n\t<meta property=\"og:image:width\" content=\"823\" \/>\n\t<meta property=\"og:image:height\" content=\"632\" \/>\n\t<meta property=\"og:image:type\" content=\"image\/png\" \/>\n<meta name=\"author\" content=\"Reda\u00e7\u00e3o\" \/>\n<meta name=\"twitter:card\" content=\"summary_large_image\" \/>\n<meta name=\"twitter:creator\" content=\"@Notibras\" \/>\n<meta name=\"twitter:site\" content=\"@Notibras\" \/>\n<meta name=\"twitter:label1\" content=\"Escrito por\" \/>\n\t<meta name=\"twitter:data1\" content=\"Reda\u00e7\u00e3o\" \/>\n\t<meta name=\"twitter:label2\" content=\"Est. tempo de leitura\" \/>\n\t<meta name=\"twitter:data2\" content=\"2 minutos\" \/>\n<script type=\"application\/ld+json\" class=\"yoast-schema-graph\">{\"@context\":\"https:\/\/schema.org\",\"@graph\":[{\"@type\":\"Article\",\"@id\":\"https:\/\/www.notibras.com\/site\/abbraccio-tem-atividade-para-criancas-em-ferias-escolares\/#article\",\"isPartOf\":{\"@id\":\"https:\/\/www.notibras.com\/site\/abbraccio-tem-atividade-para-criancas-em-ferias-escolares\/\"},\"author\":{\"name\":\"Reda\u00e7\u00e3o\",\"@id\":\"https:\/\/www.notibras.com\/site\/#\/schema\/person\/36ab0979449956132d3e5b517ea76ac8\"},\"headline\":\"Abbraccio tem atividade para crian\u00e7as em f\u00e9rias escolares\",\"datePublished\":\"2023-07-14T05:10:06+00:00\",\"dateModified\":\"2023-07-14T10:14:28+00:00\",\"mainEntityOfPage\":{\"@id\":\"https:\/\/www.notibras.com\/site\/abbraccio-tem-atividade-para-criancas-em-ferias-escolares\/\"},\"wordCount\":376,\"publisher\":{\"@id\":\"https:\/\/www.notibras.com\/site\/#organization\"},\"image\":{\"@id\":\"https:\/\/www.notibras.com\/site\/abbraccio-tem-atividade-para-criancas-em-ferias-escolares\/#primaryimage\"},\"thumbnailUrl\":\"https:\/\/www.notibras.com\/site\/wp-content\/uploads\/2023\/07\/unnamed-11.png\",\"articleSection\":[\"Quadradinho em Foco\"],\"inLanguage\":\"pt-BR\"},{\"@type\":\"WebPage\",\"@id\":\"https:\/\/www.notibras.com\/site\/abbraccio-tem-atividade-para-criancas-em-ferias-escolares\/\",\"url\":\"https:\/\/www.notibras.com\/site\/abbraccio-tem-atividade-para-criancas-em-ferias-escolares\/\",\"name\":\"Abbraccio tem atividade para crian\u00e7as em f\u00e9rias escolares - Notibras\",\"isPartOf\":{\"@id\":\"https:\/\/www.notibras.com\/site\/#website\"},\"primaryImageOfPage\":{\"@id\":\"https:\/\/www.notibras.com\/site\/abbraccio-tem-atividade-para-criancas-em-ferias-escolares\/#primaryimage\"},\"image\":{\"@id\":\"https:\/\/www.notibras.com\/site\/abbraccio-tem-atividade-para-criancas-em-ferias-escolares\/#primaryimage\"},\"thumbnailUrl\":\"https:\/\/www.notibras.com\/site\/wp-content\/uploads\/2023\/07\/unnamed-11.png\",\"datePublished\":\"2023-07-14T05:10:06+00:00\",\"dateModified\":\"2023-07-14T10:14:28+00:00\",\"breadcrumb\":{\"@id\":\"https:\/\/www.notibras.com\/site\/abbraccio-tem-atividade-para-criancas-em-ferias-escolares\/#breadcrumb\"},\"inLanguage\":\"pt-BR\",\"potentialAction\":[{\"@type\":\"ReadAction\",\"target\":[\"https:\/\/www.notibras.com\/site\/abbraccio-tem-atividade-para-criancas-em-ferias-escolares\/\"]}]},{\"@type\":\"ImageObject\",\"inLanguage\":\"pt-BR\",\"@id\":\"https:\/\/www.notibras.com\/site\/abbraccio-tem-atividade-para-criancas-em-ferias-escolares\/#primaryimage\",\"url\":\"https:\/\/www.notibras.com\/site\/wp-content\/uploads\/2023\/07\/unnamed-11.png\",\"contentUrl\":\"https:\/\/www.notibras.com\/site\/wp-content\/uploads\/2023\/07\/unnamed-11.png\",\"width\":823,\"height\":632},{\"@type\":\"BreadcrumbList\",\"@id\":\"https:\/\/www.notibras.com\/site\/abbraccio-tem-atividade-para-criancas-em-ferias-escolares\/#breadcrumb\",\"itemListElement\":[{\"@type\":\"ListItem\",\"position\":1,\"name\":\"In\u00edcio\",\"item\":\"https:\/\/www.notibras.com\/site\/\"},{\"@type\":\"ListItem\",\"position\":2,\"name\":\"Abbraccio tem atividade para crian\u00e7as em f\u00e9rias escolares\"}]},{\"@type\":\"WebSite\",\"@id\":\"https:\/\/www.notibras.com\/site\/#website\",\"url\":\"https:\/\/www.notibras.com\/site\/\",\"name\":\"Notibras\",\"description\":\"Not\u00edcias de Bras\u00edlia, do Brasil e do Mundo\",\"publisher\":{\"@id\":\"https:\/\/www.notibras.com\/site\/#organization\"},\"potentialAction\":[{\"@type\":\"SearchAction\",\"target\":{\"@type\":\"EntryPoint\",\"urlTemplate\":\"https:\/\/www.notibras.com\/site\/?s={search_term_string}\"},\"query-input\":{\"@type\":\"PropertyValueSpecification\",\"valueRequired\":true,\"valueName\":\"search_term_string\"}}],\"inLanguage\":\"pt-BR\"},{\"@type\":\"Organization\",\"@id\":\"https:\/\/www.notibras.com\/site\/#organization\",\"name\":\"Grupo Notibras de Comunica\u00e7\u00e3o\",\"url\":\"https:\/\/www.notibras.com\/site\/\",\"logo\":{\"@type\":\"ImageObject\",\"inLanguage\":\"pt-BR\",\"@id\":\"https:\/\/www.notibras.com\/site\/#\/schema\/logo\/image\/\",\"url\":\"https:\/\/www.notibras.com\/site\/wp-content\/uploads\/2023\/01\/notibras23.png\",\"contentUrl\":\"https:\/\/www.notibras.com\/site\/wp-content\/uploads\/2023\/01\/notibras23.png\",\"width\":350,\"height\":87,\"caption\":\"Grupo Notibras de Comunica\u00e7\u00e3o\"},\"image\":{\"@id\":\"https:\/\/www.notibras.com\/site\/#\/schema\/logo\/image\/\"},\"sameAs\":[\"https:\/\/www.facebook.com\/notibras\/\",\"https:\/\/x.com\/Notibras\",\"https:\/\/www.instagram.com\/notibras\/\"]},{\"@type\":\"Person\",\"@id\":\"https:\/\/www.notibras.com\/site\/#\/schema\/person\/36ab0979449956132d3e5b517ea76ac8\",\"name\":\"Reda\u00e7\u00e3o\",\"image\":{\"@type\":\"ImageObject\",\"inLanguage\":\"pt-BR\",\"@id\":\"https:\/\/secure.gravatar.com\/avatar\/e0a867bdedb85fd243eadf09663511f96fc81e0720a4a42581f334ad4303aa6b?s=96&d=mm&r=g\",\"url\":\"https:\/\/secure.gravatar.com\/avatar\/e0a867bdedb85fd243eadf09663511f96fc81e0720a4a42581f334ad4303aa6b?s=96&d=mm&r=g\",\"contentUrl\":\"https:\/\/secure.gravatar.com\/avatar\/e0a867bdedb85fd243eadf09663511f96fc81e0720a4a42581f334ad4303aa6b?s=96&d=mm&r=g\",\"caption\":\"Reda\u00e7\u00e3o\"}}]}<\/script>\n<!-- \/ Yoast SEO plugin. -->","yoast_head_json":{"title":"Abbraccio tem atividade para crian\u00e7as em f\u00e9rias escolares - Notibras","robots":{"index":"index","follow":"follow","max-snippet":"max-snippet:-1","max-image-preview":"max-image-preview:large","max-video-preview":"max-video-preview:-1"},"canonical":"https:\/\/www.notibras.com\/site\/abbraccio-tem-atividade-para-criancas-em-ferias-escolares\/","og_locale":"pt_BR","og_type":"article","og_title":"Abbraccio tem atividade para crian\u00e7as em f\u00e9rias escolares - Notibras","og_description":"Os pais com crian\u00e7as em f\u00e9rias escolares buscam sempre pelas mais diferentes atividades l\u00fadicas, que v\u00e3o entreter esse p\u00fablico durante esse per\u00edodo do ano. O Abbraccio, restaurante inspirado no lifestyle italiano, oferece uma op\u00e7\u00e3o exclusiva e com excelente custo-benef\u00edcio, que j\u00e1 \u00e9 sucesso consolidado da marca. Por apenas R$24,90, crian\u00e7as de at\u00e9 12 anos podem [&hellip;]","og_url":"https:\/\/www.notibras.com\/site\/abbraccio-tem-atividade-para-criancas-em-ferias-escolares\/","og_site_name":"Notibras","article_publisher":"https:\/\/www.facebook.com\/notibras\/","article_published_time":"2023-07-14T05:10:06+00:00","article_modified_time":"2023-07-14T10:14:28+00:00","og_image":[{"width":823,"height":632,"url":"https:\/\/www.notibras.com\/site\/wp-content\/uploads\/2023\/07\/unnamed-11.png","type":"image\/png"}],"author":"Reda\u00e7\u00e3o","twitter_card":"summary_large_image","twitter_creator":"@Notibras","twitter_site":"@Notibras","twitter_misc":{"Escrito por":"Reda\u00e7\u00e3o","Est. tempo de leitura":"2 minutos"},"schema":{"@context":"https:\/\/schema.org","@graph":[{"@type":"Article","@id":"https:\/\/www.notibras.com\/site\/abbraccio-tem-atividade-para-criancas-em-ferias-escolares\/#article","isPartOf":{"@id":"https:\/\/www.notibras.com\/site\/abbraccio-tem-atividade-para-criancas-em-ferias-escolares\/"},"author":{"name":"Reda\u00e7\u00e3o","@id":"https:\/\/www.notibras.com\/site\/#\/schema\/person\/36ab0979449956132d3e5b517ea76ac8"},"headline":"Abbraccio tem atividade para crian\u00e7as em f\u00e9rias escolares","datePublished":"2023-07-14T05:10:06+00:00","dateModified":"2023-07-14T10:14:28+00:00","mainEntityOfPage":{"@id":"https:\/\/www.notibras.com\/site\/abbraccio-tem-atividade-para-criancas-em-ferias-escolares\/"},"wordCount":376,"publisher":{"@id":"https:\/\/www.notibras.com\/site\/#organization"},"image":{"@id":"https:\/\/www.notibras.com\/site\/abbraccio-tem-atividade-para-criancas-em-ferias-escolares\/#primaryimage"},"thumbnailUrl":"https:\/\/www.notibras.com\/site\/wp-content\/uploads\/2023\/07\/unnamed-11.png","articleSection":["Quadradinho em Foco"],"inLanguage":"pt-BR"},{"@type":"WebPage","@id":"https:\/\/www.notibras.com\/site\/abbraccio-tem-atividade-para-criancas-em-ferias-escolares\/","url":"https:\/\/www.notibras.com\/site\/abbraccio-tem-atividade-para-criancas-em-ferias-escolares\/","name":"Abbraccio tem atividade para crian\u00e7as em f\u00e9rias escolares - Notibras","isPartOf":{"@id":"https:\/\/www.notibras.com\/site\/#website"},"primaryImageOfPage":{"@id":"https:\/\/www.notibras.com\/site\/abbraccio-tem-atividade-para-criancas-em-ferias-escolares\/#primaryimage"},"image":{"@id":"https:\/\/www.notibras.com\/site\/abbraccio-tem-atividade-para-criancas-em-ferias-escolares\/#primaryimage"},"thumbnailUrl":"https:\/\/www.notibras.com\/site\/wp-content\/uploads\/2023\/07\/unnamed-11.png","datePublished":"2023-07-14T05:10:06+00:00","dateModified":"2023-07-14T10:14:28+00:00","breadcrumb":{"@id":"https:\/\/www.notibras.com\/site\/abbraccio-tem-atividade-para-criancas-em-ferias-escolares\/#breadcrumb"},"inLanguage":"pt-BR","potentialAction":[{"@type":"ReadAction","target":["https:\/\/www.notibras.com\/site\/abbraccio-tem-atividade-para-criancas-em-ferias-escolares\/"]}]},{"@type":"ImageObject","inLanguage":"pt-BR","@id":"https:\/\/www.notibras.com\/site\/abbraccio-tem-atividade-para-criancas-em-ferias-escolares\/#primaryimage","url":"https:\/\/www.notibras.com\/site\/wp-content\/uploads\/2023\/07\/unnamed-11.png","contentUrl":"https:\/\/www.notibras.com\/site\/wp-content\/uploads\/2023\/07\/unnamed-11.png","width":823,"height":632},{"@type":"BreadcrumbList","@id":"https:\/\/www.notibras.com\/site\/abbraccio-tem-atividade-para-criancas-em-ferias-escolares\/#breadcrumb","itemListElement":[{"@type":"ListItem","position":1,"name":"In\u00edcio","item":"https:\/\/www.notibras.com\/site\/"},{"@type":"ListItem","position":2,"name":"Abbraccio tem atividade para crian\u00e7as em f\u00e9rias escolares"}]},{"@type":"WebSite","@id":"https:\/\/www.notibras.com\/site\/#website","url":"https:\/\/www.notibras.com\/site\/","name":"Notibras","description":"Not\u00edcias de Bras\u00edlia, do Brasil e do Mundo","publisher":{"@id":"https:\/\/www.notibras.com\/site\/#organization"},"potentialAction":[{"@type":"SearchAction","target":{"@type":"EntryPoint","urlTemplate":"https:\/\/www.notibras.com\/site\/?s={search_term_string}"},"query-input":{"@type":"PropertyValueSpecification","valueRequired":true,"valueName":"search_term_string"}}],"inLanguage":"pt-BR"},{"@type":"Organization","@id":"https:\/\/www.notibras.com\/site\/#organization","name":"Grupo Notibras de Comunica\u00e7\u00e3o","url":"https:\/\/www.notibras.com\/site\/","logo":{"@type":"ImageObject","inLanguage":"pt-BR","@id":"https:\/\/www.notibras.com\/site\/#\/schema\/logo\/image\/","url":"https:\/\/www.notibras.com\/site\/wp-content\/uploads\/2023\/01\/notibras23.png","contentUrl":"https:\/\/www.notibras.com\/site\/wp-content\/uploads\/2023\/01\/notibras23.png","width":350,"height":87,"caption":"Grupo Notibras de Comunica\u00e7\u00e3o"},"image":{"@id":"https:\/\/www.notibras.com\/site\/#\/schema\/logo\/image\/"},"sameAs":["https:\/\/www.facebook.com\/notibras\/","https:\/\/x.com\/Notibras","https:\/\/www.instagram.com\/notibras\/"]},{"@type":"Person","@id":"https:\/\/www.notibras.com\/site\/#\/schema\/person\/36ab0979449956132d3e5b517ea76ac8","name":"Reda\u00e7\u00e3o","image":{"@type":"ImageObject","inLanguage":"pt-BR","@id":"https:\/\/secure.gravatar.com\/avatar\/e0a867bdedb85fd243eadf09663511f96fc81e0720a4a42581f334ad4303aa6b?s=96&d=mm&r=g","url":"https:\/\/secure.gravatar.com\/avatar\/e0a867bdedb85fd243eadf09663511f96fc81e0720a4a42581f334ad4303aa6b?s=96&d=mm&r=g","contentUrl":"https:\/\/secure.gravatar.com\/avatar\/e0a867bdedb85fd243eadf09663511f96fc81e0720a4a42581f334ad4303aa6b?s=96&d=mm&r=g","caption":"Reda\u00e7\u00e3o"}}]}},"amp_enabled":true,"_links":{"self":[{"href":"https:\/\/www.notibras.com\/site\/wp-json\/wp\/v2\/posts\/308832","targetHints":{"allow":["GET"]}}],"collection":[{"href":"https:\/\/www.notibras.com\/site\/wp-json\/wp\/v2\/posts"}],"about":[{"href":"https:\/\/www.notibras.com\/site\/wp-json\/wp\/v2\/types\/post"}],"author":[{"embeddable":true,"href":"https:\/\/www.notibras.com\/site\/wp-json\/wp\/v2\/users\/2"}],"replies":[{"embeddable":true,"href":"https:\/\/www.notibras.com\/site\/wp-json\/wp\/v2\/comments?post=308832"}],"version-history":[{"count":1,"href":"https:\/\/www.notibras.com\/site\/wp-json\/wp\/v2\/posts\/308832\/revisions"}],"predecessor-version":[{"id":308834,"href":"https:\/\/www.notibras.com\/site\/wp-json\/wp\/v2\/posts\/308832\/revisions\/308834"}],"wp:featuredmedia":[{"embeddable":true,"href":"https:\/\/www.notibras.com\/site\/wp-json\/wp\/v2\/media\/308833"}],"wp:attachment":[{"href":"https:\/\/www.notibras.com\/site\/wp-json\/wp\/v2\/media?parent=308832"}],"wp:term":[{"taxonomy":"category","embeddable":true,"href":"https:\/\/www.notibras.com\/site\/wp-json\/wp\/v2\/categories?post=308832"},{"taxonomy":"post_tag","embeddable":true,"href":"https:\/\/www.notibras.com\/site\/wp-json\/wp\/v2\/tags?post=308832"}],"curies":[{"name":"wp","href":"https:\/\/api.w.org\/{rel}","templated":true}]}}